{"id":33824,"date":"2026-01-26T05:48:19","date_gmt":"2026-01-26T04:48:19","guid":{"rendered":"https:\/\/footdavant.fr\/actualites\/blessure-de-tottenham-hotspur-actualites-sur-la-suspension-et-dates-de-retour-contre-leintracht-francfort-richarlison-james-maddison-et-dejan-kulusevski-les-derniers\/"},"modified":"2026-01-26T05:48:21","modified_gmt":"2026-01-26T04:48:21","slug":"blessure-de-tottenham-hotspur-actualites-sur-la-suspension-et-dates-de-retour-contre-leintracht-francfort-richarlison-james-maddison-et-dejan-kulusevski-les-derniers","status":"publish","type":"post","link":"https:\/\/footdavant.fr\/actualites\/blessure-de-tottenham-hotspur-actualites-sur-la-suspension-et-dates-de-retour-contre-leintracht-francfort-richarlison-james-maddison-et-dejan-kulusevski-les-derniers\/","title":{"rendered":"Blessure de Tottenham Hotspur, actualit\u00e9s sur la suspension et dates de retour contre l&#39;Eintracht Francfort : Richarlison, James Maddison et Dejan Kulusevski les derniers"},"content":{"rendered":"<div itemprop=\"articleBody\">\n<p>Tottenham Hotspur se battra pour assurer sa place dans le top huit du classement de la Ligue des champions lorsqu&#39;il affrontera l&#39;Eintracht Francfort lors de la derni\u00e8re phase de championnat mercredi. <\/p>\n<p>Les Spurs sont cinqui\u00e8mes du classement de la Ligue des champions avec 14 points et une \u00e9troite avance d&#39;un point sur le peloton de chasse, ce qui signifie qu&#39;ils seront impatients de remporter les trois points mercredi pour confirmer leur place dans le top huit.<\/p>\n<p>Ici, Sports Mole r\u00e9sume les derni\u00e8res nouvelles sur les blessures et les suspensions de Tottenham avant leur affrontement avec l&#39;Eintracht Francfort.<\/p>\n<h2>Ben Davies<\/h2>\n<div>\n<p>\u00a9 Imago \/ Chaque deuxi\u00e8me m\u00e9dia<\/p>\n<\/div>\n<p>\u00a9 Imago \/ Chaque deuxi\u00e8me m\u00e9dia<\/p>\n<p>Statut\u00a0:\u00a0Out<\/p>\n<p>Type de blessure : Cheville<\/p>\n<p>Date de retour possible : Inconnue<\/p>\n<p>Davies a \u00e9t\u00e9 gri\u00e8vement bless\u00e9 lors de la d\u00e9faite de son \u00e9quipe contre West Ham, et une op\u00e9ration \u00e0 la cheville devrait tenir le d\u00e9fenseur absent jusqu&#39;en avril au moins.<\/p>\n<div><img decoding=\"async\" data-img-id=\"142066\" class=\"lazy\" loading=\"lazy\" src=\"https:\/\/footdavant.fr\/actualites\/wp-content\/uploads\/2026\/01\/Blessure-de-Tottenham-Hotspur-actualites-sur-la-suspension-et-dates.jpg\"\/><\/p>\n<p>\u00a9 Imago<\/p>\n<\/div>\n<p>\u00a9 Imago<\/p>\n<p>Statut : doute majeur<\/p>\n<p>Type de blessure : Cheville<\/p>\n<p>Date de retour possible : 11 avril (contre Sunderland)<\/p>\n<p>Tottenham pensait initialement que le temps de Bergavll sur la table de traitement serait plus court, mais apr\u00e8s avoir \u00e9t\u00e9 \u00e9valu\u00e9, on pense maintenant que le milieu de terrain pourrait \u00eatre absent jusqu&#39;en avril.<\/p>\n<div><img decoding=\"async\" data-img-id=\"154877\" class=\"lazy\" loading=\"lazy\" src=\"https:\/\/footdavant.fr\/actualites\/wp-content\/uploads\/2026\/01\/Nouvelles-du-transfert-de-Tottenham-les-plans-des-Spurs.webp\"\/><\/p>\n<p>\u00a9 Imago \/ Sportsphoto<\/p>\n<\/div>\n<p>\u00a9 Imago \/ Sportsphoto<\/p>\n<p>Statut\u00a0: doute mineur<\/p>\n<p>Type de blessure : Coup<\/p>\n<p>Date de retour possible : 01 f\u00e9vrier (vs Manchester City)<\/p>\n<p>Palhinha a subi un coup \u00e0 l&#39;entra\u00eenement avant la d\u00e9faite de Tottenham contre West Ham, et apr\u00e8s avoir rat\u00e9 le match contre Burnley, le milieu de terrain ne devrait pas \u00eatre de retour avant f\u00e9vrier.<\/p>\n<hr size=\"2\"\/>\n<h2>Rodrigo Bentancur<\/h2>\n<div><img decoding=\"async\" data-img-id=\"156647\" class=\"lazy\" loading=\"lazy\" src=\"https:\/\/footdavant.fr\/actualites\/wp-content\/uploads\/2026\/01\/1769402897_209_Blessure-de-Tottenham-Hotspur-actualites-sur-la-suspension-et-dates.webp\"\/><\/p>\n<p>\u00a9 Imago \/ Images d&#39;actualit\u00e9<\/p>\n<\/div>\n<p>\u00a9 Imago \/ Images d&#39;actualit\u00e9<\/p>\n<p>Statut\u00a0:\u00a0Out<\/p>\n<p>Type de blessure\u00a0: ischio-jambier<\/p>\n<p>Date de retour possible : Inconnue<\/p>\n<p>Bentancur s&#39;est bless\u00e9 aux ischio-jambiers lors de la d\u00e9faite de Tottenham contre Bournemouth au d\u00e9but du mois, et le milieu de terrain sera absent pendant une p\u00e9riode significative, les pr\u00e9visions \u00e9tant actuellement fix\u00e9es au d\u00e9but du mois de mai.<\/p>\n<hr size=\"2\"\/>\n<h2>Mohammed Kudus<\/h2>\n<div><img decoding=\"async\" data-img-id=\"153090\" class=\"lazy\" loading=\"lazy\" src=\"https:\/\/footdavant.fr\/actualites\/wp-content\/uploads\/2026\/01\/1767674889_839_Les-signatures-les-plus-cheres-de-Tottenham-Hotspur-apres-le.webp\"\/><\/p>\n<p>\u00a9 Imago \/ Chaque deuxi\u00e8me m\u00e9dia<\/p>\n<\/div>\n<p>\u00a9 Imago \/ Chaque deuxi\u00e8me m\u00e9dia<\/p>\n<p>Statut\u00a0:\u00a0Out<\/p>\n<p>Type de blessure : Cuisse<\/p>\n<p>Date de retour possible : Inconnue<\/p>\n<p>Kudus s&#39;est bless\u00e9 \u00e0 la cuisse contre Sunderland le 4 janvier et l&#39;international ghan\u00e9en devrait \u00eatre absent pendant au moins quelques mois, potentiellement pr\u00eat pour un retour apr\u00e8s la tr\u00eave internationale de mars.<\/p>\n<hr size=\"2\"\/>\n<div><img decoding=\"async\" data-img-id=\"156730\" class=\"lazy\" loading=\"lazy\" src=\"https:\/\/footdavant.fr\/actualites\/wp-content\/uploads\/2026\/01\/1769402898_77_Blessure-de-Tottenham-Hotspur-actualites-sur-la-suspension-et-dates.webp\"\/><\/p>\n<p>\u00a9 Imago \/ IMAGO \/ Actualit\u00e9s Images<\/p>\n<\/div>\n<p>\u00a9 Imago \/ IMAGO \/ Actualit\u00e9s Images<\/p>\n<p>Statut\u00a0:\u00a0Out<\/p>\n<p>Type de blessure\u00a0: ischio-jambier<\/p>\n<p>Date de retour possible : 22 f\u00e9vrier (contre Arsenal)<\/p>\n<p>Richarlison a \u00e9t\u00e9 contraint d&#39;abandonner en premi\u00e8re mi-temps contre Aston Villa le 10 janvier en raison d&#39;un probl\u00e8me aux ischio-jambiers, et le Br\u00e9silien sera absent pendant environ six semaines, avec un retour potentiel pour le derby du nord de Londres.<\/p>\n<hr size=\"2\"\/>\n<div><img decoding=\"async\" data-img-id=\"150545\" class=\"lazy\" loading=\"lazy\" src=\"https:\/\/footdavant.fr\/actualites\/wp-content\/uploads\/2025\/09\/1758905297_183_Premier-League-GW6-Actualites-des-blessures-nouvelles-de-l39equipe-absents.webp\"\/><\/p>\n<p>\u00a9 Imago<\/p>\n<\/div>\n<p>\u00a9 Imago<\/p>\n<p>Statut\u00a0:\u00a0Out<\/p>\n<p>Type de blessure\u00a0: LCA<\/p>\n<p>Date de retour possible : Inconnue<\/p>\n<p>Maddison travaille actuellement sur sa r\u00e9\u00e9ducation suite \u00e0 la blessure au LCA qu&#39;il a subie en ao\u00fbt, et bien qu&#39;il y ait eu des vid\u00e9os du milieu de terrain de retour sur l&#39;herbe, le joueur de 29 ans se bat toujours pour \u00eatre de retour pour la pr\u00e9-saison avant la campagne 2026-27.<\/p>\n<hr size=\"2\"\/>\n<div><img decoding=\"async\" data-img-id=\"147874\" class=\"lazy\" loading=\"lazy\" src=\"https:\/\/footdavant.fr\/actualites\/wp-content\/uploads\/2026\/01\/1769402899_934_Blessure-de-Tottenham-Hotspur-actualites-sur-la-suspension-et-dates.jpg\"\/><\/p>\n<p>\u00a9 Imago<\/p>\n<\/div>\n<p>\u00a9 Imago<\/p>\n<p>Statut\u00a0:\u00a0Out<\/p>\n<p>Type de blessure : Genou<\/p>\n<p>Date de retour possible : Inconnue <\/p>\n<p>Kulusevski n&#39;a pas jou\u00e9 depuis avril en raison d&#39;une blessure \u00e0 long terme au genou, et Thomas Frank a r\u00e9cemment d\u00e9clar\u00e9 qu&#39;il pourrait potentiellement \u00eatre de retour sur gazon d&#39;ici la fin du mois.<\/p>\n<hr size=\"2\"\/>\n<h2>LISTE DES SUSPENSIONS DE TOTTENHAM HOTSPUR<\/h2>\n<p>Tottenham n&#39;a aucun joueur suspendu pour le choc de la Ligue des champions avec l&#39;Eintracht Francfort.<\/p>\n<\/div>\n","protected":false},"excerpt":{"rendered":"<p>Tottenham Hotspur se battra pour assurer sa place dans le top huit du classement de la Ligue des champions lorsqu&#39;il affrontera l&#39;Eintracht Francfort lors de<\/p>\n","protected":false},"author":1,"featured_media":33825,"comment_status":"closed","ping_status":"","sticky":false,"template":"","format":"standard","meta":{"footnotes":""},"categories":[5],"tags":[7,15,20,2867,2413,1907,2464,69,111,2414,7226,93,2027,393,933,103,18,68],"yoast_head":"<!-- This site is optimized with the Yoast SEO plugin v21.0 - https:\/\/yoast.com\/wordpress\/plugins\/seo\/ -->\n<title>Blessure de Tottenham Hotspur, actualit\u00e9s sur la suspension et dates de retour contre l&#039;Eintracht Francfort : Richarlison, James Maddison et Dejan Kulusevski les derniers<\/title>\n<meta name=\"robots\" content=\"index, follow, max-snippet:-1, max-image-preview:large, max-video-preview:-1\" \/>\n<link rel=\"canonical\" href=\"https:\/\/footdavant.fr\/actualites\/blessure-de-tottenham-hotspur-actualites-sur-la-suspension-et-dates-de-retour-contre-leintracht-francfort-richarlison-james-maddison-et-dejan-kulusevski-les-derniers\/\" \/>\n<meta property=\"og:locale\" content=\"fr_FR\" \/>\n<meta property=\"og:type\" content=\"article\" \/>\n<meta property=\"og:title\" content=\"Blessure de Tottenham Hotspur, actualit\u00e9s sur la suspension et dates de retour contre l&#039;Eintracht Francfort : Richarlison, James Maddison et Dejan Kulusevski les derniers\" \/>\n<meta property=\"og:description\" content=\"Tottenham Hotspur se battra pour assurer sa place dans le top huit du classement de la Ligue des champions lorsqu&#039;il affrontera l&#039;Eintracht Francfort lors de\" \/>\n<meta property=\"og:url\" content=\"https:\/\/footdavant.fr\/actualites\/blessure-de-tottenham-hotspur-actualites-sur-la-suspension-et-dates-de-retour-contre-leintracht-francfort-richarlison-james-maddison-et-dejan-kulusevski-les-derniers\/\" \/>\n<meta property=\"og:site_name\" content=\"Foot d&#039;avant\" \/>\n<meta property=\"article:publisher\" content=\"https:\/\/www.facebook.com\/Footdavant\/\" \/>\n<meta property=\"article:published_time\" content=\"2026-01-26T04:48:19+00:00\" \/>\n<meta property=\"article:modified_time\" content=\"2026-01-26T04:48:21+00:00\" \/>\n<meta property=\"og:image\" content=\"https:\/\/footdavant.fr\/actualites\/wp-content\/uploads\/2026\/01\/Blessure-de-Tottenham-Hotspur-actualites-sur-la-suspension-et-dates.net2Fuploads2F20252F112Fricharlison-3-69.webp\" \/>\n\t<meta property=\"og:image:width\" content=\"720\" \/>\n\t<meta property=\"og:image:height\" content=\"410\" \/>\n\t<meta property=\"og:image:type\" content=\"image\/webp\" \/>\n<meta name=\"author\" content=\"Cl\u00e9ment\" \/>\n<meta name=\"twitter:card\" content=\"summary_large_image\" \/>\n<meta name=\"twitter:creator\" content=\"@FootdavantFr\" \/>\n<meta name=\"twitter:site\" content=\"@FootdavantFr\" \/>\n<meta name=\"twitter:label1\" content=\"\u00c9crit par\" \/>\n\t<meta name=\"twitter:data1\" content=\"Cl\u00e9ment\" \/>\n\t<meta name=\"twitter:label2\" content=\"Dur\u00e9e de lecture estim\u00e9e\" \/>\n\t<meta name=\"twitter:data2\" content=\"3 minutes\" \/>\n<script type=\"application\/ld+json\" class=\"yoast-schema-graph\">{\"@context\":\"https:\/\/schema.org\",\"@graph\":[{\"@type\":\"Article\",\"@id\":\"https:\/\/footdavant.fr\/actualites\/blessure-de-tottenham-hotspur-actualites-sur-la-suspension-et-dates-de-retour-contre-leintracht-francfort-richarlison-james-maddison-et-dejan-kulusevski-les-derniers\/#article\",\"isPartOf\":{\"@id\":\"https:\/\/footdavant.fr\/actualites\/blessure-de-tottenham-hotspur-actualites-sur-la-suspension-et-dates-de-retour-contre-leintracht-francfort-richarlison-james-maddison-et-dejan-kulusevski-les-derniers\/\"},\"author\":{\"name\":\"Cl\u00e9ment\",\"@id\":\"https:\/\/footdavant.fr\/actualites\/#\/schema\/person\/bc222566d95871b37e597b3ed3ba5e1d\"},\"headline\":\"Blessure de Tottenham Hotspur, actualit\u00e9s sur la suspension et dates de retour contre l&#39;Eintracht Francfort : Richarlison, James Maddison et Dejan Kulusevski les derniers\",\"datePublished\":\"2026-01-26T04:48:19+00:00\",\"dateModified\":\"2026-01-26T04:48:21+00:00\",\"mainEntityOfPage\":{\"@id\":\"https:\/\/footdavant.fr\/actualites\/blessure-de-tottenham-hotspur-actualites-sur-la-suspension-et-dates-de-retour-contre-leintracht-francfort-richarlison-james-maddison-et-dejan-kulusevski-les-derniers\/\"},\"wordCount\":643,\"publisher\":{\"@id\":\"https:\/\/footdavant.fr\/actualites\/#organization\"},\"keywords\":[\"Actualit\u00e9s\",\"Blessure\",\"contre\",\"Dates\",\"Dejan\",\"derniers\",\"Francfort\",\"Hotspur\",\"James\",\"Kulusevski\",\"l39Eintracht\",\"les\",\"Maddison\",\"retour\",\"Richarlison\",\"sur\",\"suspension\",\"Tottenham\"],\"articleSection\":[\"Premier League\"],\"inLanguage\":\"fr-FR\"},{\"@type\":\"WebPage\",\"@id\":\"https:\/\/footdavant.fr\/actualites\/blessure-de-tottenham-hotspur-actualites-sur-la-suspension-et-dates-de-retour-contre-leintracht-francfort-richarlison-james-maddison-et-dejan-kulusevski-les-derniers\/\",\"url\":\"https:\/\/footdavant.fr\/actualites\/blessure-de-tottenham-hotspur-actualites-sur-la-suspension-et-dates-de-retour-contre-leintracht-francfort-richarlison-james-maddison-et-dejan-kulusevski-les-derniers\/\",\"name\":\"Blessure de Tottenham Hotspur, actualit\u00e9s sur la suspension et dates de retour contre l&#39;Eintracht Francfort : Richarlison, James Maddison et Dejan Kulusevski les derniers\",\"isPartOf\":{\"@id\":\"https:\/\/footdavant.fr\/actualites\/#website\"},\"datePublished\":\"2026-01-26T04:48:19+00:00\",\"dateModified\":\"2026-01-26T04:48:21+00:00\",\"breadcrumb\":{\"@id\":\"https:\/\/footdavant.fr\/actualites\/blessure-de-tottenham-hotspur-actualites-sur-la-suspension-et-dates-de-retour-contre-leintracht-francfort-richarlison-james-maddison-et-dejan-kulusevski-les-derniers\/#breadcrumb\"},\"inLanguage\":\"fr-FR\",\"potentialAction\":[{\"@type\":\"ReadAction\",\"target\":[\"https:\/\/footdavant.fr\/actualites\/blessure-de-tottenham-hotspur-actualites-sur-la-suspension-et-dates-de-retour-contre-leintracht-francfort-richarlison-james-maddison-et-dejan-kulusevski-les-derniers\/\"]}]},{\"@type\":\"BreadcrumbList\",\"@id\":\"https:\/\/footdavant.fr\/actualites\/blessure-de-tottenham-hotspur-actualites-sur-la-suspension-et-dates-de-retour-contre-leintracht-francfort-richarlison-james-maddison-et-dejan-kulusevski-les-derniers\/#breadcrumb\",\"itemListElement\":[{\"@type\":\"ListItem\",\"position\":1,\"name\":\"Accueil\",\"item\":\"https:\/\/footdavant.fr\/actualites\/\"},{\"@type\":\"ListItem\",\"position\":2,\"name\":\"Blessure de Tottenham Hotspur, actualit\u00e9s sur la suspension et dates de retour contre l&#39;Eintracht Francfort : Richarlison, James Maddison et Dejan Kulusevski les derniers\"}]},{\"@type\":\"WebSite\",\"@id\":\"https:\/\/footdavant.fr\/actualites\/#website\",\"url\":\"https:\/\/footdavant.fr\/actualites\/\",\"name\":\"Foot d'avant\",\"description\":\"\",\"publisher\":{\"@id\":\"https:\/\/footdavant.fr\/actualites\/#organization\"},\"potentialAction\":[{\"@type\":\"SearchAction\",\"target\":{\"@type\":\"EntryPoint\",\"urlTemplate\":\"https:\/\/footdavant.fr\/actualites\/?s={search_term_string}\"},\"query-input\":\"required name=search_term_string\"}],\"inLanguage\":\"fr-FR\"},{\"@type\":\"Organization\",\"@id\":\"https:\/\/footdavant.fr\/actualites\/#organization\",\"name\":\"Foot d'avant\",\"url\":\"https:\/\/footdavant.fr\/actualites\/\",\"logo\":{\"@type\":\"ImageObject\",\"inLanguage\":\"fr-FR\",\"@id\":\"https:\/\/footdavant.fr\/actualites\/#\/schema\/logo\/image\/\",\"url\":\"https:\/\/footdavant.fr\/actualites\/wp-content\/uploads\/2023\/09\/Copy-of-FootDavant-Logo.png\",\"contentUrl\":\"https:\/\/footdavant.fr\/actualites\/wp-content\/uploads\/2023\/09\/Copy-of-FootDavant-Logo.png\",\"width\":936,\"height\":549,\"caption\":\"Foot d'avant\"},\"image\":{\"@id\":\"https:\/\/footdavant.fr\/actualites\/#\/schema\/logo\/image\/\"},\"sameAs\":[\"https:\/\/www.facebook.com\/Footdavant\/\",\"https:\/\/twitter.com\/FootdavantFr\",\"https:\/\/www.instagram.com\/footdavant.fr\/\"]},{\"@type\":\"Person\",\"@id\":\"https:\/\/footdavant.fr\/actualites\/#\/schema\/person\/bc222566d95871b37e597b3ed3ba5e1d\",\"name\":\"Cl\u00e9ment\",\"image\":{\"@type\":\"ImageObject\",\"inLanguage\":\"fr-FR\",\"@id\":\"https:\/\/footdavant.fr\/actualites\/#\/schema\/person\/image\/\",\"url\":\"https:\/\/secure.gravatar.com\/avatar\/7728b29aac2719421e1a9159b2254c44?s=96&d=mm&r=g\",\"contentUrl\":\"https:\/\/secure.gravatar.com\/avatar\/7728b29aac2719421e1a9159b2254c44?s=96&d=mm&r=g\",\"caption\":\"Cl\u00e9ment\"},\"sameAs\":[\"https:\/\/footdavant.fr\/\"]}]}<\/script>\n<!-- \/ Yoast SEO plugin. -->","yoast_head_json":{"title":"Blessure de Tottenham Hotspur, actualit\u00e9s sur la suspension et dates de retour contre l&#39;Eintracht Francfort : Richarlison, James Maddison et Dejan Kulusevski les derniers","robots":{"index":"index","follow":"follow","max-snippet":"max-snippet:-1","max-image-preview":"max-image-preview:large","max-video-preview":"max-video-preview:-1"},"canonical":"https:\/\/footdavant.fr\/actualites\/blessure-de-tottenham-hotspur-actualites-sur-la-suspension-et-dates-de-retour-contre-leintracht-francfort-richarlison-james-maddison-et-dejan-kulusevski-les-derniers\/","og_locale":"fr_FR","og_type":"article","og_title":"Blessure de Tottenham Hotspur, actualit\u00e9s sur la suspension et dates de retour contre l&#39;Eintracht Francfort : Richarlison, James Maddison et Dejan Kulusevski les derniers","og_description":"Tottenham Hotspur se battra pour assurer sa place dans le top huit du classement de la Ligue des champions lorsqu&#39;il affrontera l&#39;Eintracht Francfort lors de","og_url":"https:\/\/footdavant.fr\/actualites\/blessure-de-tottenham-hotspur-actualites-sur-la-suspension-et-dates-de-retour-contre-leintracht-francfort-richarlison-james-maddison-et-dejan-kulusevski-les-derniers\/","og_site_name":"Foot d&#039;avant","article_publisher":"https:\/\/www.facebook.com\/Footdavant\/","article_published_time":"2026-01-26T04:48:19+00:00","article_modified_time":"2026-01-26T04:48:21+00:00","og_image":[{"width":720,"height":410,"url":"https:\/\/footdavant.fr\/actualites\/wp-content\/uploads\/2026\/01\/Blessure-de-Tottenham-Hotspur-actualites-sur-la-suspension-et-dates.net2Fuploads2F20252F112Fricharlison-3-69.webp","type":"image\/webp"}],"author":"Cl\u00e9ment","twitter_card":"summary_large_image","twitter_creator":"@FootdavantFr","twitter_site":"@FootdavantFr","twitter_misc":{"\u00c9crit par":"Cl\u00e9ment","Dur\u00e9e de lecture estim\u00e9e":"3 minutes"},"schema":{"@context":"https:\/\/schema.org","@graph":[{"@type":"Article","@id":"https:\/\/footdavant.fr\/actualites\/blessure-de-tottenham-hotspur-actualites-sur-la-suspension-et-dates-de-retour-contre-leintracht-francfort-richarlison-james-maddison-et-dejan-kulusevski-les-derniers\/#article","isPartOf":{"@id":"https:\/\/footdavant.fr\/actualites\/blessure-de-tottenham-hotspur-actualites-sur-la-suspension-et-dates-de-retour-contre-leintracht-francfort-richarlison-james-maddison-et-dejan-kulusevski-les-derniers\/"},"author":{"name":"Cl\u00e9ment","@id":"https:\/\/footdavant.fr\/actualites\/#\/schema\/person\/bc222566d95871b37e597b3ed3ba5e1d"},"headline":"Blessure de Tottenham Hotspur, actualit\u00e9s sur la suspension et dates de retour contre l&#39;Eintracht Francfort : Richarlison, James Maddison et Dejan Kulusevski les derniers","datePublished":"2026-01-26T04:48:19+00:00","dateModified":"2026-01-26T04:48:21+00:00","mainEntityOfPage":{"@id":"https:\/\/footdavant.fr\/actualites\/blessure-de-tottenham-hotspur-actualites-sur-la-suspension-et-dates-de-retour-contre-leintracht-francfort-richarlison-james-maddison-et-dejan-kulusevski-les-derniers\/"},"wordCount":643,"publisher":{"@id":"https:\/\/footdavant.fr\/actualites\/#organization"},"keywords":["Actualit\u00e9s","Blessure","contre","Dates","Dejan","derniers","Francfort","Hotspur","James","Kulusevski","l39Eintracht","les","Maddison","retour","Richarlison","sur","suspension","Tottenham"],"articleSection":["Premier League"],"inLanguage":"fr-FR"},{"@type":"WebPage","@id":"https:\/\/footdavant.fr\/actualites\/blessure-de-tottenham-hotspur-actualites-sur-la-suspension-et-dates-de-retour-contre-leintracht-francfort-richarlison-james-maddison-et-dejan-kulusevski-les-derniers\/","url":"https:\/\/footdavant.fr\/actualites\/blessure-de-tottenham-hotspur-actualites-sur-la-suspension-et-dates-de-retour-contre-leintracht-francfort-richarlison-james-maddison-et-dejan-kulusevski-les-derniers\/","name":"Blessure de Tottenham Hotspur, actualit\u00e9s sur la suspension et dates de retour contre l&#39;Eintracht Francfort : Richarlison, James Maddison et Dejan Kulusevski les derniers","isPartOf":{"@id":"https:\/\/footdavant.fr\/actualites\/#website"},"datePublished":"2026-01-26T04:48:19+00:00","dateModified":"2026-01-26T04:48:21+00:00","breadcrumb":{"@id":"https:\/\/footdavant.fr\/actualites\/blessure-de-tottenham-hotspur-actualites-sur-la-suspension-et-dates-de-retour-contre-leintracht-francfort-richarlison-james-maddison-et-dejan-kulusevski-les-derniers\/#breadcrumb"},"inLanguage":"fr-FR","potentialAction":[{"@type":"ReadAction","target":["https:\/\/footdavant.fr\/actualites\/blessure-de-tottenham-hotspur-actualites-sur-la-suspension-et-dates-de-retour-contre-leintracht-francfort-richarlison-james-maddison-et-dejan-kulusevski-les-derniers\/"]}]},{"@type":"BreadcrumbList","@id":"https:\/\/footdavant.fr\/actualites\/blessure-de-tottenham-hotspur-actualites-sur-la-suspension-et-dates-de-retour-contre-leintracht-francfort-richarlison-james-maddison-et-dejan-kulusevski-les-derniers\/#breadcrumb","itemListElement":[{"@type":"ListItem","position":1,"name":"Accueil","item":"https:\/\/footdavant.fr\/actualites\/"},{"@type":"ListItem","position":2,"name":"Blessure de Tottenham Hotspur, actualit\u00e9s sur la suspension et dates de retour contre l&#39;Eintracht Francfort : Richarlison, James Maddison et Dejan Kulusevski les derniers"}]},{"@type":"WebSite","@id":"https:\/\/footdavant.fr\/actualites\/#website","url":"https:\/\/footdavant.fr\/actualites\/","name":"Foot d'avant","description":"","publisher":{"@id":"https:\/\/footdavant.fr\/actualites\/#organization"},"potentialAction":[{"@type":"SearchAction","target":{"@type":"EntryPoint","urlTemplate":"https:\/\/footdavant.fr\/actualites\/?s={search_term_string}"},"query-input":"required name=search_term_string"}],"inLanguage":"fr-FR"},{"@type":"Organization","@id":"https:\/\/footdavant.fr\/actualites\/#organization","name":"Foot d'avant","url":"https:\/\/footdavant.fr\/actualites\/","logo":{"@type":"ImageObject","inLanguage":"fr-FR","@id":"https:\/\/footdavant.fr\/actualites\/#\/schema\/logo\/image\/","url":"https:\/\/footdavant.fr\/actualites\/wp-content\/uploads\/2023\/09\/Copy-of-FootDavant-Logo.png","contentUrl":"https:\/\/footdavant.fr\/actualites\/wp-content\/uploads\/2023\/09\/Copy-of-FootDavant-Logo.png","width":936,"height":549,"caption":"Foot d'avant"},"image":{"@id":"https:\/\/footdavant.fr\/actualites\/#\/schema\/logo\/image\/"},"sameAs":["https:\/\/www.facebook.com\/Footdavant\/","https:\/\/twitter.com\/FootdavantFr","https:\/\/www.instagram.com\/footdavant.fr\/"]},{"@type":"Person","@id":"https:\/\/footdavant.fr\/actualites\/#\/schema\/person\/bc222566d95871b37e597b3ed3ba5e1d","name":"Cl\u00e9ment","image":{"@type":"ImageObject","inLanguage":"fr-FR","@id":"https:\/\/footdavant.fr\/actualites\/#\/schema\/person\/image\/","url":"https:\/\/secure.gravatar.com\/avatar\/7728b29aac2719421e1a9159b2254c44?s=96&d=mm&r=g","contentUrl":"https:\/\/secure.gravatar.com\/avatar\/7728b29aac2719421e1a9159b2254c44?s=96&d=mm&r=g","caption":"Cl\u00e9ment"},"sameAs":["https:\/\/footdavant.fr\/"]}]}},"_links":{"self":[{"href":"https:\/\/footdavant.fr\/actualites\/wp-json\/wp\/v2\/posts\/33824"}],"collection":[{"href":"https:\/\/footdavant.fr\/actualites\/wp-json\/wp\/v2\/posts"}],"about":[{"href":"https:\/\/footdavant.fr\/actualites\/wp-json\/wp\/v2\/types\/post"}],"author":[{"embeddable":true,"href":"https:\/\/footdavant.fr\/actualites\/wp-json\/wp\/v2\/users\/1"}],"replies":[{"embeddable":true,"href":"https:\/\/footdavant.fr\/actualites\/wp-json\/wp\/v2\/comments?post=33824"}],"version-history":[{"count":1,"href":"https:\/\/footdavant.fr\/actualites\/wp-json\/wp\/v2\/posts\/33824\/revisions"}],"predecessor-version":[{"id":33826,"href":"https:\/\/footdavant.fr\/actualites\/wp-json\/wp\/v2\/posts\/33824\/revisions\/33826"}],"wp:featuredmedia":[{"embeddable":true,"href":"https:\/\/footdavant.fr\/actualites\/wp-json\/wp\/v2\/media\/33825"}],"wp:attachment":[{"href":"https:\/\/footdavant.fr\/actualites\/wp-json\/wp\/v2\/media?parent=33824"}],"wp:term":[{"taxonomy":"category","embeddable":true,"href":"https:\/\/footdavant.fr\/actualites\/wp-json\/wp\/v2\/categories?post=33824"},{"taxonomy":"post_tag","embeddable":true,"href":"https:\/\/footdavant.fr\/actualites\/wp-json\/wp\/v2\/tags?post=33824"}],"curies":[{"name":"wp","href":"https:\/\/api.w.org\/{rel}","templated":true}]}}