{"id":33827,"date":"2026-01-26T07:48:12","date_gmt":"2026-01-26T06:48:12","guid":{"rendered":"https:\/\/footdavant.fr\/actualites\/matheus-cunha-souvre-sur-un-role-de-super-sub-sous-carrick\/"},"modified":"2026-01-26T07:48:18","modified_gmt":"2026-01-26T06:48:18","slug":"matheus-cunha-souvre-sur-un-role-de-super-sub-sous-carrick","status":"publish","type":"post","link":"https:\/\/footdavant.fr\/actualites\/matheus-cunha-souvre-sur-un-role-de-super-sub-sous-carrick\/","title":{"rendered":"Matheus Cunha s&#39;ouvre sur un r\u00f4le de super-sub sous Carrick &#8211;"},"content":{"rendered":"<div id=\"penci-post-entry-inner\">\n<p>\t\t\t<i class=\"penci-post-countview-number-check\" style=\"display:none\">5<\/i><\/p>\n<p><!--Article Start--><br \/>Manchester United ne montre aucun signe de ralentissement sous la direction de l\u2019entra\u00eeneur-chef par int\u00e9rim Michael Carrick.<\/p>\n<p>Apr\u00e8s la m\u00e9morable victoire du derby de Manchester le week-end dernier, cette fois, les Diables Rouges ont battu Arsenal 3-2 sur leur terrain.<\/p>\n<p>Dimanche, les Gunners ont encaiss\u00e9 trois buts pour la premi\u00e8re fois en 121 matchs, tandis que les visiteurs ont d\u00e9croch\u00e9 leur premi\u00e8re victoire \u00e0 l&#39;Emirates Stadium depuis 2017.<\/p>\n<p>C&#39;est l&#39;\u00e9quipe locale qui a pris l&#39;avantage avant la demi-heure de jeu, mais contrairement \u00e0 l&#39;ancien entra\u00eeneur-chef Ruben Amorim, cette \u00e9quipe de United n&#39;a pas recul\u00e9.<\/p>\n<h5>Vainqueur tardif gr\u00e2ce \u00e0 Matheus Cunha<\/h5>\n<p>Ils ont \u00e9galis\u00e9 avant la mi-temps, puis ont pris l&#39;avantage gr\u00e2ce \u00e0 un \u00e9tourdissement de Patrick Dorgu. Mais lorsque les h\u00f4tes ont \u00e9galis\u00e9 \u00e0 la 84e minute, les supporters ext\u00e9rieurs ont d\u00fb craindre le pire.<\/p>\n<p>Contrairement \u00e0 son pr\u00e9d\u00e9cesseur, Carrick n&#39;a pas jet\u00e9 l&#39;\u00e9ponge et n&#39;a pas essay\u00e9 de g\u00e9rer le jeu, il a demand\u00e9 aux joueurs d&#39;aller chercher la jugulaire et le rempla\u00e7ant Matheus Cunha est apparu pour marquer un brillant vainqueur.<\/p>\n<p>Le Br\u00e9silien a d\u00e9sormais un impact positif sur les matchs cons\u00e9cutifs depuis le banc. C&#39;\u00e9tait d&#39;abord sa passe d\u00e9cisive contre Manchester City, et maintenant, le vainqueur contre l&#39;\u00e9quipe de Mikel Arteta.<\/p>\n<p>On lui a demand\u00e9 s&#39;il \u00e9tait satisfait de ce r\u00f4le de super-sub sous Carrick, ce \u00e0 quoi l&#39;ancien attaquant des Wolverhampton Wanderers a r\u00e9pondu : \u00ab Je connais la qualit\u00e9 du groupe, tout le monde a la qualit\u00e9 pour jouer, tout le monde veut jouer, bien s\u00fbr.<\/p>\n<h5>R\u00f4le de super-sous<\/h5>\n<p>\u00ab\u00a0Mais oui, la d\u00e9cision importante est d&#39;aider l&#39;\u00e9quipe, viens ici, chaque minute dont tu disposes est de tout donner pour aider cette \u00e9quipe, pour aider les co\u00e9quipiers.\u00a0\u00bb<\/p>\n<p>Quant \u00e0 savoir si c&#39;\u00e9tait son meilleur moment sous le maillot de United, Matheus Cunha a d\u00e9clar\u00e9 : \u00ab\u00a0100 pour cent [greatest moment in the shirt]. Ce genre de jeux sont les jeux auxquels nous r\u00eavions de jouer.<\/p>\n<p>\u00ab\u00a0Quand je viens \u00e0 United, ce sont les matchs que nous regardions \u00e0 la t\u00e9l\u00e9vision. C&#39;est l&#39;un des meilleurs moments pour moi ici.\u00a0\u00bb<\/p>\n<p>Le joueur de 26 ans a \u00e9t\u00e9 interrog\u00e9 sur l&#39;impact de Carrick depuis son arriv\u00e9e, ce \u00e0 quoi il a r\u00e9pondu : \u00ab Il conna\u00eet ce sentiment, il a jou\u00e9 ici pendant tant d&#39;ann\u00e9es.<\/p>\n<h5>Sur Carrick<\/h5>\n<p>\u00ab\u00a0Il conna\u00eet les sentiments de Manchester, il conna\u00eet les sentiments de United. Il sait ce que les fans veulent ressentir et il a essay\u00e9 de nous montrer chaque instant, il a essay\u00e9 de nous parler pour comprendre en quelques instants et dire &#39;tout le monde est contre nous&#39;, donc je pense que nous nous sentons plus ensemble.\u00a0\u00bb<\/p>\n<p>La victoire contre les leaders de la ligue a montr\u00e9 \u00e0 quel point Carrick est en train de construire une unit\u00e9. J&#39;esp\u00e8re que United pourra poursuivre son parcours impressionnant la semaine prochaine lorsque Fulham viendra en ville.<\/p>\n<\/p>\n<hr\/>\n<p>The Peoples Person est l&#39;un des principaux sites d&#39;information de Man United au monde depuis plus d&#39;une d\u00e9cennie. Suivez-nous sur Bluesky\u00a0: @peoplesperson.bsky.social<\/p>\n<p><!-- CONTENT END 2 --><\/p><\/div>\n","protected":false},"excerpt":{"rendered":"<p>5 Manchester United ne montre aucun signe de ralentissement sous la direction de l\u2019entra\u00eeneur-chef par int\u00e9rim Michael Carrick. Apr\u00e8s la m\u00e9morable victoire du derby de<\/p>\n","protected":false},"author":1,"featured_media":33828,"comment_status":"closed","ping_status":"","sticky":false,"template":"","format":"standard","meta":{"footnotes":""},"categories":[3],"tags":[5200,2092,769,831,6110,1301,11388,103],"yoast_head":"<!-- This site is optimized with the Yoast SEO plugin v21.0 - https:\/\/yoast.com\/wordpress\/plugins\/seo\/ -->\n<title>Matheus Cunha s&#039;ouvre sur un r\u00f4le de super-sub sous Carrick -<\/title>\n<meta name=\"robots\" content=\"index, follow, max-snippet:-1, max-image-preview:large, max-video-preview:-1\" \/>\n<link rel=\"canonical\" href=\"https:\/\/footdavant.fr\/actualites\/matheus-cunha-souvre-sur-un-role-de-super-sub-sous-carrick\/\" \/>\n<meta property=\"og:locale\" content=\"fr_FR\" \/>\n<meta property=\"og:type\" content=\"article\" \/>\n<meta property=\"og:title\" content=\"Matheus Cunha s&#039;ouvre sur un r\u00f4le de super-sub sous Carrick -\" \/>\n<meta property=\"og:description\" content=\"5 Manchester United ne montre aucun signe de ralentissement sous la direction de l\u2019entra\u00eeneur-chef par int\u00e9rim Michael Carrick. Apr\u00e8s la m\u00e9morable victoire du derby de\" \/>\n<meta property=\"og:url\" content=\"https:\/\/footdavant.fr\/actualites\/matheus-cunha-souvre-sur-un-role-de-super-sub-sous-carrick\/\" \/>\n<meta property=\"og:site_name\" content=\"Foot d&#039;avant\" \/>\n<meta property=\"article:publisher\" content=\"https:\/\/www.facebook.com\/Footdavant\/\" \/>\n<meta property=\"article:published_time\" content=\"2026-01-26T06:48:12+00:00\" \/>\n<meta property=\"article:modified_time\" content=\"2026-01-26T06:48:18+00:00\" \/>\n<meta property=\"og:image\" content=\"https:\/\/footdavant.fr\/actualites\/wp-content\/uploads\/2026\/01\/Matheus-Cunha-s39ouvre-sur-un-role-de-super-sub-sous-Carrick.jpg\" \/>\n\t<meta property=\"og:image:width\" content=\"1600\" \/>\n\t<meta property=\"og:image:height\" content=\"721\" \/>\n\t<meta property=\"og:image:type\" content=\"image\/jpeg\" \/>\n<meta name=\"author\" content=\"Cl\u00e9ment\" \/>\n<meta name=\"twitter:card\" content=\"summary_large_image\" \/>\n<meta name=\"twitter:creator\" content=\"@FootdavantFr\" \/>\n<meta name=\"twitter:site\" content=\"@FootdavantFr\" \/>\n<meta name=\"twitter:label1\" content=\"\u00c9crit par\" \/>\n\t<meta name=\"twitter:data1\" content=\"Cl\u00e9ment\" \/>\n\t<meta name=\"twitter:label2\" content=\"Dur\u00e9e de lecture estim\u00e9e\" \/>\n\t<meta name=\"twitter:data2\" content=\"3 minutes\" \/>\n<script type=\"application\/ld+json\" class=\"yoast-schema-graph\">{\"@context\":\"https:\/\/schema.org\",\"@graph\":[{\"@type\":\"Article\",\"@id\":\"https:\/\/footdavant.fr\/actualites\/matheus-cunha-souvre-sur-un-role-de-super-sub-sous-carrick\/#article\",\"isPartOf\":{\"@id\":\"https:\/\/footdavant.fr\/actualites\/matheus-cunha-souvre-sur-un-role-de-super-sub-sous-carrick\/\"},\"author\":{\"name\":\"Cl\u00e9ment\",\"@id\":\"https:\/\/footdavant.fr\/actualites\/#\/schema\/person\/bc222566d95871b37e597b3ed3ba5e1d\"},\"headline\":\"Matheus Cunha s&#39;ouvre sur un r\u00f4le de super-sub sous Carrick &#8211;\",\"datePublished\":\"2026-01-26T06:48:12+00:00\",\"dateModified\":\"2026-01-26T06:48:18+00:00\",\"mainEntityOfPage\":{\"@id\":\"https:\/\/footdavant.fr\/actualites\/matheus-cunha-souvre-sur-un-role-de-super-sub-sous-carrick\/\"},\"wordCount\":554,\"publisher\":{\"@id\":\"https:\/\/footdavant.fr\/actualites\/#organization\"},\"keywords\":[\"Carrick\",\"Cunha\",\"Matheus\",\"r\u00f4le\",\"s39ouvre\",\"sous\",\"supersub\",\"sur\"],\"articleSection\":[\"Football\"],\"inLanguage\":\"fr-FR\"},{\"@type\":\"WebPage\",\"@id\":\"https:\/\/footdavant.fr\/actualites\/matheus-cunha-souvre-sur-un-role-de-super-sub-sous-carrick\/\",\"url\":\"https:\/\/footdavant.fr\/actualites\/matheus-cunha-souvre-sur-un-role-de-super-sub-sous-carrick\/\",\"name\":\"Matheus Cunha s&#39;ouvre sur un r\u00f4le de super-sub sous Carrick -\",\"isPartOf\":{\"@id\":\"https:\/\/footdavant.fr\/actualites\/#website\"},\"datePublished\":\"2026-01-26T06:48:12+00:00\",\"dateModified\":\"2026-01-26T06:48:18+00:00\",\"breadcrumb\":{\"@id\":\"https:\/\/footdavant.fr\/actualites\/matheus-cunha-souvre-sur-un-role-de-super-sub-sous-carrick\/#breadcrumb\"},\"inLanguage\":\"fr-FR\",\"potentialAction\":[{\"@type\":\"ReadAction\",\"target\":[\"https:\/\/footdavant.fr\/actualites\/matheus-cunha-souvre-sur-un-role-de-super-sub-sous-carrick\/\"]}]},{\"@type\":\"BreadcrumbList\",\"@id\":\"https:\/\/footdavant.fr\/actualites\/matheus-cunha-souvre-sur-un-role-de-super-sub-sous-carrick\/#breadcrumb\",\"itemListElement\":[{\"@type\":\"ListItem\",\"position\":1,\"name\":\"Accueil\",\"item\":\"https:\/\/footdavant.fr\/actualites\/\"},{\"@type\":\"ListItem\",\"position\":2,\"name\":\"Matheus Cunha s&#39;ouvre sur un r\u00f4le de super-sub sous Carrick &#8211;\"}]},{\"@type\":\"WebSite\",\"@id\":\"https:\/\/footdavant.fr\/actualites\/#website\",\"url\":\"https:\/\/footdavant.fr\/actualites\/\",\"name\":\"Foot d'avant\",\"description\":\"\",\"publisher\":{\"@id\":\"https:\/\/footdavant.fr\/actualites\/#organization\"},\"potentialAction\":[{\"@type\":\"SearchAction\",\"target\":{\"@type\":\"EntryPoint\",\"urlTemplate\":\"https:\/\/footdavant.fr\/actualites\/?s={search_term_string}\"},\"query-input\":\"required name=search_term_string\"}],\"inLanguage\":\"fr-FR\"},{\"@type\":\"Organization\",\"@id\":\"https:\/\/footdavant.fr\/actualites\/#organization\",\"name\":\"Foot d'avant\",\"url\":\"https:\/\/footdavant.fr\/actualites\/\",\"logo\":{\"@type\":\"ImageObject\",\"inLanguage\":\"fr-FR\",\"@id\":\"https:\/\/footdavant.fr\/actualites\/#\/schema\/logo\/image\/\",\"url\":\"https:\/\/footdavant.fr\/actualites\/wp-content\/uploads\/2023\/09\/Copy-of-FootDavant-Logo.png\",\"contentUrl\":\"https:\/\/footdavant.fr\/actualites\/wp-content\/uploads\/2023\/09\/Copy-of-FootDavant-Logo.png\",\"width\":936,\"height\":549,\"caption\":\"Foot d'avant\"},\"image\":{\"@id\":\"https:\/\/footdavant.fr\/actualites\/#\/schema\/logo\/image\/\"},\"sameAs\":[\"https:\/\/www.facebook.com\/Footdavant\/\",\"https:\/\/twitter.com\/FootdavantFr\",\"https:\/\/www.instagram.com\/footdavant.fr\/\"]},{\"@type\":\"Person\",\"@id\":\"https:\/\/footdavant.fr\/actualites\/#\/schema\/person\/bc222566d95871b37e597b3ed3ba5e1d\",\"name\":\"Cl\u00e9ment\",\"image\":{\"@type\":\"ImageObject\",\"inLanguage\":\"fr-FR\",\"@id\":\"https:\/\/footdavant.fr\/actualites\/#\/schema\/person\/image\/\",\"url\":\"https:\/\/secure.gravatar.com\/avatar\/7728b29aac2719421e1a9159b2254c44?s=96&d=mm&r=g\",\"contentUrl\":\"https:\/\/secure.gravatar.com\/avatar\/7728b29aac2719421e1a9159b2254c44?s=96&d=mm&r=g\",\"caption\":\"Cl\u00e9ment\"},\"sameAs\":[\"https:\/\/footdavant.fr\/\"]}]}<\/script>\n<!-- \/ Yoast SEO plugin. -->","yoast_head_json":{"title":"Matheus Cunha s&#39;ouvre sur un r\u00f4le de super-sub sous Carrick -","robots":{"index":"index","follow":"follow","max-snippet":"max-snippet:-1","max-image-preview":"max-image-preview:large","max-video-preview":"max-video-preview:-1"},"canonical":"https:\/\/footdavant.fr\/actualites\/matheus-cunha-souvre-sur-un-role-de-super-sub-sous-carrick\/","og_locale":"fr_FR","og_type":"article","og_title":"Matheus Cunha s&#39;ouvre sur un r\u00f4le de super-sub sous Carrick -","og_description":"5 Manchester United ne montre aucun signe de ralentissement sous la direction de l\u2019entra\u00eeneur-chef par int\u00e9rim Michael Carrick. Apr\u00e8s la m\u00e9morable victoire du derby de","og_url":"https:\/\/footdavant.fr\/actualites\/matheus-cunha-souvre-sur-un-role-de-super-sub-sous-carrick\/","og_site_name":"Foot d&#039;avant","article_publisher":"https:\/\/www.facebook.com\/Footdavant\/","article_published_time":"2026-01-26T06:48:12+00:00","article_modified_time":"2026-01-26T06:48:18+00:00","og_image":[{"width":1600,"height":721,"url":"https:\/\/footdavant.fr\/actualites\/wp-content\/uploads\/2026\/01\/Matheus-Cunha-s39ouvre-sur-un-role-de-super-sub-sous-Carrick.jpg","type":"image\/jpeg"}],"author":"Cl\u00e9ment","twitter_card":"summary_large_image","twitter_creator":"@FootdavantFr","twitter_site":"@FootdavantFr","twitter_misc":{"\u00c9crit par":"Cl\u00e9ment","Dur\u00e9e de lecture estim\u00e9e":"3 minutes"},"schema":{"@context":"https:\/\/schema.org","@graph":[{"@type":"Article","@id":"https:\/\/footdavant.fr\/actualites\/matheus-cunha-souvre-sur-un-role-de-super-sub-sous-carrick\/#article","isPartOf":{"@id":"https:\/\/footdavant.fr\/actualites\/matheus-cunha-souvre-sur-un-role-de-super-sub-sous-carrick\/"},"author":{"name":"Cl\u00e9ment","@id":"https:\/\/footdavant.fr\/actualites\/#\/schema\/person\/bc222566d95871b37e597b3ed3ba5e1d"},"headline":"Matheus Cunha s&#39;ouvre sur un r\u00f4le de super-sub sous Carrick &#8211;","datePublished":"2026-01-26T06:48:12+00:00","dateModified":"2026-01-26T06:48:18+00:00","mainEntityOfPage":{"@id":"https:\/\/footdavant.fr\/actualites\/matheus-cunha-souvre-sur-un-role-de-super-sub-sous-carrick\/"},"wordCount":554,"publisher":{"@id":"https:\/\/footdavant.fr\/actualites\/#organization"},"keywords":["Carrick","Cunha","Matheus","r\u00f4le","s39ouvre","sous","supersub","sur"],"articleSection":["Football"],"inLanguage":"fr-FR"},{"@type":"WebPage","@id":"https:\/\/footdavant.fr\/actualites\/matheus-cunha-souvre-sur-un-role-de-super-sub-sous-carrick\/","url":"https:\/\/footdavant.fr\/actualites\/matheus-cunha-souvre-sur-un-role-de-super-sub-sous-carrick\/","name":"Matheus Cunha s&#39;ouvre sur un r\u00f4le de super-sub sous Carrick -","isPartOf":{"@id":"https:\/\/footdavant.fr\/actualites\/#website"},"datePublished":"2026-01-26T06:48:12+00:00","dateModified":"2026-01-26T06:48:18+00:00","breadcrumb":{"@id":"https:\/\/footdavant.fr\/actualites\/matheus-cunha-souvre-sur-un-role-de-super-sub-sous-carrick\/#breadcrumb"},"inLanguage":"fr-FR","potentialAction":[{"@type":"ReadAction","target":["https:\/\/footdavant.fr\/actualites\/matheus-cunha-souvre-sur-un-role-de-super-sub-sous-carrick\/"]}]},{"@type":"BreadcrumbList","@id":"https:\/\/footdavant.fr\/actualites\/matheus-cunha-souvre-sur-un-role-de-super-sub-sous-carrick\/#breadcrumb","itemListElement":[{"@type":"ListItem","position":1,"name":"Accueil","item":"https:\/\/footdavant.fr\/actualites\/"},{"@type":"ListItem","position":2,"name":"Matheus Cunha s&#39;ouvre sur un r\u00f4le de super-sub sous Carrick &#8211;"}]},{"@type":"WebSite","@id":"https:\/\/footdavant.fr\/actualites\/#website","url":"https:\/\/footdavant.fr\/actualites\/","name":"Foot d'avant","description":"","publisher":{"@id":"https:\/\/footdavant.fr\/actualites\/#organization"},"potentialAction":[{"@type":"SearchAction","target":{"@type":"EntryPoint","urlTemplate":"https:\/\/footdavant.fr\/actualites\/?s={search_term_string}"},"query-input":"required name=search_term_string"}],"inLanguage":"fr-FR"},{"@type":"Organization","@id":"https:\/\/footdavant.fr\/actualites\/#organization","name":"Foot d'avant","url":"https:\/\/footdavant.fr\/actualites\/","logo":{"@type":"ImageObject","inLanguage":"fr-FR","@id":"https:\/\/footdavant.fr\/actualites\/#\/schema\/logo\/image\/","url":"https:\/\/footdavant.fr\/actualites\/wp-content\/uploads\/2023\/09\/Copy-of-FootDavant-Logo.png","contentUrl":"https:\/\/footdavant.fr\/actualites\/wp-content\/uploads\/2023\/09\/Copy-of-FootDavant-Logo.png","width":936,"height":549,"caption":"Foot d'avant"},"image":{"@id":"https:\/\/footdavant.fr\/actualites\/#\/schema\/logo\/image\/"},"sameAs":["https:\/\/www.facebook.com\/Footdavant\/","https:\/\/twitter.com\/FootdavantFr","https:\/\/www.instagram.com\/footdavant.fr\/"]},{"@type":"Person","@id":"https:\/\/footdavant.fr\/actualites\/#\/schema\/person\/bc222566d95871b37e597b3ed3ba5e1d","name":"Cl\u00e9ment","image":{"@type":"ImageObject","inLanguage":"fr-FR","@id":"https:\/\/footdavant.fr\/actualites\/#\/schema\/person\/image\/","url":"https:\/\/secure.gravatar.com\/avatar\/7728b29aac2719421e1a9159b2254c44?s=96&d=mm&r=g","contentUrl":"https:\/\/secure.gravatar.com\/avatar\/7728b29aac2719421e1a9159b2254c44?s=96&d=mm&r=g","caption":"Cl\u00e9ment"},"sameAs":["https:\/\/footdavant.fr\/"]}]}},"_links":{"self":[{"href":"https:\/\/footdavant.fr\/actualites\/wp-json\/wp\/v2\/posts\/33827"}],"collection":[{"href":"https:\/\/footdavant.fr\/actualites\/wp-json\/wp\/v2\/posts"}],"about":[{"href":"https:\/\/footdavant.fr\/actualites\/wp-json\/wp\/v2\/types\/post"}],"author":[{"embeddable":true,"href":"https:\/\/footdavant.fr\/actualites\/wp-json\/wp\/v2\/users\/1"}],"replies":[{"embeddable":true,"href":"https:\/\/footdavant.fr\/actualites\/wp-json\/wp\/v2\/comments?post=33827"}],"version-history":[{"count":1,"href":"https:\/\/footdavant.fr\/actualites\/wp-json\/wp\/v2\/posts\/33827\/revisions"}],"predecessor-version":[{"id":33829,"href":"https:\/\/footdavant.fr\/actualites\/wp-json\/wp\/v2\/posts\/33827\/revisions\/33829"}],"wp:featuredmedia":[{"embeddable":true,"href":"https:\/\/footdavant.fr\/actualites\/wp-json\/wp\/v2\/media\/33828"}],"wp:attachment":[{"href":"https:\/\/footdavant.fr\/actualites\/wp-json\/wp\/v2\/media?parent=33827"}],"wp:term":[{"taxonomy":"category","embeddable":true,"href":"https:\/\/footdavant.fr\/actualites\/wp-json\/wp\/v2\/categories?post=33827"},{"taxonomy":"post_tag","embeddable":true,"href":"https:\/\/footdavant.fr\/actualites\/wp-json\/wp\/v2\/tags?post=33827"}],"curies":[{"name":"wp","href":"https:\/\/api.w.org\/{rel}","templated":true}]}}