{"id":33845,"date":"2026-01-26T19:48:29","date_gmt":"2026-01-26T18:48:29","guid":{"rendered":"https:\/\/footdavant.fr\/actualites\/compositions-confirmees-au-retour-de-calvert-lewin\/"},"modified":"2026-01-26T19:48:30","modified_gmt":"2026-01-26T18:48:30","slug":"compositions-confirmees-au-retour-de-calvert-lewin","status":"publish","type":"post","link":"https:\/\/footdavant.fr\/actualites\/compositions-confirmees-au-retour-de-calvert-lewin\/","title":{"rendered":"Compositions confirm\u00e9es au retour de Calvert-Lewin"},"content":{"rendered":"<div>\n<p>Everton accueille Leeds un soir o\u00f9 ils chercheront \u00e0 mettre fin \u00e0 leur r\u00e9cente mauvaise forme au nouveau stade Hill Dickinson.<\/p>\n<p>Apr\u00e8s un bon d\u00e9part dans leur nouveau domicile, les Toffees n&#39;ont r\u00e9colt\u00e9 que sept points lors de leurs sept derniers matches \u00e0 domicile de Premier League.<\/p>\n<p>L&#39;\u00e9quipe de David Moyes a \u00e9t\u00e9 \u00e9tir\u00e9e et n&#39;a marqu\u00e9 que 24 buts en 22 matchs jusqu&#39;\u00e0 pr\u00e9sent.<\/p>\n<p>Leeds a connu une bonne premi\u00e8re moiti\u00e9 de saison en Premier League, mais l&#39;\u00e9quipe de Daniel Farke a eu du mal sur la route.<\/p>\n<p>Seuls Burnley (5) et les Wolves (3) ont moins de points \u00e0 l&#39;ext\u00e9rieur en Premier League cette saison que Leeds (6 \u2013 1 victoire, 3 nuls, 7 d\u00e9faites) et seuls Bournemouth (30) et Burnley (27) ont encaiss\u00e9 plus de buts que les Blancs (24).<\/p>\n<figure class=\"wp-block-embed is-type-rich is-provider-twitter wp-block-embed-twitter\">\n<div class=\"wp-block-embed__wrapper\">\n<blockquote class=\"twitter-tweet\" data-width=\"500\" data-dnt=\"true\">\n<p lang=\"en\" dir=\"ltr\">9\/20 \u2013 Dominic Calvert-Lewin a remport\u00e9 le <a rel=\"nofollow\" href=\"https:\/\/twitter.com\/premierleague?ref_src=twsrc%5Etfw\" rel=\"nofollow noopener\">@premierleague<\/a> Prix \u200b\u200bdu Joueur du mois pour la premi\u00e8re fois depuis septembre 2020\u00a0; le plus long \u00e9cart entre les r\u00e9compenses d&#39;un gagnant ayant particip\u00e9 \u00e0 la comp\u00e9tition depuis Robbie Keane (janvier 2001 et avril 2007). Ressuscit\u00e9. <a rel=\"nofollow\" href=\"https:\/\/t.co\/DdMtkt3C9H\" rel=\"nofollow\">pic.twitter.com\/DdMtkt3C9H<\/a><\/p>\n<p>\u2013 OptaJoe (@OptaJoe) <a rel=\"nofollow\" href=\"https:\/\/twitter.com\/OptaJoe\/status\/2012131732934516973?ref_src=twsrc%5Etfw\" rel=\"nofollow noopener\">16 janvier 2026<\/a><\/p><\/blockquote>\n<\/div>\n<\/figure>\n<p>Ils esp\u00e8rent que Dominic Calvert-Lewin pourra revenir pour blesser son ancienne \u00e9quipe \u2013 il d\u00e9bute en attaque.<\/p>\n<h2 class=\"wp-block-heading\"><span id=\"Everton_team_news\">Actualit\u00e9s de l&#39;\u00e9quipe d&#39;Everton<\/span><\/h2>\n<p>Everton XI\u00a0:<\/p>\n<figure class=\"wp-block-embed is-type-rich is-provider-twitter wp-block-embed-twitter\"\/>\n<h2 class=\"wp-block-heading\"><span id=\"Leeds_United_team_news\">Actualit\u00e9s de l\u2019\u00e9quipe de Leeds United<\/span><\/h2>\n<p>Leeds XI\u00a0:<\/p>\n<figure class=\"wp-block-embed is-type-rich is-provider-twitter wp-block-embed-twitter\"\/><\/div>\n<p><script async src=\"https:\/\/platform.twitter.com\/widgets.js\" charset=\"utf-8\"><\/script><\/p>\n","protected":false},"excerpt":{"rendered":"<p>Everton accueille Leeds un soir o\u00f9 ils chercheront \u00e0 mettre fin \u00e0 leur r\u00e9cente mauvaise forme au nouveau stade Hill Dickinson. Apr\u00e8s un bon d\u00e9part<\/p>\n","protected":false},"author":1,"featured_media":33846,"comment_status":"closed","ping_status":"","sticky":false,"template":"","format":"standard","meta":{"footnotes":""},"categories":[3],"tags":[385,383,5481,393],"yoast_head":"<!-- This site is optimized with the Yoast SEO plugin v21.0 - https:\/\/yoast.com\/wordpress\/plugins\/seo\/ -->\n<title>Compositions confirm\u00e9es au retour de Calvert-Lewin<\/title>\n<meta name=\"robots\" content=\"index, follow, max-snippet:-1, max-image-preview:large, max-video-preview:-1\" \/>\n<link rel=\"canonical\" href=\"https:\/\/footdavant.fr\/actualites\/compositions-confirmees-au-retour-de-calvert-lewin\/\" \/>\n<meta property=\"og:locale\" content=\"fr_FR\" \/>\n<meta property=\"og:type\" content=\"article\" \/>\n<meta property=\"og:title\" content=\"Compositions confirm\u00e9es au retour de Calvert-Lewin\" \/>\n<meta property=\"og:description\" content=\"Everton accueille Leeds un soir o\u00f9 ils chercheront \u00e0 mettre fin \u00e0 leur r\u00e9cente mauvaise forme au nouveau stade Hill Dickinson. Apr\u00e8s un bon d\u00e9part\" \/>\n<meta property=\"og:url\" content=\"https:\/\/footdavant.fr\/actualites\/compositions-confirmees-au-retour-de-calvert-lewin\/\" \/>\n<meta property=\"og:site_name\" content=\"Foot d&#039;avant\" \/>\n<meta property=\"article:publisher\" content=\"https:\/\/www.facebook.com\/Footdavant\/\" \/>\n<meta property=\"article:published_time\" content=\"2026-01-26T18:48:29+00:00\" \/>\n<meta property=\"article:modified_time\" content=\"2026-01-26T18:48:30+00:00\" \/>\n<meta property=\"og:image\" content=\"https:\/\/footdavant.fr\/actualites\/wp-content\/uploads\/2026\/01\/Compositions-confirmees-au-retour-de-Calvert-Lewin.jpg\" \/>\n\t<meta property=\"og:image:width\" content=\"1200\" \/>\n\t<meta property=\"og:image:height\" content=\"770\" \/>\n\t<meta property=\"og:image:type\" content=\"image\/jpeg\" \/>\n<meta name=\"author\" content=\"Cl\u00e9ment\" \/>\n<meta name=\"twitter:card\" content=\"summary_large_image\" \/>\n<meta name=\"twitter:creator\" content=\"@FootdavantFr\" \/>\n<meta name=\"twitter:site\" content=\"@FootdavantFr\" \/>\n<meta name=\"twitter:label1\" content=\"\u00c9crit par\" \/>\n\t<meta name=\"twitter:data1\" content=\"Cl\u00e9ment\" \/>\n\t<meta name=\"twitter:label2\" content=\"Dur\u00e9e de lecture estim\u00e9e\" \/>\n\t<meta name=\"twitter:data2\" content=\"1 minute\" \/>\n<script type=\"application\/ld+json\" class=\"yoast-schema-graph\">{\"@context\":\"https:\/\/schema.org\",\"@graph\":[{\"@type\":\"Article\",\"@id\":\"https:\/\/footdavant.fr\/actualites\/compositions-confirmees-au-retour-de-calvert-lewin\/#article\",\"isPartOf\":{\"@id\":\"https:\/\/footdavant.fr\/actualites\/compositions-confirmees-au-retour-de-calvert-lewin\/\"},\"author\":{\"name\":\"Cl\u00e9ment\",\"@id\":\"https:\/\/footdavant.fr\/actualites\/#\/schema\/person\/bc222566d95871b37e597b3ed3ba5e1d\"},\"headline\":\"Compositions confirm\u00e9es au retour de Calvert-Lewin\",\"datePublished\":\"2026-01-26T18:48:29+00:00\",\"dateModified\":\"2026-01-26T18:48:30+00:00\",\"mainEntityOfPage\":{\"@id\":\"https:\/\/footdavant.fr\/actualites\/compositions-confirmees-au-retour-de-calvert-lewin\/\"},\"wordCount\":225,\"publisher\":{\"@id\":\"https:\/\/footdavant.fr\/actualites\/#organization\"},\"keywords\":[\"CalvertLewin\",\"compositions\",\"confirm\u00e9es\",\"retour\"],\"articleSection\":[\"Football\"],\"inLanguage\":\"fr-FR\"},{\"@type\":\"WebPage\",\"@id\":\"https:\/\/footdavant.fr\/actualites\/compositions-confirmees-au-retour-de-calvert-lewin\/\",\"url\":\"https:\/\/footdavant.fr\/actualites\/compositions-confirmees-au-retour-de-calvert-lewin\/\",\"name\":\"Compositions confirm\u00e9es au retour de Calvert-Lewin\",\"isPartOf\":{\"@id\":\"https:\/\/footdavant.fr\/actualites\/#website\"},\"datePublished\":\"2026-01-26T18:48:29+00:00\",\"dateModified\":\"2026-01-26T18:48:30+00:00\",\"breadcrumb\":{\"@id\":\"https:\/\/footdavant.fr\/actualites\/compositions-confirmees-au-retour-de-calvert-lewin\/#breadcrumb\"},\"inLanguage\":\"fr-FR\",\"potentialAction\":[{\"@type\":\"ReadAction\",\"target\":[\"https:\/\/footdavant.fr\/actualites\/compositions-confirmees-au-retour-de-calvert-lewin\/\"]}]},{\"@type\":\"BreadcrumbList\",\"@id\":\"https:\/\/footdavant.fr\/actualites\/compositions-confirmees-au-retour-de-calvert-lewin\/#breadcrumb\",\"itemListElement\":[{\"@type\":\"ListItem\",\"position\":1,\"name\":\"Accueil\",\"item\":\"https:\/\/footdavant.fr\/actualites\/\"},{\"@type\":\"ListItem\",\"position\":2,\"name\":\"Compositions confirm\u00e9es au retour de Calvert-Lewin\"}]},{\"@type\":\"WebSite\",\"@id\":\"https:\/\/footdavant.fr\/actualites\/#website\",\"url\":\"https:\/\/footdavant.fr\/actualites\/\",\"name\":\"Foot d'avant\",\"description\":\"\",\"publisher\":{\"@id\":\"https:\/\/footdavant.fr\/actualites\/#organization\"},\"potentialAction\":[{\"@type\":\"SearchAction\",\"target\":{\"@type\":\"EntryPoint\",\"urlTemplate\":\"https:\/\/footdavant.fr\/actualites\/?s={search_term_string}\"},\"query-input\":\"required name=search_term_string\"}],\"inLanguage\":\"fr-FR\"},{\"@type\":\"Organization\",\"@id\":\"https:\/\/footdavant.fr\/actualites\/#organization\",\"name\":\"Foot d'avant\",\"url\":\"https:\/\/footdavant.fr\/actualites\/\",\"logo\":{\"@type\":\"ImageObject\",\"inLanguage\":\"fr-FR\",\"@id\":\"https:\/\/footdavant.fr\/actualites\/#\/schema\/logo\/image\/\",\"url\":\"https:\/\/footdavant.fr\/actualites\/wp-content\/uploads\/2023\/09\/Copy-of-FootDavant-Logo.png\",\"contentUrl\":\"https:\/\/footdavant.fr\/actualites\/wp-content\/uploads\/2023\/09\/Copy-of-FootDavant-Logo.png\",\"width\":936,\"height\":549,\"caption\":\"Foot d'avant\"},\"image\":{\"@id\":\"https:\/\/footdavant.fr\/actualites\/#\/schema\/logo\/image\/\"},\"sameAs\":[\"https:\/\/www.facebook.com\/Footdavant\/\",\"https:\/\/twitter.com\/FootdavantFr\",\"https:\/\/www.instagram.com\/footdavant.fr\/\"]},{\"@type\":\"Person\",\"@id\":\"https:\/\/footdavant.fr\/actualites\/#\/schema\/person\/bc222566d95871b37e597b3ed3ba5e1d\",\"name\":\"Cl\u00e9ment\",\"image\":{\"@type\":\"ImageObject\",\"inLanguage\":\"fr-FR\",\"@id\":\"https:\/\/footdavant.fr\/actualites\/#\/schema\/person\/image\/\",\"url\":\"https:\/\/secure.gravatar.com\/avatar\/7728b29aac2719421e1a9159b2254c44?s=96&d=mm&r=g\",\"contentUrl\":\"https:\/\/secure.gravatar.com\/avatar\/7728b29aac2719421e1a9159b2254c44?s=96&d=mm&r=g\",\"caption\":\"Cl\u00e9ment\"},\"sameAs\":[\"https:\/\/footdavant.fr\/\"]}]}<\/script>\n<!-- \/ Yoast SEO plugin. -->","yoast_head_json":{"title":"Compositions confirm\u00e9es au retour de Calvert-Lewin","robots":{"index":"index","follow":"follow","max-snippet":"max-snippet:-1","max-image-preview":"max-image-preview:large","max-video-preview":"max-video-preview:-1"},"canonical":"https:\/\/footdavant.fr\/actualites\/compositions-confirmees-au-retour-de-calvert-lewin\/","og_locale":"fr_FR","og_type":"article","og_title":"Compositions confirm\u00e9es au retour de Calvert-Lewin","og_description":"Everton accueille Leeds un soir o\u00f9 ils chercheront \u00e0 mettre fin \u00e0 leur r\u00e9cente mauvaise forme au nouveau stade Hill Dickinson. Apr\u00e8s un bon d\u00e9part","og_url":"https:\/\/footdavant.fr\/actualites\/compositions-confirmees-au-retour-de-calvert-lewin\/","og_site_name":"Foot d&#039;avant","article_publisher":"https:\/\/www.facebook.com\/Footdavant\/","article_published_time":"2026-01-26T18:48:29+00:00","article_modified_time":"2026-01-26T18:48:30+00:00","og_image":[{"width":1200,"height":770,"url":"https:\/\/footdavant.fr\/actualites\/wp-content\/uploads\/2026\/01\/Compositions-confirmees-au-retour-de-Calvert-Lewin.jpg","type":"image\/jpeg"}],"author":"Cl\u00e9ment","twitter_card":"summary_large_image","twitter_creator":"@FootdavantFr","twitter_site":"@FootdavantFr","twitter_misc":{"\u00c9crit par":"Cl\u00e9ment","Dur\u00e9e de lecture estim\u00e9e":"1 minute"},"schema":{"@context":"https:\/\/schema.org","@graph":[{"@type":"Article","@id":"https:\/\/footdavant.fr\/actualites\/compositions-confirmees-au-retour-de-calvert-lewin\/#article","isPartOf":{"@id":"https:\/\/footdavant.fr\/actualites\/compositions-confirmees-au-retour-de-calvert-lewin\/"},"author":{"name":"Cl\u00e9ment","@id":"https:\/\/footdavant.fr\/actualites\/#\/schema\/person\/bc222566d95871b37e597b3ed3ba5e1d"},"headline":"Compositions confirm\u00e9es au retour de Calvert-Lewin","datePublished":"2026-01-26T18:48:29+00:00","dateModified":"2026-01-26T18:48:30+00:00","mainEntityOfPage":{"@id":"https:\/\/footdavant.fr\/actualites\/compositions-confirmees-au-retour-de-calvert-lewin\/"},"wordCount":225,"publisher":{"@id":"https:\/\/footdavant.fr\/actualites\/#organization"},"keywords":["CalvertLewin","compositions","confirm\u00e9es","retour"],"articleSection":["Football"],"inLanguage":"fr-FR"},{"@type":"WebPage","@id":"https:\/\/footdavant.fr\/actualites\/compositions-confirmees-au-retour-de-calvert-lewin\/","url":"https:\/\/footdavant.fr\/actualites\/compositions-confirmees-au-retour-de-calvert-lewin\/","name":"Compositions confirm\u00e9es au retour de Calvert-Lewin","isPartOf":{"@id":"https:\/\/footdavant.fr\/actualites\/#website"},"datePublished":"2026-01-26T18:48:29+00:00","dateModified":"2026-01-26T18:48:30+00:00","breadcrumb":{"@id":"https:\/\/footdavant.fr\/actualites\/compositions-confirmees-au-retour-de-calvert-lewin\/#breadcrumb"},"inLanguage":"fr-FR","potentialAction":[{"@type":"ReadAction","target":["https:\/\/footdavant.fr\/actualites\/compositions-confirmees-au-retour-de-calvert-lewin\/"]}]},{"@type":"BreadcrumbList","@id":"https:\/\/footdavant.fr\/actualites\/compositions-confirmees-au-retour-de-calvert-lewin\/#breadcrumb","itemListElement":[{"@type":"ListItem","position":1,"name":"Accueil","item":"https:\/\/footdavant.fr\/actualites\/"},{"@type":"ListItem","position":2,"name":"Compositions confirm\u00e9es au retour de Calvert-Lewin"}]},{"@type":"WebSite","@id":"https:\/\/footdavant.fr\/actualites\/#website","url":"https:\/\/footdavant.fr\/actualites\/","name":"Foot d'avant","description":"","publisher":{"@id":"https:\/\/footdavant.fr\/actualites\/#organization"},"potentialAction":[{"@type":"SearchAction","target":{"@type":"EntryPoint","urlTemplate":"https:\/\/footdavant.fr\/actualites\/?s={search_term_string}"},"query-input":"required name=search_term_string"}],"inLanguage":"fr-FR"},{"@type":"Organization","@id":"https:\/\/footdavant.fr\/actualites\/#organization","name":"Foot d'avant","url":"https:\/\/footdavant.fr\/actualites\/","logo":{"@type":"ImageObject","inLanguage":"fr-FR","@id":"https:\/\/footdavant.fr\/actualites\/#\/schema\/logo\/image\/","url":"https:\/\/footdavant.fr\/actualites\/wp-content\/uploads\/2023\/09\/Copy-of-FootDavant-Logo.png","contentUrl":"https:\/\/footdavant.fr\/actualites\/wp-content\/uploads\/2023\/09\/Copy-of-FootDavant-Logo.png","width":936,"height":549,"caption":"Foot d'avant"},"image":{"@id":"https:\/\/footdavant.fr\/actualites\/#\/schema\/logo\/image\/"},"sameAs":["https:\/\/www.facebook.com\/Footdavant\/","https:\/\/twitter.com\/FootdavantFr","https:\/\/www.instagram.com\/footdavant.fr\/"]},{"@type":"Person","@id":"https:\/\/footdavant.fr\/actualites\/#\/schema\/person\/bc222566d95871b37e597b3ed3ba5e1d","name":"Cl\u00e9ment","image":{"@type":"ImageObject","inLanguage":"fr-FR","@id":"https:\/\/footdavant.fr\/actualites\/#\/schema\/person\/image\/","url":"https:\/\/secure.gravatar.com\/avatar\/7728b29aac2719421e1a9159b2254c44?s=96&d=mm&r=g","contentUrl":"https:\/\/secure.gravatar.com\/avatar\/7728b29aac2719421e1a9159b2254c44?s=96&d=mm&r=g","caption":"Cl\u00e9ment"},"sameAs":["https:\/\/footdavant.fr\/"]}]}},"_links":{"self":[{"href":"https:\/\/footdavant.fr\/actualites\/wp-json\/wp\/v2\/posts\/33845"}],"collection":[{"href":"https:\/\/footdavant.fr\/actualites\/wp-json\/wp\/v2\/posts"}],"about":[{"href":"https:\/\/footdavant.fr\/actualites\/wp-json\/wp\/v2\/types\/post"}],"author":[{"embeddable":true,"href":"https:\/\/footdavant.fr\/actualites\/wp-json\/wp\/v2\/users\/1"}],"replies":[{"embeddable":true,"href":"https:\/\/footdavant.fr\/actualites\/wp-json\/wp\/v2\/comments?post=33845"}],"version-history":[{"count":1,"href":"https:\/\/footdavant.fr\/actualites\/wp-json\/wp\/v2\/posts\/33845\/revisions"}],"predecessor-version":[{"id":33847,"href":"https:\/\/footdavant.fr\/actualites\/wp-json\/wp\/v2\/posts\/33845\/revisions\/33847"}],"wp:featuredmedia":[{"embeddable":true,"href":"https:\/\/footdavant.fr\/actualites\/wp-json\/wp\/v2\/media\/33846"}],"wp:attachment":[{"href":"https:\/\/footdavant.fr\/actualites\/wp-json\/wp\/v2\/media?parent=33845"}],"wp:term":[{"taxonomy":"category","embeddable":true,"href":"https:\/\/footdavant.fr\/actualites\/wp-json\/wp\/v2\/categories?post=33845"},{"taxonomy":"post_tag","embeddable":true,"href":"https:\/\/footdavant.fr\/actualites\/wp-json\/wp\/v2\/tags?post=33845"}],"curies":[{"name":"wp","href":"https:\/\/api.w.org\/{rel}","templated":true}]}}