{"id":33851,"date":"2026-01-26T23:48:12","date_gmt":"2026-01-26T22:48:12","guid":{"rendered":"https:\/\/footdavant.fr\/actualites\/oliver-glasner-man-united-annule-sa-decision-concernant-le-patron-de-crystal-palace\/"},"modified":"2026-01-26T23:48:13","modified_gmt":"2026-01-26T22:48:13","slug":"oliver-glasner-man-united-annule-sa-decision-concernant-le-patron-de-crystal-palace","status":"publish","type":"post","link":"https:\/\/footdavant.fr\/actualites\/oliver-glasner-man-united-annule-sa-decision-concernant-le-patron-de-crystal-palace\/","title":{"rendered":"Oliver Glasner: Man United annule sa d\u00e9cision concernant le patron de Crystal Palace &#8211;"},"content":{"rendered":"<div id=\"penci-post-entry-inner\">\n<p>\t\t\t<i class=\"penci-post-countview-number-check\" style=\"display:none\">8<\/i><\/p>\n<p>L&#39;\u00e9valuation par Manchester United d&#39;Oliver Glasner comme l&#39;un des principaux candidats pour prendre les r\u00eanes d&#39;Old Trafford cet \u00e9t\u00e9 a radicalement chang\u00e9 au cours des derni\u00e8res semaines, selon un nouveau rapport.<\/p>\n<h5>Successeur \u00e0 long terme<\/h5>\n<p>Les Diables Rouges ont mis fin au mandat tumultueux de Ruben Amorim au d\u00e9but du mois apr\u00e8s une rupture dans ses relations avec la hi\u00e9rarchie du club. Michael Carrick a pris les commandes en tant qu&#39;entra\u00eeneur int\u00e9rimaire jusqu&#39;\u00e0 la fin de la saison, et INEOS devrait d\u00e9cider au cours de l&#39;\u00e9t\u00e9 du successeur \u00e0 long terme de l&#39;entra\u00eeneur portugais.<\/p>\n<p>Carrick n&#39;\u00e9tait pas consid\u00e9r\u00e9 comme un candidat potentiel pour ce poste, compte tenu de son inexp\u00e9rience au plus haut niveau du football anglais et europ\u00e9en.<\/p>\n<p>Cependant, l&#39;ancien milieu de terrain a supervis\u00e9 l&#39;une des meilleures semaines du club de m\u00e9moire, avec des victoires cons\u00e9cutives contre Manchester City et Arsenal, cr\u00e9ant une clameur pour qu&#39;il obtienne le poste \u00e0 temps plein.<\/p>\n<p>INEOS envisagerait d\u2019autres cibles, parmi lesquelles Glasner, bien que Carrick ne puisse pas \u00eatre exclu comme une option \u2013 surtout s\u2019il contribue \u00e0 garantir le football de la Ligue des champions la saison prochaine.<\/p>\n<p>Celui qui sera finalement s\u00e9lectionn\u00e9 devra rendre hommage aux principes qui sous-tendent le club ; l&#39;\u00ab\u00a0ADN\u00a0\u00bb au Th\u00e9\u00e2tre des R\u00eaves qu&#39;Amorim n&#39;a pas r\u00e9ussi \u00e0 capturer au cours de ses 14 mois \u00e0 Manchester.<\/p>\n<p>Cependant, la stabilit\u00e9 \u00e9motionnelle n\u00e9cessaire pour g\u00e9rer la pression du si\u00e8ge de United sera \u00e9galement un attribut cl\u00e9, un domaine dans lequel Amorim se heurtait r\u00e9guli\u00e8rement avec un certain nombre d&#39;explosions impulsives \u2013 c&#39;est pourquoi le comportement de Glasner \u00e0 Selhurst Park a \u00ab mis en p\u00e9ril ses chances \u00bb de remplacer le Portugais.<\/p>\n<h5>Amorim 2.0<\/h5>\n<p>r\u00e9v\u00e8le qu&#39;INEOS a r\u00e9trograd\u00e9 l&#39;entra\u00eeneur de 51 ans sur sa liste de souhaits apr\u00e8s s&#39;\u00eatre montr\u00e9 \u00ab pr\u00e9occup\u00e9 \u00bb par ses critiques publiques \u00e0 l&#39;\u00e9gard du conseil d&#39;administration de Palace, \u00e9tant donn\u00e9 le parall\u00e8le \u00e9vident avec les actions d&#39;Amorim.<\/p>\n<p>\u00ab\u00a0Bien que les dirigeants d&#39;Old Trafford n&#39;aient pas enti\u00e8rement exclu l&#39;Autrichien de la course pour devenir le successeur permanent de Ruben Amorim, nos sources ont \u00e9t\u00e9 inform\u00e9es qu&#39;elles \u00e9taient pr\u00e9occup\u00e9es par sa r\u00e9cente d\u00e9cision de faire appel au chef des Eagles, Steve Parish, et \u00e0 ses associ\u00e9s, suite \u00e0 un d\u00e9saccord sur la politique de transfert.\u00a0\u00bb<\/p>\n<p>Certains pensent m\u00eame que les explosions de Glasner peuvent \u00eatre \u00ab interpr\u00e9t\u00e9es\u2026 comme un appel \u00e0 venir me chercher \u00bb \u00e0 United, INEOS craignant que sa \u00ab personnalit\u00e9 fougueuse ne soit pas adapt\u00e9e \u00e0 la vie dans un club o\u00f9 m\u00eame des \u00e9v\u00e9nements apparemment sans cons\u00e9quence sont soumis \u00e0 l&#39;examen le plus intense. \u00bb<\/p>\n<p>Cela a conduit l&#39;entra\u00eeneur des Eagles \u00e0 \u00ab\u00a0r\u00e9duire la liste des candidats envisag\u00e9s pour l&#39;un des postes les plus prestigieux du football mondial\u00a0\u00bb.<\/p>\n<p>La pression de prendre la barre d&#39;Old Trafford est une pression \u00e0 laquelle peu d&#39;entra\u00eeneurs sont pr\u00e9par\u00e9s, en particulier s&#39;ils n&#39;ont pas d\u00e9j\u00e0 dirig\u00e9 un club dans l&#39;espoir de se battre pour des troph\u00e9es.<\/p>\n<p>Alors que le passage de Glasner \u00e0 Selhurst Park lui a valu des admirateurs dans le football anglais, y compris dans la moiti\u00e9 rouge de Manchester, la fa\u00e7on dont l&#39;Autrichien a g\u00e9r\u00e9 son d\u00e9part prolong\u00e9 semble avoir largement annul\u00e9 ce travail exceptionnel.<\/p>\n<hr\/>\n<p>The Peoples Person est l&#39;un des principaux sites d&#39;information de Man United au monde depuis plus d&#39;une d\u00e9cennie. Suivez-nous sur Bluesky\u00a0: @peoplesperson.bsky.social <video width=\"728\" height=\"90\" style=\"display: block;\" autoplay=\"autoplay\" loop=\"loop\" muted=\"\" playsinline=\"\" preload=\"auto\" controlslist=\"nodownload\" disablepictureinpicture=\"\"><source src=\"https:\/\/thepeoplesperson.com\/wp-content\/uploads\/2026\/01\/write-for-us-video.mp4\" type=\"video\/mp4\"\/><\/video><\/p>\n<p><!-- CONTENT END 2 --><\/p><\/div>\n","protected":false},"excerpt":{"rendered":"<p>8 L&#39;\u00e9valuation par Manchester United d&#39;Oliver Glasner comme l&#39;un des principaux candidats pour prendre les r\u00eanes d&#39;Old Trafford cet \u00e9t\u00e9 a radicalement chang\u00e9 au cours<\/p>\n","protected":false},"author":1,"featured_media":33852,"comment_status":"closed","ping_status":"","sticky":false,"template":"","format":"standard","meta":{"footnotes":""},"categories":[3],"tags":[4039,1313,1008,497,3830,24,3829,815,231,13],"yoast_head":"<!-- This site is optimized with the Yoast SEO plugin v21.0 - https:\/\/yoast.com\/wordpress\/plugins\/seo\/ -->\n<title>Oliver Glasner: Man United annule sa d\u00e9cision concernant le patron de Crystal Palace -<\/title>\n<meta name=\"robots\" content=\"index, follow, max-snippet:-1, max-image-preview:large, max-video-preview:-1\" \/>\n<link rel=\"canonical\" href=\"https:\/\/footdavant.fr\/actualites\/oliver-glasner-man-united-annule-sa-decision-concernant-le-patron-de-crystal-palace\/\" \/>\n<meta property=\"og:locale\" content=\"fr_FR\" \/>\n<meta property=\"og:type\" content=\"article\" \/>\n<meta property=\"og:title\" content=\"Oliver Glasner: Man United annule sa d\u00e9cision concernant le patron de Crystal Palace -\" \/>\n<meta property=\"og:description\" content=\"8 L&#039;\u00e9valuation par Manchester United d&#039;Oliver Glasner comme l&#039;un des principaux candidats pour prendre les r\u00eanes d&#039;Old Trafford cet \u00e9t\u00e9 a radicalement chang\u00e9 au cours\" \/>\n<meta property=\"og:url\" content=\"https:\/\/footdavant.fr\/actualites\/oliver-glasner-man-united-annule-sa-decision-concernant-le-patron-de-crystal-palace\/\" \/>\n<meta property=\"og:site_name\" content=\"Foot d&#039;avant\" \/>\n<meta property=\"article:publisher\" content=\"https:\/\/www.facebook.com\/Footdavant\/\" \/>\n<meta property=\"article:published_time\" content=\"2026-01-26T22:48:12+00:00\" \/>\n<meta property=\"article:modified_time\" content=\"2026-01-26T22:48:13+00:00\" \/>\n<meta property=\"og:image\" content=\"https:\/\/footdavant.fr\/actualites\/wp-content\/uploads\/2026\/01\/Oliver-Glasner-Man-United-annule-sa-decision-concernant-le-patron.jpg\" \/>\n\t<meta property=\"og:image:width\" content=\"1600\" \/>\n\t<meta property=\"og:image:height\" content=\"700\" \/>\n\t<meta property=\"og:image:type\" content=\"image\/jpeg\" \/>\n<meta name=\"author\" content=\"Cl\u00e9ment\" \/>\n<meta name=\"twitter:card\" content=\"summary_large_image\" \/>\n<meta name=\"twitter:creator\" content=\"@FootdavantFr\" \/>\n<meta name=\"twitter:site\" content=\"@FootdavantFr\" \/>\n<meta name=\"twitter:label1\" content=\"\u00c9crit par\" \/>\n\t<meta name=\"twitter:data1\" content=\"Cl\u00e9ment\" \/>\n\t<meta name=\"twitter:label2\" content=\"Dur\u00e9e de lecture estim\u00e9e\" \/>\n\t<meta name=\"twitter:data2\" content=\"3 minutes\" \/>\n<script type=\"application\/ld+json\" class=\"yoast-schema-graph\">{\"@context\":\"https:\/\/schema.org\",\"@graph\":[{\"@type\":\"Article\",\"@id\":\"https:\/\/footdavant.fr\/actualites\/oliver-glasner-man-united-annule-sa-decision-concernant-le-patron-de-crystal-palace\/#article\",\"isPartOf\":{\"@id\":\"https:\/\/footdavant.fr\/actualites\/oliver-glasner-man-united-annule-sa-decision-concernant-le-patron-de-crystal-palace\/\"},\"author\":{\"name\":\"Cl\u00e9ment\",\"@id\":\"https:\/\/footdavant.fr\/actualites\/#\/schema\/person\/bc222566d95871b37e597b3ed3ba5e1d\"},\"headline\":\"Oliver Glasner: Man United annule sa d\u00e9cision concernant le patron de Crystal Palace &#8211;\",\"datePublished\":\"2026-01-26T22:48:12+00:00\",\"dateModified\":\"2026-01-26T22:48:13+00:00\",\"mainEntityOfPage\":{\"@id\":\"https:\/\/footdavant.fr\/actualites\/oliver-glasner-man-united-annule-sa-decision-concernant-le-patron-de-crystal-palace\/\"},\"wordCount\":633,\"publisher\":{\"@id\":\"https:\/\/footdavant.fr\/actualites\/#organization\"},\"keywords\":[\"annul\u00e9\",\"concernant\",\"Crystal\",\"d\u00e9cision\",\"Glasner\",\"Man\",\"Oliver\",\"Palace\",\"patron\",\"United\"],\"articleSection\":[\"Football\"],\"inLanguage\":\"fr-FR\"},{\"@type\":\"WebPage\",\"@id\":\"https:\/\/footdavant.fr\/actualites\/oliver-glasner-man-united-annule-sa-decision-concernant-le-patron-de-crystal-palace\/\",\"url\":\"https:\/\/footdavant.fr\/actualites\/oliver-glasner-man-united-annule-sa-decision-concernant-le-patron-de-crystal-palace\/\",\"name\":\"Oliver Glasner: Man United annule sa d\u00e9cision concernant le patron de Crystal Palace -\",\"isPartOf\":{\"@id\":\"https:\/\/footdavant.fr\/actualites\/#website\"},\"datePublished\":\"2026-01-26T22:48:12+00:00\",\"dateModified\":\"2026-01-26T22:48:13+00:00\",\"breadcrumb\":{\"@id\":\"https:\/\/footdavant.fr\/actualites\/oliver-glasner-man-united-annule-sa-decision-concernant-le-patron-de-crystal-palace\/#breadcrumb\"},\"inLanguage\":\"fr-FR\",\"potentialAction\":[{\"@type\":\"ReadAction\",\"target\":[\"https:\/\/footdavant.fr\/actualites\/oliver-glasner-man-united-annule-sa-decision-concernant-le-patron-de-crystal-palace\/\"]}]},{\"@type\":\"BreadcrumbList\",\"@id\":\"https:\/\/footdavant.fr\/actualites\/oliver-glasner-man-united-annule-sa-decision-concernant-le-patron-de-crystal-palace\/#breadcrumb\",\"itemListElement\":[{\"@type\":\"ListItem\",\"position\":1,\"name\":\"Accueil\",\"item\":\"https:\/\/footdavant.fr\/actualites\/\"},{\"@type\":\"ListItem\",\"position\":2,\"name\":\"Oliver Glasner: Man United annule sa d\u00e9cision concernant le patron de Crystal Palace &#8211;\"}]},{\"@type\":\"WebSite\",\"@id\":\"https:\/\/footdavant.fr\/actualites\/#website\",\"url\":\"https:\/\/footdavant.fr\/actualites\/\",\"name\":\"Foot d'avant\",\"description\":\"\",\"publisher\":{\"@id\":\"https:\/\/footdavant.fr\/actualites\/#organization\"},\"potentialAction\":[{\"@type\":\"SearchAction\",\"target\":{\"@type\":\"EntryPoint\",\"urlTemplate\":\"https:\/\/footdavant.fr\/actualites\/?s={search_term_string}\"},\"query-input\":\"required name=search_term_string\"}],\"inLanguage\":\"fr-FR\"},{\"@type\":\"Organization\",\"@id\":\"https:\/\/footdavant.fr\/actualites\/#organization\",\"name\":\"Foot d'avant\",\"url\":\"https:\/\/footdavant.fr\/actualites\/\",\"logo\":{\"@type\":\"ImageObject\",\"inLanguage\":\"fr-FR\",\"@id\":\"https:\/\/footdavant.fr\/actualites\/#\/schema\/logo\/image\/\",\"url\":\"https:\/\/footdavant.fr\/actualites\/wp-content\/uploads\/2023\/09\/Copy-of-FootDavant-Logo.png\",\"contentUrl\":\"https:\/\/footdavant.fr\/actualites\/wp-content\/uploads\/2023\/09\/Copy-of-FootDavant-Logo.png\",\"width\":936,\"height\":549,\"caption\":\"Foot d'avant\"},\"image\":{\"@id\":\"https:\/\/footdavant.fr\/actualites\/#\/schema\/logo\/image\/\"},\"sameAs\":[\"https:\/\/www.facebook.com\/Footdavant\/\",\"https:\/\/twitter.com\/FootdavantFr\",\"https:\/\/www.instagram.com\/footdavant.fr\/\"]},{\"@type\":\"Person\",\"@id\":\"https:\/\/footdavant.fr\/actualites\/#\/schema\/person\/bc222566d95871b37e597b3ed3ba5e1d\",\"name\":\"Cl\u00e9ment\",\"image\":{\"@type\":\"ImageObject\",\"inLanguage\":\"fr-FR\",\"@id\":\"https:\/\/footdavant.fr\/actualites\/#\/schema\/person\/image\/\",\"url\":\"https:\/\/secure.gravatar.com\/avatar\/7728b29aac2719421e1a9159b2254c44?s=96&d=mm&r=g\",\"contentUrl\":\"https:\/\/secure.gravatar.com\/avatar\/7728b29aac2719421e1a9159b2254c44?s=96&d=mm&r=g\",\"caption\":\"Cl\u00e9ment\"},\"sameAs\":[\"https:\/\/footdavant.fr\/\"]}]}<\/script>\n<!-- \/ Yoast SEO plugin. -->","yoast_head_json":{"title":"Oliver Glasner: Man United annule sa d\u00e9cision concernant le patron de Crystal Palace -","robots":{"index":"index","follow":"follow","max-snippet":"max-snippet:-1","max-image-preview":"max-image-preview:large","max-video-preview":"max-video-preview:-1"},"canonical":"https:\/\/footdavant.fr\/actualites\/oliver-glasner-man-united-annule-sa-decision-concernant-le-patron-de-crystal-palace\/","og_locale":"fr_FR","og_type":"article","og_title":"Oliver Glasner: Man United annule sa d\u00e9cision concernant le patron de Crystal Palace -","og_description":"8 L&#39;\u00e9valuation par Manchester United d&#39;Oliver Glasner comme l&#39;un des principaux candidats pour prendre les r\u00eanes d&#39;Old Trafford cet \u00e9t\u00e9 a radicalement chang\u00e9 au cours","og_url":"https:\/\/footdavant.fr\/actualites\/oliver-glasner-man-united-annule-sa-decision-concernant-le-patron-de-crystal-palace\/","og_site_name":"Foot d&#039;avant","article_publisher":"https:\/\/www.facebook.com\/Footdavant\/","article_published_time":"2026-01-26T22:48:12+00:00","article_modified_time":"2026-01-26T22:48:13+00:00","og_image":[{"width":1600,"height":700,"url":"https:\/\/footdavant.fr\/actualites\/wp-content\/uploads\/2026\/01\/Oliver-Glasner-Man-United-annule-sa-decision-concernant-le-patron.jpg","type":"image\/jpeg"}],"author":"Cl\u00e9ment","twitter_card":"summary_large_image","twitter_creator":"@FootdavantFr","twitter_site":"@FootdavantFr","twitter_misc":{"\u00c9crit par":"Cl\u00e9ment","Dur\u00e9e de lecture estim\u00e9e":"3 minutes"},"schema":{"@context":"https:\/\/schema.org","@graph":[{"@type":"Article","@id":"https:\/\/footdavant.fr\/actualites\/oliver-glasner-man-united-annule-sa-decision-concernant-le-patron-de-crystal-palace\/#article","isPartOf":{"@id":"https:\/\/footdavant.fr\/actualites\/oliver-glasner-man-united-annule-sa-decision-concernant-le-patron-de-crystal-palace\/"},"author":{"name":"Cl\u00e9ment","@id":"https:\/\/footdavant.fr\/actualites\/#\/schema\/person\/bc222566d95871b37e597b3ed3ba5e1d"},"headline":"Oliver Glasner: Man United annule sa d\u00e9cision concernant le patron de Crystal Palace &#8211;","datePublished":"2026-01-26T22:48:12+00:00","dateModified":"2026-01-26T22:48:13+00:00","mainEntityOfPage":{"@id":"https:\/\/footdavant.fr\/actualites\/oliver-glasner-man-united-annule-sa-decision-concernant-le-patron-de-crystal-palace\/"},"wordCount":633,"publisher":{"@id":"https:\/\/footdavant.fr\/actualites\/#organization"},"keywords":["annul\u00e9","concernant","Crystal","d\u00e9cision","Glasner","Man","Oliver","Palace","patron","United"],"articleSection":["Football"],"inLanguage":"fr-FR"},{"@type":"WebPage","@id":"https:\/\/footdavant.fr\/actualites\/oliver-glasner-man-united-annule-sa-decision-concernant-le-patron-de-crystal-palace\/","url":"https:\/\/footdavant.fr\/actualites\/oliver-glasner-man-united-annule-sa-decision-concernant-le-patron-de-crystal-palace\/","name":"Oliver Glasner: Man United annule sa d\u00e9cision concernant le patron de Crystal Palace -","isPartOf":{"@id":"https:\/\/footdavant.fr\/actualites\/#website"},"datePublished":"2026-01-26T22:48:12+00:00","dateModified":"2026-01-26T22:48:13+00:00","breadcrumb":{"@id":"https:\/\/footdavant.fr\/actualites\/oliver-glasner-man-united-annule-sa-decision-concernant-le-patron-de-crystal-palace\/#breadcrumb"},"inLanguage":"fr-FR","potentialAction":[{"@type":"ReadAction","target":["https:\/\/footdavant.fr\/actualites\/oliver-glasner-man-united-annule-sa-decision-concernant-le-patron-de-crystal-palace\/"]}]},{"@type":"BreadcrumbList","@id":"https:\/\/footdavant.fr\/actualites\/oliver-glasner-man-united-annule-sa-decision-concernant-le-patron-de-crystal-palace\/#breadcrumb","itemListElement":[{"@type":"ListItem","position":1,"name":"Accueil","item":"https:\/\/footdavant.fr\/actualites\/"},{"@type":"ListItem","position":2,"name":"Oliver Glasner: Man United annule sa d\u00e9cision concernant le patron de Crystal Palace &#8211;"}]},{"@type":"WebSite","@id":"https:\/\/footdavant.fr\/actualites\/#website","url":"https:\/\/footdavant.fr\/actualites\/","name":"Foot d'avant","description":"","publisher":{"@id":"https:\/\/footdavant.fr\/actualites\/#organization"},"potentialAction":[{"@type":"SearchAction","target":{"@type":"EntryPoint","urlTemplate":"https:\/\/footdavant.fr\/actualites\/?s={search_term_string}"},"query-input":"required name=search_term_string"}],"inLanguage":"fr-FR"},{"@type":"Organization","@id":"https:\/\/footdavant.fr\/actualites\/#organization","name":"Foot d'avant","url":"https:\/\/footdavant.fr\/actualites\/","logo":{"@type":"ImageObject","inLanguage":"fr-FR","@id":"https:\/\/footdavant.fr\/actualites\/#\/schema\/logo\/image\/","url":"https:\/\/footdavant.fr\/actualites\/wp-content\/uploads\/2023\/09\/Copy-of-FootDavant-Logo.png","contentUrl":"https:\/\/footdavant.fr\/actualites\/wp-content\/uploads\/2023\/09\/Copy-of-FootDavant-Logo.png","width":936,"height":549,"caption":"Foot d'avant"},"image":{"@id":"https:\/\/footdavant.fr\/actualites\/#\/schema\/logo\/image\/"},"sameAs":["https:\/\/www.facebook.com\/Footdavant\/","https:\/\/twitter.com\/FootdavantFr","https:\/\/www.instagram.com\/footdavant.fr\/"]},{"@type":"Person","@id":"https:\/\/footdavant.fr\/actualites\/#\/schema\/person\/bc222566d95871b37e597b3ed3ba5e1d","name":"Cl\u00e9ment","image":{"@type":"ImageObject","inLanguage":"fr-FR","@id":"https:\/\/footdavant.fr\/actualites\/#\/schema\/person\/image\/","url":"https:\/\/secure.gravatar.com\/avatar\/7728b29aac2719421e1a9159b2254c44?s=96&d=mm&r=g","contentUrl":"https:\/\/secure.gravatar.com\/avatar\/7728b29aac2719421e1a9159b2254c44?s=96&d=mm&r=g","caption":"Cl\u00e9ment"},"sameAs":["https:\/\/footdavant.fr\/"]}]}},"_links":{"self":[{"href":"https:\/\/footdavant.fr\/actualites\/wp-json\/wp\/v2\/posts\/33851"}],"collection":[{"href":"https:\/\/footdavant.fr\/actualites\/wp-json\/wp\/v2\/posts"}],"about":[{"href":"https:\/\/footdavant.fr\/actualites\/wp-json\/wp\/v2\/types\/post"}],"author":[{"embeddable":true,"href":"https:\/\/footdavant.fr\/actualites\/wp-json\/wp\/v2\/users\/1"}],"replies":[{"embeddable":true,"href":"https:\/\/footdavant.fr\/actualites\/wp-json\/wp\/v2\/comments?post=33851"}],"version-history":[{"count":1,"href":"https:\/\/footdavant.fr\/actualites\/wp-json\/wp\/v2\/posts\/33851\/revisions"}],"predecessor-version":[{"id":33853,"href":"https:\/\/footdavant.fr\/actualites\/wp-json\/wp\/v2\/posts\/33851\/revisions\/33853"}],"wp:featuredmedia":[{"embeddable":true,"href":"https:\/\/footdavant.fr\/actualites\/wp-json\/wp\/v2\/media\/33852"}],"wp:attachment":[{"href":"https:\/\/footdavant.fr\/actualites\/wp-json\/wp\/v2\/media?parent=33851"}],"wp:term":[{"taxonomy":"category","embeddable":true,"href":"https:\/\/footdavant.fr\/actualites\/wp-json\/wp\/v2\/categories?post=33851"},{"taxonomy":"post_tag","embeddable":true,"href":"https:\/\/footdavant.fr\/actualites\/wp-json\/wp\/v2\/tags?post=33851"}],"curies":[{"name":"wp","href":"https:\/\/api.w.org\/{rel}","templated":true}]}}