{"id":33854,"date":"2026-01-27T01:48:03","date_gmt":"2026-01-27T00:48:03","guid":{"rendered":"https:\/\/footdavant.fr\/actualites\/composition-de-newcastle-contre-psg-xi-prevu-xi-prevu-pour-le-choc-de-la-ligue-des-champions-y-compris-le-statut-de-bruno-guimaraes\/"},"modified":"2026-01-27T01:48:05","modified_gmt":"2026-01-27T00:48:05","slug":"composition-de-newcastle-contre-psg-xi-prevu-xi-prevu-pour-le-choc-de-la-ligue-des-champions-y-compris-le-statut-de-bruno-guimaraes","status":"publish","type":"post","link":"https:\/\/footdavant.fr\/actualites\/composition-de-newcastle-contre-psg-xi-prevu-xi-prevu-pour-le-choc-de-la-ligue-des-champions-y-compris-le-statut-de-bruno-guimaraes\/","title":{"rendered":"Composition de Newcastle contre PSG\u00a0: XI pr\u00e9vu XI pr\u00e9vu pour le choc de la Ligue des champions, y compris le statut de Bruno Guimaraes"},"content":{"rendered":"<div itemprop=\"articleBody\">\n<p>Cherchant \u00e0 acc\u00e9der pour la premi\u00e8re fois aux huiti\u00e8mes de finale de la Ligue des champions, Newcastle United retrouvera mercredi la capitale fran\u00e7aise pour un rendez-vous avec le Paris Saint-Germain, son premier contre lui depuis 2023.<\/p>\n<p>En raison de coups, Eddie Howe pourrait ne pas avoir \u00e0 sa disposition Jacob Murphy, Jamaal Lascelles ou Joelinton mercredi, bien que ce dernier ait jou\u00e9 dimanche, tandis que Tino Livramento est discutable en raison d&#39;une tension aux ischio-jambiers.<\/p>\n<p>Fabian Schar et Bruno Guimaraes, qui se remettent de blessures \u00e0 la cheville, seront \u00e9galement incertains pour cette rencontre, tandis qu&#39;Emil Krafth ne verra probablement pas le terrain en raison d&#39;un probl\u00e8me au genou.<\/p>\n<p>L&#39;\u00e9quipe \u00e9tant d\u00e9j\u00e0 assur\u00e9e, au pire, de passer aux huiti\u00e8mes de finale, Howe se m\u00e9fiera du temps qu&#39;il accordera \u00e0 quelques joueurs en milieu de semaine.<\/p>\n<p>Aux c\u00f4t\u00e9s de Joelinton, Malick Thiaw et Dan Burn sont \u00e0 un avertissement de rater leur prochain match dans cette comp\u00e9tition.<\/p>\n<p>Harvey Barnes a trouv\u00e9 le fond des filets lors de deux de ses trois pr\u00e9c\u00e9dentes confrontations en Ligue des champions, menant l&#39;\u00e9quipe avec cinq dans le tournoi cette saison.<\/p>\n<p>Il sera probablement associ\u00e9 dans un trio de t\u00eate avec Anthony Gordon et Yoane Wissa, ce dernier marquant lors de leur victoire 3-0 contre le PSV lors de la septi\u00e8me journ\u00e9e.<\/p>\n<p>William Osula \u00e9tait de retour sur le banc le week-end dernier lors de la d\u00e9faite face \u00e0 Aston Villa (2-0) apr\u00e8s avoir \u00e9t\u00e9 indisponible en raison d&#39;une blessure face aux N\u00e9erlandais.<\/p>\n<p>Nick Pope n&#39;a encaiss\u00e9 qu&#39;un seul but \u00e0 domicile en phase de championnat mais n&#39;a qu&#39;une seule cage inviol\u00e9e loin de St. James&#39; Park dans cette comp\u00e9tition, lorsque son \u00e9quipe a battu l&#39;Union Saint-Gilloise 4-0 en octobre dernier.<\/p>\n<p>Onze de d\u00e9part possible de Newcastle United :<\/p>\n<p>Pape; Trippier, Burn, Botman, Hall\u00a0; Miley, Tonali, Joelinton\u00a0; Barnes, Wissa, Gordon<\/p>\n<p>Cliquez ici pour voir comment le Paris Saint-Germain pourrait s&#39;aligner pour ce match<\/p>\n<\/div>\n","protected":false},"excerpt":{"rendered":"<p>Cherchant \u00e0 acc\u00e9der pour la premi\u00e8re fois aux huiti\u00e8mes de finale de la Ligue des champions, Newcastle United retrouvera mercredi la capitale fran\u00e7aise pour un<\/p>\n","protected":false},"author":1,"featured_media":33216,"comment_status":"closed","ping_status":"","sticky":false,"template":"","format":"standard","meta":{"footnotes":""},"categories":[5],"tags":[138,31,332,2291,507,20,12,2116,30,22,51,3924,1656,2060],"yoast_head":"<!-- This site is optimized with the Yoast SEO plugin v21.0 - https:\/\/yoast.com\/wordpress\/plugins\/seo\/ -->\n<title>Composition de Newcastle contre PSG\u00a0: XI pr\u00e9vu XI pr\u00e9vu pour le choc de la Ligue des champions, y compris le statut de Bruno Guimaraes<\/title>\n<meta name=\"robots\" content=\"index, follow, max-snippet:-1, max-image-preview:large, max-video-preview:-1\" \/>\n<link rel=\"canonical\" href=\"https:\/\/footdavant.fr\/actualites\/composition-de-newcastle-contre-psg-xi-prevu-xi-prevu-pour-le-choc-de-la-ligue-des-champions-y-compris-le-statut-de-bruno-guimaraes\/\" \/>\n<meta property=\"og:locale\" content=\"fr_FR\" \/>\n<meta property=\"og:type\" content=\"article\" \/>\n<meta property=\"og:title\" content=\"Composition de Newcastle contre PSG\u00a0: XI pr\u00e9vu XI pr\u00e9vu pour le choc de la Ligue des champions, y compris le statut de Bruno Guimaraes\" \/>\n<meta property=\"og:description\" content=\"Cherchant \u00e0 acc\u00e9der pour la premi\u00e8re fois aux huiti\u00e8mes de finale de la Ligue des champions, Newcastle United retrouvera mercredi la capitale fran\u00e7aise pour un\" \/>\n<meta property=\"og:url\" content=\"https:\/\/footdavant.fr\/actualites\/composition-de-newcastle-contre-psg-xi-prevu-xi-prevu-pour-le-choc-de-la-ligue-des-champions-y-compris-le-statut-de-bruno-guimaraes\/\" \/>\n<meta property=\"og:site_name\" content=\"Foot d&#039;avant\" \/>\n<meta property=\"article:publisher\" content=\"https:\/\/www.facebook.com\/Footdavant\/\" \/>\n<meta property=\"article:published_time\" content=\"2026-01-27T00:48:03+00:00\" \/>\n<meta property=\"article:modified_time\" content=\"2026-01-27T00:48:05+00:00\" \/>\n<meta property=\"og:image\" content=\"https:\/\/footdavant.fr\/actualites\/wp-content\/uploads\/2026\/01\/Newcastle-United-contre-Leeds-United-bilan-face-a-face-et-rencontres.net2Fuploads2F20262F012Fimago1071015927.webp\" \/>\n\t<meta property=\"og:image:width\" content=\"720\" \/>\n\t<meta property=\"og:image:height\" content=\"410\" \/>\n\t<meta property=\"og:image:type\" content=\"image\/webp\" \/>\n<meta name=\"author\" content=\"Cl\u00e9ment\" \/>\n<meta name=\"twitter:card\" content=\"summary_large_image\" \/>\n<meta name=\"twitter:creator\" content=\"@FootdavantFr\" \/>\n<meta name=\"twitter:site\" content=\"@FootdavantFr\" \/>\n<meta name=\"twitter:label1\" content=\"\u00c9crit par\" \/>\n\t<meta name=\"twitter:data1\" content=\"Cl\u00e9ment\" \/>\n\t<meta name=\"twitter:label2\" content=\"Dur\u00e9e de lecture estim\u00e9e\" \/>\n\t<meta name=\"twitter:data2\" content=\"2 minutes\" \/>\n<script type=\"application\/ld+json\" class=\"yoast-schema-graph\">{\"@context\":\"https:\/\/schema.org\",\"@graph\":[{\"@type\":\"Article\",\"@id\":\"https:\/\/footdavant.fr\/actualites\/composition-de-newcastle-contre-psg-xi-prevu-xi-prevu-pour-le-choc-de-la-ligue-des-champions-y-compris-le-statut-de-bruno-guimaraes\/#article\",\"isPartOf\":{\"@id\":\"https:\/\/footdavant.fr\/actualites\/composition-de-newcastle-contre-psg-xi-prevu-xi-prevu-pour-le-choc-de-la-ligue-des-champions-y-compris-le-statut-de-bruno-guimaraes\/\"},\"author\":{\"name\":\"Cl\u00e9ment\",\"@id\":\"https:\/\/footdavant.fr\/actualites\/#\/schema\/person\/bc222566d95871b37e597b3ed3ba5e1d\"},\"headline\":\"Composition de Newcastle contre PSG\u00a0: XI pr\u00e9vu XI pr\u00e9vu pour le choc de la Ligue des champions, y compris le statut de Bruno Guimaraes\",\"datePublished\":\"2026-01-27T00:48:03+00:00\",\"dateModified\":\"2026-01-27T00:48:05+00:00\",\"mainEntityOfPage\":{\"@id\":\"https:\/\/footdavant.fr\/actualites\/composition-de-newcastle-contre-psg-xi-prevu-xi-prevu-pour-le-choc-de-la-ligue-des-champions-y-compris-le-statut-de-bruno-guimaraes\/\"},\"wordCount\":370,\"publisher\":{\"@id\":\"https:\/\/footdavant.fr\/actualites\/#organization\"},\"keywords\":[\"Bruno\",\"champions\",\"choc\",\"composition\",\"compris\",\"contre\",\"des\",\"Guimaraes\",\"Ligue\",\"Newcastle\",\"pour\",\"pr\u00e9vu\",\"PSG\",\"statut\"],\"articleSection\":[\"Premier League\"],\"inLanguage\":\"fr-FR\"},{\"@type\":\"WebPage\",\"@id\":\"https:\/\/footdavant.fr\/actualites\/composition-de-newcastle-contre-psg-xi-prevu-xi-prevu-pour-le-choc-de-la-ligue-des-champions-y-compris-le-statut-de-bruno-guimaraes\/\",\"url\":\"https:\/\/footdavant.fr\/actualites\/composition-de-newcastle-contre-psg-xi-prevu-xi-prevu-pour-le-choc-de-la-ligue-des-champions-y-compris-le-statut-de-bruno-guimaraes\/\",\"name\":\"Composition de Newcastle contre PSG\u00a0: XI pr\u00e9vu XI pr\u00e9vu pour le choc de la Ligue des champions, y compris le statut de Bruno Guimaraes\",\"isPartOf\":{\"@id\":\"https:\/\/footdavant.fr\/actualites\/#website\"},\"datePublished\":\"2026-01-27T00:48:03+00:00\",\"dateModified\":\"2026-01-27T00:48:05+00:00\",\"breadcrumb\":{\"@id\":\"https:\/\/footdavant.fr\/actualites\/composition-de-newcastle-contre-psg-xi-prevu-xi-prevu-pour-le-choc-de-la-ligue-des-champions-y-compris-le-statut-de-bruno-guimaraes\/#breadcrumb\"},\"inLanguage\":\"fr-FR\",\"potentialAction\":[{\"@type\":\"ReadAction\",\"target\":[\"https:\/\/footdavant.fr\/actualites\/composition-de-newcastle-contre-psg-xi-prevu-xi-prevu-pour-le-choc-de-la-ligue-des-champions-y-compris-le-statut-de-bruno-guimaraes\/\"]}]},{\"@type\":\"BreadcrumbList\",\"@id\":\"https:\/\/footdavant.fr\/actualites\/composition-de-newcastle-contre-psg-xi-prevu-xi-prevu-pour-le-choc-de-la-ligue-des-champions-y-compris-le-statut-de-bruno-guimaraes\/#breadcrumb\",\"itemListElement\":[{\"@type\":\"ListItem\",\"position\":1,\"name\":\"Accueil\",\"item\":\"https:\/\/footdavant.fr\/actualites\/\"},{\"@type\":\"ListItem\",\"position\":2,\"name\":\"Composition de Newcastle contre PSG\u00a0: XI pr\u00e9vu XI pr\u00e9vu pour le choc de la Ligue des champions, y compris le statut de Bruno Guimaraes\"}]},{\"@type\":\"WebSite\",\"@id\":\"https:\/\/footdavant.fr\/actualites\/#website\",\"url\":\"https:\/\/footdavant.fr\/actualites\/\",\"name\":\"Foot d'avant\",\"description\":\"\",\"publisher\":{\"@id\":\"https:\/\/footdavant.fr\/actualites\/#organization\"},\"potentialAction\":[{\"@type\":\"SearchAction\",\"target\":{\"@type\":\"EntryPoint\",\"urlTemplate\":\"https:\/\/footdavant.fr\/actualites\/?s={search_term_string}\"},\"query-input\":\"required name=search_term_string\"}],\"inLanguage\":\"fr-FR\"},{\"@type\":\"Organization\",\"@id\":\"https:\/\/footdavant.fr\/actualites\/#organization\",\"name\":\"Foot d'avant\",\"url\":\"https:\/\/footdavant.fr\/actualites\/\",\"logo\":{\"@type\":\"ImageObject\",\"inLanguage\":\"fr-FR\",\"@id\":\"https:\/\/footdavant.fr\/actualites\/#\/schema\/logo\/image\/\",\"url\":\"https:\/\/footdavant.fr\/actualites\/wp-content\/uploads\/2023\/09\/Copy-of-FootDavant-Logo.png\",\"contentUrl\":\"https:\/\/footdavant.fr\/actualites\/wp-content\/uploads\/2023\/09\/Copy-of-FootDavant-Logo.png\",\"width\":936,\"height\":549,\"caption\":\"Foot d'avant\"},\"image\":{\"@id\":\"https:\/\/footdavant.fr\/actualites\/#\/schema\/logo\/image\/\"},\"sameAs\":[\"https:\/\/www.facebook.com\/Footdavant\/\",\"https:\/\/twitter.com\/FootdavantFr\",\"https:\/\/www.instagram.com\/footdavant.fr\/\"]},{\"@type\":\"Person\",\"@id\":\"https:\/\/footdavant.fr\/actualites\/#\/schema\/person\/bc222566d95871b37e597b3ed3ba5e1d\",\"name\":\"Cl\u00e9ment\",\"image\":{\"@type\":\"ImageObject\",\"inLanguage\":\"fr-FR\",\"@id\":\"https:\/\/footdavant.fr\/actualites\/#\/schema\/person\/image\/\",\"url\":\"https:\/\/secure.gravatar.com\/avatar\/7728b29aac2719421e1a9159b2254c44?s=96&d=mm&r=g\",\"contentUrl\":\"https:\/\/secure.gravatar.com\/avatar\/7728b29aac2719421e1a9159b2254c44?s=96&d=mm&r=g\",\"caption\":\"Cl\u00e9ment\"},\"sameAs\":[\"https:\/\/footdavant.fr\/\"]}]}<\/script>\n<!-- \/ Yoast SEO plugin. -->","yoast_head_json":{"title":"Composition de Newcastle contre PSG\u00a0: XI pr\u00e9vu XI pr\u00e9vu pour le choc de la Ligue des champions, y compris le statut de Bruno Guimaraes","robots":{"index":"index","follow":"follow","max-snippet":"max-snippet:-1","max-image-preview":"max-image-preview:large","max-video-preview":"max-video-preview:-1"},"canonical":"https:\/\/footdavant.fr\/actualites\/composition-de-newcastle-contre-psg-xi-prevu-xi-prevu-pour-le-choc-de-la-ligue-des-champions-y-compris-le-statut-de-bruno-guimaraes\/","og_locale":"fr_FR","og_type":"article","og_title":"Composition de Newcastle contre PSG\u00a0: XI pr\u00e9vu XI pr\u00e9vu pour le choc de la Ligue des champions, y compris le statut de Bruno Guimaraes","og_description":"Cherchant \u00e0 acc\u00e9der pour la premi\u00e8re fois aux huiti\u00e8mes de finale de la Ligue des champions, Newcastle United retrouvera mercredi la capitale fran\u00e7aise pour un","og_url":"https:\/\/footdavant.fr\/actualites\/composition-de-newcastle-contre-psg-xi-prevu-xi-prevu-pour-le-choc-de-la-ligue-des-champions-y-compris-le-statut-de-bruno-guimaraes\/","og_site_name":"Foot d&#039;avant","article_publisher":"https:\/\/www.facebook.com\/Footdavant\/","article_published_time":"2026-01-27T00:48:03+00:00","article_modified_time":"2026-01-27T00:48:05+00:00","og_image":[{"width":720,"height":410,"url":"https:\/\/footdavant.fr\/actualites\/wp-content\/uploads\/2026\/01\/Newcastle-United-contre-Leeds-United-bilan-face-a-face-et-rencontres.net2Fuploads2F20262F012Fimago1071015927.webp","type":"image\/webp"}],"author":"Cl\u00e9ment","twitter_card":"summary_large_image","twitter_creator":"@FootdavantFr","twitter_site":"@FootdavantFr","twitter_misc":{"\u00c9crit par":"Cl\u00e9ment","Dur\u00e9e de lecture estim\u00e9e":"2 minutes"},"schema":{"@context":"https:\/\/schema.org","@graph":[{"@type":"Article","@id":"https:\/\/footdavant.fr\/actualites\/composition-de-newcastle-contre-psg-xi-prevu-xi-prevu-pour-le-choc-de-la-ligue-des-champions-y-compris-le-statut-de-bruno-guimaraes\/#article","isPartOf":{"@id":"https:\/\/footdavant.fr\/actualites\/composition-de-newcastle-contre-psg-xi-prevu-xi-prevu-pour-le-choc-de-la-ligue-des-champions-y-compris-le-statut-de-bruno-guimaraes\/"},"author":{"name":"Cl\u00e9ment","@id":"https:\/\/footdavant.fr\/actualites\/#\/schema\/person\/bc222566d95871b37e597b3ed3ba5e1d"},"headline":"Composition de Newcastle contre PSG\u00a0: XI pr\u00e9vu XI pr\u00e9vu pour le choc de la Ligue des champions, y compris le statut de Bruno Guimaraes","datePublished":"2026-01-27T00:48:03+00:00","dateModified":"2026-01-27T00:48:05+00:00","mainEntityOfPage":{"@id":"https:\/\/footdavant.fr\/actualites\/composition-de-newcastle-contre-psg-xi-prevu-xi-prevu-pour-le-choc-de-la-ligue-des-champions-y-compris-le-statut-de-bruno-guimaraes\/"},"wordCount":370,"publisher":{"@id":"https:\/\/footdavant.fr\/actualites\/#organization"},"keywords":["Bruno","champions","choc","composition","compris","contre","des","Guimaraes","Ligue","Newcastle","pour","pr\u00e9vu","PSG","statut"],"articleSection":["Premier League"],"inLanguage":"fr-FR"},{"@type":"WebPage","@id":"https:\/\/footdavant.fr\/actualites\/composition-de-newcastle-contre-psg-xi-prevu-xi-prevu-pour-le-choc-de-la-ligue-des-champions-y-compris-le-statut-de-bruno-guimaraes\/","url":"https:\/\/footdavant.fr\/actualites\/composition-de-newcastle-contre-psg-xi-prevu-xi-prevu-pour-le-choc-de-la-ligue-des-champions-y-compris-le-statut-de-bruno-guimaraes\/","name":"Composition de Newcastle contre PSG\u00a0: XI pr\u00e9vu XI pr\u00e9vu pour le choc de la Ligue des champions, y compris le statut de Bruno Guimaraes","isPartOf":{"@id":"https:\/\/footdavant.fr\/actualites\/#website"},"datePublished":"2026-01-27T00:48:03+00:00","dateModified":"2026-01-27T00:48:05+00:00","breadcrumb":{"@id":"https:\/\/footdavant.fr\/actualites\/composition-de-newcastle-contre-psg-xi-prevu-xi-prevu-pour-le-choc-de-la-ligue-des-champions-y-compris-le-statut-de-bruno-guimaraes\/#breadcrumb"},"inLanguage":"fr-FR","potentialAction":[{"@type":"ReadAction","target":["https:\/\/footdavant.fr\/actualites\/composition-de-newcastle-contre-psg-xi-prevu-xi-prevu-pour-le-choc-de-la-ligue-des-champions-y-compris-le-statut-de-bruno-guimaraes\/"]}]},{"@type":"BreadcrumbList","@id":"https:\/\/footdavant.fr\/actualites\/composition-de-newcastle-contre-psg-xi-prevu-xi-prevu-pour-le-choc-de-la-ligue-des-champions-y-compris-le-statut-de-bruno-guimaraes\/#breadcrumb","itemListElement":[{"@type":"ListItem","position":1,"name":"Accueil","item":"https:\/\/footdavant.fr\/actualites\/"},{"@type":"ListItem","position":2,"name":"Composition de Newcastle contre PSG\u00a0: XI pr\u00e9vu XI pr\u00e9vu pour le choc de la Ligue des champions, y compris le statut de Bruno Guimaraes"}]},{"@type":"WebSite","@id":"https:\/\/footdavant.fr\/actualites\/#website","url":"https:\/\/footdavant.fr\/actualites\/","name":"Foot d'avant","description":"","publisher":{"@id":"https:\/\/footdavant.fr\/actualites\/#organization"},"potentialAction":[{"@type":"SearchAction","target":{"@type":"EntryPoint","urlTemplate":"https:\/\/footdavant.fr\/actualites\/?s={search_term_string}"},"query-input":"required name=search_term_string"}],"inLanguage":"fr-FR"},{"@type":"Organization","@id":"https:\/\/footdavant.fr\/actualites\/#organization","name":"Foot d'avant","url":"https:\/\/footdavant.fr\/actualites\/","logo":{"@type":"ImageObject","inLanguage":"fr-FR","@id":"https:\/\/footdavant.fr\/actualites\/#\/schema\/logo\/image\/","url":"https:\/\/footdavant.fr\/actualites\/wp-content\/uploads\/2023\/09\/Copy-of-FootDavant-Logo.png","contentUrl":"https:\/\/footdavant.fr\/actualites\/wp-content\/uploads\/2023\/09\/Copy-of-FootDavant-Logo.png","width":936,"height":549,"caption":"Foot d'avant"},"image":{"@id":"https:\/\/footdavant.fr\/actualites\/#\/schema\/logo\/image\/"},"sameAs":["https:\/\/www.facebook.com\/Footdavant\/","https:\/\/twitter.com\/FootdavantFr","https:\/\/www.instagram.com\/footdavant.fr\/"]},{"@type":"Person","@id":"https:\/\/footdavant.fr\/actualites\/#\/schema\/person\/bc222566d95871b37e597b3ed3ba5e1d","name":"Cl\u00e9ment","image":{"@type":"ImageObject","inLanguage":"fr-FR","@id":"https:\/\/footdavant.fr\/actualites\/#\/schema\/person\/image\/","url":"https:\/\/secure.gravatar.com\/avatar\/7728b29aac2719421e1a9159b2254c44?s=96&d=mm&r=g","contentUrl":"https:\/\/secure.gravatar.com\/avatar\/7728b29aac2719421e1a9159b2254c44?s=96&d=mm&r=g","caption":"Cl\u00e9ment"},"sameAs":["https:\/\/footdavant.fr\/"]}]}},"_links":{"self":[{"href":"https:\/\/footdavant.fr\/actualites\/wp-json\/wp\/v2\/posts\/33854"}],"collection":[{"href":"https:\/\/footdavant.fr\/actualites\/wp-json\/wp\/v2\/posts"}],"about":[{"href":"https:\/\/footdavant.fr\/actualites\/wp-json\/wp\/v2\/types\/post"}],"author":[{"embeddable":true,"href":"https:\/\/footdavant.fr\/actualites\/wp-json\/wp\/v2\/users\/1"}],"replies":[{"embeddable":true,"href":"https:\/\/footdavant.fr\/actualites\/wp-json\/wp\/v2\/comments?post=33854"}],"version-history":[{"count":1,"href":"https:\/\/footdavant.fr\/actualites\/wp-json\/wp\/v2\/posts\/33854\/revisions"}],"predecessor-version":[{"id":33855,"href":"https:\/\/footdavant.fr\/actualites\/wp-json\/wp\/v2\/posts\/33854\/revisions\/33855"}],"wp:featuredmedia":[{"embeddable":true,"href":"https:\/\/footdavant.fr\/actualites\/wp-json\/wp\/v2\/media\/33216"}],"wp:attachment":[{"href":"https:\/\/footdavant.fr\/actualites\/wp-json\/wp\/v2\/media?parent=33854"}],"wp:term":[{"taxonomy":"category","embeddable":true,"href":"https:\/\/footdavant.fr\/actualites\/wp-json\/wp\/v2\/categories?post=33854"},{"taxonomy":"post_tag","embeddable":true,"href":"https:\/\/footdavant.fr\/actualites\/wp-json\/wp\/v2\/tags?post=33854"}],"curies":[{"name":"wp","href":"https:\/\/api.w.org\/{rel}","templated":true}]}}