{"id":33856,"date":"2026-01-27T03:48:16","date_gmt":"2026-01-27T02:48:16","guid":{"rendered":"https:\/\/footdavant.fr\/actualites\/ramener-ngolo-kante-devrait-etre-la-decision-la-plus-simple-qui-soit\/"},"modified":"2026-01-27T03:48:28","modified_gmt":"2026-01-27T02:48:28","slug":"ramener-ngolo-kante-devrait-etre-la-decision-la-plus-simple-qui-soit","status":"publish","type":"post","link":"https:\/\/footdavant.fr\/actualites\/ramener-ngolo-kante-devrait-etre-la-decision-la-plus-simple-qui-soit\/","title":{"rendered":"Ramener N&#39;Golo Kant\u00e9 devrait \u00eatre la d\u00e9cision la plus simple qui soit"},"content":{"rendered":"<div>\n<p>Je veux dire, N&#39;Golo Kant\u00e9 pr\u00eat\u00e9 pour le reste de la saison, partageant une petite partie de son salaire, c&#39;est une \u00e9vidence, non ? S\u00fbrement la solution la plus simple qui soit ? Mais l\u2019int\u00e9r\u00eat est-il vraiment une chose ? Si c\u2019est le cas, FAITES-LE, comme le dit Nike.<\/p>\n<p>Kant\u00e9 est peut-\u00eatre sur le point d&#39;avoir 35 ans, mais Kant\u00e9 est un homme qui peut toujours courir sans arr\u00eat toute la journ\u00e9e et qui a toujours la qualit\u00e9, la t\u00e9nacit\u00e9, le rythme et le physique de la Premier League.<\/p>\n<p>Mais d\u2019o\u00f9 viennent ces liens ?<\/p>\n<p>Eh bien, de , pour \u00eatre pr\u00e9cis. Alors qu&#39;il \u00e9crivait un article sur la recherche par Chelsea d&#39;un nouveau milieu de terrain central cette fen\u00eatre, il a d\u00e9clar\u00e9 :<\/p>\n<p>\u00ab\u00a0L&#39;ancien milieu de terrain de Chelsea, N&#39;Golo Kant\u00e9, devrait \u00eatre pr\u00eat\u00e9 ce mois-ci et a \u00e9t\u00e9 approch\u00e9 par Fenerbahce.\u00a0\u00bb<\/p>\n<p>Donc, malheureusement, il ne dit m\u00eame pas que Chelsea est int\u00e9ress\u00e9 ni m\u00eame discute du retour de Kante. Il vient de le nommer dans un commentaire passager sur les milieux de terrain potentiels qui pourraient \u00eatre disponibles cette semaine, si Chelsea devait examiner d&#39;autres options. Rien n\u2019indique que nous pensions m\u00eame \u00e0 Kant\u00e9 en ce moment. Mais nous devrions l\u2019\u00eatre.<\/p>\n<p>Nous savons tous que Kant\u00e9 pourrait encore le faire. Ce n&#39;est qu&#39;en novembre qu&#39;il a m\u00eame \u00e9t\u00e9 rappel\u00e9 en \u00e9quipe de France. Il peut donc certainement encore le faire au plus haut niveau.<\/p>\n<p>Il conna\u00eet Chelsea, aime Chelsea, conna\u00eet la Premier League, y conna\u00eetra encore certains joueurs, et imaginez Kante au milieu de terrain de Chelsea aux c\u00f4t\u00e9s de son successeur, Moises Caicedo ! Qui va d\u00e9passer ces deux-l\u00e0 ? Si Caicedo vous manque, ce ne sera pas le cas de Kant\u00e9 !<\/p>\n<p>Si vous souhaitez rallier un peu plus les fans de Chelsea, ce serait le genre d\u2019accord que vous pouvez conclure comme un moyen simple d\u2019y parvenir. Kante poss\u00e8de l&#39;exp\u00e9rience n\u00e9cessaire, un certain leadership pour montrer l&#39;exemple, peut aider les jeunes et laissera toujours tout de c\u00f4t\u00e9 sur le terrain.<\/p>\n<p>Et s&#39;il s&#39;agit d&#39;un pr\u00eat sec et que nous ne payons pas l&#39;int\u00e9gralit\u00e9 de son salaire, et bien s\u00fbr, s&#39;il veut m\u00eame revenir (je serais choqu\u00e9 s&#39;il disait non), alors tout cela est une \u00e9vidence.<\/p>\n<p>Mais encore une fois, rien ne sugg\u00e8re que Chelsea se tourne vers Kante au moment d\u2019\u00e9crire ces lignes.<\/p>\n<\/p><\/div>\n","protected":false},"excerpt":{"rendered":"<p>Je veux dire, N&#39;Golo Kant\u00e9 pr\u00eat\u00e9 pour le reste de la saison, partageant une petite partie de son salaire, c&#39;est une \u00e9vidence, non ? S\u00fbrement<\/p>\n","protected":false},"author":1,"featured_media":33857,"comment_status":"closed","ping_status":"","sticky":false,"template":"","format":"standard","meta":{"footnotes":""},"categories":[3],"tags":[497,757,270,5885,7261,243,3445,635,2008],"yoast_head":"<!-- This site is optimized with the Yoast SEO plugin v21.0 - https:\/\/yoast.com\/wordpress\/plugins\/seo\/ -->\n<title>Ramener N&#039;Golo Kant\u00e9 devrait \u00eatre la d\u00e9cision la plus simple qui soit<\/title>\n<meta name=\"robots\" content=\"index, follow, max-snippet:-1, max-image-preview:large, max-video-preview:-1\" \/>\n<link rel=\"canonical\" href=\"https:\/\/footdavant.fr\/actualites\/ramener-ngolo-kante-devrait-etre-la-decision-la-plus-simple-qui-soit\/\" \/>\n<meta property=\"og:locale\" content=\"fr_FR\" \/>\n<meta property=\"og:type\" content=\"article\" \/>\n<meta property=\"og:title\" content=\"Ramener N&#039;Golo Kant\u00e9 devrait \u00eatre la d\u00e9cision la plus simple qui soit\" \/>\n<meta property=\"og:description\" content=\"Je veux dire, N&#039;Golo Kant\u00e9 pr\u00eat\u00e9 pour le reste de la saison, partageant une petite partie de son salaire, c&#039;est une \u00e9vidence, non ? S\u00fbrement\" \/>\n<meta property=\"og:url\" content=\"https:\/\/footdavant.fr\/actualites\/ramener-ngolo-kante-devrait-etre-la-decision-la-plus-simple-qui-soit\/\" \/>\n<meta property=\"og:site_name\" content=\"Foot d&#039;avant\" \/>\n<meta property=\"article:publisher\" content=\"https:\/\/www.facebook.com\/Footdavant\/\" \/>\n<meta property=\"article:published_time\" content=\"2026-01-27T02:48:16+00:00\" \/>\n<meta property=\"article:modified_time\" content=\"2026-01-27T02:48:28+00:00\" \/>\n<meta property=\"og:image\" content=\"https:\/\/footdavant.fr\/actualites\/wp-content\/uploads\/2026\/01\/Ramener-N39Golo-Kante-devrait-etre-la-decision-la-plus-simple.jpg\" \/>\n\t<meta property=\"og:image:width\" content=\"1280\" \/>\n\t<meta property=\"og:image:height\" content=\"880\" \/>\n\t<meta property=\"og:image:type\" content=\"image\/jpeg\" \/>\n<meta name=\"author\" content=\"Cl\u00e9ment\" \/>\n<meta name=\"twitter:card\" content=\"summary_large_image\" \/>\n<meta name=\"twitter:creator\" content=\"@FootdavantFr\" \/>\n<meta name=\"twitter:site\" content=\"@FootdavantFr\" \/>\n<meta name=\"twitter:label1\" content=\"\u00c9crit par\" \/>\n\t<meta name=\"twitter:data1\" content=\"Cl\u00e9ment\" \/>\n\t<meta name=\"twitter:label2\" content=\"Dur\u00e9e de lecture estim\u00e9e\" \/>\n\t<meta name=\"twitter:data2\" content=\"2 minutes\" \/>\n<script type=\"application\/ld+json\" class=\"yoast-schema-graph\">{\"@context\":\"https:\/\/schema.org\",\"@graph\":[{\"@type\":\"Article\",\"@id\":\"https:\/\/footdavant.fr\/actualites\/ramener-ngolo-kante-devrait-etre-la-decision-la-plus-simple-qui-soit\/#article\",\"isPartOf\":{\"@id\":\"https:\/\/footdavant.fr\/actualites\/ramener-ngolo-kante-devrait-etre-la-decision-la-plus-simple-qui-soit\/\"},\"author\":{\"name\":\"Cl\u00e9ment\",\"@id\":\"https:\/\/footdavant.fr\/actualites\/#\/schema\/person\/bc222566d95871b37e597b3ed3ba5e1d\"},\"headline\":\"Ramener N&#39;Golo Kant\u00e9 devrait \u00eatre la d\u00e9cision la plus simple qui soit\",\"datePublished\":\"2026-01-27T02:48:16+00:00\",\"dateModified\":\"2026-01-27T02:48:28+00:00\",\"mainEntityOfPage\":{\"@id\":\"https:\/\/footdavant.fr\/actualites\/ramener-ngolo-kante-devrait-etre-la-decision-la-plus-simple-qui-soit\/\"},\"wordCount\":450,\"publisher\":{\"@id\":\"https:\/\/footdavant.fr\/actualites\/#organization\"},\"keywords\":[\"d\u00e9cision\",\"devrait\",\"\u00eatre\",\"Kant\u00e9\",\"N39Golo\",\"qui\",\"ramener\",\"simple\",\"soit\"],\"articleSection\":[\"Football\"],\"inLanguage\":\"fr-FR\"},{\"@type\":\"WebPage\",\"@id\":\"https:\/\/footdavant.fr\/actualites\/ramener-ngolo-kante-devrait-etre-la-decision-la-plus-simple-qui-soit\/\",\"url\":\"https:\/\/footdavant.fr\/actualites\/ramener-ngolo-kante-devrait-etre-la-decision-la-plus-simple-qui-soit\/\",\"name\":\"Ramener N&#39;Golo Kant\u00e9 devrait \u00eatre la d\u00e9cision la plus simple qui soit\",\"isPartOf\":{\"@id\":\"https:\/\/footdavant.fr\/actualites\/#website\"},\"datePublished\":\"2026-01-27T02:48:16+00:00\",\"dateModified\":\"2026-01-27T02:48:28+00:00\",\"breadcrumb\":{\"@id\":\"https:\/\/footdavant.fr\/actualites\/ramener-ngolo-kante-devrait-etre-la-decision-la-plus-simple-qui-soit\/#breadcrumb\"},\"inLanguage\":\"fr-FR\",\"potentialAction\":[{\"@type\":\"ReadAction\",\"target\":[\"https:\/\/footdavant.fr\/actualites\/ramener-ngolo-kante-devrait-etre-la-decision-la-plus-simple-qui-soit\/\"]}]},{\"@type\":\"BreadcrumbList\",\"@id\":\"https:\/\/footdavant.fr\/actualites\/ramener-ngolo-kante-devrait-etre-la-decision-la-plus-simple-qui-soit\/#breadcrumb\",\"itemListElement\":[{\"@type\":\"ListItem\",\"position\":1,\"name\":\"Accueil\",\"item\":\"https:\/\/footdavant.fr\/actualites\/\"},{\"@type\":\"ListItem\",\"position\":2,\"name\":\"Ramener N&#39;Golo Kant\u00e9 devrait \u00eatre la d\u00e9cision la plus simple qui soit\"}]},{\"@type\":\"WebSite\",\"@id\":\"https:\/\/footdavant.fr\/actualites\/#website\",\"url\":\"https:\/\/footdavant.fr\/actualites\/\",\"name\":\"Foot d'avant\",\"description\":\"\",\"publisher\":{\"@id\":\"https:\/\/footdavant.fr\/actualites\/#organization\"},\"potentialAction\":[{\"@type\":\"SearchAction\",\"target\":{\"@type\":\"EntryPoint\",\"urlTemplate\":\"https:\/\/footdavant.fr\/actualites\/?s={search_term_string}\"},\"query-input\":\"required name=search_term_string\"}],\"inLanguage\":\"fr-FR\"},{\"@type\":\"Organization\",\"@id\":\"https:\/\/footdavant.fr\/actualites\/#organization\",\"name\":\"Foot d'avant\",\"url\":\"https:\/\/footdavant.fr\/actualites\/\",\"logo\":{\"@type\":\"ImageObject\",\"inLanguage\":\"fr-FR\",\"@id\":\"https:\/\/footdavant.fr\/actualites\/#\/schema\/logo\/image\/\",\"url\":\"https:\/\/footdavant.fr\/actualites\/wp-content\/uploads\/2023\/09\/Copy-of-FootDavant-Logo.png\",\"contentUrl\":\"https:\/\/footdavant.fr\/actualites\/wp-content\/uploads\/2023\/09\/Copy-of-FootDavant-Logo.png\",\"width\":936,\"height\":549,\"caption\":\"Foot d'avant\"},\"image\":{\"@id\":\"https:\/\/footdavant.fr\/actualites\/#\/schema\/logo\/image\/\"},\"sameAs\":[\"https:\/\/www.facebook.com\/Footdavant\/\",\"https:\/\/twitter.com\/FootdavantFr\",\"https:\/\/www.instagram.com\/footdavant.fr\/\"]},{\"@type\":\"Person\",\"@id\":\"https:\/\/footdavant.fr\/actualites\/#\/schema\/person\/bc222566d95871b37e597b3ed3ba5e1d\",\"name\":\"Cl\u00e9ment\",\"image\":{\"@type\":\"ImageObject\",\"inLanguage\":\"fr-FR\",\"@id\":\"https:\/\/footdavant.fr\/actualites\/#\/schema\/person\/image\/\",\"url\":\"https:\/\/secure.gravatar.com\/avatar\/7728b29aac2719421e1a9159b2254c44?s=96&d=mm&r=g\",\"contentUrl\":\"https:\/\/secure.gravatar.com\/avatar\/7728b29aac2719421e1a9159b2254c44?s=96&d=mm&r=g\",\"caption\":\"Cl\u00e9ment\"},\"sameAs\":[\"https:\/\/footdavant.fr\/\"]}]}<\/script>\n<!-- \/ Yoast SEO plugin. -->","yoast_head_json":{"title":"Ramener N&#39;Golo Kant\u00e9 devrait \u00eatre la d\u00e9cision la plus simple qui soit","robots":{"index":"index","follow":"follow","max-snippet":"max-snippet:-1","max-image-preview":"max-image-preview:large","max-video-preview":"max-video-preview:-1"},"canonical":"https:\/\/footdavant.fr\/actualites\/ramener-ngolo-kante-devrait-etre-la-decision-la-plus-simple-qui-soit\/","og_locale":"fr_FR","og_type":"article","og_title":"Ramener N&#39;Golo Kant\u00e9 devrait \u00eatre la d\u00e9cision la plus simple qui soit","og_description":"Je veux dire, N&#39;Golo Kant\u00e9 pr\u00eat\u00e9 pour le reste de la saison, partageant une petite partie de son salaire, c&#39;est une \u00e9vidence, non ? S\u00fbrement","og_url":"https:\/\/footdavant.fr\/actualites\/ramener-ngolo-kante-devrait-etre-la-decision-la-plus-simple-qui-soit\/","og_site_name":"Foot d&#039;avant","article_publisher":"https:\/\/www.facebook.com\/Footdavant\/","article_published_time":"2026-01-27T02:48:16+00:00","article_modified_time":"2026-01-27T02:48:28+00:00","og_image":[{"width":1280,"height":880,"url":"https:\/\/footdavant.fr\/actualites\/wp-content\/uploads\/2026\/01\/Ramener-N39Golo-Kante-devrait-etre-la-decision-la-plus-simple.jpg","type":"image\/jpeg"}],"author":"Cl\u00e9ment","twitter_card":"summary_large_image","twitter_creator":"@FootdavantFr","twitter_site":"@FootdavantFr","twitter_misc":{"\u00c9crit par":"Cl\u00e9ment","Dur\u00e9e de lecture estim\u00e9e":"2 minutes"},"schema":{"@context":"https:\/\/schema.org","@graph":[{"@type":"Article","@id":"https:\/\/footdavant.fr\/actualites\/ramener-ngolo-kante-devrait-etre-la-decision-la-plus-simple-qui-soit\/#article","isPartOf":{"@id":"https:\/\/footdavant.fr\/actualites\/ramener-ngolo-kante-devrait-etre-la-decision-la-plus-simple-qui-soit\/"},"author":{"name":"Cl\u00e9ment","@id":"https:\/\/footdavant.fr\/actualites\/#\/schema\/person\/bc222566d95871b37e597b3ed3ba5e1d"},"headline":"Ramener N&#39;Golo Kant\u00e9 devrait \u00eatre la d\u00e9cision la plus simple qui soit","datePublished":"2026-01-27T02:48:16+00:00","dateModified":"2026-01-27T02:48:28+00:00","mainEntityOfPage":{"@id":"https:\/\/footdavant.fr\/actualites\/ramener-ngolo-kante-devrait-etre-la-decision-la-plus-simple-qui-soit\/"},"wordCount":450,"publisher":{"@id":"https:\/\/footdavant.fr\/actualites\/#organization"},"keywords":["d\u00e9cision","devrait","\u00eatre","Kant\u00e9","N39Golo","qui","ramener","simple","soit"],"articleSection":["Football"],"inLanguage":"fr-FR"},{"@type":"WebPage","@id":"https:\/\/footdavant.fr\/actualites\/ramener-ngolo-kante-devrait-etre-la-decision-la-plus-simple-qui-soit\/","url":"https:\/\/footdavant.fr\/actualites\/ramener-ngolo-kante-devrait-etre-la-decision-la-plus-simple-qui-soit\/","name":"Ramener N&#39;Golo Kant\u00e9 devrait \u00eatre la d\u00e9cision la plus simple qui soit","isPartOf":{"@id":"https:\/\/footdavant.fr\/actualites\/#website"},"datePublished":"2026-01-27T02:48:16+00:00","dateModified":"2026-01-27T02:48:28+00:00","breadcrumb":{"@id":"https:\/\/footdavant.fr\/actualites\/ramener-ngolo-kante-devrait-etre-la-decision-la-plus-simple-qui-soit\/#breadcrumb"},"inLanguage":"fr-FR","potentialAction":[{"@type":"ReadAction","target":["https:\/\/footdavant.fr\/actualites\/ramener-ngolo-kante-devrait-etre-la-decision-la-plus-simple-qui-soit\/"]}]},{"@type":"BreadcrumbList","@id":"https:\/\/footdavant.fr\/actualites\/ramener-ngolo-kante-devrait-etre-la-decision-la-plus-simple-qui-soit\/#breadcrumb","itemListElement":[{"@type":"ListItem","position":1,"name":"Accueil","item":"https:\/\/footdavant.fr\/actualites\/"},{"@type":"ListItem","position":2,"name":"Ramener N&#39;Golo Kant\u00e9 devrait \u00eatre la d\u00e9cision la plus simple qui soit"}]},{"@type":"WebSite","@id":"https:\/\/footdavant.fr\/actualites\/#website","url":"https:\/\/footdavant.fr\/actualites\/","name":"Foot d'avant","description":"","publisher":{"@id":"https:\/\/footdavant.fr\/actualites\/#organization"},"potentialAction":[{"@type":"SearchAction","target":{"@type":"EntryPoint","urlTemplate":"https:\/\/footdavant.fr\/actualites\/?s={search_term_string}"},"query-input":"required name=search_term_string"}],"inLanguage":"fr-FR"},{"@type":"Organization","@id":"https:\/\/footdavant.fr\/actualites\/#organization","name":"Foot d'avant","url":"https:\/\/footdavant.fr\/actualites\/","logo":{"@type":"ImageObject","inLanguage":"fr-FR","@id":"https:\/\/footdavant.fr\/actualites\/#\/schema\/logo\/image\/","url":"https:\/\/footdavant.fr\/actualites\/wp-content\/uploads\/2023\/09\/Copy-of-FootDavant-Logo.png","contentUrl":"https:\/\/footdavant.fr\/actualites\/wp-content\/uploads\/2023\/09\/Copy-of-FootDavant-Logo.png","width":936,"height":549,"caption":"Foot d'avant"},"image":{"@id":"https:\/\/footdavant.fr\/actualites\/#\/schema\/logo\/image\/"},"sameAs":["https:\/\/www.facebook.com\/Footdavant\/","https:\/\/twitter.com\/FootdavantFr","https:\/\/www.instagram.com\/footdavant.fr\/"]},{"@type":"Person","@id":"https:\/\/footdavant.fr\/actualites\/#\/schema\/person\/bc222566d95871b37e597b3ed3ba5e1d","name":"Cl\u00e9ment","image":{"@type":"ImageObject","inLanguage":"fr-FR","@id":"https:\/\/footdavant.fr\/actualites\/#\/schema\/person\/image\/","url":"https:\/\/secure.gravatar.com\/avatar\/7728b29aac2719421e1a9159b2254c44?s=96&d=mm&r=g","contentUrl":"https:\/\/secure.gravatar.com\/avatar\/7728b29aac2719421e1a9159b2254c44?s=96&d=mm&r=g","caption":"Cl\u00e9ment"},"sameAs":["https:\/\/footdavant.fr\/"]}]}},"_links":{"self":[{"href":"https:\/\/footdavant.fr\/actualites\/wp-json\/wp\/v2\/posts\/33856"}],"collection":[{"href":"https:\/\/footdavant.fr\/actualites\/wp-json\/wp\/v2\/posts"}],"about":[{"href":"https:\/\/footdavant.fr\/actualites\/wp-json\/wp\/v2\/types\/post"}],"author":[{"embeddable":true,"href":"https:\/\/footdavant.fr\/actualites\/wp-json\/wp\/v2\/users\/1"}],"replies":[{"embeddable":true,"href":"https:\/\/footdavant.fr\/actualites\/wp-json\/wp\/v2\/comments?post=33856"}],"version-history":[{"count":1,"href":"https:\/\/footdavant.fr\/actualites\/wp-json\/wp\/v2\/posts\/33856\/revisions"}],"predecessor-version":[{"id":33858,"href":"https:\/\/footdavant.fr\/actualites\/wp-json\/wp\/v2\/posts\/33856\/revisions\/33858"}],"wp:featuredmedia":[{"embeddable":true,"href":"https:\/\/footdavant.fr\/actualites\/wp-json\/wp\/v2\/media\/33857"}],"wp:attachment":[{"href":"https:\/\/footdavant.fr\/actualites\/wp-json\/wp\/v2\/media?parent=33856"}],"wp:term":[{"taxonomy":"category","embeddable":true,"href":"https:\/\/footdavant.fr\/actualites\/wp-json\/wp\/v2\/categories?post=33856"},{"taxonomy":"post_tag","embeddable":true,"href":"https:\/\/footdavant.fr\/actualites\/wp-json\/wp\/v2\/tags?post=33856"}],"curies":[{"name":"wp","href":"https:\/\/api.w.org\/{rel}","templated":true}]}}