{"id":33874,"date":"2026-01-27T15:48:21","date_gmt":"2026-01-27T14:48:21","guid":{"rendered":"https:\/\/footdavant.fr\/actualites\/manchester-city-contre-galatasaray-composition-statistiques-et-apercu\/"},"modified":"2026-01-27T15:48:26","modified_gmt":"2026-01-27T14:48:26","slug":"manchester-city-contre-galatasaray-composition-statistiques-et-apercu","status":"publish","type":"post","link":"https:\/\/footdavant.fr\/actualites\/manchester-city-contre-galatasaray-composition-statistiques-et-apercu\/","title":{"rendered":"Manchester City contre Galatasaray : composition, statistiques et aper\u00e7u"},"content":{"rendered":"<p>Manchester City accueille Galatasaray demain soir. Lisez notre aper\u00e7u d\u00e9taill\u00e9 ici&#8230;<\/p>\n<div>\n<div class=\"wp-block-group\">\n<div class=\"wp-block-group__inner-container is-layout-flow wp-block-group-is-layout-flow\">\n<h2 class=\"wp-block-heading\"><span id=\"Match_Preview_for_Manchester_City_v_Galatasaray\">Aper\u00e7u du match Manchester City contre Galatasaray<\/span><\/h2>\n<p>Manchester City esp\u00e8re que deux de ses anciens h\u00e9ros ne feront pas d\u00e9railler leurs chances de d\u00e9crocher une place en huiti\u00e8mes de finale de la Ligue des champions demain soir.<\/p>\n<\/div>\n<\/div>\n<p>City d\u00e9bute la derni\u00e8re journ\u00e9e de la phase de championnat \u00e0 la 11e place, mais sait qu&#39;une victoire contre le g\u00e9ant turc Galatasaray les verra probablement avancer sans avoir besoin de barrages aller-retour le mois prochain.<\/p>\n<p>Galatasaray est 17e, mais seule une s\u00e9rie de r\u00e9sultats bizarres lui refuserait une place dans le top 24.<\/p>\n<p>Leroy Sane et Ilkay Gundogan devraient d\u00e9buter pour les visiteurs \u2013 les deux hommes ayant remport\u00e9 sept titres combin\u00e9s en Premier League avec City. Pep Guardiola a d\u00e9clar\u00e9 : \u00ab\u00a0Une \u00e9norme contribution et ma gratitude est \u00e9ternelle pour eux deux. Des personnes incroyablement charmantes, des amis incroyables. Heureux de les revoir demain !\u00a0\u00bb<\/p>\n<p>\u00ab\u00a0Il [Gundogan] \u00e9tait l\u00e0 un peu plus longtemps que Leroy mais ils \u00e9taient super.<\/p>\n<p>Erling Haaland a \u00e9t\u00e9 exclu du onze de d\u00e9part pour la victoire \u00e0 domicile contre les Wolves samedi apr\u00e8s avoir marqu\u00e9 une seule fois en neuf apparitions, mais Guardiola a soutenu le Norv\u00e9gien pour qu&#39;il soit bon.<\/p>\n<p>\u00ab\u00a0L&#39;\u00e9quipe doit mieux jouer, cr\u00e9er plus d&#39;occasions et il marquera\u00a0\u00bb, a d\u00e9clar\u00e9 le Catalan. \u00ab\u00a0Ne sous-estimez jamais les attaquants, les buteurs car ils vous feront toujours taire. Il va marquer pour le reste de sa vie, c&#39;est s\u00fbr.\u00a0\u00bb<\/p>\n<p>Galatasaray est en t\u00eate de la Super Lig et a gagn\u00e9 3-1 \u00e0 Karagumruk ce week-end.<\/p>\n<p>Leur menace viendra de l&#39;attaquant nig\u00e9rian Victor Osimhen.<\/p>\n<div class=\"wp-block-group\">\n<div class=\"wp-block-group__inner-container is-layout-flow wp-block-group-is-layout-flow\">\n<h2 class=\"wp-block-heading\"><span id=\"Team_News_for_Manchester_City_v_Galatasaray\">Nouvelles de l&#39;\u00e9quipe pour Manchester City contre Galatasaray<\/span><\/h2>\n<p>City a des probl\u00e8mes en d\u00e9fense avec Ruben Dias, John Stones et Josko Gvardiol tous mis \u00e0 l&#39;\u00e9cart. La nouvelle recrue Marc Guehi est in\u00e9ligible, tout comme l&#39;ailier Antoine Semenyo, tandis que Rodri est suspendu. Nico Gonzalez est un doute.<\/p>\n<p>Metehan Baltac\u0131 est \u00e9galement banni pour Gala tandis qu&#39;Enes B\u00fcy\u00fck et Arda \u00dcnyay sont bless\u00e9s.<\/p>\n<\/div>\n<\/div>\n<h2 class=\"wp-block-heading\"><span id=\"Predicted_line-ups_for_Manchester_City_v_Galatasaray\">Compositions pr\u00e9vues pour Manchester City contre Galatasaray<\/span><\/h2>\n<p>Manchester City : Donnarumma ; Matheus Nunes, Khusanov, Ak\u00e9, O&#39;Reilly ; Nico Gonz\u00e1lez\u00a0; Bernardo Silva, Reijnders, Foden, Doku; Haaland<\/p>\n<p>Galatasaray : U\u011furcan \u00c7ak\u0131r ; Eren Elmal\u0131, S\u00e1nchez, Abd\u00fclkerim Bardakc\u0131, Sallai\u00a0; Torreira, Lemina; San\u00e9, Yunus Akg\u00fcn, Bar\u0131\u015f Alper Y\u0131lmaz\u00a0; Osimhen<\/p>\n<h2 class=\"wp-block-heading\"><span id=\"How_to_watch_Manchester_City_v_Galatasaray_TV_and_online_streams\">Comment regarder Manchester City contre Galatasaray : t\u00e9l\u00e9vision et diffusions en ligne<\/span><\/h2>\n<p>Manchester City contre Galatasaray d\u00e9butera demain soir \u00e0 20 heures, heure du Royaume-Uni. Il est diffus\u00e9 sur TNT Sports au Royaume-Uni et peut \u00eatre diffus\u00e9 via l&#39;application Discovery+.<\/p>\n<p>Pour regarder ailleurs dans le monde, cliquez ICI pour trouver votre d\u00e9tenteur de droits local.<\/p>\n<h2 class=\"wp-block-heading\"><span id=\"Stats_for_Manchester_City_v_Galatasaray\">Statistiques pour Manchester City &#8211; Galatasaray<\/span><\/h2>\n<ul class=\"wp-block-list\">\n<li>Ce sera la premi\u00e8re rencontre entre Manchester City et Galatasaray, ainsi que le tout premier match de Pep Guardiola contre le club turc.<\/li>\n<li>Les seules rencontres pr\u00e9c\u00e9dentes de Manchester City contre une \u00e9quipe turque ont eu lieu contre Fenerbahce il y a 57 ans lors de la Coupe d&#39;Europe 1968-69.<\/li>\n<li>Galatasaray n&#39;a perdu aucune de ses trois derni\u00e8res rencontres contre des \u00e9quipes anglaises<\/li>\n<\/ul>\n<section class=\"prediction-block\">\n<div class=\"prediction-block__card\">\n<div class=\"prediction-block__teams\">\n<p class=\"team__name\">Manchester City <\/p>\n<p>\n        <span class=\"team__score\">2<\/span><br \/>\n        <span class=\"team__separator\">\u2013<\/span><br \/>\n        <span class=\"team__score\">1<\/span>\n      <\/p>\n<p class=\"team__name\">Galatasaray<\/p>\n<\/p><\/div>\n<div class=\"prediction-block__content\">\n<p>Gala ne sera pas un jeu d&#39;enfant et garder Osimhen tranquille sera une t\u00e2che majeure pour un quatri\u00e8me d\u00e9fenseur de deuxi\u00e8me corde.<\/p>\n<p>Haaland aurait besoin d&#39;un but et ne serait pas surpris s&#39;il se qualifiait au moment o\u00f9 City avait le plus besoin de lui.<\/p>\n<p>Cela devrait \u00eatre un bon match et les supporters visiteurs cr\u00e9eront certainement une atmosph\u00e8re g\u00e9niale.<\/p>\n<\/p><\/div>\n<p>        Pariez ici<\/p><\/div>\n<\/section>\n<h2 class=\"wp-block-heading\"><span id=\"What_To_Do_If_You_Have_A_Gambling_Problem\">Que faire si vous avez un probl\u00e8me de jeu<\/span><\/h2>\n<p>Nous comprenons que le jeu peut \u00eatre amusant, mais il est toujours important de jouer de mani\u00e8re responsable. Si vous rencontrez un probl\u00e8me de jeu, n\u2019h\u00e9sitez pas \u00e0 demander de l\u2019aide. Il existe des personnes qui peuvent vous aider \u00e0 prendre le chemin du r\u00e9tablissement. Ci-dessous, nous avons r\u00e9pertori\u00e9 quelques ressources utiles pour vous aider sur la voie du r\u00e9tablissement.<\/p>\n<\/p><\/div>\n","protected":false},"excerpt":{"rendered":"<p>Manchester City accueille Galatasaray demain soir. Lisez notre aper\u00e7u d\u00e9taill\u00e9 ici&#8230; Aper\u00e7u du match Manchester City contre Galatasaray Manchester City esp\u00e8re que deux de ses<\/p>\n","protected":false},"author":1,"featured_media":33875,"comment_status":"closed","ping_status":"","sticky":false,"template":"","format":"standard","meta":{"footnotes":""},"categories":[3],"tags":[284,27,2291,20,602,11,4115],"yoast_head":"<!-- This site is optimized with the Yoast SEO plugin v21.0 - https:\/\/yoast.com\/wordpress\/plugins\/seo\/ -->\n<title>Manchester City contre Galatasaray : composition, statistiques et aper\u00e7u<\/title>\n<meta name=\"robots\" content=\"index, follow, max-snippet:-1, max-image-preview:large, max-video-preview:-1\" \/>\n<link rel=\"canonical\" href=\"https:\/\/footdavant.fr\/actualites\/manchester-city-contre-galatasaray-composition-statistiques-et-apercu\/\" \/>\n<meta property=\"og:locale\" content=\"fr_FR\" \/>\n<meta property=\"og:type\" content=\"article\" \/>\n<meta property=\"og:title\" content=\"Manchester City contre Galatasaray : composition, statistiques et aper\u00e7u\" \/>\n<meta property=\"og:description\" content=\"Manchester City accueille Galatasaray demain soir. Lisez notre aper\u00e7u d\u00e9taill\u00e9 ici&#8230; Aper\u00e7u du match Manchester City contre Galatasaray Manchester City esp\u00e8re que deux de ses\" \/>\n<meta property=\"og:url\" content=\"https:\/\/footdavant.fr\/actualites\/manchester-city-contre-galatasaray-composition-statistiques-et-apercu\/\" \/>\n<meta property=\"og:site_name\" content=\"Foot d&#039;avant\" \/>\n<meta property=\"article:publisher\" content=\"https:\/\/www.facebook.com\/Footdavant\/\" \/>\n<meta property=\"article:published_time\" content=\"2026-01-27T14:48:21+00:00\" \/>\n<meta property=\"article:modified_time\" content=\"2026-01-27T14:48:26+00:00\" \/>\n<meta property=\"og:image\" content=\"https:\/\/footdavant.fr\/actualites\/wp-content\/uploads\/2026\/01\/Manchester-City-contre-Galatasaray-composition-statistiques-et-apercu.png\" \/>\n\t<meta property=\"og:image:width\" content=\"1200\" \/>\n\t<meta property=\"og:image:height\" content=\"675\" \/>\n\t<meta property=\"og:image:type\" content=\"image\/png\" \/>\n<meta name=\"author\" content=\"Cl\u00e9ment\" \/>\n<meta name=\"twitter:card\" content=\"summary_large_image\" \/>\n<meta name=\"twitter:creator\" content=\"@FootdavantFr\" \/>\n<meta name=\"twitter:site\" content=\"@FootdavantFr\" \/>\n<meta name=\"twitter:label1\" content=\"\u00c9crit par\" \/>\n\t<meta name=\"twitter:data1\" content=\"Cl\u00e9ment\" \/>\n\t<meta name=\"twitter:label2\" content=\"Dur\u00e9e de lecture estim\u00e9e\" \/>\n\t<meta name=\"twitter:data2\" content=\"3 minutes\" \/>\n<script type=\"application\/ld+json\" class=\"yoast-schema-graph\">{\"@context\":\"https:\/\/schema.org\",\"@graph\":[{\"@type\":\"Article\",\"@id\":\"https:\/\/footdavant.fr\/actualites\/manchester-city-contre-galatasaray-composition-statistiques-et-apercu\/#article\",\"isPartOf\":{\"@id\":\"https:\/\/footdavant.fr\/actualites\/manchester-city-contre-galatasaray-composition-statistiques-et-apercu\/\"},\"author\":{\"name\":\"Cl\u00e9ment\",\"@id\":\"https:\/\/footdavant.fr\/actualites\/#\/schema\/person\/bc222566d95871b37e597b3ed3ba5e1d\"},\"headline\":\"Manchester City contre Galatasaray : composition, statistiques et aper\u00e7u\",\"datePublished\":\"2026-01-27T14:48:21+00:00\",\"dateModified\":\"2026-01-27T14:48:26+00:00\",\"mainEntityOfPage\":{\"@id\":\"https:\/\/footdavant.fr\/actualites\/manchester-city-contre-galatasaray-composition-statistiques-et-apercu\/\"},\"wordCount\":705,\"publisher\":{\"@id\":\"https:\/\/footdavant.fr\/actualites\/#organization\"},\"keywords\":[\"Aper\u00e7u\",\"City\",\"composition\",\"contre\",\"Galatasaray\",\"Manchester\",\"statistiques\"],\"articleSection\":[\"Football\"],\"inLanguage\":\"fr-FR\"},{\"@type\":\"WebPage\",\"@id\":\"https:\/\/footdavant.fr\/actualites\/manchester-city-contre-galatasaray-composition-statistiques-et-apercu\/\",\"url\":\"https:\/\/footdavant.fr\/actualites\/manchester-city-contre-galatasaray-composition-statistiques-et-apercu\/\",\"name\":\"Manchester City contre Galatasaray : composition, statistiques et aper\u00e7u\",\"isPartOf\":{\"@id\":\"https:\/\/footdavant.fr\/actualites\/#website\"},\"datePublished\":\"2026-01-27T14:48:21+00:00\",\"dateModified\":\"2026-01-27T14:48:26+00:00\",\"breadcrumb\":{\"@id\":\"https:\/\/footdavant.fr\/actualites\/manchester-city-contre-galatasaray-composition-statistiques-et-apercu\/#breadcrumb\"},\"inLanguage\":\"fr-FR\",\"potentialAction\":[{\"@type\":\"ReadAction\",\"target\":[\"https:\/\/footdavant.fr\/actualites\/manchester-city-contre-galatasaray-composition-statistiques-et-apercu\/\"]}]},{\"@type\":\"BreadcrumbList\",\"@id\":\"https:\/\/footdavant.fr\/actualites\/manchester-city-contre-galatasaray-composition-statistiques-et-apercu\/#breadcrumb\",\"itemListElement\":[{\"@type\":\"ListItem\",\"position\":1,\"name\":\"Accueil\",\"item\":\"https:\/\/footdavant.fr\/actualites\/\"},{\"@type\":\"ListItem\",\"position\":2,\"name\":\"Manchester City contre Galatasaray : composition, statistiques et aper\u00e7u\"}]},{\"@type\":\"WebSite\",\"@id\":\"https:\/\/footdavant.fr\/actualites\/#website\",\"url\":\"https:\/\/footdavant.fr\/actualites\/\",\"name\":\"Foot d'avant\",\"description\":\"\",\"publisher\":{\"@id\":\"https:\/\/footdavant.fr\/actualites\/#organization\"},\"potentialAction\":[{\"@type\":\"SearchAction\",\"target\":{\"@type\":\"EntryPoint\",\"urlTemplate\":\"https:\/\/footdavant.fr\/actualites\/?s={search_term_string}\"},\"query-input\":\"required name=search_term_string\"}],\"inLanguage\":\"fr-FR\"},{\"@type\":\"Organization\",\"@id\":\"https:\/\/footdavant.fr\/actualites\/#organization\",\"name\":\"Foot d'avant\",\"url\":\"https:\/\/footdavant.fr\/actualites\/\",\"logo\":{\"@type\":\"ImageObject\",\"inLanguage\":\"fr-FR\",\"@id\":\"https:\/\/footdavant.fr\/actualites\/#\/schema\/logo\/image\/\",\"url\":\"https:\/\/footdavant.fr\/actualites\/wp-content\/uploads\/2023\/09\/Copy-of-FootDavant-Logo.png\",\"contentUrl\":\"https:\/\/footdavant.fr\/actualites\/wp-content\/uploads\/2023\/09\/Copy-of-FootDavant-Logo.png\",\"width\":936,\"height\":549,\"caption\":\"Foot d'avant\"},\"image\":{\"@id\":\"https:\/\/footdavant.fr\/actualites\/#\/schema\/logo\/image\/\"},\"sameAs\":[\"https:\/\/www.facebook.com\/Footdavant\/\",\"https:\/\/twitter.com\/FootdavantFr\",\"https:\/\/www.instagram.com\/footdavant.fr\/\"]},{\"@type\":\"Person\",\"@id\":\"https:\/\/footdavant.fr\/actualites\/#\/schema\/person\/bc222566d95871b37e597b3ed3ba5e1d\",\"name\":\"Cl\u00e9ment\",\"image\":{\"@type\":\"ImageObject\",\"inLanguage\":\"fr-FR\",\"@id\":\"https:\/\/footdavant.fr\/actualites\/#\/schema\/person\/image\/\",\"url\":\"https:\/\/secure.gravatar.com\/avatar\/7728b29aac2719421e1a9159b2254c44?s=96&d=mm&r=g\",\"contentUrl\":\"https:\/\/secure.gravatar.com\/avatar\/7728b29aac2719421e1a9159b2254c44?s=96&d=mm&r=g\",\"caption\":\"Cl\u00e9ment\"},\"sameAs\":[\"https:\/\/footdavant.fr\/\"]}]}<\/script>\n<!-- \/ Yoast SEO plugin. -->","yoast_head_json":{"title":"Manchester City contre Galatasaray : composition, statistiques et aper\u00e7u","robots":{"index":"index","follow":"follow","max-snippet":"max-snippet:-1","max-image-preview":"max-image-preview:large","max-video-preview":"max-video-preview:-1"},"canonical":"https:\/\/footdavant.fr\/actualites\/manchester-city-contre-galatasaray-composition-statistiques-et-apercu\/","og_locale":"fr_FR","og_type":"article","og_title":"Manchester City contre Galatasaray : composition, statistiques et aper\u00e7u","og_description":"Manchester City accueille Galatasaray demain soir. Lisez notre aper\u00e7u d\u00e9taill\u00e9 ici&#8230; Aper\u00e7u du match Manchester City contre Galatasaray Manchester City esp\u00e8re que deux de ses","og_url":"https:\/\/footdavant.fr\/actualites\/manchester-city-contre-galatasaray-composition-statistiques-et-apercu\/","og_site_name":"Foot d&#039;avant","article_publisher":"https:\/\/www.facebook.com\/Footdavant\/","article_published_time":"2026-01-27T14:48:21+00:00","article_modified_time":"2026-01-27T14:48:26+00:00","og_image":[{"width":1200,"height":675,"url":"https:\/\/footdavant.fr\/actualites\/wp-content\/uploads\/2026\/01\/Manchester-City-contre-Galatasaray-composition-statistiques-et-apercu.png","type":"image\/png"}],"author":"Cl\u00e9ment","twitter_card":"summary_large_image","twitter_creator":"@FootdavantFr","twitter_site":"@FootdavantFr","twitter_misc":{"\u00c9crit par":"Cl\u00e9ment","Dur\u00e9e de lecture estim\u00e9e":"3 minutes"},"schema":{"@context":"https:\/\/schema.org","@graph":[{"@type":"Article","@id":"https:\/\/footdavant.fr\/actualites\/manchester-city-contre-galatasaray-composition-statistiques-et-apercu\/#article","isPartOf":{"@id":"https:\/\/footdavant.fr\/actualites\/manchester-city-contre-galatasaray-composition-statistiques-et-apercu\/"},"author":{"name":"Cl\u00e9ment","@id":"https:\/\/footdavant.fr\/actualites\/#\/schema\/person\/bc222566d95871b37e597b3ed3ba5e1d"},"headline":"Manchester City contre Galatasaray : composition, statistiques et aper\u00e7u","datePublished":"2026-01-27T14:48:21+00:00","dateModified":"2026-01-27T14:48:26+00:00","mainEntityOfPage":{"@id":"https:\/\/footdavant.fr\/actualites\/manchester-city-contre-galatasaray-composition-statistiques-et-apercu\/"},"wordCount":705,"publisher":{"@id":"https:\/\/footdavant.fr\/actualites\/#organization"},"keywords":["Aper\u00e7u","City","composition","contre","Galatasaray","Manchester","statistiques"],"articleSection":["Football"],"inLanguage":"fr-FR"},{"@type":"WebPage","@id":"https:\/\/footdavant.fr\/actualites\/manchester-city-contre-galatasaray-composition-statistiques-et-apercu\/","url":"https:\/\/footdavant.fr\/actualites\/manchester-city-contre-galatasaray-composition-statistiques-et-apercu\/","name":"Manchester City contre Galatasaray : composition, statistiques et aper\u00e7u","isPartOf":{"@id":"https:\/\/footdavant.fr\/actualites\/#website"},"datePublished":"2026-01-27T14:48:21+00:00","dateModified":"2026-01-27T14:48:26+00:00","breadcrumb":{"@id":"https:\/\/footdavant.fr\/actualites\/manchester-city-contre-galatasaray-composition-statistiques-et-apercu\/#breadcrumb"},"inLanguage":"fr-FR","potentialAction":[{"@type":"ReadAction","target":["https:\/\/footdavant.fr\/actualites\/manchester-city-contre-galatasaray-composition-statistiques-et-apercu\/"]}]},{"@type":"BreadcrumbList","@id":"https:\/\/footdavant.fr\/actualites\/manchester-city-contre-galatasaray-composition-statistiques-et-apercu\/#breadcrumb","itemListElement":[{"@type":"ListItem","position":1,"name":"Accueil","item":"https:\/\/footdavant.fr\/actualites\/"},{"@type":"ListItem","position":2,"name":"Manchester City contre Galatasaray : composition, statistiques et aper\u00e7u"}]},{"@type":"WebSite","@id":"https:\/\/footdavant.fr\/actualites\/#website","url":"https:\/\/footdavant.fr\/actualites\/","name":"Foot d'avant","description":"","publisher":{"@id":"https:\/\/footdavant.fr\/actualites\/#organization"},"potentialAction":[{"@type":"SearchAction","target":{"@type":"EntryPoint","urlTemplate":"https:\/\/footdavant.fr\/actualites\/?s={search_term_string}"},"query-input":"required name=search_term_string"}],"inLanguage":"fr-FR"},{"@type":"Organization","@id":"https:\/\/footdavant.fr\/actualites\/#organization","name":"Foot d'avant","url":"https:\/\/footdavant.fr\/actualites\/","logo":{"@type":"ImageObject","inLanguage":"fr-FR","@id":"https:\/\/footdavant.fr\/actualites\/#\/schema\/logo\/image\/","url":"https:\/\/footdavant.fr\/actualites\/wp-content\/uploads\/2023\/09\/Copy-of-FootDavant-Logo.png","contentUrl":"https:\/\/footdavant.fr\/actualites\/wp-content\/uploads\/2023\/09\/Copy-of-FootDavant-Logo.png","width":936,"height":549,"caption":"Foot d'avant"},"image":{"@id":"https:\/\/footdavant.fr\/actualites\/#\/schema\/logo\/image\/"},"sameAs":["https:\/\/www.facebook.com\/Footdavant\/","https:\/\/twitter.com\/FootdavantFr","https:\/\/www.instagram.com\/footdavant.fr\/"]},{"@type":"Person","@id":"https:\/\/footdavant.fr\/actualites\/#\/schema\/person\/bc222566d95871b37e597b3ed3ba5e1d","name":"Cl\u00e9ment","image":{"@type":"ImageObject","inLanguage":"fr-FR","@id":"https:\/\/footdavant.fr\/actualites\/#\/schema\/person\/image\/","url":"https:\/\/secure.gravatar.com\/avatar\/7728b29aac2719421e1a9159b2254c44?s=96&d=mm&r=g","contentUrl":"https:\/\/secure.gravatar.com\/avatar\/7728b29aac2719421e1a9159b2254c44?s=96&d=mm&r=g","caption":"Cl\u00e9ment"},"sameAs":["https:\/\/footdavant.fr\/"]}]}},"_links":{"self":[{"href":"https:\/\/footdavant.fr\/actualites\/wp-json\/wp\/v2\/posts\/33874"}],"collection":[{"href":"https:\/\/footdavant.fr\/actualites\/wp-json\/wp\/v2\/posts"}],"about":[{"href":"https:\/\/footdavant.fr\/actualites\/wp-json\/wp\/v2\/types\/post"}],"author":[{"embeddable":true,"href":"https:\/\/footdavant.fr\/actualites\/wp-json\/wp\/v2\/users\/1"}],"replies":[{"embeddable":true,"href":"https:\/\/footdavant.fr\/actualites\/wp-json\/wp\/v2\/comments?post=33874"}],"version-history":[{"count":1,"href":"https:\/\/footdavant.fr\/actualites\/wp-json\/wp\/v2\/posts\/33874\/revisions"}],"predecessor-version":[{"id":33876,"href":"https:\/\/footdavant.fr\/actualites\/wp-json\/wp\/v2\/posts\/33874\/revisions\/33876"}],"wp:featuredmedia":[{"embeddable":true,"href":"https:\/\/footdavant.fr\/actualites\/wp-json\/wp\/v2\/media\/33875"}],"wp:attachment":[{"href":"https:\/\/footdavant.fr\/actualites\/wp-json\/wp\/v2\/media?parent=33874"}],"wp:term":[{"taxonomy":"category","embeddable":true,"href":"https:\/\/footdavant.fr\/actualites\/wp-json\/wp\/v2\/categories?post=33874"},{"taxonomy":"post_tag","embeddable":true,"href":"https:\/\/footdavant.fr\/actualites\/wp-json\/wp\/v2\/tags?post=33874"}],"curies":[{"name":"wp","href":"https:\/\/api.w.org\/{rel}","templated":true}]}}