{"id":33877,"date":"2026-01-27T17:48:04","date_gmt":"2026-01-27T16:48:04","guid":{"rendered":"https:\/\/footdavant.fr\/actualites\/composition-du-psg-contre-newcastle-xi-prevu-pour-le-choc-de-la-ligue-des-champions-y-compris-le-statut-de-hakimi\/"},"modified":"2026-01-27T17:48:05","modified_gmt":"2026-01-27T16:48:05","slug":"composition-du-psg-contre-newcastle-xi-prevu-pour-le-choc-de-la-ligue-des-champions-y-compris-le-statut-de-hakimi","status":"publish","type":"post","link":"https:\/\/footdavant.fr\/actualites\/composition-du-psg-contre-newcastle-xi-prevu-pour-le-choc-de-la-ligue-des-champions-y-compris-le-statut-de-hakimi\/","title":{"rendered":"Composition du PSG contre Newcastle\u00a0: XI pr\u00e9vu pour le choc de la Ligue des champions, y compris le statut de Hakimi"},"content":{"rendered":"<div itemprop=\"articleBody\">\n<p>Le Paris Saint-Germain cherchera \u00e0 s&#39;assurer une place automatique en huiti\u00e8mes de finale de Ligue des champions avec une victoire mercredi au Parc des Princes contre Newcastle United.<\/p>\n<p>Pour ce grand match, le gardien de r\u00e9serve Matvey Safonov est incertain en raison d&#39;un probl\u00e8me \u00e0 la main, Lee Kang-in est incertain en raison d&#39;une douleur \u00e0 la cuisse et Fabian Ruiz souffre d&#39;une blessure au genou.<\/p>\n<p>Achraf Hakimi pourrait \u00eatre une d\u00e9cision dans le temps de match, apr\u00e8s avoir manqu\u00e9 du temps sur blessure avant la Coupe d&#39;Afrique des Nations, tout en \u00e9tant repos\u00e9 lors de son pr\u00e9c\u00e9dent match de Ligue 1 contre Auxerre.<\/p>\n<p>Warren Zaire-Emery est devenu un pilier de l&#39;\u00e9quipe de Luis Enrique, rempla\u00e7ant \u00e0 l&#39;arri\u00e8re droit en l&#39;absence de Hakimi, mais si le Marocain se pr\u00e9sente, le polyvalent Fran\u00e7ais pourrait \u00e9galement jouer au milieu de terrain.<\/p>\n<p>Pendant ce temps, Joao Neves risque de rater un autre match en raison d&#39;une contusion musculaire, Quentin Ndjantou Mbitcha est incertain en raison d&#39;une douleur aux ischio-jambiers, tout comme Nuno Mendes \u00e0 cause d&#39;un coup.<\/p>\n<p>Lucas Hernandez est \u00e9ligible pour revenir de suspension lors de la huiti\u00e8me journ\u00e9e apr\u00e8s avoir \u00e9t\u00e9 absent de ses deux pr\u00e9c\u00e9dentes affaires en Ligue des champions.<\/p>\n<p>Au cours du week-end, Ousmane Demb\u00e9l\u00e9, vainqueur du Ballon d&#39;Or en titre, et D\u00e9sir\u00e9 Dou\u00e9 sont entr\u00e9s en jeu, tandis que Khvicha Kvaratskhelia d\u00e9butait sur le c\u00f4t\u00e9 gauche et Bradley Barcola sur la droite.<\/p>\n<p>Avec une voie rapide vers les huiti\u00e8mes de finale \u00e0 gagner, nous nous attendons \u00e0 ce que Barcola se repose avec Dembele et Doue revenant dans le onze de d\u00e9part.<\/p>\n<p>Willian Pacho et Marquinhos ont d\u00e9but\u00e9 en tant que d\u00e9fenseur central lors de chacune de leurs quatre sorties pr\u00e9c\u00e9dentes dans cette comp\u00e9tition et nous pensons qu&#39;Enrique les a repos\u00e9s vendredi pour les pr\u00e9parer \u00e0 d\u00e9buter mercredi.<\/p>\n<p>Onze de d\u00e9part possibles du Paris Saint-Germain :<\/p>\n<p>Chevalier; Za\u00efre-Emery, Marquinhos, Pacho, Hernandez ; Mayulu, Vitinha, Mbaye ; Dou\u00e9, Demb\u00e9l\u00e9, Kvaratskhelia<\/p>\n<p>Cliquez ici pour voir comment Newcastle United pourrait s&#39;aligner pour ce match<\/p>\n<\/div>\n","protected":false},"excerpt":{"rendered":"<p>Le Paris Saint-Germain cherchera \u00e0 s&#39;assurer une place automatique en huiti\u00e8mes de finale de Ligue des champions avec une victoire mercredi au Parc des Princes<\/p>\n","protected":false},"author":1,"featured_media":33878,"comment_status":"closed","ping_status":"","sticky":false,"template":"","format":"standard","meta":{"footnotes":""},"categories":[5],"tags":[31,332,2291,507,20,12,7782,30,22,51,3924,1656,2060],"yoast_head":"<!-- This site is optimized with the Yoast SEO plugin v21.0 - https:\/\/yoast.com\/wordpress\/plugins\/seo\/ -->\n<title>Composition du PSG contre Newcastle\u00a0: XI pr\u00e9vu pour le choc de la Ligue des champions, y compris le statut de Hakimi<\/title>\n<meta name=\"robots\" content=\"index, follow, max-snippet:-1, max-image-preview:large, max-video-preview:-1\" \/>\n<link rel=\"canonical\" href=\"https:\/\/footdavant.fr\/actualites\/composition-du-psg-contre-newcastle-xi-prevu-pour-le-choc-de-la-ligue-des-champions-y-compris-le-statut-de-hakimi\/\" \/>\n<meta property=\"og:locale\" content=\"fr_FR\" \/>\n<meta property=\"og:type\" content=\"article\" \/>\n<meta property=\"og:title\" content=\"Composition du PSG contre Newcastle\u00a0: XI pr\u00e9vu pour le choc de la Ligue des champions, y compris le statut de Hakimi\" \/>\n<meta property=\"og:description\" content=\"Le Paris Saint-Germain cherchera \u00e0 s&#039;assurer une place automatique en huiti\u00e8mes de finale de Ligue des champions avec une victoire mercredi au Parc des Princes\" \/>\n<meta property=\"og:url\" content=\"https:\/\/footdavant.fr\/actualites\/composition-du-psg-contre-newcastle-xi-prevu-pour-le-choc-de-la-ligue-des-champions-y-compris-le-statut-de-hakimi\/\" \/>\n<meta property=\"og:site_name\" content=\"Foot d&#039;avant\" \/>\n<meta property=\"article:publisher\" content=\"https:\/\/www.facebook.com\/Footdavant\/\" \/>\n<meta property=\"article:published_time\" content=\"2026-01-27T16:48:04+00:00\" \/>\n<meta property=\"article:modified_time\" content=\"2026-01-27T16:48:05+00:00\" \/>\n<meta property=\"og:image\" content=\"https:\/\/footdavant.fr\/actualites\/wp-content\/uploads\/2026\/01\/Composition-du-PSG-contre-Newcastle-XI-prevu-pour-le-choc.net2Fuploads2F20252F102Fachraf-hakimi-69.webp\" \/>\n\t<meta property=\"og:image:width\" content=\"720\" \/>\n\t<meta property=\"og:image:height\" content=\"410\" \/>\n\t<meta property=\"og:image:type\" content=\"image\/webp\" \/>\n<meta name=\"author\" content=\"Cl\u00e9ment\" \/>\n<meta name=\"twitter:card\" content=\"summary_large_image\" \/>\n<meta name=\"twitter:creator\" content=\"@FootdavantFr\" \/>\n<meta name=\"twitter:site\" content=\"@FootdavantFr\" \/>\n<meta name=\"twitter:label1\" content=\"\u00c9crit par\" \/>\n\t<meta name=\"twitter:data1\" content=\"Cl\u00e9ment\" \/>\n\t<meta name=\"twitter:label2\" content=\"Dur\u00e9e de lecture estim\u00e9e\" \/>\n\t<meta name=\"twitter:data2\" content=\"2 minutes\" \/>\n<script type=\"application\/ld+json\" class=\"yoast-schema-graph\">{\"@context\":\"https:\/\/schema.org\",\"@graph\":[{\"@type\":\"Article\",\"@id\":\"https:\/\/footdavant.fr\/actualites\/composition-du-psg-contre-newcastle-xi-prevu-pour-le-choc-de-la-ligue-des-champions-y-compris-le-statut-de-hakimi\/#article\",\"isPartOf\":{\"@id\":\"https:\/\/footdavant.fr\/actualites\/composition-du-psg-contre-newcastle-xi-prevu-pour-le-choc-de-la-ligue-des-champions-y-compris-le-statut-de-hakimi\/\"},\"author\":{\"name\":\"Cl\u00e9ment\",\"@id\":\"https:\/\/footdavant.fr\/actualites\/#\/schema\/person\/bc222566d95871b37e597b3ed3ba5e1d\"},\"headline\":\"Composition du PSG contre Newcastle\u00a0: XI pr\u00e9vu pour le choc de la Ligue des champions, y compris le statut de Hakimi\",\"datePublished\":\"2026-01-27T16:48:04+00:00\",\"dateModified\":\"2026-01-27T16:48:05+00:00\",\"mainEntityOfPage\":{\"@id\":\"https:\/\/footdavant.fr\/actualites\/composition-du-psg-contre-newcastle-xi-prevu-pour-le-choc-de-la-ligue-des-champions-y-compris-le-statut-de-hakimi\/\"},\"wordCount\":391,\"publisher\":{\"@id\":\"https:\/\/footdavant.fr\/actualites\/#organization\"},\"keywords\":[\"champions\",\"choc\",\"composition\",\"compris\",\"contre\",\"des\",\"Hakimi\",\"Ligue\",\"Newcastle\",\"pour\",\"pr\u00e9vu\",\"PSG\",\"statut\"],\"articleSection\":[\"Premier League\"],\"inLanguage\":\"fr-FR\"},{\"@type\":\"WebPage\",\"@id\":\"https:\/\/footdavant.fr\/actualites\/composition-du-psg-contre-newcastle-xi-prevu-pour-le-choc-de-la-ligue-des-champions-y-compris-le-statut-de-hakimi\/\",\"url\":\"https:\/\/footdavant.fr\/actualites\/composition-du-psg-contre-newcastle-xi-prevu-pour-le-choc-de-la-ligue-des-champions-y-compris-le-statut-de-hakimi\/\",\"name\":\"Composition du PSG contre Newcastle\u00a0: XI pr\u00e9vu pour le choc de la Ligue des champions, y compris le statut de Hakimi\",\"isPartOf\":{\"@id\":\"https:\/\/footdavant.fr\/actualites\/#website\"},\"datePublished\":\"2026-01-27T16:48:04+00:00\",\"dateModified\":\"2026-01-27T16:48:05+00:00\",\"breadcrumb\":{\"@id\":\"https:\/\/footdavant.fr\/actualites\/composition-du-psg-contre-newcastle-xi-prevu-pour-le-choc-de-la-ligue-des-champions-y-compris-le-statut-de-hakimi\/#breadcrumb\"},\"inLanguage\":\"fr-FR\",\"potentialAction\":[{\"@type\":\"ReadAction\",\"target\":[\"https:\/\/footdavant.fr\/actualites\/composition-du-psg-contre-newcastle-xi-prevu-pour-le-choc-de-la-ligue-des-champions-y-compris-le-statut-de-hakimi\/\"]}]},{\"@type\":\"BreadcrumbList\",\"@id\":\"https:\/\/footdavant.fr\/actualites\/composition-du-psg-contre-newcastle-xi-prevu-pour-le-choc-de-la-ligue-des-champions-y-compris-le-statut-de-hakimi\/#breadcrumb\",\"itemListElement\":[{\"@type\":\"ListItem\",\"position\":1,\"name\":\"Accueil\",\"item\":\"https:\/\/footdavant.fr\/actualites\/\"},{\"@type\":\"ListItem\",\"position\":2,\"name\":\"Composition du PSG contre Newcastle\u00a0: XI pr\u00e9vu pour le choc de la Ligue des champions, y compris le statut de Hakimi\"}]},{\"@type\":\"WebSite\",\"@id\":\"https:\/\/footdavant.fr\/actualites\/#website\",\"url\":\"https:\/\/footdavant.fr\/actualites\/\",\"name\":\"Foot d'avant\",\"description\":\"\",\"publisher\":{\"@id\":\"https:\/\/footdavant.fr\/actualites\/#organization\"},\"potentialAction\":[{\"@type\":\"SearchAction\",\"target\":{\"@type\":\"EntryPoint\",\"urlTemplate\":\"https:\/\/footdavant.fr\/actualites\/?s={search_term_string}\"},\"query-input\":\"required name=search_term_string\"}],\"inLanguage\":\"fr-FR\"},{\"@type\":\"Organization\",\"@id\":\"https:\/\/footdavant.fr\/actualites\/#organization\",\"name\":\"Foot d'avant\",\"url\":\"https:\/\/footdavant.fr\/actualites\/\",\"logo\":{\"@type\":\"ImageObject\",\"inLanguage\":\"fr-FR\",\"@id\":\"https:\/\/footdavant.fr\/actualites\/#\/schema\/logo\/image\/\",\"url\":\"https:\/\/footdavant.fr\/actualites\/wp-content\/uploads\/2023\/09\/Copy-of-FootDavant-Logo.png\",\"contentUrl\":\"https:\/\/footdavant.fr\/actualites\/wp-content\/uploads\/2023\/09\/Copy-of-FootDavant-Logo.png\",\"width\":936,\"height\":549,\"caption\":\"Foot d'avant\"},\"image\":{\"@id\":\"https:\/\/footdavant.fr\/actualites\/#\/schema\/logo\/image\/\"},\"sameAs\":[\"https:\/\/www.facebook.com\/Footdavant\/\",\"https:\/\/twitter.com\/FootdavantFr\",\"https:\/\/www.instagram.com\/footdavant.fr\/\"]},{\"@type\":\"Person\",\"@id\":\"https:\/\/footdavant.fr\/actualites\/#\/schema\/person\/bc222566d95871b37e597b3ed3ba5e1d\",\"name\":\"Cl\u00e9ment\",\"image\":{\"@type\":\"ImageObject\",\"inLanguage\":\"fr-FR\",\"@id\":\"https:\/\/footdavant.fr\/actualites\/#\/schema\/person\/image\/\",\"url\":\"https:\/\/secure.gravatar.com\/avatar\/7728b29aac2719421e1a9159b2254c44?s=96&d=mm&r=g\",\"contentUrl\":\"https:\/\/secure.gravatar.com\/avatar\/7728b29aac2719421e1a9159b2254c44?s=96&d=mm&r=g\",\"caption\":\"Cl\u00e9ment\"},\"sameAs\":[\"https:\/\/footdavant.fr\/\"]}]}<\/script>\n<!-- \/ Yoast SEO plugin. -->","yoast_head_json":{"title":"Composition du PSG contre Newcastle\u00a0: XI pr\u00e9vu pour le choc de la Ligue des champions, y compris le statut de Hakimi","robots":{"index":"index","follow":"follow","max-snippet":"max-snippet:-1","max-image-preview":"max-image-preview:large","max-video-preview":"max-video-preview:-1"},"canonical":"https:\/\/footdavant.fr\/actualites\/composition-du-psg-contre-newcastle-xi-prevu-pour-le-choc-de-la-ligue-des-champions-y-compris-le-statut-de-hakimi\/","og_locale":"fr_FR","og_type":"article","og_title":"Composition du PSG contre Newcastle\u00a0: XI pr\u00e9vu pour le choc de la Ligue des champions, y compris le statut de Hakimi","og_description":"Le Paris Saint-Germain cherchera \u00e0 s&#39;assurer une place automatique en huiti\u00e8mes de finale de Ligue des champions avec une victoire mercredi au Parc des Princes","og_url":"https:\/\/footdavant.fr\/actualites\/composition-du-psg-contre-newcastle-xi-prevu-pour-le-choc-de-la-ligue-des-champions-y-compris-le-statut-de-hakimi\/","og_site_name":"Foot d&#039;avant","article_publisher":"https:\/\/www.facebook.com\/Footdavant\/","article_published_time":"2026-01-27T16:48:04+00:00","article_modified_time":"2026-01-27T16:48:05+00:00","og_image":[{"width":720,"height":410,"url":"https:\/\/footdavant.fr\/actualites\/wp-content\/uploads\/2026\/01\/Composition-du-PSG-contre-Newcastle-XI-prevu-pour-le-choc.net2Fuploads2F20252F102Fachraf-hakimi-69.webp","type":"image\/webp"}],"author":"Cl\u00e9ment","twitter_card":"summary_large_image","twitter_creator":"@FootdavantFr","twitter_site":"@FootdavantFr","twitter_misc":{"\u00c9crit par":"Cl\u00e9ment","Dur\u00e9e de lecture estim\u00e9e":"2 minutes"},"schema":{"@context":"https:\/\/schema.org","@graph":[{"@type":"Article","@id":"https:\/\/footdavant.fr\/actualites\/composition-du-psg-contre-newcastle-xi-prevu-pour-le-choc-de-la-ligue-des-champions-y-compris-le-statut-de-hakimi\/#article","isPartOf":{"@id":"https:\/\/footdavant.fr\/actualites\/composition-du-psg-contre-newcastle-xi-prevu-pour-le-choc-de-la-ligue-des-champions-y-compris-le-statut-de-hakimi\/"},"author":{"name":"Cl\u00e9ment","@id":"https:\/\/footdavant.fr\/actualites\/#\/schema\/person\/bc222566d95871b37e597b3ed3ba5e1d"},"headline":"Composition du PSG contre Newcastle\u00a0: XI pr\u00e9vu pour le choc de la Ligue des champions, y compris le statut de Hakimi","datePublished":"2026-01-27T16:48:04+00:00","dateModified":"2026-01-27T16:48:05+00:00","mainEntityOfPage":{"@id":"https:\/\/footdavant.fr\/actualites\/composition-du-psg-contre-newcastle-xi-prevu-pour-le-choc-de-la-ligue-des-champions-y-compris-le-statut-de-hakimi\/"},"wordCount":391,"publisher":{"@id":"https:\/\/footdavant.fr\/actualites\/#organization"},"keywords":["champions","choc","composition","compris","contre","des","Hakimi","Ligue","Newcastle","pour","pr\u00e9vu","PSG","statut"],"articleSection":["Premier League"],"inLanguage":"fr-FR"},{"@type":"WebPage","@id":"https:\/\/footdavant.fr\/actualites\/composition-du-psg-contre-newcastle-xi-prevu-pour-le-choc-de-la-ligue-des-champions-y-compris-le-statut-de-hakimi\/","url":"https:\/\/footdavant.fr\/actualites\/composition-du-psg-contre-newcastle-xi-prevu-pour-le-choc-de-la-ligue-des-champions-y-compris-le-statut-de-hakimi\/","name":"Composition du PSG contre Newcastle\u00a0: XI pr\u00e9vu pour le choc de la Ligue des champions, y compris le statut de Hakimi","isPartOf":{"@id":"https:\/\/footdavant.fr\/actualites\/#website"},"datePublished":"2026-01-27T16:48:04+00:00","dateModified":"2026-01-27T16:48:05+00:00","breadcrumb":{"@id":"https:\/\/footdavant.fr\/actualites\/composition-du-psg-contre-newcastle-xi-prevu-pour-le-choc-de-la-ligue-des-champions-y-compris-le-statut-de-hakimi\/#breadcrumb"},"inLanguage":"fr-FR","potentialAction":[{"@type":"ReadAction","target":["https:\/\/footdavant.fr\/actualites\/composition-du-psg-contre-newcastle-xi-prevu-pour-le-choc-de-la-ligue-des-champions-y-compris-le-statut-de-hakimi\/"]}]},{"@type":"BreadcrumbList","@id":"https:\/\/footdavant.fr\/actualites\/composition-du-psg-contre-newcastle-xi-prevu-pour-le-choc-de-la-ligue-des-champions-y-compris-le-statut-de-hakimi\/#breadcrumb","itemListElement":[{"@type":"ListItem","position":1,"name":"Accueil","item":"https:\/\/footdavant.fr\/actualites\/"},{"@type":"ListItem","position":2,"name":"Composition du PSG contre Newcastle\u00a0: XI pr\u00e9vu pour le choc de la Ligue des champions, y compris le statut de Hakimi"}]},{"@type":"WebSite","@id":"https:\/\/footdavant.fr\/actualites\/#website","url":"https:\/\/footdavant.fr\/actualites\/","name":"Foot d'avant","description":"","publisher":{"@id":"https:\/\/footdavant.fr\/actualites\/#organization"},"potentialAction":[{"@type":"SearchAction","target":{"@type":"EntryPoint","urlTemplate":"https:\/\/footdavant.fr\/actualites\/?s={search_term_string}"},"query-input":"required name=search_term_string"}],"inLanguage":"fr-FR"},{"@type":"Organization","@id":"https:\/\/footdavant.fr\/actualites\/#organization","name":"Foot d'avant","url":"https:\/\/footdavant.fr\/actualites\/","logo":{"@type":"ImageObject","inLanguage":"fr-FR","@id":"https:\/\/footdavant.fr\/actualites\/#\/schema\/logo\/image\/","url":"https:\/\/footdavant.fr\/actualites\/wp-content\/uploads\/2023\/09\/Copy-of-FootDavant-Logo.png","contentUrl":"https:\/\/footdavant.fr\/actualites\/wp-content\/uploads\/2023\/09\/Copy-of-FootDavant-Logo.png","width":936,"height":549,"caption":"Foot d'avant"},"image":{"@id":"https:\/\/footdavant.fr\/actualites\/#\/schema\/logo\/image\/"},"sameAs":["https:\/\/www.facebook.com\/Footdavant\/","https:\/\/twitter.com\/FootdavantFr","https:\/\/www.instagram.com\/footdavant.fr\/"]},{"@type":"Person","@id":"https:\/\/footdavant.fr\/actualites\/#\/schema\/person\/bc222566d95871b37e597b3ed3ba5e1d","name":"Cl\u00e9ment","image":{"@type":"ImageObject","inLanguage":"fr-FR","@id":"https:\/\/footdavant.fr\/actualites\/#\/schema\/person\/image\/","url":"https:\/\/secure.gravatar.com\/avatar\/7728b29aac2719421e1a9159b2254c44?s=96&d=mm&r=g","contentUrl":"https:\/\/secure.gravatar.com\/avatar\/7728b29aac2719421e1a9159b2254c44?s=96&d=mm&r=g","caption":"Cl\u00e9ment"},"sameAs":["https:\/\/footdavant.fr\/"]}]}},"_links":{"self":[{"href":"https:\/\/footdavant.fr\/actualites\/wp-json\/wp\/v2\/posts\/33877"}],"collection":[{"href":"https:\/\/footdavant.fr\/actualites\/wp-json\/wp\/v2\/posts"}],"about":[{"href":"https:\/\/footdavant.fr\/actualites\/wp-json\/wp\/v2\/types\/post"}],"author":[{"embeddable":true,"href":"https:\/\/footdavant.fr\/actualites\/wp-json\/wp\/v2\/users\/1"}],"replies":[{"embeddable":true,"href":"https:\/\/footdavant.fr\/actualites\/wp-json\/wp\/v2\/comments?post=33877"}],"version-history":[{"count":1,"href":"https:\/\/footdavant.fr\/actualites\/wp-json\/wp\/v2\/posts\/33877\/revisions"}],"predecessor-version":[{"id":33879,"href":"https:\/\/footdavant.fr\/actualites\/wp-json\/wp\/v2\/posts\/33877\/revisions\/33879"}],"wp:featuredmedia":[{"embeddable":true,"href":"https:\/\/footdavant.fr\/actualites\/wp-json\/wp\/v2\/media\/33878"}],"wp:attachment":[{"href":"https:\/\/footdavant.fr\/actualites\/wp-json\/wp\/v2\/media?parent=33877"}],"wp:term":[{"taxonomy":"category","embeddable":true,"href":"https:\/\/footdavant.fr\/actualites\/wp-json\/wp\/v2\/categories?post=33877"},{"taxonomy":"post_tag","embeddable":true,"href":"https:\/\/footdavant.fr\/actualites\/wp-json\/wp\/v2\/tags?post=33877"}],"curies":[{"name":"wp","href":"https:\/\/api.w.org\/{rel}","templated":true}]}}