{"id":33880,"date":"2026-01-27T19:48:09","date_gmt":"2026-01-27T18:48:09","guid":{"rendered":"https:\/\/footdavant.fr\/actualites\/iliman-ndiaye-man-united-pret-a-attirer-lailier-deverton\/"},"modified":"2026-01-27T19:48:11","modified_gmt":"2026-01-27T18:48:11","slug":"iliman-ndiaye-man-united-pret-a-attirer-lailier-deverton","status":"publish","type":"post","link":"https:\/\/footdavant.fr\/actualites\/iliman-ndiaye-man-united-pret-a-attirer-lailier-deverton\/","title":{"rendered":"Iliman Ndiaye: Man United pr\u00eat \u00e0 attirer l&#39;ailier d&#39;Everton &#8211;"},"content":{"rendered":"<div id=\"penci-post-entry-inner\">\n<p>\t\t\t<i class=\"penci-post-countview-number-check\" style=\"display:none\">2<\/i><\/p>\n<p>Manchester United pr\u00e9pare une \u00ab d\u00e9cision \u00e0 succ\u00e8s \u00bb pour Iliman Ndiaye alors que les projets de transfert du club cet \u00e9t\u00e9 commencent \u00e0 prendre forme, selon un nouveau rapport.<\/p>\n<h5>Un nouvel ailier gauche<\/h5>\n<p>United \u00e9tait pr\u00eat \u00e0 lancer un raid inattendu pour recruter Antoine Semenyo ce mois-ci, mais le talisman de Bournemouth a rejet\u00e9 ces avanc\u00e9es en faveur d&#39;un transfert dans la moiti\u00e9 bleue de Manchester.<\/p>\n<p>L&#39;ailier de 26 ans \u00e9tait une cible \u00e0 long terme, le directeur sportif du club Jason Wilcox l&#39;ayant invit\u00e9 \u00e0 d\u00eener l&#39;\u00e9t\u00e9 dernier pour discuter d&#39;un \u00e9ventuel transfert.<\/p>\n<p>En fin de compte, United a plut\u00f4t donn\u00e9 la priorit\u00e9 \u00e0 la poursuite de Bryan Mbeumo, concluant finalement un accord de 71 millions de livres sterling avec Brentford pour l\u2019international camerounais.<\/p>\n<p>Cependant, l&#39;int\u00e9r\u00eat de United pour la signature d&#39;un autre ailier ne s&#39;est pas dissip\u00e9, comme l&#39;a d\u00e9montr\u00e9 l&#39;\u00e9chec de l&#39;approche de Semenyo \u00e0 No\u00ebl, Ruben Amorim \u00e9tant m\u00eame soup\u00e7onn\u00e9 d&#39;\u00eatre pr\u00eat \u00e0 adapter son syst\u00e8me pour attirer le Ghan\u00e9en \u00e0 Old Trafford.<\/p>\n<p>Un mois plus tard, Semenyo joue pour City tandis qu&#39;Amorim n&#39;est plus l&#39;entra\u00eeneur-chef des Red Devils, apr\u00e8s avoir \u00e9t\u00e9 limog\u00e9 apr\u00e8s une dispute explosive avec Wilcox et remplac\u00e9 par Michael Carrick comme gardien jusqu&#39;\u00e0 la fin de la saison.<\/p>\n<p>N\u00e9anmoins, l&#39;intention de United de recruter un ailier gauche volant demeure, le besoin d&#39;une nouvelle option augmentant voire augmentant, compte tenu du passage \u00e0 une formation 4-2-3-1. <span>\u2013 un syst\u00e8me que celui qui sera nomm\u00e9 cet \u00e9t\u00e9 devrait maintenir. <\/span><\/p>\n<h5>Showboat s\u00e9n\u00e9galais<\/h5>\n<p>  r\u00e9v\u00e8le que United a identifi\u00e9 Ndiaye comme une option, les \u00ab comp\u00e9tences brillantes, la capacit\u00e9 de marquer des buts et de cr\u00e9ation d&#39;occasions \u00bb de l&#39;ailier d&#39;Everton ayant impressionn\u00e9 au Th\u00e9\u00e2tre des r\u00eaves.<\/p>\n<p>\u00ab\u00a0Des sources ont indiqu\u00e9 que Ndiaye avait un nombre croissant d&#39;admirateurs au sein du club, son style de jeu et son profil g\u00e9n\u00e9ral \u00e9tant consid\u00e9r\u00e9s comme un bon choix pour ce que United cherche \u00e0 ajouter en attaque.\u00a0\u00bb<\/p>\n<h2 id=\"tablepress-710-name\" class=\"tablepress-table-name tablepress-table-name-id-710\">Iliman Ndiaye &#8211; Stats 25\/26<\/h2>\n<table id=\"tablepress-710\" class=\"tablepress tablepress-id-710\" aria-labelledby=\"tablepress-710-name\">\n<thead>\n<tr class=\"row-1\">\n<th class=\"column-1\">\u00c9quipe<\/th>\n<th class=\"column-2\">Apparitions<\/th>\n<th class=\"column-3\">Objectifs<\/th>\n<th class=\"column-4\">Aides<\/th>\n<\/tr>\n<\/thead>\n<tbody class=\"row-striping row-hover\">\n<tr class=\"row-2\">\n<td class=\"column-1\">Everton<\/td>\n<td class=\"column-2\">19<\/td>\n<td class=\"column-3\">4<\/td>\n<td class=\"column-4\">2<\/td>\n<\/tr>\n<\/tbody>\n<\/table>\n<p><!-- #tablepress-710 from cache --><\/p>\n<p>Une multitude de clubs <span>\u2013 \u00e0 l\u2019int\u00e9rieur et \u00e0 l\u2019ext\u00e9rieur de l\u2019Angleterre \u2013<\/span> seraient \u00e9galement \u00e0 la recherche de l&#39;international s\u00e9n\u00e9galais, qui a aid\u00e9 son pays \u00e0 triompher \u00e0 la Coupe d&#39;Afrique des Nations ce mois-ci.<\/p>\n<p>L&#39;\u00e9t\u00e9 dernier, l&#39;Inter Milan s&#39;est vu rejeter une offre de 40 millions de livres sterling, ce qui indique la valorisation que les Toffees d\u00e9tiennent pour leur joueur vedette.<\/p>\n<p>En effet, il affirme qu\u2019il faudra des \u00ab frais colossaux \u00bb pour l\u2019extraire du Merseyside, le montant record du club de 75 millions de livres sterling re\u00e7u pour que Romelu Lukaku signe pour United soit r\u00e9f\u00e9renc\u00e9 comme r\u00e9f\u00e9rence.<\/p>\n<p>Le rapport conclut que les Diables Rouges seront \u00ab op\u00e9rationnels \u00bb.[ing] avec un soutien financier important\u00a0\u00bb cet \u00e9t\u00e9, sugg\u00e9rant cependant un raid important pour r\u00e9p\u00e9ter le tour qui a amen\u00e9 un attaquant vedette d&#39;Everton \u00e0 Old Trafford.<\/p>\n<p>a \u00e9t\u00e9 tr\u00e8s impressionn\u00e9 par les performances de Ndiaye cette saison, et une analyse plus d\u00e9taill\u00e9e des raisons pour lesquelles il serait une excellente signature peut \u00eatre trouv\u00e9e ici.<\/p>\n<hr\/>\n<p>The Peoples Person est l&#39;un des principaux sites d&#39;information de Man United au monde depuis plus d&#39;une d\u00e9cennie. Suivez-nous sur Bluesky\u00a0: @peoplesperson.bsky.social <video width=\"728\" height=\"90\" style=\"display: block;\" autoplay=\"autoplay\" loop=\"loop\" muted=\"\" playsinline=\"\" preload=\"auto\" controlslist=\"nodownload\" disablepictureinpicture=\"\"><source src=\"https:\/\/thepeoplesperson.com\/wp-content\/uploads\/2026\/01\/write-for-us-video.mp4\" type=\"video\/mp4\"\/><\/video><\/p>\n<p><!-- CONTENT END 2 --><\/p><\/div>\n","protected":false},"excerpt":{"rendered":"<p>2 Manchester United pr\u00e9pare une \u00ab d\u00e9cision \u00e0 succ\u00e8s \u00bb pour Iliman Ndiaye alors que les projets de transfert du club cet \u00e9t\u00e9 commencent \u00e0<\/p>\n","protected":false},"author":1,"featured_media":33881,"comment_status":"closed","ping_status":"","sticky":false,"template":"","format":"standard","meta":{"footnotes":""},"categories":[3],"tags":[2553,4282,11394,4734,24,5491,165,13],"yoast_head":"<!-- This site is optimized with the Yoast SEO plugin v21.0 - https:\/\/yoast.com\/wordpress\/plugins\/seo\/ -->\n<title>Iliman Ndiaye: Man United pr\u00eat \u00e0 attirer l&#039;ailier d&#039;Everton -<\/title>\n<meta name=\"robots\" content=\"index, follow, max-snippet:-1, max-image-preview:large, max-video-preview:-1\" \/>\n<link rel=\"canonical\" href=\"https:\/\/footdavant.fr\/actualites\/iliman-ndiaye-man-united-pret-a-attirer-lailier-deverton\/\" \/>\n<meta property=\"og:locale\" content=\"fr_FR\" \/>\n<meta property=\"og:type\" content=\"article\" \/>\n<meta property=\"og:title\" content=\"Iliman Ndiaye: Man United pr\u00eat \u00e0 attirer l&#039;ailier d&#039;Everton -\" \/>\n<meta property=\"og:description\" content=\"2 Manchester United pr\u00e9pare une \u00ab d\u00e9cision \u00e0 succ\u00e8s \u00bb pour Iliman Ndiaye alors que les projets de transfert du club cet \u00e9t\u00e9 commencent \u00e0\" \/>\n<meta property=\"og:url\" content=\"https:\/\/footdavant.fr\/actualites\/iliman-ndiaye-man-united-pret-a-attirer-lailier-deverton\/\" \/>\n<meta property=\"og:site_name\" content=\"Foot d&#039;avant\" \/>\n<meta property=\"article:publisher\" content=\"https:\/\/www.facebook.com\/Footdavant\/\" \/>\n<meta property=\"article:published_time\" content=\"2026-01-27T18:48:09+00:00\" \/>\n<meta property=\"article:modified_time\" content=\"2026-01-27T18:48:11+00:00\" \/>\n<meta property=\"og:image\" content=\"https:\/\/footdavant.fr\/actualites\/wp-content\/uploads\/2026\/01\/Iliman-Ndiaye-Man-United-pret-a-attirer-l39ailier-d39Everton.jpg\" \/>\n\t<meta property=\"og:image:width\" content=\"1600\" \/>\n\t<meta property=\"og:image:height\" content=\"709\" \/>\n\t<meta property=\"og:image:type\" content=\"image\/jpeg\" \/>\n<meta name=\"author\" content=\"Cl\u00e9ment\" \/>\n<meta name=\"twitter:card\" content=\"summary_large_image\" \/>\n<meta name=\"twitter:creator\" content=\"@FootdavantFr\" \/>\n<meta name=\"twitter:site\" content=\"@FootdavantFr\" \/>\n<meta name=\"twitter:label1\" content=\"\u00c9crit par\" \/>\n\t<meta name=\"twitter:data1\" content=\"Cl\u00e9ment\" \/>\n\t<meta name=\"twitter:label2\" content=\"Dur\u00e9e de lecture estim\u00e9e\" \/>\n\t<meta name=\"twitter:data2\" content=\"3 minutes\" \/>\n<script type=\"application\/ld+json\" class=\"yoast-schema-graph\">{\"@context\":\"https:\/\/schema.org\",\"@graph\":[{\"@type\":\"Article\",\"@id\":\"https:\/\/footdavant.fr\/actualites\/iliman-ndiaye-man-united-pret-a-attirer-lailier-deverton\/#article\",\"isPartOf\":{\"@id\":\"https:\/\/footdavant.fr\/actualites\/iliman-ndiaye-man-united-pret-a-attirer-lailier-deverton\/\"},\"author\":{\"name\":\"Cl\u00e9ment\",\"@id\":\"https:\/\/footdavant.fr\/actualites\/#\/schema\/person\/bc222566d95871b37e597b3ed3ba5e1d\"},\"headline\":\"Iliman Ndiaye: Man United pr\u00eat \u00e0 attirer l&#39;ailier d&#39;Everton &#8211;\",\"datePublished\":\"2026-01-27T18:48:09+00:00\",\"dateModified\":\"2026-01-27T18:48:11+00:00\",\"mainEntityOfPage\":{\"@id\":\"https:\/\/footdavant.fr\/actualites\/iliman-ndiaye-man-united-pret-a-attirer-lailier-deverton\/\"},\"wordCount\":591,\"publisher\":{\"@id\":\"https:\/\/footdavant.fr\/actualites\/#organization\"},\"keywords\":[\"attirer\",\"d39Everton\",\"Iliman\",\"l39ailier\",\"Man\",\"Ndiaye\",\"pr\u00eat\",\"United\"],\"articleSection\":[\"Football\"],\"inLanguage\":\"fr-FR\"},{\"@type\":\"WebPage\",\"@id\":\"https:\/\/footdavant.fr\/actualites\/iliman-ndiaye-man-united-pret-a-attirer-lailier-deverton\/\",\"url\":\"https:\/\/footdavant.fr\/actualites\/iliman-ndiaye-man-united-pret-a-attirer-lailier-deverton\/\",\"name\":\"Iliman Ndiaye: Man United pr\u00eat \u00e0 attirer l&#39;ailier d&#39;Everton -\",\"isPartOf\":{\"@id\":\"https:\/\/footdavant.fr\/actualites\/#website\"},\"datePublished\":\"2026-01-27T18:48:09+00:00\",\"dateModified\":\"2026-01-27T18:48:11+00:00\",\"breadcrumb\":{\"@id\":\"https:\/\/footdavant.fr\/actualites\/iliman-ndiaye-man-united-pret-a-attirer-lailier-deverton\/#breadcrumb\"},\"inLanguage\":\"fr-FR\",\"potentialAction\":[{\"@type\":\"ReadAction\",\"target\":[\"https:\/\/footdavant.fr\/actualites\/iliman-ndiaye-man-united-pret-a-attirer-lailier-deverton\/\"]}]},{\"@type\":\"BreadcrumbList\",\"@id\":\"https:\/\/footdavant.fr\/actualites\/iliman-ndiaye-man-united-pret-a-attirer-lailier-deverton\/#breadcrumb\",\"itemListElement\":[{\"@type\":\"ListItem\",\"position\":1,\"name\":\"Accueil\",\"item\":\"https:\/\/footdavant.fr\/actualites\/\"},{\"@type\":\"ListItem\",\"position\":2,\"name\":\"Iliman Ndiaye: Man United pr\u00eat \u00e0 attirer l&#39;ailier d&#39;Everton &#8211;\"}]},{\"@type\":\"WebSite\",\"@id\":\"https:\/\/footdavant.fr\/actualites\/#website\",\"url\":\"https:\/\/footdavant.fr\/actualites\/\",\"name\":\"Foot d'avant\",\"description\":\"\",\"publisher\":{\"@id\":\"https:\/\/footdavant.fr\/actualites\/#organization\"},\"potentialAction\":[{\"@type\":\"SearchAction\",\"target\":{\"@type\":\"EntryPoint\",\"urlTemplate\":\"https:\/\/footdavant.fr\/actualites\/?s={search_term_string}\"},\"query-input\":\"required name=search_term_string\"}],\"inLanguage\":\"fr-FR\"},{\"@type\":\"Organization\",\"@id\":\"https:\/\/footdavant.fr\/actualites\/#organization\",\"name\":\"Foot d'avant\",\"url\":\"https:\/\/footdavant.fr\/actualites\/\",\"logo\":{\"@type\":\"ImageObject\",\"inLanguage\":\"fr-FR\",\"@id\":\"https:\/\/footdavant.fr\/actualites\/#\/schema\/logo\/image\/\",\"url\":\"https:\/\/footdavant.fr\/actualites\/wp-content\/uploads\/2023\/09\/Copy-of-FootDavant-Logo.png\",\"contentUrl\":\"https:\/\/footdavant.fr\/actualites\/wp-content\/uploads\/2023\/09\/Copy-of-FootDavant-Logo.png\",\"width\":936,\"height\":549,\"caption\":\"Foot d'avant\"},\"image\":{\"@id\":\"https:\/\/footdavant.fr\/actualites\/#\/schema\/logo\/image\/\"},\"sameAs\":[\"https:\/\/www.facebook.com\/Footdavant\/\",\"https:\/\/twitter.com\/FootdavantFr\",\"https:\/\/www.instagram.com\/footdavant.fr\/\"]},{\"@type\":\"Person\",\"@id\":\"https:\/\/footdavant.fr\/actualites\/#\/schema\/person\/bc222566d95871b37e597b3ed3ba5e1d\",\"name\":\"Cl\u00e9ment\",\"image\":{\"@type\":\"ImageObject\",\"inLanguage\":\"fr-FR\",\"@id\":\"https:\/\/footdavant.fr\/actualites\/#\/schema\/person\/image\/\",\"url\":\"https:\/\/secure.gravatar.com\/avatar\/7728b29aac2719421e1a9159b2254c44?s=96&d=mm&r=g\",\"contentUrl\":\"https:\/\/secure.gravatar.com\/avatar\/7728b29aac2719421e1a9159b2254c44?s=96&d=mm&r=g\",\"caption\":\"Cl\u00e9ment\"},\"sameAs\":[\"https:\/\/footdavant.fr\/\"]}]}<\/script>\n<!-- \/ Yoast SEO plugin. -->","yoast_head_json":{"title":"Iliman Ndiaye: Man United pr\u00eat \u00e0 attirer l&#39;ailier d&#39;Everton -","robots":{"index":"index","follow":"follow","max-snippet":"max-snippet:-1","max-image-preview":"max-image-preview:large","max-video-preview":"max-video-preview:-1"},"canonical":"https:\/\/footdavant.fr\/actualites\/iliman-ndiaye-man-united-pret-a-attirer-lailier-deverton\/","og_locale":"fr_FR","og_type":"article","og_title":"Iliman Ndiaye: Man United pr\u00eat \u00e0 attirer l&#39;ailier d&#39;Everton -","og_description":"2 Manchester United pr\u00e9pare une \u00ab d\u00e9cision \u00e0 succ\u00e8s \u00bb pour Iliman Ndiaye alors que les projets de transfert du club cet \u00e9t\u00e9 commencent \u00e0","og_url":"https:\/\/footdavant.fr\/actualites\/iliman-ndiaye-man-united-pret-a-attirer-lailier-deverton\/","og_site_name":"Foot d&#039;avant","article_publisher":"https:\/\/www.facebook.com\/Footdavant\/","article_published_time":"2026-01-27T18:48:09+00:00","article_modified_time":"2026-01-27T18:48:11+00:00","og_image":[{"width":1600,"height":709,"url":"https:\/\/footdavant.fr\/actualites\/wp-content\/uploads\/2026\/01\/Iliman-Ndiaye-Man-United-pret-a-attirer-l39ailier-d39Everton.jpg","type":"image\/jpeg"}],"author":"Cl\u00e9ment","twitter_card":"summary_large_image","twitter_creator":"@FootdavantFr","twitter_site":"@FootdavantFr","twitter_misc":{"\u00c9crit par":"Cl\u00e9ment","Dur\u00e9e de lecture estim\u00e9e":"3 minutes"},"schema":{"@context":"https:\/\/schema.org","@graph":[{"@type":"Article","@id":"https:\/\/footdavant.fr\/actualites\/iliman-ndiaye-man-united-pret-a-attirer-lailier-deverton\/#article","isPartOf":{"@id":"https:\/\/footdavant.fr\/actualites\/iliman-ndiaye-man-united-pret-a-attirer-lailier-deverton\/"},"author":{"name":"Cl\u00e9ment","@id":"https:\/\/footdavant.fr\/actualites\/#\/schema\/person\/bc222566d95871b37e597b3ed3ba5e1d"},"headline":"Iliman Ndiaye: Man United pr\u00eat \u00e0 attirer l&#39;ailier d&#39;Everton &#8211;","datePublished":"2026-01-27T18:48:09+00:00","dateModified":"2026-01-27T18:48:11+00:00","mainEntityOfPage":{"@id":"https:\/\/footdavant.fr\/actualites\/iliman-ndiaye-man-united-pret-a-attirer-lailier-deverton\/"},"wordCount":591,"publisher":{"@id":"https:\/\/footdavant.fr\/actualites\/#organization"},"keywords":["attirer","d39Everton","Iliman","l39ailier","Man","Ndiaye","pr\u00eat","United"],"articleSection":["Football"],"inLanguage":"fr-FR"},{"@type":"WebPage","@id":"https:\/\/footdavant.fr\/actualites\/iliman-ndiaye-man-united-pret-a-attirer-lailier-deverton\/","url":"https:\/\/footdavant.fr\/actualites\/iliman-ndiaye-man-united-pret-a-attirer-lailier-deverton\/","name":"Iliman Ndiaye: Man United pr\u00eat \u00e0 attirer l&#39;ailier d&#39;Everton -","isPartOf":{"@id":"https:\/\/footdavant.fr\/actualites\/#website"},"datePublished":"2026-01-27T18:48:09+00:00","dateModified":"2026-01-27T18:48:11+00:00","breadcrumb":{"@id":"https:\/\/footdavant.fr\/actualites\/iliman-ndiaye-man-united-pret-a-attirer-lailier-deverton\/#breadcrumb"},"inLanguage":"fr-FR","potentialAction":[{"@type":"ReadAction","target":["https:\/\/footdavant.fr\/actualites\/iliman-ndiaye-man-united-pret-a-attirer-lailier-deverton\/"]}]},{"@type":"BreadcrumbList","@id":"https:\/\/footdavant.fr\/actualites\/iliman-ndiaye-man-united-pret-a-attirer-lailier-deverton\/#breadcrumb","itemListElement":[{"@type":"ListItem","position":1,"name":"Accueil","item":"https:\/\/footdavant.fr\/actualites\/"},{"@type":"ListItem","position":2,"name":"Iliman Ndiaye: Man United pr\u00eat \u00e0 attirer l&#39;ailier d&#39;Everton &#8211;"}]},{"@type":"WebSite","@id":"https:\/\/footdavant.fr\/actualites\/#website","url":"https:\/\/footdavant.fr\/actualites\/","name":"Foot d'avant","description":"","publisher":{"@id":"https:\/\/footdavant.fr\/actualites\/#organization"},"potentialAction":[{"@type":"SearchAction","target":{"@type":"EntryPoint","urlTemplate":"https:\/\/footdavant.fr\/actualites\/?s={search_term_string}"},"query-input":"required name=search_term_string"}],"inLanguage":"fr-FR"},{"@type":"Organization","@id":"https:\/\/footdavant.fr\/actualites\/#organization","name":"Foot d'avant","url":"https:\/\/footdavant.fr\/actualites\/","logo":{"@type":"ImageObject","inLanguage":"fr-FR","@id":"https:\/\/footdavant.fr\/actualites\/#\/schema\/logo\/image\/","url":"https:\/\/footdavant.fr\/actualites\/wp-content\/uploads\/2023\/09\/Copy-of-FootDavant-Logo.png","contentUrl":"https:\/\/footdavant.fr\/actualites\/wp-content\/uploads\/2023\/09\/Copy-of-FootDavant-Logo.png","width":936,"height":549,"caption":"Foot d'avant"},"image":{"@id":"https:\/\/footdavant.fr\/actualites\/#\/schema\/logo\/image\/"},"sameAs":["https:\/\/www.facebook.com\/Footdavant\/","https:\/\/twitter.com\/FootdavantFr","https:\/\/www.instagram.com\/footdavant.fr\/"]},{"@type":"Person","@id":"https:\/\/footdavant.fr\/actualites\/#\/schema\/person\/bc222566d95871b37e597b3ed3ba5e1d","name":"Cl\u00e9ment","image":{"@type":"ImageObject","inLanguage":"fr-FR","@id":"https:\/\/footdavant.fr\/actualites\/#\/schema\/person\/image\/","url":"https:\/\/secure.gravatar.com\/avatar\/7728b29aac2719421e1a9159b2254c44?s=96&d=mm&r=g","contentUrl":"https:\/\/secure.gravatar.com\/avatar\/7728b29aac2719421e1a9159b2254c44?s=96&d=mm&r=g","caption":"Cl\u00e9ment"},"sameAs":["https:\/\/footdavant.fr\/"]}]}},"_links":{"self":[{"href":"https:\/\/footdavant.fr\/actualites\/wp-json\/wp\/v2\/posts\/33880"}],"collection":[{"href":"https:\/\/footdavant.fr\/actualites\/wp-json\/wp\/v2\/posts"}],"about":[{"href":"https:\/\/footdavant.fr\/actualites\/wp-json\/wp\/v2\/types\/post"}],"author":[{"embeddable":true,"href":"https:\/\/footdavant.fr\/actualites\/wp-json\/wp\/v2\/users\/1"}],"replies":[{"embeddable":true,"href":"https:\/\/footdavant.fr\/actualites\/wp-json\/wp\/v2\/comments?post=33880"}],"version-history":[{"count":1,"href":"https:\/\/footdavant.fr\/actualites\/wp-json\/wp\/v2\/posts\/33880\/revisions"}],"predecessor-version":[{"id":33882,"href":"https:\/\/footdavant.fr\/actualites\/wp-json\/wp\/v2\/posts\/33880\/revisions\/33882"}],"wp:featuredmedia":[{"embeddable":true,"href":"https:\/\/footdavant.fr\/actualites\/wp-json\/wp\/v2\/media\/33881"}],"wp:attachment":[{"href":"https:\/\/footdavant.fr\/actualites\/wp-json\/wp\/v2\/media?parent=33880"}],"wp:term":[{"taxonomy":"category","embeddable":true,"href":"https:\/\/footdavant.fr\/actualites\/wp-json\/wp\/v2\/categories?post=33880"},{"taxonomy":"post_tag","embeddable":true,"href":"https:\/\/footdavant.fr\/actualites\/wp-json\/wp\/v2\/tags?post=33880"}],"curies":[{"name":"wp","href":"https:\/\/api.w.org\/{rel}","templated":true}]}}