{"id":33892,"date":"2026-01-28T03:48:07","date_gmt":"2026-01-28T02:48:07","guid":{"rendered":"https:\/\/footdavant.fr\/actualites\/quelques-reflexions-et-photos-du-mardi-et-tout-ca\/"},"modified":"2026-01-28T03:48:09","modified_gmt":"2026-01-28T02:48:09","slug":"quelques-reflexions-et-photos-du-mardi-et-tout-ca","status":"publish","type":"post","link":"https:\/\/footdavant.fr\/actualites\/quelques-reflexions-et-photos-du-mardi-et-tout-ca\/","title":{"rendered":"Quelques r\u00e9flexions et photos du mardi et tout \u00e7a&#8230;"},"content":{"rendered":"<div>\n<p>Bonjour \u00e0 tous. J&#39;ai quelques r\u00e9flexions sur des choses aujourd&#39;hui. Les voici dans un ordre al\u00e9atoire. Avec une sorte de titre pour chacun.<\/p>\n<h4>Pas le frein \u00e0 main desserr\u00e9, mais l\u2019acc\u00e9l\u00e9rateur baiss\u00e9\u2026<\/h4>\n<p>Je pense qu&#39;une partie de ce qui me frustre dans notre football, c&#39;est la fr\u00e9quence \u00e0 laquelle nous recyclons la possession. D&#39;un c\u00f4t\u00e9, je comprends. Il fournit une mesure de contr\u00f4le. Revenez en arri\u00e8re, recommencez, voyez si vous pouvez attirer l\u2019opposition d\u2019un c\u00f4t\u00e9 \u00e0 l\u2019autre pour tenter de cr\u00e9er une ouverture. Pour nous cependant, cela semble \u00eatre la valeur par d\u00e9faut, parfois erron\u00e9e.<\/p>\n<p>Qu\u2019il s\u2019agisse d\u2019un d\u00e9cret absolu de Mikel Arteta ou de joueurs prudents avant de commettre une erreur et d\u2019en payer le prix, je ne sais pas, mais cela doit venir avant tout d\u2019en haut. Voici un exemple de dimanche. \u00c0 la 25e minute, nous avons le ballon en haut du terrain sur la gauche, mais revenons jusqu&#39;\u00e0 David Raya. Il joue ensuite une passe \u00e0 Declan Rice\u2026<\/p>\n<\/p>\n<p>.. qui trouve ensuite Piero Hincapie sur l&#39;aile gauche. Nous avons contourn\u00e9 la \u00ab presse \u00bb de United tr\u00e8s rapidement. Nous avons alors une situation o\u00f9 s&#39;il avance, c&#39;est 5 contre 4 avec Trossard, Jesus, Odegaard et Saka tous en soutien. United a des hommes qui reculent.<\/p>\n<p><img loading=\"lazy\" decoding=\"async\" class=\"alignnone wp-image-48030 size-full\" src=\"https:\/\/footdavant.fr\/actualites\/wp-content\/uploads\/2026\/01\/1769568486_146_Quelques-reflexions-et-photos-du-mardi-et-tout-ca.jpg\" alt=\"Declan Rice fait une passe \u00e0 Piero Hincapie\" width=\"1500\" height=\"750\"  \/><\/p>\n<p>Mais l&#39;\u00c9quatorien tarde, et quelques secondes plus tard, ils ont d\u00e9sormais 8 hommes derri\u00e8re le ballon, nous sommes en inf\u00e9riorit\u00e9 num\u00e9rique, et il choisit de revenir vers Rice, et finalement une passe de William Saliba \u00e0 Saka est intercept\u00e9e.<\/p>\n<p><img loading=\"lazy\" decoding=\"async\" class=\"alignnone wp-image-48031 size-full\" src=\"https:\/\/footdavant.fr\/actualites\/wp-content\/uploads\/2026\/01\/1769568487_959_Quelques-reflexions-et-photos-du-mardi-et-tout-ca.jpg\" alt=\"Man Utd place \u00e0 nouveau les hommes derri\u00e8re le ballon\" width=\"1500\" height=\"750\"  \/><\/p>\n<p>Ce qui ne veut pas dire que ce moment aurait d\u00fb aboutir \u00e0 un but, mais c&#39;\u00e9tait une opportunit\u00e9 de vraiment mettre \u00e0 rude \u00e9preuve l&#39;opposition que nous n&#39;avons pas saisie. Le contrepoint \u00e0 cela pourrait \u00eatre que si nous perdons la possession, nous avons trop d\u2019hommes devant le ballon, mais j\u2019ai vraiment l\u2019impression que cette \u00e9quipe doit mettre le pied sur l\u2019acc\u00e9l\u00e9rateur dans des moments comme celui-ci. Si nous nous demandons pourquoi il est si difficile de briser les \u00e9quipes et de cr\u00e9er des occasions, cela correspond \u00e0 cela. Le contr\u00f4le est excellent, et si vous pouvez l\u2019exercer avec une efficacit\u00e9 maximale, vous pouvez faire ce que vous devez faire, mais parfois vous avez besoin d\u2019un peu de chaos.<\/p>\n<p>Il y a un \u00e9quilibre risque\/r\u00e9compense, mais il n\u2019y a pas de r\u00e9compense sans risque en premier lieu.<\/p>\n<h4>Pourquoi Saliba est-il ici ?<\/h4>\n<p>Soyons clairs, je pense que William Saliba est un footballeur exceptionnel, un superbe d\u00e9fenseur et quelqu&#39;un qui peut donner une impulsion \u00e0 l&#39;\u00e9quipe. Regardez son excellent parcours qui a donn\u00e9 \u00e0 Noni Madueke l&#39;occasion de mettre un ballon dans la surface de United juste avant de marquer son troisi\u00e8me but.<\/p>\n<p>Mais j&#39;ai remarqu\u00e9 ces derni\u00e8res semaines que nous le voyons dans des positions \u00e9lev\u00e9es sur le terrain pour lesquelles je pense que nous avons besoin d&#39;un profil de joueur diff\u00e9rent. Ici, \u00e0 la 75e minute, alors que nous cherchons \u00e0 \u00e9galiser, nous avons un d\u00e9fenseur central dans une position que je souhaite voir \u00eatre un milieu de terrain cr\u00e9atif.<\/p>\n<p><img loading=\"lazy\" decoding=\"async\" class=\"alignnone wp-image-48032 size-full\" src=\"https:\/\/footdavant.fr\/actualites\/wp-content\/uploads\/2026\/01\/1769568487_395_Quelques-reflexions-et-photos-du-mardi-et-tout-ca.jpg\" alt=\"William Saliba joue haut sur le terrain\" width=\"1500\" height=\"750\"  \/><\/p>\n<p>Saliba est-il assez bon avec le ballon pour faire bouger les choses ? Probablement. Parfois. Mais je pense qu&#39;il y a quelque chose qui ne va pas dans votre structure, m\u00eame en jouant contre une \u00e9quipe aussi profonde que United le sont dans cette image, si c&#39;est un d\u00e9fenseur central qui essaie de fournir le savoir-faire dans le dernier tiers.<\/p>\n<p>Nous avons Saka sur la droite, avec Ben White jouant comme attaquant int\u00e9rieur droit. Jurrien Timber pourrait potentiellement aider \u00e0 \u00e9tendre le jeu sur la gauche s&#39;il \u00e9tait plus proche de Trossard, mais il est l\u00e0 o\u00f9 on pourrait s&#39;attendre \u00e0 ce qu&#39;un milieu de terrain offensif soit, et tout devient tr\u00e8s \u00e9troit, tr\u00e8s condens\u00e9, et donc plus compliqu\u00e9 pour nous de tirer l&#39;opposition pour trouver de l&#39;espace pour les occasions.<\/p>\n<p>Encore une fois, j&#39;adore Saliba, et c&#39;est peut-\u00eatre d\u00fb au fait que la forme de Martin Odegaard a \u00e9t\u00e9 mauvaise et qu&#39;Eberechi Eze a eu du mal \u00e0 avoir un impact constant, mais si nous jouons un football qui n\u00e9cessite qu&#39;un d\u00e9fenseur enfile des passes dans le chas de l&#39;aiguille pour que quelque chose se produise, quelque chose ne va pas.<\/p>\n<h4>Les fans d\u2019Arsenal doivent\u2026<\/h4>\n<p>J&#39;ai vu beaucoup d&#39;articles et de r\u00e9flexions sur ce que les fans d&#39;Arsenal doivent faire en ce moment. Ce qui est bien beau si vous n\u2019avez pas de skin dans le jeu, mais si vous en avez, ils peuvent para\u00eetre un peu condescendants. Certaines personnes sont plus anxieuses que d&#39;autres, d&#39;autres sont plus \u00e0 m\u00eame de dire \u00ab\u00a0ce sont les rebondissements d&#39;une course au titre et je suis \u00e0 bord pour la course\u00a0\u00bb. Il y a une raison pour laquelle certains verres sont \u00e0 moiti\u00e9 pleins et d\u2019autres \u00e0 moiti\u00e9 vides.<\/p>\n<p>Nature humaine.<\/p>\n<p>Alors laissez les gens faire ce qui fonctionne pour eux. Ne leur dites pas comment se sentir, comment r\u00e9agir ou se comporter. Tant que nous ne parlons pas de choses extr\u00eames, je pense que tout ce qui vous aide \u00e0 surmonter est parfaitement acceptable. Si vous d\u00e9fouler en ligne est votre m\u00e9canisme d&#39;adaptation, il n&#39;y a rien de mal \u00e0 cela. Si \u00e9teindre compl\u00e8tement jusqu&#39;au prochain jeu fonctionne pour vous, tant mieux. Vous avez de la chance, dis-je !<\/p>\n<p>Il y a \u00e9videmment des limites \u00e0 ne pas franchir. Si les choses deviennent abusives ou personnelles envers les joueurs et le manager, nous savons tous que ce n&#39;est pas une fa\u00e7on saine de s&#39;exprimer ou de se comporter. Mais pour la plupart, du moins ici sur Arseblog et nos diff\u00e9rentes sections de commentaires, plateformes de discussion, ce n&#39;est pas le cas. Il existe une gamme d&#39;opinions allant du positif \u00e0 l&#39;optimiste jusqu&#39;\u00e0 l&#39;oppos\u00e9 polaire, mais encore une fois, c&#39;est ce que vous obtenez avec un grand nombre de personnes.<\/p>\n<p>J&#39;avoue que je suis quelqu&#39;un qui est g\u00e9n\u00e9ralement pr\u00e9dispos\u00e9 \u00e0 voir les choses de mani\u00e8re positive, ou \u00e0 tout le moins de mani\u00e8re \u00e9quilibr\u00e9e. Ce qui, je pense, se refl\u00e8te dans ce que j&#39;\u00e9cris ici et dans les diff\u00e9rents podcasts. Mais cette saison me cause un niveau d\u2019anxi\u00e9t\u00e9 plus grand que ce \u00e0 quoi je m\u2019attendais. Il s&#39;agit probablement des trois deuxi\u00e8mes places successives, si pr\u00e8s vous donne d\u00e9sesp\u00e9r\u00e9ment envie de r\u00e9ussir. Mais ce sont aussi les 21 ans depuis notre dernier titre. C&#39;est la saison 2007-08 o\u00f9 nous ressemblions \u00e0 des champions potentiels mais avons chut\u00e9 pour des raisons que nous comprenons tous. Nous sommes en 2016, lorsque toutes les autres grandes \u00e9quipes se sont effondr\u00e9es et que nous n&#39;avons toujours pas r\u00e9ussi \u00e0 franchir la ligne d&#39;arriv\u00e9e. C&#39;est la soif de voir une \u00e9quipe que j&#39;aime vraiment, pleine de bons joueurs et de bons gars, conna\u00eetre le succ\u00e8s que je pense qu&#39;elle m\u00e9rite, et le d\u00e9sir de le partager avec mes amis qui soutiennent Arsenal \u00e0 travers le monde.<\/p>\n<p>Si vous avez mal \u00e0 la t\u00eate, quelqu&#39;un qui vous dit \u00ab Arr\u00eatez simplement d&#39;avoir mal \u00e0 la t\u00eate \u00bb n&#39;est pas tr\u00e8s utile. En mai, j&#39;esp\u00e8re pouvoir y revenir comme une saison inoubliable pour toutes les bonnes raisons, mais en ce moment, je vis avec de la tension, des attentes, de l&#39;inqui\u00e9tude, de l&#39;espoir et une pl\u00e9thore d&#39;autres \u00e9motions qui fluctuent \u00e0 chaque fois que nous jouons \u00e0 un match. C&#39;est \u00e0 moi de l&#39;exp\u00e9rimenter ou de l&#39;endurer, comme vous voulez le dire, sans que quelqu&#39;un d&#39;autre me dise comment cela devrait \u00eatre.<\/p>\n<p>\u2014<\/p>\n<p>D&#39;accord, je vais le laisser l\u00e0 pour ce matin. Un grand merci \u00e0 vous tous qui venez chaque jour lire et participer \u00e0 cette communaut\u00e9. L&#39;Arsecast Extra est ci-dessous si vous n&#39;avez pas encore eu l&#39;occasion de l&#39;\u00e9couter, et nous vous apporterons plus tard les mises \u00e0 jour de la conf\u00e9rence de presse de Mikel Arteta sur Arseblog News.<\/p>\n<\/div>\n","protected":false},"excerpt":{"rendered":"<p>Bonjour \u00e0 tous. J&#39;ai quelques r\u00e9flexions sur des choses aujourd&#39;hui. Les voici dans un ordre al\u00e9atoire. Avec une sorte de titre pour chacun. Pas le<\/p>\n","protected":false},"author":1,"featured_media":33893,"comment_status":"closed","ping_status":"","sticky":false,"template":"","format":"standard","meta":{"footnotes":""},"categories":[3],"tags":[1309,2001,1866,1086,4048,291],"yoast_head":"<!-- This site is optimized with the Yoast SEO plugin v21.0 - https:\/\/yoast.com\/wordpress\/plugins\/seo\/ -->\n<title>Quelques r\u00e9flexions et photos du mardi et tout \u00e7a...<\/title>\n<meta name=\"robots\" content=\"index, follow, max-snippet:-1, max-image-preview:large, max-video-preview:-1\" \/>\n<link rel=\"canonical\" href=\"https:\/\/footdavant.fr\/actualites\/quelques-reflexions-et-photos-du-mardi-et-tout-ca\/\" \/>\n<meta property=\"og:locale\" content=\"fr_FR\" \/>\n<meta property=\"og:type\" content=\"article\" \/>\n<meta property=\"og:title\" content=\"Quelques r\u00e9flexions et photos du mardi et tout \u00e7a...\" \/>\n<meta property=\"og:description\" content=\"Bonjour \u00e0 tous. J&#039;ai quelques r\u00e9flexions sur des choses aujourd&#039;hui. Les voici dans un ordre al\u00e9atoire. Avec une sorte de titre pour chacun. Pas le\" \/>\n<meta property=\"og:url\" content=\"https:\/\/footdavant.fr\/actualites\/quelques-reflexions-et-photos-du-mardi-et-tout-ca\/\" \/>\n<meta property=\"og:site_name\" content=\"Foot d&#039;avant\" \/>\n<meta property=\"article:publisher\" content=\"https:\/\/www.facebook.com\/Footdavant\/\" \/>\n<meta property=\"article:published_time\" content=\"2026-01-28T02:48:07+00:00\" \/>\n<meta property=\"article:modified_time\" content=\"2026-01-28T02:48:09+00:00\" \/>\n<meta property=\"og:image\" content=\"https:\/\/footdavant.fr\/actualites\/wp-content\/uploads\/2026\/01\/1769568488_Quelques-reflexions-et-photos-du-mardi-et-tout-ca.jpg\" \/>\n\t<meta property=\"og:image:width\" content=\"1500\" \/>\n\t<meta property=\"og:image:height\" content=\"753\" \/>\n\t<meta property=\"og:image:type\" content=\"image\/jpeg\" \/>\n<meta name=\"author\" content=\"Cl\u00e9ment\" \/>\n<meta name=\"twitter:card\" content=\"summary_large_image\" \/>\n<meta name=\"twitter:creator\" content=\"@FootdavantFr\" \/>\n<meta name=\"twitter:site\" content=\"@FootdavantFr\" \/>\n<meta name=\"twitter:label1\" content=\"\u00c9crit par\" \/>\n\t<meta name=\"twitter:data1\" content=\"Cl\u00e9ment\" \/>\n\t<meta name=\"twitter:label2\" content=\"Dur\u00e9e de lecture estim\u00e9e\" \/>\n\t<meta name=\"twitter:data2\" content=\"7 minutes\" \/>\n<script type=\"application\/ld+json\" class=\"yoast-schema-graph\">{\"@context\":\"https:\/\/schema.org\",\"@graph\":[{\"@type\":\"Article\",\"@id\":\"https:\/\/footdavant.fr\/actualites\/quelques-reflexions-et-photos-du-mardi-et-tout-ca\/#article\",\"isPartOf\":{\"@id\":\"https:\/\/footdavant.fr\/actualites\/quelques-reflexions-et-photos-du-mardi-et-tout-ca\/\"},\"author\":{\"name\":\"Cl\u00e9ment\",\"@id\":\"https:\/\/footdavant.fr\/actualites\/#\/schema\/person\/bc222566d95871b37e597b3ed3ba5e1d\"},\"headline\":\"Quelques r\u00e9flexions et photos du mardi et tout \u00e7a&#8230;\",\"datePublished\":\"2026-01-28T02:48:07+00:00\",\"dateModified\":\"2026-01-28T02:48:09+00:00\",\"mainEntityOfPage\":{\"@id\":\"https:\/\/footdavant.fr\/actualites\/quelques-reflexions-et-photos-du-mardi-et-tout-ca\/\"},\"wordCount\":1414,\"publisher\":{\"@id\":\"https:\/\/footdavant.fr\/actualites\/#organization\"},\"keywords\":[\"\u00e7a\",\"mardi\",\"Photos\",\"quelques\",\"r\u00e9flexions\",\"tout\"],\"articleSection\":[\"Football\"],\"inLanguage\":\"fr-FR\"},{\"@type\":\"WebPage\",\"@id\":\"https:\/\/footdavant.fr\/actualites\/quelques-reflexions-et-photos-du-mardi-et-tout-ca\/\",\"url\":\"https:\/\/footdavant.fr\/actualites\/quelques-reflexions-et-photos-du-mardi-et-tout-ca\/\",\"name\":\"Quelques r\u00e9flexions et photos du mardi et tout \u00e7a...\",\"isPartOf\":{\"@id\":\"https:\/\/footdavant.fr\/actualites\/#website\"},\"datePublished\":\"2026-01-28T02:48:07+00:00\",\"dateModified\":\"2026-01-28T02:48:09+00:00\",\"breadcrumb\":{\"@id\":\"https:\/\/footdavant.fr\/actualites\/quelques-reflexions-et-photos-du-mardi-et-tout-ca\/#breadcrumb\"},\"inLanguage\":\"fr-FR\",\"potentialAction\":[{\"@type\":\"ReadAction\",\"target\":[\"https:\/\/footdavant.fr\/actualites\/quelques-reflexions-et-photos-du-mardi-et-tout-ca\/\"]}]},{\"@type\":\"BreadcrumbList\",\"@id\":\"https:\/\/footdavant.fr\/actualites\/quelques-reflexions-et-photos-du-mardi-et-tout-ca\/#breadcrumb\",\"itemListElement\":[{\"@type\":\"ListItem\",\"position\":1,\"name\":\"Accueil\",\"item\":\"https:\/\/footdavant.fr\/actualites\/\"},{\"@type\":\"ListItem\",\"position\":2,\"name\":\"Quelques r\u00e9flexions et photos du mardi et tout \u00e7a&#8230;\"}]},{\"@type\":\"WebSite\",\"@id\":\"https:\/\/footdavant.fr\/actualites\/#website\",\"url\":\"https:\/\/footdavant.fr\/actualites\/\",\"name\":\"Foot d'avant\",\"description\":\"\",\"publisher\":{\"@id\":\"https:\/\/footdavant.fr\/actualites\/#organization\"},\"potentialAction\":[{\"@type\":\"SearchAction\",\"target\":{\"@type\":\"EntryPoint\",\"urlTemplate\":\"https:\/\/footdavant.fr\/actualites\/?s={search_term_string}\"},\"query-input\":\"required name=search_term_string\"}],\"inLanguage\":\"fr-FR\"},{\"@type\":\"Organization\",\"@id\":\"https:\/\/footdavant.fr\/actualites\/#organization\",\"name\":\"Foot d'avant\",\"url\":\"https:\/\/footdavant.fr\/actualites\/\",\"logo\":{\"@type\":\"ImageObject\",\"inLanguage\":\"fr-FR\",\"@id\":\"https:\/\/footdavant.fr\/actualites\/#\/schema\/logo\/image\/\",\"url\":\"https:\/\/footdavant.fr\/actualites\/wp-content\/uploads\/2023\/09\/Copy-of-FootDavant-Logo.png\",\"contentUrl\":\"https:\/\/footdavant.fr\/actualites\/wp-content\/uploads\/2023\/09\/Copy-of-FootDavant-Logo.png\",\"width\":936,\"height\":549,\"caption\":\"Foot d'avant\"},\"image\":{\"@id\":\"https:\/\/footdavant.fr\/actualites\/#\/schema\/logo\/image\/\"},\"sameAs\":[\"https:\/\/www.facebook.com\/Footdavant\/\",\"https:\/\/twitter.com\/FootdavantFr\",\"https:\/\/www.instagram.com\/footdavant.fr\/\"]},{\"@type\":\"Person\",\"@id\":\"https:\/\/footdavant.fr\/actualites\/#\/schema\/person\/bc222566d95871b37e597b3ed3ba5e1d\",\"name\":\"Cl\u00e9ment\",\"image\":{\"@type\":\"ImageObject\",\"inLanguage\":\"fr-FR\",\"@id\":\"https:\/\/footdavant.fr\/actualites\/#\/schema\/person\/image\/\",\"url\":\"https:\/\/secure.gravatar.com\/avatar\/7728b29aac2719421e1a9159b2254c44?s=96&d=mm&r=g\",\"contentUrl\":\"https:\/\/secure.gravatar.com\/avatar\/7728b29aac2719421e1a9159b2254c44?s=96&d=mm&r=g\",\"caption\":\"Cl\u00e9ment\"},\"sameAs\":[\"https:\/\/footdavant.fr\/\"]}]}<\/script>\n<!-- \/ Yoast SEO plugin. -->","yoast_head_json":{"title":"Quelques r\u00e9flexions et photos du mardi et tout \u00e7a...","robots":{"index":"index","follow":"follow","max-snippet":"max-snippet:-1","max-image-preview":"max-image-preview:large","max-video-preview":"max-video-preview:-1"},"canonical":"https:\/\/footdavant.fr\/actualites\/quelques-reflexions-et-photos-du-mardi-et-tout-ca\/","og_locale":"fr_FR","og_type":"article","og_title":"Quelques r\u00e9flexions et photos du mardi et tout \u00e7a...","og_description":"Bonjour \u00e0 tous. J&#39;ai quelques r\u00e9flexions sur des choses aujourd&#39;hui. Les voici dans un ordre al\u00e9atoire. Avec une sorte de titre pour chacun. Pas le","og_url":"https:\/\/footdavant.fr\/actualites\/quelques-reflexions-et-photos-du-mardi-et-tout-ca\/","og_site_name":"Foot d&#039;avant","article_publisher":"https:\/\/www.facebook.com\/Footdavant\/","article_published_time":"2026-01-28T02:48:07+00:00","article_modified_time":"2026-01-28T02:48:09+00:00","og_image":[{"width":1500,"height":753,"url":"https:\/\/footdavant.fr\/actualites\/wp-content\/uploads\/2026\/01\/1769568488_Quelques-reflexions-et-photos-du-mardi-et-tout-ca.jpg","type":"image\/jpeg"}],"author":"Cl\u00e9ment","twitter_card":"summary_large_image","twitter_creator":"@FootdavantFr","twitter_site":"@FootdavantFr","twitter_misc":{"\u00c9crit par":"Cl\u00e9ment","Dur\u00e9e de lecture estim\u00e9e":"7 minutes"},"schema":{"@context":"https:\/\/schema.org","@graph":[{"@type":"Article","@id":"https:\/\/footdavant.fr\/actualites\/quelques-reflexions-et-photos-du-mardi-et-tout-ca\/#article","isPartOf":{"@id":"https:\/\/footdavant.fr\/actualites\/quelques-reflexions-et-photos-du-mardi-et-tout-ca\/"},"author":{"name":"Cl\u00e9ment","@id":"https:\/\/footdavant.fr\/actualites\/#\/schema\/person\/bc222566d95871b37e597b3ed3ba5e1d"},"headline":"Quelques r\u00e9flexions et photos du mardi et tout \u00e7a&#8230;","datePublished":"2026-01-28T02:48:07+00:00","dateModified":"2026-01-28T02:48:09+00:00","mainEntityOfPage":{"@id":"https:\/\/footdavant.fr\/actualites\/quelques-reflexions-et-photos-du-mardi-et-tout-ca\/"},"wordCount":1414,"publisher":{"@id":"https:\/\/footdavant.fr\/actualites\/#organization"},"keywords":["\u00e7a","mardi","Photos","quelques","r\u00e9flexions","tout"],"articleSection":["Football"],"inLanguage":"fr-FR"},{"@type":"WebPage","@id":"https:\/\/footdavant.fr\/actualites\/quelques-reflexions-et-photos-du-mardi-et-tout-ca\/","url":"https:\/\/footdavant.fr\/actualites\/quelques-reflexions-et-photos-du-mardi-et-tout-ca\/","name":"Quelques r\u00e9flexions et photos du mardi et tout \u00e7a...","isPartOf":{"@id":"https:\/\/footdavant.fr\/actualites\/#website"},"datePublished":"2026-01-28T02:48:07+00:00","dateModified":"2026-01-28T02:48:09+00:00","breadcrumb":{"@id":"https:\/\/footdavant.fr\/actualites\/quelques-reflexions-et-photos-du-mardi-et-tout-ca\/#breadcrumb"},"inLanguage":"fr-FR","potentialAction":[{"@type":"ReadAction","target":["https:\/\/footdavant.fr\/actualites\/quelques-reflexions-et-photos-du-mardi-et-tout-ca\/"]}]},{"@type":"BreadcrumbList","@id":"https:\/\/footdavant.fr\/actualites\/quelques-reflexions-et-photos-du-mardi-et-tout-ca\/#breadcrumb","itemListElement":[{"@type":"ListItem","position":1,"name":"Accueil","item":"https:\/\/footdavant.fr\/actualites\/"},{"@type":"ListItem","position":2,"name":"Quelques r\u00e9flexions et photos du mardi et tout \u00e7a&#8230;"}]},{"@type":"WebSite","@id":"https:\/\/footdavant.fr\/actualites\/#website","url":"https:\/\/footdavant.fr\/actualites\/","name":"Foot d'avant","description":"","publisher":{"@id":"https:\/\/footdavant.fr\/actualites\/#organization"},"potentialAction":[{"@type":"SearchAction","target":{"@type":"EntryPoint","urlTemplate":"https:\/\/footdavant.fr\/actualites\/?s={search_term_string}"},"query-input":"required name=search_term_string"}],"inLanguage":"fr-FR"},{"@type":"Organization","@id":"https:\/\/footdavant.fr\/actualites\/#organization","name":"Foot d'avant","url":"https:\/\/footdavant.fr\/actualites\/","logo":{"@type":"ImageObject","inLanguage":"fr-FR","@id":"https:\/\/footdavant.fr\/actualites\/#\/schema\/logo\/image\/","url":"https:\/\/footdavant.fr\/actualites\/wp-content\/uploads\/2023\/09\/Copy-of-FootDavant-Logo.png","contentUrl":"https:\/\/footdavant.fr\/actualites\/wp-content\/uploads\/2023\/09\/Copy-of-FootDavant-Logo.png","width":936,"height":549,"caption":"Foot d'avant"},"image":{"@id":"https:\/\/footdavant.fr\/actualites\/#\/schema\/logo\/image\/"},"sameAs":["https:\/\/www.facebook.com\/Footdavant\/","https:\/\/twitter.com\/FootdavantFr","https:\/\/www.instagram.com\/footdavant.fr\/"]},{"@type":"Person","@id":"https:\/\/footdavant.fr\/actualites\/#\/schema\/person\/bc222566d95871b37e597b3ed3ba5e1d","name":"Cl\u00e9ment","image":{"@type":"ImageObject","inLanguage":"fr-FR","@id":"https:\/\/footdavant.fr\/actualites\/#\/schema\/person\/image\/","url":"https:\/\/secure.gravatar.com\/avatar\/7728b29aac2719421e1a9159b2254c44?s=96&d=mm&r=g","contentUrl":"https:\/\/secure.gravatar.com\/avatar\/7728b29aac2719421e1a9159b2254c44?s=96&d=mm&r=g","caption":"Cl\u00e9ment"},"sameAs":["https:\/\/footdavant.fr\/"]}]}},"_links":{"self":[{"href":"https:\/\/footdavant.fr\/actualites\/wp-json\/wp\/v2\/posts\/33892"}],"collection":[{"href":"https:\/\/footdavant.fr\/actualites\/wp-json\/wp\/v2\/posts"}],"about":[{"href":"https:\/\/footdavant.fr\/actualites\/wp-json\/wp\/v2\/types\/post"}],"author":[{"embeddable":true,"href":"https:\/\/footdavant.fr\/actualites\/wp-json\/wp\/v2\/users\/1"}],"replies":[{"embeddable":true,"href":"https:\/\/footdavant.fr\/actualites\/wp-json\/wp\/v2\/comments?post=33892"}],"version-history":[{"count":1,"href":"https:\/\/footdavant.fr\/actualites\/wp-json\/wp\/v2\/posts\/33892\/revisions"}],"predecessor-version":[{"id":33894,"href":"https:\/\/footdavant.fr\/actualites\/wp-json\/wp\/v2\/posts\/33892\/revisions\/33894"}],"wp:featuredmedia":[{"embeddable":true,"href":"https:\/\/footdavant.fr\/actualites\/wp-json\/wp\/v2\/media\/33893"}],"wp:attachment":[{"href":"https:\/\/footdavant.fr\/actualites\/wp-json\/wp\/v2\/media?parent=33892"}],"wp:term":[{"taxonomy":"category","embeddable":true,"href":"https:\/\/footdavant.fr\/actualites\/wp-json\/wp\/v2\/categories?post=33892"},{"taxonomy":"post_tag","embeddable":true,"href":"https:\/\/footdavant.fr\/actualites\/wp-json\/wp\/v2\/tags?post=33892"}],"curies":[{"name":"wp","href":"https:\/\/api.w.org\/{rel}","templated":true}]}}