{"id":33910,"date":"2026-01-28T15:48:34","date_gmt":"2026-01-28T14:48:34","guid":{"rendered":"https:\/\/footdavant.fr\/actualites\/harry-maguire-prend-une-decision-cle-sur-lavenir-de-man-united\/"},"modified":"2026-01-28T15:48:35","modified_gmt":"2026-01-28T14:48:35","slug":"harry-maguire-prend-une-decision-cle-sur-lavenir-de-man-united","status":"publish","type":"post","link":"https:\/\/footdavant.fr\/actualites\/harry-maguire-prend-une-decision-cle-sur-lavenir-de-man-united\/","title":{"rendered":"Harry Maguire prend une d\u00e9cision cl\u00e9 sur l&#39;avenir de Man United &#8211;"},"content":{"rendered":"<div id=\"penci-post-entry-inner\">\n<p>\t\t\t<i class=\"penci-post-countview-number-check\" style=\"display:none\">1<\/i><\/p>\n<p><!--Article Start--><br \/>Harry Maguire a pris une d\u00e9cision cl\u00e9 concernant son avenir, le contrat du d\u00e9fenseur de Manchester United devant expirer \u00e0 la fin de la saison, selon le dernier rapport.<\/p>\n<h5>Un homme recherch\u00e9<\/h5>\n<p>Alors que les n\u00e9gociations sont en cours sur un nouvel accord, Maguire a rappel\u00e9 avec insistance \u00e0 INEOS sa valeur dans l&#39;\u00e9quipe avec deux d\u00e9monstrations imp\u00e9rieuses au c\u0153ur de la d\u00e9fense de Michael Carrick.<\/p>\n<p>Les Diables Rouges ont port\u00e9 des coups d\u00e9vastateurs \u00e0 leurs rivaux acharn\u00e9s, Manchester City et Arsenal, avec des victoires cons\u00e9cutives lors de la premi\u00e8re semaine de Carrick \u00e0 la t\u00eate d&#39;Old Trafford.<\/p>\n<p>Maguire a \u00e9t\u00e9 exceptionnel dans les deux matchs, rassemblant efficacement Erling Haaland dans le derby avant de malmener litt\u00e9ralement Gabriel aux Emirats dimanche.<\/p>\n<h2 id=\"tablepress-715-name\" class=\"tablepress-table-name tablepress-table-name-id-715\">Statistiques de Harry Maguire\u00a0: saison 2025\/26<\/h2>\n<table id=\"tablepress-715\" class=\"tablepress tablepress-id-715\" aria-labelledby=\"tablepress-715-name\">\n<thead>\n<tr class=\"row-1\">\n<th class=\"column-1\">Concours<\/th>\n<th class=\"column-2\">Apparitions<\/th>\n<th class=\"column-3\">Commence<\/th>\n<th class=\"column-4\">Objectifs<\/th>\n<th class=\"column-5\">Aides<\/th>\n<th class=\"column-6\">Cartons jaunes<\/th>\n<th class=\"column-7\">Cartons rouges<\/th>\n<th class=\"column-8\">Minutes jou\u00e9es<\/th>\n<\/tr>\n<\/thead>\n<tbody class=\"row-striping row-hover\">\n<tr class=\"row-2\">\n<td class=\"column-1\">Premi\u00e8re Ligue<\/td>\n<td class=\"column-2\">10<\/td>\n<td class=\"column-3\">5<\/td>\n<td class=\"column-4\">1<\/td>\n<td class=\"column-5\">1<\/td>\n<td class=\"column-6\">&#8211;<\/td>\n<td class=\"column-7\">&#8211;<\/td>\n<td class=\"column-8\">524&#39;<\/td>\n<\/tr>\n<tr class=\"row-3\">\n<td class=\"column-1\">Coupe EFL<\/td>\n<td class=\"column-2\">1<\/td>\n<td class=\"column-3\">1<\/td>\n<td class=\"column-4\">1<\/td>\n<td class=\"column-5\">&#8211;<\/td>\n<td class=\"column-6\">&#8211;<\/td>\n<td class=\"column-7\">&#8211;<\/td>\n<td class=\"column-8\">90&#39;<\/td>\n<\/tr>\n<tr class=\"row-4\">\n<td class=\"column-1\">Coupe d&#39;Angleterre<\/td>\n<td class=\"column-2\">1<\/td>\n<td class=\"column-3\">0<\/td>\n<td class=\"column-4\">&#8211;<\/td>\n<td class=\"column-5\">&#8211;<\/td>\n<td class=\"column-6\">1<\/td>\n<td class=\"column-7\">&#8211;<\/td>\n<td class=\"column-8\">11&#39;<\/td>\n<\/tr>\n<tr class=\"row-5\">\n<td class=\"column-1\"><\/td>\n<td class=\"column-2\"><\/td>\n<td class=\"column-3\"><\/td>\n<td class=\"column-4\"><\/td>\n<td class=\"column-5\"><\/td>\n<td class=\"column-6\"><\/td>\n<td class=\"column-7\">&#8211;<\/td>\n<td class=\"column-8\"><\/td>\n<\/tr>\n<\/tbody>\n<\/table>\n<p><!-- #tablepress-715 from cache --><\/p>\n<p>Alors que Lisandro Martinez devait s&#39;occuper du ballon au sol, le d\u00e9fenseur central de 32 ans \u00e9tait un monstre dans les airs, offrant \u00e0 son \u00e9quipe un phare de force sur les centres et les coups de pied arr\u00eat\u00e9s.<\/p>\n<p>Il n&#39;est pas \u00e9tonnant qu&#39;une multitude d&#39;\u00e9quipes surveillent de pr\u00e8s le statut du contrat de Maguire cet \u00e9t\u00e9, avec Chelsea, Everton et West Ham rejoints par les poids lourds italiens, l&#39;Inter Milan et Naples, \u00e0 la poursuite de l&#39;Anglais pour un transfert gratuit. Il y a aussi la perspective d\u2019une offre all\u00e9chante de la Saudi Pro League \u00e0 laquelle il faut faire face.<\/p>\n<p>Un transfert en Serie A serait un choix judicieux pour un d\u00e9fenseur qui f\u00eatera ses 33 ans en mars, compte tenu du rythme plus lent du football en Italie. <span>\u2013 avec une plus grande concentration sur l\u2019aspect mental du jeu plut\u00f4t que sur le physique \u2013 convient aux joueurs en fin de carri\u00e8re. <\/span><\/p>\n<p>Cependant, r\u00e9v\u00e8le que Maguire est d\u00e9termin\u00e9 \u00e0 rester \u00e0 Old Trafford au-del\u00e0 de cet \u00e9t\u00e9,<span> et il donne la priorit\u00e9 \u00e0 un nouveau contrat plut\u00f4t qu\u2019aux offres ailleurs. <\/span><\/p>\n<h5>Rester sur place<\/h5>\n<p>Le rapport indique : \u00ab Harry Maguire place un nouveau contrat avec Manchester United au-dessus de toute autre option sur la table, le d\u00e9fenseur \u00e9tant de plus en plus convaincu qu\u2019il obtiendra de nouvelles conditions \u00e0 Old Trafford. \u00bb<\/p>\n<p>Des sources proches du d\u00e9fenseur r\u00e9v\u00e8lent qu\u2019il n\u2019a \u00ab aucune intention \u00bb de quitter United et qu\u2019il consid\u00e8re le club comme le \u00ab summum \u00bb du football anglais.<\/p>\n<p>\u00ab\u00a0L&#39;ancien joueur de Sheffield United et de Leicester City estime qu&#39;il a fait plus qu&#39;assez pour convaincre la hi\u00e9rarchie de United qu&#39;il m\u00e9rite un nouvel accord. [he] estime que ses performances sous la direction du patron par int\u00e9rim Michael Carrick ont \u200b\u200bmontr\u00e9 sa valeur durable, le d\u00e9fenseur \u00e9mergeant comme l&#39;une des figures les plus remarquables depuis le changement de direction.<\/p>\n<p>Cependant, un rapport relay\u00e9 ce matin r\u00e9v\u00e8le qu&#39;il existe une \u00ab volont\u00e9 limit\u00e9e \u00bb de la part d&#39;INEOS de prolonger l&#39;accord de Maguire.<\/p>\n<p>Au lieu de cela, la hi\u00e9rarchie du club donne la priorit\u00e9 aux opportunit\u00e9s pour Leny Yoro et Ayden Heaven. <span>\u2013 deux des plus brillants talents de United \u2013<\/span> la saison prochaine, avec la conviction que la pr\u00e9sence de Maguire pourrait entraver leur d\u00e9veloppement.<\/p>\n<p>Carrick est consid\u00e9r\u00e9 comme un \u00ab fan \u00bb du joueur de 32 ans, m\u00eame si l&#39;on ne sait pas quelle influence il exercera sur la planification \u00e0 long terme du club cet \u00e9t\u00e9 dans son r\u00f4le de gardien.<\/p>\n<p>L&#39;engagement de Maguire \u00e0 jouer sous un maillot rouge la saison prochaine peut \u00eatre \u00e9gal\u00e9 par son entra\u00eeneur et ses fans, mais si les dirigeants d&#39;Old Trafford d\u00e9cident de l&#39;\u00e9changer contre un mod\u00e8le plus jeune, c&#39;est la seule d\u00e9cision qui comptera \u00e0 la fin de la saison.<\/p>\n<\/p>\n<hr\/>\n<p>The Peoples Person est l&#39;un des principaux sites d&#39;information de Man United au monde depuis plus d&#39;une d\u00e9cennie. Suivez-nous sur Bluesky\u00a0: @peoplesperson.bsky.social<\/p>\n<p><!-- CONTENT END 2 --><\/p><\/div>\n","protected":false},"excerpt":{"rendered":"<p>1 Harry Maguire a pris une d\u00e9cision cl\u00e9 concernant son avenir, le contrat du d\u00e9fenseur de Manchester United devant expirer \u00e0 la fin de la<\/p>\n","protected":false},"author":1,"featured_media":33911,"comment_status":"closed","ping_status":"","sticky":false,"template":"","format":"standard","meta":{"footnotes":""},"categories":[3],"tags":[443,497,32,4309,33,24,88,103,92,13],"yoast_head":"<!-- This site is optimized with the Yoast SEO plugin v21.0 - https:\/\/yoast.com\/wordpress\/plugins\/seo\/ -->\n<title>Harry Maguire prend une d\u00e9cision cl\u00e9 sur l&#039;avenir de Man United -<\/title>\n<meta name=\"robots\" content=\"index, follow, max-snippet:-1, max-image-preview:large, max-video-preview:-1\" \/>\n<link rel=\"canonical\" href=\"https:\/\/footdavant.fr\/actualites\/harry-maguire-prend-une-decision-cle-sur-lavenir-de-man-united\/\" \/>\n<meta property=\"og:locale\" content=\"fr_FR\" \/>\n<meta property=\"og:type\" content=\"article\" \/>\n<meta property=\"og:title\" content=\"Harry Maguire prend une d\u00e9cision cl\u00e9 sur l&#039;avenir de Man United -\" \/>\n<meta property=\"og:description\" content=\"1 Harry Maguire a pris une d\u00e9cision cl\u00e9 concernant son avenir, le contrat du d\u00e9fenseur de Manchester United devant expirer \u00e0 la fin de la\" \/>\n<meta property=\"og:url\" content=\"https:\/\/footdavant.fr\/actualites\/harry-maguire-prend-une-decision-cle-sur-lavenir-de-man-united\/\" \/>\n<meta property=\"og:site_name\" content=\"Foot d&#039;avant\" \/>\n<meta property=\"article:publisher\" content=\"https:\/\/www.facebook.com\/Footdavant\/\" \/>\n<meta property=\"article:published_time\" content=\"2026-01-28T14:48:34+00:00\" \/>\n<meta property=\"article:modified_time\" content=\"2026-01-28T14:48:35+00:00\" \/>\n<meta property=\"og:image\" content=\"https:\/\/footdavant.fr\/actualites\/wp-content\/uploads\/2026\/01\/Harry-Maguire-prend-une-decision-cle-sur-l39avenir-de-Man.jpg\" \/>\n\t<meta property=\"og:image:width\" content=\"1600\" \/>\n\t<meta property=\"og:image:height\" content=\"711\" \/>\n\t<meta property=\"og:image:type\" content=\"image\/jpeg\" \/>\n<meta name=\"author\" content=\"Cl\u00e9ment\" \/>\n<meta name=\"twitter:card\" content=\"summary_large_image\" \/>\n<meta name=\"twitter:creator\" content=\"@FootdavantFr\" \/>\n<meta name=\"twitter:site\" content=\"@FootdavantFr\" \/>\n<meta name=\"twitter:label1\" content=\"\u00c9crit par\" \/>\n\t<meta name=\"twitter:data1\" content=\"Cl\u00e9ment\" \/>\n\t<meta name=\"twitter:label2\" content=\"Dur\u00e9e de lecture estim\u00e9e\" \/>\n\t<meta name=\"twitter:data2\" content=\"3 minutes\" \/>\n<script type=\"application\/ld+json\" class=\"yoast-schema-graph\">{\"@context\":\"https:\/\/schema.org\",\"@graph\":[{\"@type\":\"Article\",\"@id\":\"https:\/\/footdavant.fr\/actualites\/harry-maguire-prend-une-decision-cle-sur-lavenir-de-man-united\/#article\",\"isPartOf\":{\"@id\":\"https:\/\/footdavant.fr\/actualites\/harry-maguire-prend-une-decision-cle-sur-lavenir-de-man-united\/\"},\"author\":{\"name\":\"Cl\u00e9ment\",\"@id\":\"https:\/\/footdavant.fr\/actualites\/#\/schema\/person\/bc222566d95871b37e597b3ed3ba5e1d\"},\"headline\":\"Harry Maguire prend une d\u00e9cision cl\u00e9 sur l&#39;avenir de Man United &#8211;\",\"datePublished\":\"2026-01-28T14:48:34+00:00\",\"dateModified\":\"2026-01-28T14:48:35+00:00\",\"mainEntityOfPage\":{\"@id\":\"https:\/\/footdavant.fr\/actualites\/harry-maguire-prend-une-decision-cle-sur-lavenir-de-man-united\/\"},\"wordCount\":706,\"publisher\":{\"@id\":\"https:\/\/footdavant.fr\/actualites\/#organization\"},\"keywords\":[\"cl\u00e9..\",\"d\u00e9cision\",\"Harry\",\"l39avenir\",\"Maguire\",\"Man\",\"prend\",\"sur\",\"une\",\"United\"],\"articleSection\":[\"Football\"],\"inLanguage\":\"fr-FR\"},{\"@type\":\"WebPage\",\"@id\":\"https:\/\/footdavant.fr\/actualites\/harry-maguire-prend-une-decision-cle-sur-lavenir-de-man-united\/\",\"url\":\"https:\/\/footdavant.fr\/actualites\/harry-maguire-prend-une-decision-cle-sur-lavenir-de-man-united\/\",\"name\":\"Harry Maguire prend une d\u00e9cision cl\u00e9 sur l&#39;avenir de Man United -\",\"isPartOf\":{\"@id\":\"https:\/\/footdavant.fr\/actualites\/#website\"},\"datePublished\":\"2026-01-28T14:48:34+00:00\",\"dateModified\":\"2026-01-28T14:48:35+00:00\",\"breadcrumb\":{\"@id\":\"https:\/\/footdavant.fr\/actualites\/harry-maguire-prend-une-decision-cle-sur-lavenir-de-man-united\/#breadcrumb\"},\"inLanguage\":\"fr-FR\",\"potentialAction\":[{\"@type\":\"ReadAction\",\"target\":[\"https:\/\/footdavant.fr\/actualites\/harry-maguire-prend-une-decision-cle-sur-lavenir-de-man-united\/\"]}]},{\"@type\":\"BreadcrumbList\",\"@id\":\"https:\/\/footdavant.fr\/actualites\/harry-maguire-prend-une-decision-cle-sur-lavenir-de-man-united\/#breadcrumb\",\"itemListElement\":[{\"@type\":\"ListItem\",\"position\":1,\"name\":\"Accueil\",\"item\":\"https:\/\/footdavant.fr\/actualites\/\"},{\"@type\":\"ListItem\",\"position\":2,\"name\":\"Harry Maguire prend une d\u00e9cision cl\u00e9 sur l&#39;avenir de Man United &#8211;\"}]},{\"@type\":\"WebSite\",\"@id\":\"https:\/\/footdavant.fr\/actualites\/#website\",\"url\":\"https:\/\/footdavant.fr\/actualites\/\",\"name\":\"Foot d'avant\",\"description\":\"\",\"publisher\":{\"@id\":\"https:\/\/footdavant.fr\/actualites\/#organization\"},\"potentialAction\":[{\"@type\":\"SearchAction\",\"target\":{\"@type\":\"EntryPoint\",\"urlTemplate\":\"https:\/\/footdavant.fr\/actualites\/?s={search_term_string}\"},\"query-input\":\"required name=search_term_string\"}],\"inLanguage\":\"fr-FR\"},{\"@type\":\"Organization\",\"@id\":\"https:\/\/footdavant.fr\/actualites\/#organization\",\"name\":\"Foot d'avant\",\"url\":\"https:\/\/footdavant.fr\/actualites\/\",\"logo\":{\"@type\":\"ImageObject\",\"inLanguage\":\"fr-FR\",\"@id\":\"https:\/\/footdavant.fr\/actualites\/#\/schema\/logo\/image\/\",\"url\":\"https:\/\/footdavant.fr\/actualites\/wp-content\/uploads\/2023\/09\/Copy-of-FootDavant-Logo.png\",\"contentUrl\":\"https:\/\/footdavant.fr\/actualites\/wp-content\/uploads\/2023\/09\/Copy-of-FootDavant-Logo.png\",\"width\":936,\"height\":549,\"caption\":\"Foot d'avant\"},\"image\":{\"@id\":\"https:\/\/footdavant.fr\/actualites\/#\/schema\/logo\/image\/\"},\"sameAs\":[\"https:\/\/www.facebook.com\/Footdavant\/\",\"https:\/\/twitter.com\/FootdavantFr\",\"https:\/\/www.instagram.com\/footdavant.fr\/\"]},{\"@type\":\"Person\",\"@id\":\"https:\/\/footdavant.fr\/actualites\/#\/schema\/person\/bc222566d95871b37e597b3ed3ba5e1d\",\"name\":\"Cl\u00e9ment\",\"image\":{\"@type\":\"ImageObject\",\"inLanguage\":\"fr-FR\",\"@id\":\"https:\/\/footdavant.fr\/actualites\/#\/schema\/person\/image\/\",\"url\":\"https:\/\/secure.gravatar.com\/avatar\/7728b29aac2719421e1a9159b2254c44?s=96&d=mm&r=g\",\"contentUrl\":\"https:\/\/secure.gravatar.com\/avatar\/7728b29aac2719421e1a9159b2254c44?s=96&d=mm&r=g\",\"caption\":\"Cl\u00e9ment\"},\"sameAs\":[\"https:\/\/footdavant.fr\/\"]}]}<\/script>\n<!-- \/ Yoast SEO plugin. -->","yoast_head_json":{"title":"Harry Maguire prend une d\u00e9cision cl\u00e9 sur l&#39;avenir de Man United -","robots":{"index":"index","follow":"follow","max-snippet":"max-snippet:-1","max-image-preview":"max-image-preview:large","max-video-preview":"max-video-preview:-1"},"canonical":"https:\/\/footdavant.fr\/actualites\/harry-maguire-prend-une-decision-cle-sur-lavenir-de-man-united\/","og_locale":"fr_FR","og_type":"article","og_title":"Harry Maguire prend une d\u00e9cision cl\u00e9 sur l&#39;avenir de Man United -","og_description":"1 Harry Maguire a pris une d\u00e9cision cl\u00e9 concernant son avenir, le contrat du d\u00e9fenseur de Manchester United devant expirer \u00e0 la fin de la","og_url":"https:\/\/footdavant.fr\/actualites\/harry-maguire-prend-une-decision-cle-sur-lavenir-de-man-united\/","og_site_name":"Foot d&#039;avant","article_publisher":"https:\/\/www.facebook.com\/Footdavant\/","article_published_time":"2026-01-28T14:48:34+00:00","article_modified_time":"2026-01-28T14:48:35+00:00","og_image":[{"width":1600,"height":711,"url":"https:\/\/footdavant.fr\/actualites\/wp-content\/uploads\/2026\/01\/Harry-Maguire-prend-une-decision-cle-sur-l39avenir-de-Man.jpg","type":"image\/jpeg"}],"author":"Cl\u00e9ment","twitter_card":"summary_large_image","twitter_creator":"@FootdavantFr","twitter_site":"@FootdavantFr","twitter_misc":{"\u00c9crit par":"Cl\u00e9ment","Dur\u00e9e de lecture estim\u00e9e":"3 minutes"},"schema":{"@context":"https:\/\/schema.org","@graph":[{"@type":"Article","@id":"https:\/\/footdavant.fr\/actualites\/harry-maguire-prend-une-decision-cle-sur-lavenir-de-man-united\/#article","isPartOf":{"@id":"https:\/\/footdavant.fr\/actualites\/harry-maguire-prend-une-decision-cle-sur-lavenir-de-man-united\/"},"author":{"name":"Cl\u00e9ment","@id":"https:\/\/footdavant.fr\/actualites\/#\/schema\/person\/bc222566d95871b37e597b3ed3ba5e1d"},"headline":"Harry Maguire prend une d\u00e9cision cl\u00e9 sur l&#39;avenir de Man United &#8211;","datePublished":"2026-01-28T14:48:34+00:00","dateModified":"2026-01-28T14:48:35+00:00","mainEntityOfPage":{"@id":"https:\/\/footdavant.fr\/actualites\/harry-maguire-prend-une-decision-cle-sur-lavenir-de-man-united\/"},"wordCount":706,"publisher":{"@id":"https:\/\/footdavant.fr\/actualites\/#organization"},"keywords":["cl\u00e9..","d\u00e9cision","Harry","l39avenir","Maguire","Man","prend","sur","une","United"],"articleSection":["Football"],"inLanguage":"fr-FR"},{"@type":"WebPage","@id":"https:\/\/footdavant.fr\/actualites\/harry-maguire-prend-une-decision-cle-sur-lavenir-de-man-united\/","url":"https:\/\/footdavant.fr\/actualites\/harry-maguire-prend-une-decision-cle-sur-lavenir-de-man-united\/","name":"Harry Maguire prend une d\u00e9cision cl\u00e9 sur l&#39;avenir de Man United -","isPartOf":{"@id":"https:\/\/footdavant.fr\/actualites\/#website"},"datePublished":"2026-01-28T14:48:34+00:00","dateModified":"2026-01-28T14:48:35+00:00","breadcrumb":{"@id":"https:\/\/footdavant.fr\/actualites\/harry-maguire-prend-une-decision-cle-sur-lavenir-de-man-united\/#breadcrumb"},"inLanguage":"fr-FR","potentialAction":[{"@type":"ReadAction","target":["https:\/\/footdavant.fr\/actualites\/harry-maguire-prend-une-decision-cle-sur-lavenir-de-man-united\/"]}]},{"@type":"BreadcrumbList","@id":"https:\/\/footdavant.fr\/actualites\/harry-maguire-prend-une-decision-cle-sur-lavenir-de-man-united\/#breadcrumb","itemListElement":[{"@type":"ListItem","position":1,"name":"Accueil","item":"https:\/\/footdavant.fr\/actualites\/"},{"@type":"ListItem","position":2,"name":"Harry Maguire prend une d\u00e9cision cl\u00e9 sur l&#39;avenir de Man United &#8211;"}]},{"@type":"WebSite","@id":"https:\/\/footdavant.fr\/actualites\/#website","url":"https:\/\/footdavant.fr\/actualites\/","name":"Foot d'avant","description":"","publisher":{"@id":"https:\/\/footdavant.fr\/actualites\/#organization"},"potentialAction":[{"@type":"SearchAction","target":{"@type":"EntryPoint","urlTemplate":"https:\/\/footdavant.fr\/actualites\/?s={search_term_string}"},"query-input":"required name=search_term_string"}],"inLanguage":"fr-FR"},{"@type":"Organization","@id":"https:\/\/footdavant.fr\/actualites\/#organization","name":"Foot d'avant","url":"https:\/\/footdavant.fr\/actualites\/","logo":{"@type":"ImageObject","inLanguage":"fr-FR","@id":"https:\/\/footdavant.fr\/actualites\/#\/schema\/logo\/image\/","url":"https:\/\/footdavant.fr\/actualites\/wp-content\/uploads\/2023\/09\/Copy-of-FootDavant-Logo.png","contentUrl":"https:\/\/footdavant.fr\/actualites\/wp-content\/uploads\/2023\/09\/Copy-of-FootDavant-Logo.png","width":936,"height":549,"caption":"Foot d'avant"},"image":{"@id":"https:\/\/footdavant.fr\/actualites\/#\/schema\/logo\/image\/"},"sameAs":["https:\/\/www.facebook.com\/Footdavant\/","https:\/\/twitter.com\/FootdavantFr","https:\/\/www.instagram.com\/footdavant.fr\/"]},{"@type":"Person","@id":"https:\/\/footdavant.fr\/actualites\/#\/schema\/person\/bc222566d95871b37e597b3ed3ba5e1d","name":"Cl\u00e9ment","image":{"@type":"ImageObject","inLanguage":"fr-FR","@id":"https:\/\/footdavant.fr\/actualites\/#\/schema\/person\/image\/","url":"https:\/\/secure.gravatar.com\/avatar\/7728b29aac2719421e1a9159b2254c44?s=96&d=mm&r=g","contentUrl":"https:\/\/secure.gravatar.com\/avatar\/7728b29aac2719421e1a9159b2254c44?s=96&d=mm&r=g","caption":"Cl\u00e9ment"},"sameAs":["https:\/\/footdavant.fr\/"]}]}},"_links":{"self":[{"href":"https:\/\/footdavant.fr\/actualites\/wp-json\/wp\/v2\/posts\/33910"}],"collection":[{"href":"https:\/\/footdavant.fr\/actualites\/wp-json\/wp\/v2\/posts"}],"about":[{"href":"https:\/\/footdavant.fr\/actualites\/wp-json\/wp\/v2\/types\/post"}],"author":[{"embeddable":true,"href":"https:\/\/footdavant.fr\/actualites\/wp-json\/wp\/v2\/users\/1"}],"replies":[{"embeddable":true,"href":"https:\/\/footdavant.fr\/actualites\/wp-json\/wp\/v2\/comments?post=33910"}],"version-history":[{"count":1,"href":"https:\/\/footdavant.fr\/actualites\/wp-json\/wp\/v2\/posts\/33910\/revisions"}],"predecessor-version":[{"id":33912,"href":"https:\/\/footdavant.fr\/actualites\/wp-json\/wp\/v2\/posts\/33910\/revisions\/33912"}],"wp:featuredmedia":[{"embeddable":true,"href":"https:\/\/footdavant.fr\/actualites\/wp-json\/wp\/v2\/media\/33911"}],"wp:attachment":[{"href":"https:\/\/footdavant.fr\/actualites\/wp-json\/wp\/v2\/media?parent=33910"}],"wp:term":[{"taxonomy":"category","embeddable":true,"href":"https:\/\/footdavant.fr\/actualites\/wp-json\/wp\/v2\/categories?post=33910"},{"taxonomy":"post_tag","embeddable":true,"href":"https:\/\/footdavant.fr\/actualites\/wp-json\/wp\/v2\/tags?post=33910"}],"curies":[{"name":"wp","href":"https:\/\/api.w.org\/{rel}","templated":true}]}}