{"id":3394,"date":"2024-01-03T20:16:33","date_gmt":"2024-01-03T19:16:33","guid":{"rendered":"https:\/\/footdavant.fr\/actualites\/manchester-united-et-manchester-city-prennent-contact-concernant-le-transfert-de-leny-yoro\/"},"modified":"2024-01-03T20:16:34","modified_gmt":"2024-01-03T19:16:34","slug":"manchester-united-et-manchester-city-prennent-contact-concernant-le-transfert-de-leny-yoro","status":"publish","type":"post","link":"https:\/\/footdavant.fr\/actualites\/manchester-united-et-manchester-city-prennent-contact-concernant-le-transfert-de-leny-yoro\/","title":{"rendered":"Manchester United et Manchester City \u00ab prennent contact concernant le transfert de Leny Yoro \u00bb"},"content":{"rendered":"<p>Manchester United et Manchester City auraient tous deux pris contact avec Lille pour discuter d&rsquo;un accord potentiel pour le d\u00e9fenseur adolescent Leny Yoro.<\/p>\n<div id=\"article_body\" itemprop=\"articleBody\">\n<h3 class=\"firstPara\">\n<strong class=\"autotag\">Manchester United<\/strong> et <strong class=\"autotag\">Manchester City<\/strong> auraient tous deux pris contact avec <strong class=\"autotag\">Lille<\/strong> pour discuter d&rsquo;un accord potentiel pour le d\u00e9fenseur adolescent <strong class=\"autotag\">L\u00e9ny Yoro<\/strong>.<\/h3>\n<p>Le joueur de 18 ans, issu de l&rsquo;acad\u00e9mie des Dogues, est d\u00e9j\u00e0 un joueur cl\u00e9 pour <strong class=\"autotag\">Paulo Fonseca<\/strong>inscrivant trois buts et une passe d\u00e9cisive en 37 matches en \u00e9quipe premi\u00e8re.<\/p>\n<p>Les trois efforts de Yoro pour Lille ont eu lieu lors d&rsquo;une campagne d\u00e9cisive 2023-24, au cours de laquelle il a effectu\u00e9 15 titularisations en Ligue 1 et trois autres en Ligue Europa Conf\u00e9rence.<\/p>\n<p>Lille a travers\u00e9 sa campagne de phase de groupes de la Conference League invaincu gr\u00e2ce aux efforts de Yoro, un d\u00e9fenseur a\u00e9rien dominant mesurant 6 pieds 3 pouces, et il a \u00e9galement remport\u00e9 quatre s\u00e9lections pour les moins de 21 ans de France.<\/p>\n<p>Yoro n&rsquo;a \u00e9t\u00e9 promu dans les rangs seniors de Lille qu&rsquo;en 2022, et son premier contrat professionnel avec les Dogues n&rsquo;a plus que 18 mois \u00e0 courir, laissant l&rsquo;\u00e9quipe de Ligue 1 risquer de perdre son espoir dans un avenir proche.<\/p>\n<p class=\"imgI\">\n<p>Alors que Lille pourrait subir des pressions pour une vente cet \u00e9t\u00e9 si l&rsquo;adolescent refuse de signer un nouveau contrat, l&rsquo;ensemble de Man United, Man City et <strong class=\"autotag\">Chelsea<\/strong> auraient manifest\u00e9 leur int\u00e9r\u00eat pour un accord pour Yoro.<\/p>\n<p>Cependant, Chelsea donnerait actuellement la priorit\u00e9 aux ajouts offensifs et, dans le but de prendre l&rsquo;avantage sur les Blues, <em>Le 10Sport<\/em> affirme que Man United et Man City ont d\u00e9sormais pris contact avec Lille.<\/p>\n<p>Les Diables Rouges souhaitent particuli\u00e8rement renforcer leurs rangs d\u00e9fensifs en 2024. <strong class=\"autotag\">Jonny Evans<\/strong> et <strong class=\"autotag\">Rapha\u00ebl Varane<\/strong> sont tous deux d\u00e9sormais dans les six derniers mois de leur contrat, tandis que <strong class=\"autotag\">Harry Maguire<\/strong>, <strong class=\"autotag\">Victor Lindelof<\/strong> et <strong class=\"autotag\">Lisandro Martinez<\/strong> ont tous \u00e9t\u00e9 en proie \u00e0 des blessures cette saison.<\/p>\n<p>L&rsquo;entra\u00eeneur-chef <strong class=\"autotag\">Erik Ten Hag<\/strong> aurait souhait\u00e9 qu&rsquo;Evans obtienne un nouvel accord d&rsquo;un an, mais Man United a d\u00e9cid\u00e9 de ne pas d\u00e9clencher une prolongation de 12 mois de l&rsquo;accord de Varane, ce qui a donn\u00e9 au Fran\u00e7ais le sentiment d&rsquo;\u00eatre expuls\u00e9.<\/p>\n<p>Pendant ce temps, Man City a renforc\u00e9 sa ligne de d\u00e9fense au cours de l&rsquo;\u00e9t\u00e9 avec la capture du tr\u00e8s appr\u00e9ci\u00e9 <strong class=\"autotag\">Josko Gvardiol<\/strong> du RB Leipzig, mais un autre jeune ajout pourrait \u00eatre recherch\u00e9 au milieu <strong class=\"autotag\">John Pierres<\/strong>probl\u00e8mes de blessures perp\u00e9tuels.<\/p>\n<p class=\"imgI\"><img decoding=\"async\" loading=\"lazy\" class=\"l\" src=\"https:\/\/footdavant.fr\/actualites\/wp-content\/uploads\/2024\/01\/Manchester-United-et-Manchester-City-prennent-contact-concernant-le.JPG\" title=\"Raphael Varane de Manchester United photographi\u00e9 en novembre 2023\" alt=\"Raphael Varane de Manchester United photographi\u00e9 en novembre 2023\" width=\"640\" height=\"480\"><\/p>\n<p>Malgr\u00e9 la situation contractuelle incertaine de Yoro, le pr\u00e9sident de Lille <strong class=\"autotag\">Olivier L\u00e9tang<\/strong> aurait impos\u00e9 un prix exorbitant de 90 millions d&rsquo;euros (78,1 millions de livres sterling) \u00e0 la t\u00eate du d\u00e9fenseur, qu&rsquo;aucune partie ne devrait d\u00e9bourser pendant la fen\u00eatre de janvier.<\/p>\n<p>Cependant, Letang sera contraint de c\u00e9der si Yoro ne montre aucune envie de signer un nouveau contrat au Groupama Stadium, et les deux <strong class=\"autotag\">Liverpool<\/strong> et <strong class=\"autotag\">Paris Saint Germain<\/strong> sont \u00e9galement attentifs \u00e0 la situation.<\/p>\n<p>Le PSG a d\u00e9j\u00e0 renforc\u00e9 sa ligne de d\u00e9fense d\u00e8s les premi\u00e8res heures du mercato de janvier, en signant Lucas Beraldo, 20 ans, de Sao Paulo, qui \u00e9tait \u00e9galement li\u00e9 \u00e0 un transfert \u00e0 Liverpool.<\/p>\n<p>Les Reds pourraient rechercher un nouveau d\u00e9fenseur en janvier suite \u00e0 la blessure au ligament crois\u00e9 ant\u00e9rieur de Joel Matip, mais celui de Fluminense <strong class=\"autotag\">Nino<\/strong> &#8211; sur lequel ils se seraient renseign\u00e9s &#8211; pourrait s&rsquo;av\u00e9rer \u00eatre une acquisition bien moins ch\u00e8re que Yoro.<\/p>\n<\/div>\n","protected":false},"excerpt":{"rendered":"<p>Manchester United et Manchester City auraient tous deux pris contact avec Lille pour discuter d&rsquo;un accord potentiel pour le d\u00e9fenseur adolescent Leny Yoro. Manchester United<\/p>\n","protected":false},"author":1,"featured_media":3395,"comment_status":"closed","ping_status":"","sticky":false,"template":"","format":"standard","meta":{"footnotes":""},"categories":[5],"tags":[27,1313,2370,2769,11,2431,700,13,2770],"yoast_head":"<!-- This site is optimized with the Yoast SEO plugin v21.0 - https:\/\/yoast.com\/wordpress\/plugins\/seo\/ -->\n<title>Manchester United et Manchester City \u00ab prennent contact concernant le transfert de Leny Yoro \u00bb<\/title>\n<meta name=\"robots\" content=\"index, follow, max-snippet:-1, max-image-preview:large, max-video-preview:-1\" \/>\n<link rel=\"canonical\" href=\"https:\/\/footdavant.fr\/actualites\/manchester-united-et-manchester-city-prennent-contact-concernant-le-transfert-de-leny-yoro\/\" \/>\n<meta property=\"og:locale\" content=\"fr_FR\" \/>\n<meta property=\"og:type\" content=\"article\" \/>\n<meta property=\"og:title\" content=\"Manchester United et Manchester City \u00ab prennent contact concernant le transfert de Leny Yoro \u00bb\" \/>\n<meta property=\"og:description\" content=\"Manchester United et Manchester City auraient tous deux pris contact avec Lille pour discuter d&rsquo;un accord potentiel pour le d\u00e9fenseur adolescent Leny Yoro. Manchester United\" \/>\n<meta property=\"og:url\" content=\"https:\/\/footdavant.fr\/actualites\/manchester-united-et-manchester-city-prennent-contact-concernant-le-transfert-de-leny-yoro\/\" \/>\n<meta property=\"og:site_name\" content=\"Foot d&#039;avant\" \/>\n<meta property=\"article:publisher\" content=\"https:\/\/www.facebook.com\/Footdavant\/\" \/>\n<meta property=\"article:published_time\" content=\"2024-01-03T19:16:33+00:00\" \/>\n<meta property=\"article:modified_time\" content=\"2024-01-03T19:16:34+00:00\" \/>\n<meta property=\"og:image\" content=\"https:\/\/footdavant.fr\/actualites\/wp-content\/uploads\/2024\/01\/Manchester-United-et-Manchester-City-prennent-contact-concernant-le.jpg\" \/>\n\t<meta property=\"og:image:width\" content=\"640\" \/>\n\t<meta property=\"og:image:height\" content=\"480\" \/>\n\t<meta property=\"og:image:type\" content=\"image\/jpeg\" \/>\n<meta name=\"author\" content=\"Cl\u00e9ment\" \/>\n<meta name=\"twitter:card\" content=\"summary_large_image\" \/>\n<meta name=\"twitter:creator\" content=\"@FootdavantFr\" \/>\n<meta name=\"twitter:site\" content=\"@FootdavantFr\" \/>\n<meta name=\"twitter:label1\" content=\"\u00c9crit par\" \/>\n\t<meta name=\"twitter:data1\" content=\"Cl\u00e9ment\" \/>\n\t<meta name=\"twitter:label2\" content=\"Dur\u00e9e de lecture estim\u00e9e\" \/>\n\t<meta name=\"twitter:data2\" content=\"3 minutes\" \/>\n<script type=\"application\/ld+json\" class=\"yoast-schema-graph\">{\"@context\":\"https:\/\/schema.org\",\"@graph\":[{\"@type\":\"Article\",\"@id\":\"https:\/\/footdavant.fr\/actualites\/manchester-united-et-manchester-city-prennent-contact-concernant-le-transfert-de-leny-yoro\/#article\",\"isPartOf\":{\"@id\":\"https:\/\/footdavant.fr\/actualites\/manchester-united-et-manchester-city-prennent-contact-concernant-le-transfert-de-leny-yoro\/\"},\"author\":{\"name\":\"Cl\u00e9ment\",\"@id\":\"https:\/\/footdavant.fr\/actualites\/#\/schema\/person\/bc222566d95871b37e597b3ed3ba5e1d\"},\"headline\":\"Manchester United et Manchester City \u00ab prennent contact concernant le transfert de Leny Yoro \u00bb\",\"datePublished\":\"2024-01-03T19:16:33+00:00\",\"dateModified\":\"2024-01-03T19:16:34+00:00\",\"mainEntityOfPage\":{\"@id\":\"https:\/\/footdavant.fr\/actualites\/manchester-united-et-manchester-city-prennent-contact-concernant-le-transfert-de-leny-yoro\/\"},\"wordCount\":587,\"publisher\":{\"@id\":\"https:\/\/footdavant.fr\/actualites\/#organization\"},\"keywords\":[\"City\",\"concernant\",\"contact\",\"Leny\",\"Manchester\",\"prennent\",\"transfert\",\"United\",\"Yoro\"],\"articleSection\":[\"Premier League\"],\"inLanguage\":\"fr-FR\"},{\"@type\":\"WebPage\",\"@id\":\"https:\/\/footdavant.fr\/actualites\/manchester-united-et-manchester-city-prennent-contact-concernant-le-transfert-de-leny-yoro\/\",\"url\":\"https:\/\/footdavant.fr\/actualites\/manchester-united-et-manchester-city-prennent-contact-concernant-le-transfert-de-leny-yoro\/\",\"name\":\"Manchester United et Manchester City \u00ab prennent contact concernant le transfert de Leny Yoro \u00bb\",\"isPartOf\":{\"@id\":\"https:\/\/footdavant.fr\/actualites\/#website\"},\"datePublished\":\"2024-01-03T19:16:33+00:00\",\"dateModified\":\"2024-01-03T19:16:34+00:00\",\"breadcrumb\":{\"@id\":\"https:\/\/footdavant.fr\/actualites\/manchester-united-et-manchester-city-prennent-contact-concernant-le-transfert-de-leny-yoro\/#breadcrumb\"},\"inLanguage\":\"fr-FR\",\"potentialAction\":[{\"@type\":\"ReadAction\",\"target\":[\"https:\/\/footdavant.fr\/actualites\/manchester-united-et-manchester-city-prennent-contact-concernant-le-transfert-de-leny-yoro\/\"]}]},{\"@type\":\"BreadcrumbList\",\"@id\":\"https:\/\/footdavant.fr\/actualites\/manchester-united-et-manchester-city-prennent-contact-concernant-le-transfert-de-leny-yoro\/#breadcrumb\",\"itemListElement\":[{\"@type\":\"ListItem\",\"position\":1,\"name\":\"Accueil\",\"item\":\"https:\/\/footdavant.fr\/actualites\/\"},{\"@type\":\"ListItem\",\"position\":2,\"name\":\"Manchester United et Manchester City \u00ab prennent contact concernant le transfert de Leny Yoro \u00bb\"}]},{\"@type\":\"WebSite\",\"@id\":\"https:\/\/footdavant.fr\/actualites\/#website\",\"url\":\"https:\/\/footdavant.fr\/actualites\/\",\"name\":\"Foot d'avant\",\"description\":\"\",\"publisher\":{\"@id\":\"https:\/\/footdavant.fr\/actualites\/#organization\"},\"potentialAction\":[{\"@type\":\"SearchAction\",\"target\":{\"@type\":\"EntryPoint\",\"urlTemplate\":\"https:\/\/footdavant.fr\/actualites\/?s={search_term_string}\"},\"query-input\":\"required name=search_term_string\"}],\"inLanguage\":\"fr-FR\"},{\"@type\":\"Organization\",\"@id\":\"https:\/\/footdavant.fr\/actualites\/#organization\",\"name\":\"Foot d'avant\",\"url\":\"https:\/\/footdavant.fr\/actualites\/\",\"logo\":{\"@type\":\"ImageObject\",\"inLanguage\":\"fr-FR\",\"@id\":\"https:\/\/footdavant.fr\/actualites\/#\/schema\/logo\/image\/\",\"url\":\"https:\/\/footdavant.fr\/actualites\/wp-content\/uploads\/2023\/09\/Copy-of-FootDavant-Logo.png\",\"contentUrl\":\"https:\/\/footdavant.fr\/actualites\/wp-content\/uploads\/2023\/09\/Copy-of-FootDavant-Logo.png\",\"width\":936,\"height\":549,\"caption\":\"Foot d'avant\"},\"image\":{\"@id\":\"https:\/\/footdavant.fr\/actualites\/#\/schema\/logo\/image\/\"},\"sameAs\":[\"https:\/\/www.facebook.com\/Footdavant\/\",\"https:\/\/twitter.com\/FootdavantFr\",\"https:\/\/www.instagram.com\/footdavant.fr\/\"]},{\"@type\":\"Person\",\"@id\":\"https:\/\/footdavant.fr\/actualites\/#\/schema\/person\/bc222566d95871b37e597b3ed3ba5e1d\",\"name\":\"Cl\u00e9ment\",\"image\":{\"@type\":\"ImageObject\",\"inLanguage\":\"fr-FR\",\"@id\":\"https:\/\/footdavant.fr\/actualites\/#\/schema\/person\/image\/\",\"url\":\"https:\/\/secure.gravatar.com\/avatar\/7728b29aac2719421e1a9159b2254c44?s=96&d=mm&r=g\",\"contentUrl\":\"https:\/\/secure.gravatar.com\/avatar\/7728b29aac2719421e1a9159b2254c44?s=96&d=mm&r=g\",\"caption\":\"Cl\u00e9ment\"},\"sameAs\":[\"https:\/\/footdavant.fr\/\"]}]}<\/script>\n<!-- \/ Yoast SEO plugin. -->","yoast_head_json":{"title":"Manchester United et Manchester City \u00ab prennent contact concernant le transfert de Leny Yoro \u00bb","robots":{"index":"index","follow":"follow","max-snippet":"max-snippet:-1","max-image-preview":"max-image-preview:large","max-video-preview":"max-video-preview:-1"},"canonical":"https:\/\/footdavant.fr\/actualites\/manchester-united-et-manchester-city-prennent-contact-concernant-le-transfert-de-leny-yoro\/","og_locale":"fr_FR","og_type":"article","og_title":"Manchester United et Manchester City \u00ab prennent contact concernant le transfert de Leny Yoro \u00bb","og_description":"Manchester United et Manchester City auraient tous deux pris contact avec Lille pour discuter d&rsquo;un accord potentiel pour le d\u00e9fenseur adolescent Leny Yoro. Manchester United","og_url":"https:\/\/footdavant.fr\/actualites\/manchester-united-et-manchester-city-prennent-contact-concernant-le-transfert-de-leny-yoro\/","og_site_name":"Foot d&#039;avant","article_publisher":"https:\/\/www.facebook.com\/Footdavant\/","article_published_time":"2024-01-03T19:16:33+00:00","article_modified_time":"2024-01-03T19:16:34+00:00","og_image":[{"width":640,"height":480,"url":"https:\/\/footdavant.fr\/actualites\/wp-content\/uploads\/2024\/01\/Manchester-United-et-Manchester-City-prennent-contact-concernant-le.jpg","type":"image\/jpeg"}],"author":"Cl\u00e9ment","twitter_card":"summary_large_image","twitter_creator":"@FootdavantFr","twitter_site":"@FootdavantFr","twitter_misc":{"\u00c9crit par":"Cl\u00e9ment","Dur\u00e9e de lecture estim\u00e9e":"3 minutes"},"schema":{"@context":"https:\/\/schema.org","@graph":[{"@type":"Article","@id":"https:\/\/footdavant.fr\/actualites\/manchester-united-et-manchester-city-prennent-contact-concernant-le-transfert-de-leny-yoro\/#article","isPartOf":{"@id":"https:\/\/footdavant.fr\/actualites\/manchester-united-et-manchester-city-prennent-contact-concernant-le-transfert-de-leny-yoro\/"},"author":{"name":"Cl\u00e9ment","@id":"https:\/\/footdavant.fr\/actualites\/#\/schema\/person\/bc222566d95871b37e597b3ed3ba5e1d"},"headline":"Manchester United et Manchester City \u00ab prennent contact concernant le transfert de Leny Yoro \u00bb","datePublished":"2024-01-03T19:16:33+00:00","dateModified":"2024-01-03T19:16:34+00:00","mainEntityOfPage":{"@id":"https:\/\/footdavant.fr\/actualites\/manchester-united-et-manchester-city-prennent-contact-concernant-le-transfert-de-leny-yoro\/"},"wordCount":587,"publisher":{"@id":"https:\/\/footdavant.fr\/actualites\/#organization"},"keywords":["City","concernant","contact","Leny","Manchester","prennent","transfert","United","Yoro"],"articleSection":["Premier League"],"inLanguage":"fr-FR"},{"@type":"WebPage","@id":"https:\/\/footdavant.fr\/actualites\/manchester-united-et-manchester-city-prennent-contact-concernant-le-transfert-de-leny-yoro\/","url":"https:\/\/footdavant.fr\/actualites\/manchester-united-et-manchester-city-prennent-contact-concernant-le-transfert-de-leny-yoro\/","name":"Manchester United et Manchester City \u00ab prennent contact concernant le transfert de Leny Yoro \u00bb","isPartOf":{"@id":"https:\/\/footdavant.fr\/actualites\/#website"},"datePublished":"2024-01-03T19:16:33+00:00","dateModified":"2024-01-03T19:16:34+00:00","breadcrumb":{"@id":"https:\/\/footdavant.fr\/actualites\/manchester-united-et-manchester-city-prennent-contact-concernant-le-transfert-de-leny-yoro\/#breadcrumb"},"inLanguage":"fr-FR","potentialAction":[{"@type":"ReadAction","target":["https:\/\/footdavant.fr\/actualites\/manchester-united-et-manchester-city-prennent-contact-concernant-le-transfert-de-leny-yoro\/"]}]},{"@type":"BreadcrumbList","@id":"https:\/\/footdavant.fr\/actualites\/manchester-united-et-manchester-city-prennent-contact-concernant-le-transfert-de-leny-yoro\/#breadcrumb","itemListElement":[{"@type":"ListItem","position":1,"name":"Accueil","item":"https:\/\/footdavant.fr\/actualites\/"},{"@type":"ListItem","position":2,"name":"Manchester United et Manchester City \u00ab prennent contact concernant le transfert de Leny Yoro \u00bb"}]},{"@type":"WebSite","@id":"https:\/\/footdavant.fr\/actualites\/#website","url":"https:\/\/footdavant.fr\/actualites\/","name":"Foot d'avant","description":"","publisher":{"@id":"https:\/\/footdavant.fr\/actualites\/#organization"},"potentialAction":[{"@type":"SearchAction","target":{"@type":"EntryPoint","urlTemplate":"https:\/\/footdavant.fr\/actualites\/?s={search_term_string}"},"query-input":"required name=search_term_string"}],"inLanguage":"fr-FR"},{"@type":"Organization","@id":"https:\/\/footdavant.fr\/actualites\/#organization","name":"Foot d'avant","url":"https:\/\/footdavant.fr\/actualites\/","logo":{"@type":"ImageObject","inLanguage":"fr-FR","@id":"https:\/\/footdavant.fr\/actualites\/#\/schema\/logo\/image\/","url":"https:\/\/footdavant.fr\/actualites\/wp-content\/uploads\/2023\/09\/Copy-of-FootDavant-Logo.png","contentUrl":"https:\/\/footdavant.fr\/actualites\/wp-content\/uploads\/2023\/09\/Copy-of-FootDavant-Logo.png","width":936,"height":549,"caption":"Foot d'avant"},"image":{"@id":"https:\/\/footdavant.fr\/actualites\/#\/schema\/logo\/image\/"},"sameAs":["https:\/\/www.facebook.com\/Footdavant\/","https:\/\/twitter.com\/FootdavantFr","https:\/\/www.instagram.com\/footdavant.fr\/"]},{"@type":"Person","@id":"https:\/\/footdavant.fr\/actualites\/#\/schema\/person\/bc222566d95871b37e597b3ed3ba5e1d","name":"Cl\u00e9ment","image":{"@type":"ImageObject","inLanguage":"fr-FR","@id":"https:\/\/footdavant.fr\/actualites\/#\/schema\/person\/image\/","url":"https:\/\/secure.gravatar.com\/avatar\/7728b29aac2719421e1a9159b2254c44?s=96&d=mm&r=g","contentUrl":"https:\/\/secure.gravatar.com\/avatar\/7728b29aac2719421e1a9159b2254c44?s=96&d=mm&r=g","caption":"Cl\u00e9ment"},"sameAs":["https:\/\/footdavant.fr\/"]}]}},"_links":{"self":[{"href":"https:\/\/footdavant.fr\/actualites\/wp-json\/wp\/v2\/posts\/3394"}],"collection":[{"href":"https:\/\/footdavant.fr\/actualites\/wp-json\/wp\/v2\/posts"}],"about":[{"href":"https:\/\/footdavant.fr\/actualites\/wp-json\/wp\/v2\/types\/post"}],"author":[{"embeddable":true,"href":"https:\/\/footdavant.fr\/actualites\/wp-json\/wp\/v2\/users\/1"}],"replies":[{"embeddable":true,"href":"https:\/\/footdavant.fr\/actualites\/wp-json\/wp\/v2\/comments?post=3394"}],"version-history":[{"count":1,"href":"https:\/\/footdavant.fr\/actualites\/wp-json\/wp\/v2\/posts\/3394\/revisions"}],"predecessor-version":[{"id":3396,"href":"https:\/\/footdavant.fr\/actualites\/wp-json\/wp\/v2\/posts\/3394\/revisions\/3396"}],"wp:featuredmedia":[{"embeddable":true,"href":"https:\/\/footdavant.fr\/actualites\/wp-json\/wp\/v2\/media\/3395"}],"wp:attachment":[{"href":"https:\/\/footdavant.fr\/actualites\/wp-json\/wp\/v2\/media?parent=3394"}],"wp:term":[{"taxonomy":"category","embeddable":true,"href":"https:\/\/footdavant.fr\/actualites\/wp-json\/wp\/v2\/categories?post=3394"},{"taxonomy":"post_tag","embeddable":true,"href":"https:\/\/footdavant.fr\/actualites\/wp-json\/wp\/v2\/tags?post=3394"}],"curies":[{"name":"wp","href":"https:\/\/api.w.org\/{rel}","templated":true}]}}