{"id":3400,"date":"2024-01-03T22:50:43","date_gmt":"2024-01-03T21:50:43","guid":{"rendered":"https:\/\/footdavant.fr\/actualites\/raphael-varane-sent-que-manchester-united-le-force-a-sortir\/"},"modified":"2024-01-03T22:50:43","modified_gmt":"2024-01-03T21:50:43","slug":"raphael-varane-sent-que-manchester-united-le-force-a-sortir","status":"publish","type":"post","link":"https:\/\/footdavant.fr\/actualites\/raphael-varane-sent-que-manchester-united-le-force-a-sortir\/","title":{"rendered":"Raphael Varane \u00ab sent que Manchester United le force \u00e0 sortir \u00bb"},"content":{"rendered":"<p>Raphael Varane aurait le sentiment d&rsquo;\u00eatre contraint de quitter Manchester United apr\u00e8s que les Red Devils ont d\u00e9cid\u00e9 de ne pas prolonger son contrat de 12 mois suppl\u00e9mentaires.<\/p>\n<div id=\"article_body\" itemprop=\"articleBody\">\n<h3 class=\"firstPara\">\n<strong class=\"autotag\">Manchester United<\/strong> d\u00e9fenseur central <strong class=\"autotag\">Rapha\u00ebl Varane<\/strong> aurait le sentiment d&rsquo;\u00eatre forc\u00e9 de quitter Old Trafford.<\/h3>\n<p>Apr\u00e8s avoir jou\u00e9 un r\u00f4le fondamental dans le succ\u00e8s des Diables Rouges lors de la campagne 2022-23 aux c\u00f4t\u00e9s de <strong class=\"autotag\">Lisandro Martinez<\/strong>Varane a connu une saison beaucoup plus frustrante sous <strong class=\"autotag\">Erik Ten Hag<\/strong> cette fois-ci.<\/p>\n<p>L&rsquo;ancien d\u00e9fenseur central du Real Madrid a d\u00e9but\u00e9 la saison en force, marquant le seul but de la victoire 1-0 de son \u00e9quipe contre Wolverhampton Wanderers lors du week-end d&rsquo;ouverture de la Premier League, mais il s&rsquo;est souvent retrouv\u00e9 sur le banc suite \u00e0 une blessure mineure en septembre.<\/p>\n<p>M\u00eame avec Martinez aux prises avec une r\u00e9cidive de sa blessure au pied, Varane a pris du retard <strong class=\"autotag\">Harry Maguire<\/strong>, <strong class=\"autotag\">Victor Lindelof<\/strong> et le retour <strong class=\"autotag\">Jonny Evans<\/strong> dans la hi\u00e9rarchie, pr\u00e9tendument \u00e0 son grand dam.<\/p>\n<p>Une brouille entre Varane et Ten Hag aurait \u00e9t\u00e9 la raison de sa r\u00e9trogradation \u00e0 un r\u00f4le secondaire, bien que ce dernier ait ni\u00e9 les rumeurs de rupture et l&rsquo;ait depuis ramen\u00e9 dans le XI suite aux blessures de Maguire et Lindelof.<\/p>\n<p class=\"imgI\">\n<p>Le joueur de 30 ans a jou\u00e9 les 90 minutes compl\u00e8tes lors de trois des quatre derniers matchs des Red Devils en Premier League, mais il est en fin de contrat dans six mois et est libre d&rsquo;entamer des n\u00e9gociations avec des \u00e9quipes \u00e9trang\u00e8res sur un pr\u00e9-contrat. accord.<\/p>\n<p>Les conditions de Varane \u2013 qui ont \u00e9t\u00e9 signal\u00e9es par erreur pour la premi\u00e8re fois comme un accord de quatre ans en 2021 \u2013 incluent une option pour prolonger son s\u00e9jour pour une autre saison, mais Man United aurait d\u00e9cid\u00e9 de ne pas activer cette clause.<\/p>\n<p>En cons\u00e9quence, le Fran\u00e7ais devrait partir en tant qu&rsquo;agent libre cet \u00e9t\u00e9 \u00e0 moins qu&rsquo;il ne soit vendu pendant la fen\u00eatre actuelle de janvier, et selon le <em>Nouvelles du soir de Manchester<\/em>il se sent pouss\u00e9 vers la porte de sortie.<\/p>\n<p>Bien qu&rsquo;un nouveau contrat pour Varane n&rsquo;ait pas \u00e9t\u00e9 exclu, Man United exigerait cens\u00e9ment que le d\u00e9fenseur central accepte une r\u00e9duction de salaire plut\u00f4t que de le maintenir sur le m\u00eame salaire en d\u00e9clenchant l&rsquo;option existante de 12 mois.<\/p>\n<p>Varane n&rsquo;aurait pas encore d\u00e9cid\u00e9 de rester avec un salaire r\u00e9duit, et il n&rsquo;a pas non plus \u00e9t\u00e9 impressionn\u00e9 par un \u00ab\u00a0manque de stabilit\u00e9\u00a0\u00bb au Th\u00e9\u00e2tre des r\u00eaves lors de la campagne 2023-24.<\/p>\n<p class=\"imgI\"><img decoding=\"async\" loading=\"lazy\" class=\"l\" src=\"https:\/\/footdavant.fr\/actualites\/wp-content\/uploads\/2024\/01\/1704318643_415_Raphael-Varane-sent-que-Manchester-United-le-force-a.JPG\" title=\"Scott McTominay et Raphael Varane de Manchester United r\u00e9agissent apr\u00e8s que Morgan Gibbs-White de Nottingham Forest ait marqu\u00e9 son deuxi\u00e8me but le 30 d\u00e9cembre 2023\" alt=\"Scott McTominay et Raphael Varane de Manchester United r\u00e9agissent apr\u00e8s que Morgan Gibbs-White de Nottingham Forest ait marqu\u00e9 son deuxi\u00e8me but le 30 d\u00e9cembre 2023\" width=\"640\" height=\"480\"><\/p>\n<p>La d\u00e9faite 2-1 des Red Devils face \u00e0 Nottingham Forest samedi repr\u00e9sentait leur 14e d\u00e9faite de la saison toutes comp\u00e9titions confondues, la premi\u00e8re fois depuis la saison 1930-31 qu&rsquo;ils subissaient autant de coups jusqu&rsquo;\u00e0 ce stade de la nouvelle saison.<\/p>\n<p>Neuf de ces d\u00e9faites ont eu lieu en Premier League pour les hommes de Ten Hag, septi\u00e8mes du classement et qui pourraient se retrouver \u00e0 14 points du leader Liverpool si <strong class=\"autotag\">J\u00fcrgen Klopp<\/strong>L&rsquo;\u00e9quipe de Manchester United a battu Newcastle United lundi.<\/p>\n<p>Cependant, d&rsquo;importants changements sportifs vont bient\u00f4t intervenir \u00e0 Old Trafford gr\u00e2ce \u00e0 l&rsquo;arriv\u00e9e de Sir <strong class=\"autotag\">Jim Ratcliffe<\/strong>dont le rachat de 25 % du club a \u00e9t\u00e9 confirm\u00e9 la veille de No\u00ebl, m\u00eame s&rsquo;il n&rsquo;a pas encore \u00e9t\u00e9 ratifi\u00e9 par la Premier League.<\/p>\n<p>Malgr\u00e9 les inqui\u00e9tudes apparentes de Varane, le rapport ajoute que Man United a soulign\u00e9 qu&rsquo;aucun joueur ne serait conduit vers la porte de sortie en janvier, mais qu&rsquo;une poign\u00e9e d&rsquo;artistes ind\u00e9sirables pourraient encore partir.<\/p>\n<p><strong class=\"autotag\">Donny van de Beek<\/strong>Le transfert de pr\u00eat de \u00e0 l&rsquo;Eintracht Francfort a \u00e9t\u00e9 annonc\u00e9 lundi matin, tandis que <strong class=\"autotag\">Casemiro<\/strong>, <strong class=\"autotag\">Jadon Sancho<\/strong> et <strong class=\"autotag\">Antoine Martial<\/strong> sont \u00e9galement sur le billot.<\/p>\n<\/div>\n","protected":false},"excerpt":{"rendered":"<p>Raphael Varane aurait le sentiment d&rsquo;\u00eatre contraint de quitter Manchester United apr\u00e8s que les Red Devils ont d\u00e9cid\u00e9 de ne pas prolonger son contrat de<\/p>\n","protected":false},"author":1,"featured_media":3401,"comment_status":"closed","ping_status":"","sticky":false,"template":"","format":"standard","meta":{"footnotes":""},"categories":[5],"tags":[2773,11,1076,1137,13,1077],"yoast_head":"<!-- This site is optimized with the Yoast SEO plugin v21.0 - https:\/\/yoast.com\/wordpress\/plugins\/seo\/ -->\n<title>Raphael Varane \u00ab sent que Manchester United le force \u00e0 sortir \u00bb<\/title>\n<meta name=\"robots\" content=\"index, follow, max-snippet:-1, max-image-preview:large, max-video-preview:-1\" \/>\n<link rel=\"canonical\" href=\"https:\/\/footdavant.fr\/actualites\/raphael-varane-sent-que-manchester-united-le-force-a-sortir\/\" \/>\n<meta property=\"og:locale\" content=\"fr_FR\" \/>\n<meta property=\"og:type\" content=\"article\" \/>\n<meta property=\"og:title\" content=\"Raphael Varane \u00ab sent que Manchester United le force \u00e0 sortir \u00bb\" \/>\n<meta property=\"og:description\" content=\"Raphael Varane aurait le sentiment d&rsquo;\u00eatre contraint de quitter Manchester United apr\u00e8s que les Red Devils ont d\u00e9cid\u00e9 de ne pas prolonger son contrat de\" \/>\n<meta property=\"og:url\" content=\"https:\/\/footdavant.fr\/actualites\/raphael-varane-sent-que-manchester-united-le-force-a-sortir\/\" \/>\n<meta property=\"og:site_name\" content=\"Foot d&#039;avant\" \/>\n<meta property=\"article:publisher\" content=\"https:\/\/www.facebook.com\/Footdavant\/\" \/>\n<meta property=\"article:published_time\" content=\"2024-01-03T21:50:43+00:00\" \/>\n<meta property=\"og:image\" content=\"https:\/\/footdavant.fr\/actualites\/wp-content\/uploads\/2024\/01\/Raphael-Varane-sent-que-Manchester-United-le-force-a.JPG\" \/>\n\t<meta property=\"og:image:width\" content=\"640\" \/>\n\t<meta property=\"og:image:height\" content=\"480\" \/>\n\t<meta property=\"og:image:type\" content=\"image\/jpeg\" \/>\n<meta name=\"author\" content=\"Cl\u00e9ment\" \/>\n<meta name=\"twitter:card\" content=\"summary_large_image\" \/>\n<meta name=\"twitter:creator\" content=\"@FootdavantFr\" \/>\n<meta name=\"twitter:site\" content=\"@FootdavantFr\" \/>\n<meta name=\"twitter:label1\" content=\"\u00c9crit par\" \/>\n\t<meta name=\"twitter:data1\" content=\"Cl\u00e9ment\" \/>\n\t<meta name=\"twitter:label2\" content=\"Dur\u00e9e de lecture estim\u00e9e\" \/>\n\t<meta name=\"twitter:data2\" content=\"3 minutes\" \/>\n<script type=\"application\/ld+json\" class=\"yoast-schema-graph\">{\"@context\":\"https:\/\/schema.org\",\"@graph\":[{\"@type\":\"Article\",\"@id\":\"https:\/\/footdavant.fr\/actualites\/raphael-varane-sent-que-manchester-united-le-force-a-sortir\/#article\",\"isPartOf\":{\"@id\":\"https:\/\/footdavant.fr\/actualites\/raphael-varane-sent-que-manchester-united-le-force-a-sortir\/\"},\"author\":{\"name\":\"Cl\u00e9ment\",\"@id\":\"https:\/\/footdavant.fr\/actualites\/#\/schema\/person\/bc222566d95871b37e597b3ed3ba5e1d\"},\"headline\":\"Raphael Varane \u00ab sent que Manchester United le force \u00e0 sortir \u00bb\",\"datePublished\":\"2024-01-03T21:50:43+00:00\",\"dateModified\":\"2024-01-03T21:50:43+00:00\",\"mainEntityOfPage\":{\"@id\":\"https:\/\/footdavant.fr\/actualites\/raphael-varane-sent-que-manchester-united-le-force-a-sortir\/\"},\"wordCount\":645,\"publisher\":{\"@id\":\"https:\/\/footdavant.fr\/actualites\/#organization\"},\"keywords\":[\"force\",\"Manchester\",\"Raphael\",\"sortir\",\"United\",\"Varane\"],\"articleSection\":[\"Premier League\"],\"inLanguage\":\"fr-FR\"},{\"@type\":\"WebPage\",\"@id\":\"https:\/\/footdavant.fr\/actualites\/raphael-varane-sent-que-manchester-united-le-force-a-sortir\/\",\"url\":\"https:\/\/footdavant.fr\/actualites\/raphael-varane-sent-que-manchester-united-le-force-a-sortir\/\",\"name\":\"Raphael Varane \u00ab sent que Manchester United le force \u00e0 sortir \u00bb\",\"isPartOf\":{\"@id\":\"https:\/\/footdavant.fr\/actualites\/#website\"},\"datePublished\":\"2024-01-03T21:50:43+00:00\",\"dateModified\":\"2024-01-03T21:50:43+00:00\",\"breadcrumb\":{\"@id\":\"https:\/\/footdavant.fr\/actualites\/raphael-varane-sent-que-manchester-united-le-force-a-sortir\/#breadcrumb\"},\"inLanguage\":\"fr-FR\",\"potentialAction\":[{\"@type\":\"ReadAction\",\"target\":[\"https:\/\/footdavant.fr\/actualites\/raphael-varane-sent-que-manchester-united-le-force-a-sortir\/\"]}]},{\"@type\":\"BreadcrumbList\",\"@id\":\"https:\/\/footdavant.fr\/actualites\/raphael-varane-sent-que-manchester-united-le-force-a-sortir\/#breadcrumb\",\"itemListElement\":[{\"@type\":\"ListItem\",\"position\":1,\"name\":\"Accueil\",\"item\":\"https:\/\/footdavant.fr\/actualites\/\"},{\"@type\":\"ListItem\",\"position\":2,\"name\":\"Raphael Varane \u00ab sent que Manchester United le force \u00e0 sortir \u00bb\"}]},{\"@type\":\"WebSite\",\"@id\":\"https:\/\/footdavant.fr\/actualites\/#website\",\"url\":\"https:\/\/footdavant.fr\/actualites\/\",\"name\":\"Foot d'avant\",\"description\":\"\",\"publisher\":{\"@id\":\"https:\/\/footdavant.fr\/actualites\/#organization\"},\"potentialAction\":[{\"@type\":\"SearchAction\",\"target\":{\"@type\":\"EntryPoint\",\"urlTemplate\":\"https:\/\/footdavant.fr\/actualites\/?s={search_term_string}\"},\"query-input\":\"required name=search_term_string\"}],\"inLanguage\":\"fr-FR\"},{\"@type\":\"Organization\",\"@id\":\"https:\/\/footdavant.fr\/actualites\/#organization\",\"name\":\"Foot d'avant\",\"url\":\"https:\/\/footdavant.fr\/actualites\/\",\"logo\":{\"@type\":\"ImageObject\",\"inLanguage\":\"fr-FR\",\"@id\":\"https:\/\/footdavant.fr\/actualites\/#\/schema\/logo\/image\/\",\"url\":\"https:\/\/footdavant.fr\/actualites\/wp-content\/uploads\/2023\/09\/Copy-of-FootDavant-Logo.png\",\"contentUrl\":\"https:\/\/footdavant.fr\/actualites\/wp-content\/uploads\/2023\/09\/Copy-of-FootDavant-Logo.png\",\"width\":936,\"height\":549,\"caption\":\"Foot d'avant\"},\"image\":{\"@id\":\"https:\/\/footdavant.fr\/actualites\/#\/schema\/logo\/image\/\"},\"sameAs\":[\"https:\/\/www.facebook.com\/Footdavant\/\",\"https:\/\/twitter.com\/FootdavantFr\",\"https:\/\/www.instagram.com\/footdavant.fr\/\"]},{\"@type\":\"Person\",\"@id\":\"https:\/\/footdavant.fr\/actualites\/#\/schema\/person\/bc222566d95871b37e597b3ed3ba5e1d\",\"name\":\"Cl\u00e9ment\",\"image\":{\"@type\":\"ImageObject\",\"inLanguage\":\"fr-FR\",\"@id\":\"https:\/\/footdavant.fr\/actualites\/#\/schema\/person\/image\/\",\"url\":\"https:\/\/secure.gravatar.com\/avatar\/7728b29aac2719421e1a9159b2254c44?s=96&d=mm&r=g\",\"contentUrl\":\"https:\/\/secure.gravatar.com\/avatar\/7728b29aac2719421e1a9159b2254c44?s=96&d=mm&r=g\",\"caption\":\"Cl\u00e9ment\"},\"sameAs\":[\"https:\/\/footdavant.fr\/\"]}]}<\/script>\n<!-- \/ Yoast SEO plugin. -->","yoast_head_json":{"title":"Raphael Varane \u00ab sent que Manchester United le force \u00e0 sortir \u00bb","robots":{"index":"index","follow":"follow","max-snippet":"max-snippet:-1","max-image-preview":"max-image-preview:large","max-video-preview":"max-video-preview:-1"},"canonical":"https:\/\/footdavant.fr\/actualites\/raphael-varane-sent-que-manchester-united-le-force-a-sortir\/","og_locale":"fr_FR","og_type":"article","og_title":"Raphael Varane \u00ab sent que Manchester United le force \u00e0 sortir \u00bb","og_description":"Raphael Varane aurait le sentiment d&rsquo;\u00eatre contraint de quitter Manchester United apr\u00e8s que les Red Devils ont d\u00e9cid\u00e9 de ne pas prolonger son contrat de","og_url":"https:\/\/footdavant.fr\/actualites\/raphael-varane-sent-que-manchester-united-le-force-a-sortir\/","og_site_name":"Foot d&#039;avant","article_publisher":"https:\/\/www.facebook.com\/Footdavant\/","article_published_time":"2024-01-03T21:50:43+00:00","og_image":[{"width":640,"height":480,"url":"https:\/\/footdavant.fr\/actualites\/wp-content\/uploads\/2024\/01\/Raphael-Varane-sent-que-Manchester-United-le-force-a.JPG","type":"image\/jpeg"}],"author":"Cl\u00e9ment","twitter_card":"summary_large_image","twitter_creator":"@FootdavantFr","twitter_site":"@FootdavantFr","twitter_misc":{"\u00c9crit par":"Cl\u00e9ment","Dur\u00e9e de lecture estim\u00e9e":"3 minutes"},"schema":{"@context":"https:\/\/schema.org","@graph":[{"@type":"Article","@id":"https:\/\/footdavant.fr\/actualites\/raphael-varane-sent-que-manchester-united-le-force-a-sortir\/#article","isPartOf":{"@id":"https:\/\/footdavant.fr\/actualites\/raphael-varane-sent-que-manchester-united-le-force-a-sortir\/"},"author":{"name":"Cl\u00e9ment","@id":"https:\/\/footdavant.fr\/actualites\/#\/schema\/person\/bc222566d95871b37e597b3ed3ba5e1d"},"headline":"Raphael Varane \u00ab sent que Manchester United le force \u00e0 sortir \u00bb","datePublished":"2024-01-03T21:50:43+00:00","dateModified":"2024-01-03T21:50:43+00:00","mainEntityOfPage":{"@id":"https:\/\/footdavant.fr\/actualites\/raphael-varane-sent-que-manchester-united-le-force-a-sortir\/"},"wordCount":645,"publisher":{"@id":"https:\/\/footdavant.fr\/actualites\/#organization"},"keywords":["force","Manchester","Raphael","sortir","United","Varane"],"articleSection":["Premier League"],"inLanguage":"fr-FR"},{"@type":"WebPage","@id":"https:\/\/footdavant.fr\/actualites\/raphael-varane-sent-que-manchester-united-le-force-a-sortir\/","url":"https:\/\/footdavant.fr\/actualites\/raphael-varane-sent-que-manchester-united-le-force-a-sortir\/","name":"Raphael Varane \u00ab sent que Manchester United le force \u00e0 sortir \u00bb","isPartOf":{"@id":"https:\/\/footdavant.fr\/actualites\/#website"},"datePublished":"2024-01-03T21:50:43+00:00","dateModified":"2024-01-03T21:50:43+00:00","breadcrumb":{"@id":"https:\/\/footdavant.fr\/actualites\/raphael-varane-sent-que-manchester-united-le-force-a-sortir\/#breadcrumb"},"inLanguage":"fr-FR","potentialAction":[{"@type":"ReadAction","target":["https:\/\/footdavant.fr\/actualites\/raphael-varane-sent-que-manchester-united-le-force-a-sortir\/"]}]},{"@type":"BreadcrumbList","@id":"https:\/\/footdavant.fr\/actualites\/raphael-varane-sent-que-manchester-united-le-force-a-sortir\/#breadcrumb","itemListElement":[{"@type":"ListItem","position":1,"name":"Accueil","item":"https:\/\/footdavant.fr\/actualites\/"},{"@type":"ListItem","position":2,"name":"Raphael Varane \u00ab sent que Manchester United le force \u00e0 sortir \u00bb"}]},{"@type":"WebSite","@id":"https:\/\/footdavant.fr\/actualites\/#website","url":"https:\/\/footdavant.fr\/actualites\/","name":"Foot d'avant","description":"","publisher":{"@id":"https:\/\/footdavant.fr\/actualites\/#organization"},"potentialAction":[{"@type":"SearchAction","target":{"@type":"EntryPoint","urlTemplate":"https:\/\/footdavant.fr\/actualites\/?s={search_term_string}"},"query-input":"required name=search_term_string"}],"inLanguage":"fr-FR"},{"@type":"Organization","@id":"https:\/\/footdavant.fr\/actualites\/#organization","name":"Foot d'avant","url":"https:\/\/footdavant.fr\/actualites\/","logo":{"@type":"ImageObject","inLanguage":"fr-FR","@id":"https:\/\/footdavant.fr\/actualites\/#\/schema\/logo\/image\/","url":"https:\/\/footdavant.fr\/actualites\/wp-content\/uploads\/2023\/09\/Copy-of-FootDavant-Logo.png","contentUrl":"https:\/\/footdavant.fr\/actualites\/wp-content\/uploads\/2023\/09\/Copy-of-FootDavant-Logo.png","width":936,"height":549,"caption":"Foot d'avant"},"image":{"@id":"https:\/\/footdavant.fr\/actualites\/#\/schema\/logo\/image\/"},"sameAs":["https:\/\/www.facebook.com\/Footdavant\/","https:\/\/twitter.com\/FootdavantFr","https:\/\/www.instagram.com\/footdavant.fr\/"]},{"@type":"Person","@id":"https:\/\/footdavant.fr\/actualites\/#\/schema\/person\/bc222566d95871b37e597b3ed3ba5e1d","name":"Cl\u00e9ment","image":{"@type":"ImageObject","inLanguage":"fr-FR","@id":"https:\/\/footdavant.fr\/actualites\/#\/schema\/person\/image\/","url":"https:\/\/secure.gravatar.com\/avatar\/7728b29aac2719421e1a9159b2254c44?s=96&d=mm&r=g","contentUrl":"https:\/\/secure.gravatar.com\/avatar\/7728b29aac2719421e1a9159b2254c44?s=96&d=mm&r=g","caption":"Cl\u00e9ment"},"sameAs":["https:\/\/footdavant.fr\/"]}]}},"_links":{"self":[{"href":"https:\/\/footdavant.fr\/actualites\/wp-json\/wp\/v2\/posts\/3400"}],"collection":[{"href":"https:\/\/footdavant.fr\/actualites\/wp-json\/wp\/v2\/posts"}],"about":[{"href":"https:\/\/footdavant.fr\/actualites\/wp-json\/wp\/v2\/types\/post"}],"author":[{"embeddable":true,"href":"https:\/\/footdavant.fr\/actualites\/wp-json\/wp\/v2\/users\/1"}],"replies":[{"embeddable":true,"href":"https:\/\/footdavant.fr\/actualites\/wp-json\/wp\/v2\/comments?post=3400"}],"version-history":[{"count":1,"href":"https:\/\/footdavant.fr\/actualites\/wp-json\/wp\/v2\/posts\/3400\/revisions"}],"predecessor-version":[{"id":3402,"href":"https:\/\/footdavant.fr\/actualites\/wp-json\/wp\/v2\/posts\/3400\/revisions\/3402"}],"wp:featuredmedia":[{"embeddable":true,"href":"https:\/\/footdavant.fr\/actualites\/wp-json\/wp\/v2\/media\/3401"}],"wp:attachment":[{"href":"https:\/\/footdavant.fr\/actualites\/wp-json\/wp\/v2\/media?parent=3400"}],"wp:term":[{"taxonomy":"category","embeddable":true,"href":"https:\/\/footdavant.fr\/actualites\/wp-json\/wp\/v2\/categories?post=3400"},{"taxonomy":"post_tag","embeddable":true,"href":"https:\/\/footdavant.fr\/actualites\/wp-json\/wp\/v2\/tags?post=3400"}],"curies":[{"name":"wp","href":"https:\/\/api.w.org\/{rel}","templated":true}]}}