{"id":34138,"date":"2026-02-04T07:48:05","date_gmt":"2026-02-04T06:48:05","guid":{"rendered":"https:\/\/footdavant.fr\/actualites\/marcus-rashford-apporte-une-contribution-decisive-au-fc-barcelone\/"},"modified":"2026-02-04T07:48:09","modified_gmt":"2026-02-04T06:48:09","slug":"marcus-rashford-apporte-une-contribution-decisive-au-fc-barcelone","status":"publish","type":"post","link":"https:\/\/footdavant.fr\/actualites\/marcus-rashford-apporte-une-contribution-decisive-au-fc-barcelone\/","title":{"rendered":"Marcus Rashford apporte une contribution d\u00e9cisive au FC Barcelone \u2013"},"content":{"rendered":"<div id=\"penci-post-entry-inner\">\n<p>\t\t\t<i class=\"penci-post-countview-number-check\" style=\"display:none\">1<\/i><\/p>\n<p>Manchester United avait trois joueurs en pr\u00eat mardi soir.<\/p>\n<p>Pour savoir o\u00f9 exercent tous les joueurs pr\u00eat\u00e9s de Manchester United cette saison, cliquez ici.<\/p>\n<h3>Marcus Rashford<\/h3>\n<p>L&#39;international anglais a re\u00e7u le feu vert pour d\u00e9buter la victoire 2-1 de Barcelone \u00e0 l&#39;ext\u00e9rieur contre Albacete.<\/p>\n<p>Il a \u00e9t\u00e9 jou\u00e9 au but d\u00e8s le d\u00e9but, mais il a n\u00e9gligemment \u00e9cart\u00e9 son effort du but dans une tentative imprudente. Rashford a jou\u00e9 un r\u00f4le cl\u00e9 dans le premier match de Lamine Yamal lorsque sa course a trouv\u00e9 Frenkie de Jong, qui a finalement remis le ballon pour que l&#39;Espagnol s&#39;enroule dans le filet \u00e0 distance.<\/p>\n<p>En seconde p\u00e9riode, il a failli devenir passeur pour Dani Olmo apr\u00e8s avoir couru sur le c\u00f4t\u00e9 gauche, mais la tentative d&#39;Olmo a \u00e9t\u00e9 bien bloqu\u00e9e par la d\u00e9fense d&#39;Albacete. Rashford a finalement obtenu sa r\u00e9compense lorsque son corner f\u00e9roce a \u00e9t\u00e9 dirig\u00e9 par Ronald Araujo.<\/p>\n<p>Il a r\u00e9ussi deux passes cl\u00e9s dans le match mais n&#39;a pu se connecter qu&#39;avec une de ses sept tentatives crois\u00e9es. Le joueur de 28 ans a \u00e9galement r\u00e9alis\u00e9 100 % de ses tentatives de dribbles et de tacles dans un match productif pour se qualifier pour les demi-finales de la Copa del Rey.<\/p>\n<h2 id=\"tablepress-768-name\" class=\"tablepress-table-name tablepress-table-name-id-768\">Statistiques de Marcus Rashford contre Albacete<\/h2>\n<table id=\"tablepress-768\" class=\"tablepress tablepress-id-768\" aria-labelledby=\"tablepress-768-name\">\n<thead>\n<tr class=\"row-1\">\n<th class=\"column-1\">Statistique<\/th>\n<th class=\"column-2\">Valeur<\/th>\n<\/tr>\n<\/thead>\n<tbody class=\"row-striping row-hover\">\n<tr class=\"row-2\">\n<td class=\"column-1\">Objectifs<\/td>\n<td class=\"column-2\">0<\/td>\n<\/tr>\n<tr class=\"row-3\">\n<td class=\"column-1\">Aides<\/td>\n<td class=\"column-2\">1<\/td>\n<\/tr>\n<tr class=\"row-4\">\n<td class=\"column-1\">De grosses chances cr\u00e9\u00e9es<\/td>\n<td class=\"column-2\">2<\/td>\n<\/tr>\n<tr class=\"row-5\">\n<td class=\"column-1\">Passes cl\u00e9s<\/td>\n<td class=\"column-2\">2<\/td>\n<\/tr>\n<tr class=\"row-6\">\n<td class=\"column-1\">Croix (pr\u00e9cises)<\/td>\n<td class=\"column-2\">7 (1)<\/td>\n<\/tr>\n<tr class=\"row-7\">\n<td class=\"column-1\">Passes pr\u00e9cises<\/td>\n<td class=\"column-2\">21\/26 (81%)<\/td>\n<\/tr>\n<tr class=\"row-8\">\n<td class=\"column-1\">Passe dans la moiti\u00e9 de terrain adverse (acc.)<\/td>\n<td class=\"column-2\">16\/20 (80%)<\/td>\n<\/tr>\n<tr class=\"row-9\">\n<td class=\"column-1\">Passe dans sa propre moiti\u00e9 de terrain (acc.)<\/td>\n<td class=\"column-2\">5\/6 (83%)<\/td>\n<\/tr>\n<tr class=\"row-10\">\n<td class=\"column-1\">Nombre total de tirs<\/td>\n<td class=\"column-2\">1<\/td>\n<\/tr>\n<tr class=\"row-11\">\n<td class=\"column-1\">Tirs cadr\u00e9s<\/td>\n<td class=\"column-2\">0<\/td>\n<\/tr>\n<tr class=\"row-12\">\n<td class=\"column-1\">Tirs bloqu\u00e9s<\/td>\n<td class=\"column-2\">0<\/td>\n<\/tr>\n<tr class=\"row-13\">\n<td class=\"column-1\">De grosses occasions manqu\u00e9es<\/td>\n<td class=\"column-2\">1<\/td>\n<\/tr>\n<tr class=\"row-14\">\n<td class=\"column-1\">Touches<\/td>\n<td class=\"column-2\">41<\/td>\n<\/tr>\n<tr class=\"row-15\">\n<td class=\"column-1\">Touches infructueuses<\/td>\n<td class=\"column-2\">2<\/td>\n<\/tr>\n<tr class=\"row-16\">\n<td class=\"column-1\">Dribbles (r\u00e9ussis)<\/td>\n<td class=\"column-2\">2 (2)<\/td>\n<\/tr>\n<tr class=\"row-17\">\n<td class=\"column-1\">A \u00e9t\u00e9 victime d&#39;une faute<\/td>\n<td class=\"column-2\">1<\/td>\n<\/tr>\n<tr class=\"row-18\">\n<td class=\"column-1\">Possession perdue<\/td>\n<td class=\"column-2\">13<\/td>\n<\/tr>\n<tr class=\"row-19\">\n<td class=\"column-1\">Distance totale de transport<\/td>\n<td class=\"column-2\">41,9 m<\/td>\n<\/tr>\n<tr class=\"row-20\">\n<td class=\"column-1\">Porte<\/td>\n<td class=\"column-2\">7<\/td>\n<\/tr>\n<tr class=\"row-21\">\n<td class=\"column-1\">Progression totale<\/td>\n<td class=\"column-2\">12,2 m<\/td>\n<\/tr>\n<tr class=\"row-22\">\n<td class=\"column-1\">D\u00e9f. cotisations<\/td>\n<td class=\"column-2\">1<\/td>\n<\/tr>\n<tr class=\"row-23\">\n<td class=\"column-1\">Tacles (gagn\u00e9s)<\/td>\n<td class=\"column-2\">1 (1)<\/td>\n<\/tr>\n<tr class=\"row-24\">\n<td class=\"column-1\">Interceptions<\/td>\n<td class=\"column-2\">0<\/td>\n<\/tr>\n<tr class=\"row-25\">\n<td class=\"column-1\">D\u00e9gagements<\/td>\n<td class=\"column-2\">0<\/td>\n<\/tr>\n<tr class=\"row-26\">\n<td class=\"column-1\">Tirs bloqu\u00e9s<\/td>\n<td class=\"column-2\">0<\/td>\n<\/tr>\n<tr class=\"row-27\">\n<td class=\"column-1\">R\u00e9cup\u00e9rations<\/td>\n<td class=\"column-2\">1<\/td>\n<\/tr>\n<tr class=\"row-28\">\n<td class=\"column-1\">Duels au sol (gagn\u00e9s)<\/td>\n<td class=\"column-2\">4 (3)<\/td>\n<\/tr>\n<tr class=\"row-29\">\n<td class=\"column-1\">Duels a\u00e9riens (gagn\u00e9s)<\/td>\n<td class=\"column-2\">1 (1)<\/td>\n<\/tr>\n<tr class=\"row-30\">\n<td class=\"column-1\">Pass\u00e9 dribbl\u00e9<\/td>\n<td class=\"column-2\">1<\/td>\n<\/tr>\n<\/tbody>\n<\/table>\n<p><!-- #tablepress-768 from cache --><\/p>\n<h3>Jacob Devaney<\/h3>\n<p>Le milieu de terrain irlandais a effectu\u00e9 un transfert \u00e0 St Mirren, et il a \u00e9t\u00e9 charg\u00e9 de commencer quelques heures seulement apr\u00e8s avoir scell\u00e9 son changement contre Hearts of Midlothian. Les Saints se sont impos\u00e9s 1-0 \u00e0 St Mirren Park.<\/p>\n<p>Il a jou\u00e9 70 minutes et compl\u00e9t\u00e9 84 % de ses tentatives de passes.<\/p>\n<p>Devaney a r\u00e9ussi un tir au but qui a \u00e9t\u00e9 bloqu\u00e9, mais n&#39;a r\u00e9ussi aucun de ses deux plaqu\u00e9s.<\/p>\n<p>Impressionnant, le joueur de 18 ans a remport\u00e9 six duels au sol et deux concours a\u00e9riens dans une performance combative contre les leaders de la Premiership \u00e9cossaise.<\/p>\n<h3>James Scanlon<\/h3>\n<p>L&#39;international de Gibraltar est sorti du banc de Swindon Town lors de sa victoire 1-0 \u00e0 l&#39;ext\u00e9rieur contre Harrogate Town.<\/p>\n<p>Il a jou\u00e9 33 minutes et a r\u00e9ussi deux tirs au but, dont un cadr\u00e9.<\/p>\n<p>Scanlon a \u00e9galement r\u00e9alis\u00e9 un dribble et s&#39;est impos\u00e9 dans trois de ses quatre duels au sol.<\/p>\n<div align=\"\u201ccenter\u201d\"><iframe loading=\"lazy\" title=\"HIGHLIGHTS | ALBACETE 1 vs 2 FC BARCELONA | COPA DEL REY 25\/26\" width=\"1200\" height=\"675\" src=\"https:\/\/www.youtube.com\/embed\/yra5KWbTA_s?feature=oembed\" frameborder=\"0\" allow=\"accelerometer; autoplay; clipboard-write; encrypted-media; gyroscope; picture-in-picture; web-share\" referrerpolicy=\"strict-origin-when-cross-origin\" allowfullscreen><\/iframe><\/p>\n<\/div>\n<hr\/>\n<p>The Peoples Person est l&#39;un des principaux sites d&#39;information de Man United au monde depuis plus d&#39;une d\u00e9cennie. Suivez-nous sur Bluesky\u00a0: @peoplesperson.bsky.social<\/p>\n<p><!-- CONTENT END 2 --><\/p><\/div>\n","protected":false},"excerpt":{"rendered":"<p>1 Manchester United avait trois joueurs en pr\u00eat mardi soir. Pour savoir o\u00f9 exercent tous les joueurs pr\u00eat\u00e9s de Manchester United cette saison, cliquez ici.<\/p>\n","protected":false},"author":1,"featured_media":34139,"comment_status":"closed","ping_status":"","sticky":false,"template":"","format":"standard","meta":{"footnotes":""},"categories":[3],"tags":[411,130,196,6283,422,423,92],"yoast_head":"<!-- This site is optimized with the Yoast SEO plugin v21.0 - https:\/\/yoast.com\/wordpress\/plugins\/seo\/ -->\n<title>Marcus Rashford apporte une contribution d\u00e9cisive au FC Barcelone \u2013<\/title>\n<meta name=\"robots\" content=\"index, follow, max-snippet:-1, max-image-preview:large, max-video-preview:-1\" \/>\n<link rel=\"canonical\" href=\"https:\/\/footdavant.fr\/actualites\/marcus-rashford-apporte-une-contribution-decisive-au-fc-barcelone\/\" \/>\n<meta property=\"og:locale\" content=\"fr_FR\" \/>\n<meta property=\"og:type\" content=\"article\" \/>\n<meta property=\"og:title\" content=\"Marcus Rashford apporte une contribution d\u00e9cisive au FC Barcelone \u2013\" \/>\n<meta property=\"og:description\" content=\"1 Manchester United avait trois joueurs en pr\u00eat mardi soir. Pour savoir o\u00f9 exercent tous les joueurs pr\u00eat\u00e9s de Manchester United cette saison, cliquez ici.\" \/>\n<meta property=\"og:url\" content=\"https:\/\/footdavant.fr\/actualites\/marcus-rashford-apporte-une-contribution-decisive-au-fc-barcelone\/\" \/>\n<meta property=\"og:site_name\" content=\"Foot d&#039;avant\" \/>\n<meta property=\"article:publisher\" content=\"https:\/\/www.facebook.com\/Footdavant\/\" \/>\n<meta property=\"article:published_time\" content=\"2026-02-04T06:48:05+00:00\" \/>\n<meta property=\"article:modified_time\" content=\"2026-02-04T06:48:09+00:00\" \/>\n<meta property=\"og:image\" content=\"https:\/\/footdavant.fr\/actualites\/wp-content\/uploads\/2026\/02\/Marcus-Rashford-apporte-une-contribution-decisive-au-FC-Barcelone-\u2013.jpg\" \/>\n\t<meta property=\"og:image:width\" content=\"1600\" \/>\n\t<meta property=\"og:image:height\" content=\"701\" \/>\n\t<meta property=\"og:image:type\" content=\"image\/jpeg\" \/>\n<meta name=\"author\" content=\"Cl\u00e9ment\" \/>\n<meta name=\"twitter:card\" content=\"summary_large_image\" \/>\n<meta name=\"twitter:creator\" content=\"@FootdavantFr\" \/>\n<meta name=\"twitter:site\" content=\"@FootdavantFr\" \/>\n<meta name=\"twitter:label1\" content=\"\u00c9crit par\" \/>\n\t<meta name=\"twitter:data1\" content=\"Cl\u00e9ment\" \/>\n\t<meta name=\"twitter:label2\" content=\"Dur\u00e9e de lecture estim\u00e9e\" \/>\n\t<meta name=\"twitter:data2\" content=\"3 minutes\" \/>\n<script type=\"application\/ld+json\" class=\"yoast-schema-graph\">{\"@context\":\"https:\/\/schema.org\",\"@graph\":[{\"@type\":\"Article\",\"@id\":\"https:\/\/footdavant.fr\/actualites\/marcus-rashford-apporte-une-contribution-decisive-au-fc-barcelone\/#article\",\"isPartOf\":{\"@id\":\"https:\/\/footdavant.fr\/actualites\/marcus-rashford-apporte-une-contribution-decisive-au-fc-barcelone\/\"},\"author\":{\"name\":\"Cl\u00e9ment\",\"@id\":\"https:\/\/footdavant.fr\/actualites\/#\/schema\/person\/bc222566d95871b37e597b3ed3ba5e1d\"},\"headline\":\"Marcus Rashford apporte une contribution d\u00e9cisive au FC Barcelone \u2013\",\"datePublished\":\"2026-02-04T06:48:05+00:00\",\"dateModified\":\"2026-02-04T06:48:09+00:00\",\"mainEntityOfPage\":{\"@id\":\"https:\/\/footdavant.fr\/actualites\/marcus-rashford-apporte-une-contribution-decisive-au-fc-barcelone\/\"},\"wordCount\":543,\"publisher\":{\"@id\":\"https:\/\/footdavant.fr\/actualites\/#organization\"},\"keywords\":[\"apporte\",\"Barcelone\",\"contribution\",\"d\u00e9cisive\",\"Marcus\",\"Rashford\",\"une\"],\"articleSection\":[\"Football\"],\"inLanguage\":\"fr-FR\"},{\"@type\":\"WebPage\",\"@id\":\"https:\/\/footdavant.fr\/actualites\/marcus-rashford-apporte-une-contribution-decisive-au-fc-barcelone\/\",\"url\":\"https:\/\/footdavant.fr\/actualites\/marcus-rashford-apporte-une-contribution-decisive-au-fc-barcelone\/\",\"name\":\"Marcus Rashford apporte une contribution d\u00e9cisive au FC Barcelone \u2013\",\"isPartOf\":{\"@id\":\"https:\/\/footdavant.fr\/actualites\/#website\"},\"datePublished\":\"2026-02-04T06:48:05+00:00\",\"dateModified\":\"2026-02-04T06:48:09+00:00\",\"breadcrumb\":{\"@id\":\"https:\/\/footdavant.fr\/actualites\/marcus-rashford-apporte-une-contribution-decisive-au-fc-barcelone\/#breadcrumb\"},\"inLanguage\":\"fr-FR\",\"potentialAction\":[{\"@type\":\"ReadAction\",\"target\":[\"https:\/\/footdavant.fr\/actualites\/marcus-rashford-apporte-une-contribution-decisive-au-fc-barcelone\/\"]}]},{\"@type\":\"BreadcrumbList\",\"@id\":\"https:\/\/footdavant.fr\/actualites\/marcus-rashford-apporte-une-contribution-decisive-au-fc-barcelone\/#breadcrumb\",\"itemListElement\":[{\"@type\":\"ListItem\",\"position\":1,\"name\":\"Accueil\",\"item\":\"https:\/\/footdavant.fr\/actualites\/\"},{\"@type\":\"ListItem\",\"position\":2,\"name\":\"Marcus Rashford apporte une contribution d\u00e9cisive au FC Barcelone \u2013\"}]},{\"@type\":\"WebSite\",\"@id\":\"https:\/\/footdavant.fr\/actualites\/#website\",\"url\":\"https:\/\/footdavant.fr\/actualites\/\",\"name\":\"Foot d'avant\",\"description\":\"\",\"publisher\":{\"@id\":\"https:\/\/footdavant.fr\/actualites\/#organization\"},\"potentialAction\":[{\"@type\":\"SearchAction\",\"target\":{\"@type\":\"EntryPoint\",\"urlTemplate\":\"https:\/\/footdavant.fr\/actualites\/?s={search_term_string}\"},\"query-input\":\"required name=search_term_string\"}],\"inLanguage\":\"fr-FR\"},{\"@type\":\"Organization\",\"@id\":\"https:\/\/footdavant.fr\/actualites\/#organization\",\"name\":\"Foot d'avant\",\"url\":\"https:\/\/footdavant.fr\/actualites\/\",\"logo\":{\"@type\":\"ImageObject\",\"inLanguage\":\"fr-FR\",\"@id\":\"https:\/\/footdavant.fr\/actualites\/#\/schema\/logo\/image\/\",\"url\":\"https:\/\/footdavant.fr\/actualites\/wp-content\/uploads\/2023\/09\/Copy-of-FootDavant-Logo.png\",\"contentUrl\":\"https:\/\/footdavant.fr\/actualites\/wp-content\/uploads\/2023\/09\/Copy-of-FootDavant-Logo.png\",\"width\":936,\"height\":549,\"caption\":\"Foot d'avant\"},\"image\":{\"@id\":\"https:\/\/footdavant.fr\/actualites\/#\/schema\/logo\/image\/\"},\"sameAs\":[\"https:\/\/www.facebook.com\/Footdavant\/\",\"https:\/\/twitter.com\/FootdavantFr\",\"https:\/\/www.instagram.com\/footdavant.fr\/\"]},{\"@type\":\"Person\",\"@id\":\"https:\/\/footdavant.fr\/actualites\/#\/schema\/person\/bc222566d95871b37e597b3ed3ba5e1d\",\"name\":\"Cl\u00e9ment\",\"image\":{\"@type\":\"ImageObject\",\"inLanguage\":\"fr-FR\",\"@id\":\"https:\/\/footdavant.fr\/actualites\/#\/schema\/person\/image\/\",\"url\":\"https:\/\/secure.gravatar.com\/avatar\/7728b29aac2719421e1a9159b2254c44?s=96&d=mm&r=g\",\"contentUrl\":\"https:\/\/secure.gravatar.com\/avatar\/7728b29aac2719421e1a9159b2254c44?s=96&d=mm&r=g\",\"caption\":\"Cl\u00e9ment\"},\"sameAs\":[\"https:\/\/footdavant.fr\/\"]}]}<\/script>\n<!-- \/ Yoast SEO plugin. -->","yoast_head_json":{"title":"Marcus Rashford apporte une contribution d\u00e9cisive au FC Barcelone \u2013","robots":{"index":"index","follow":"follow","max-snippet":"max-snippet:-1","max-image-preview":"max-image-preview:large","max-video-preview":"max-video-preview:-1"},"canonical":"https:\/\/footdavant.fr\/actualites\/marcus-rashford-apporte-une-contribution-decisive-au-fc-barcelone\/","og_locale":"fr_FR","og_type":"article","og_title":"Marcus Rashford apporte une contribution d\u00e9cisive au FC Barcelone \u2013","og_description":"1 Manchester United avait trois joueurs en pr\u00eat mardi soir. Pour savoir o\u00f9 exercent tous les joueurs pr\u00eat\u00e9s de Manchester United cette saison, cliquez ici.","og_url":"https:\/\/footdavant.fr\/actualites\/marcus-rashford-apporte-une-contribution-decisive-au-fc-barcelone\/","og_site_name":"Foot d&#039;avant","article_publisher":"https:\/\/www.facebook.com\/Footdavant\/","article_published_time":"2026-02-04T06:48:05+00:00","article_modified_time":"2026-02-04T06:48:09+00:00","og_image":[{"width":1600,"height":701,"url":"https:\/\/footdavant.fr\/actualites\/wp-content\/uploads\/2026\/02\/Marcus-Rashford-apporte-une-contribution-decisive-au-FC-Barcelone-\u2013.jpg","type":"image\/jpeg"}],"author":"Cl\u00e9ment","twitter_card":"summary_large_image","twitter_creator":"@FootdavantFr","twitter_site":"@FootdavantFr","twitter_misc":{"\u00c9crit par":"Cl\u00e9ment","Dur\u00e9e de lecture estim\u00e9e":"3 minutes"},"schema":{"@context":"https:\/\/schema.org","@graph":[{"@type":"Article","@id":"https:\/\/footdavant.fr\/actualites\/marcus-rashford-apporte-une-contribution-decisive-au-fc-barcelone\/#article","isPartOf":{"@id":"https:\/\/footdavant.fr\/actualites\/marcus-rashford-apporte-une-contribution-decisive-au-fc-barcelone\/"},"author":{"name":"Cl\u00e9ment","@id":"https:\/\/footdavant.fr\/actualites\/#\/schema\/person\/bc222566d95871b37e597b3ed3ba5e1d"},"headline":"Marcus Rashford apporte une contribution d\u00e9cisive au FC Barcelone \u2013","datePublished":"2026-02-04T06:48:05+00:00","dateModified":"2026-02-04T06:48:09+00:00","mainEntityOfPage":{"@id":"https:\/\/footdavant.fr\/actualites\/marcus-rashford-apporte-une-contribution-decisive-au-fc-barcelone\/"},"wordCount":543,"publisher":{"@id":"https:\/\/footdavant.fr\/actualites\/#organization"},"keywords":["apporte","Barcelone","contribution","d\u00e9cisive","Marcus","Rashford","une"],"articleSection":["Football"],"inLanguage":"fr-FR"},{"@type":"WebPage","@id":"https:\/\/footdavant.fr\/actualites\/marcus-rashford-apporte-une-contribution-decisive-au-fc-barcelone\/","url":"https:\/\/footdavant.fr\/actualites\/marcus-rashford-apporte-une-contribution-decisive-au-fc-barcelone\/","name":"Marcus Rashford apporte une contribution d\u00e9cisive au FC Barcelone \u2013","isPartOf":{"@id":"https:\/\/footdavant.fr\/actualites\/#website"},"datePublished":"2026-02-04T06:48:05+00:00","dateModified":"2026-02-04T06:48:09+00:00","breadcrumb":{"@id":"https:\/\/footdavant.fr\/actualites\/marcus-rashford-apporte-une-contribution-decisive-au-fc-barcelone\/#breadcrumb"},"inLanguage":"fr-FR","potentialAction":[{"@type":"ReadAction","target":["https:\/\/footdavant.fr\/actualites\/marcus-rashford-apporte-une-contribution-decisive-au-fc-barcelone\/"]}]},{"@type":"BreadcrumbList","@id":"https:\/\/footdavant.fr\/actualites\/marcus-rashford-apporte-une-contribution-decisive-au-fc-barcelone\/#breadcrumb","itemListElement":[{"@type":"ListItem","position":1,"name":"Accueil","item":"https:\/\/footdavant.fr\/actualites\/"},{"@type":"ListItem","position":2,"name":"Marcus Rashford apporte une contribution d\u00e9cisive au FC Barcelone \u2013"}]},{"@type":"WebSite","@id":"https:\/\/footdavant.fr\/actualites\/#website","url":"https:\/\/footdavant.fr\/actualites\/","name":"Foot d'avant","description":"","publisher":{"@id":"https:\/\/footdavant.fr\/actualites\/#organization"},"potentialAction":[{"@type":"SearchAction","target":{"@type":"EntryPoint","urlTemplate":"https:\/\/footdavant.fr\/actualites\/?s={search_term_string}"},"query-input":"required name=search_term_string"}],"inLanguage":"fr-FR"},{"@type":"Organization","@id":"https:\/\/footdavant.fr\/actualites\/#organization","name":"Foot d'avant","url":"https:\/\/footdavant.fr\/actualites\/","logo":{"@type":"ImageObject","inLanguage":"fr-FR","@id":"https:\/\/footdavant.fr\/actualites\/#\/schema\/logo\/image\/","url":"https:\/\/footdavant.fr\/actualites\/wp-content\/uploads\/2023\/09\/Copy-of-FootDavant-Logo.png","contentUrl":"https:\/\/footdavant.fr\/actualites\/wp-content\/uploads\/2023\/09\/Copy-of-FootDavant-Logo.png","width":936,"height":549,"caption":"Foot d'avant"},"image":{"@id":"https:\/\/footdavant.fr\/actualites\/#\/schema\/logo\/image\/"},"sameAs":["https:\/\/www.facebook.com\/Footdavant\/","https:\/\/twitter.com\/FootdavantFr","https:\/\/www.instagram.com\/footdavant.fr\/"]},{"@type":"Person","@id":"https:\/\/footdavant.fr\/actualites\/#\/schema\/person\/bc222566d95871b37e597b3ed3ba5e1d","name":"Cl\u00e9ment","image":{"@type":"ImageObject","inLanguage":"fr-FR","@id":"https:\/\/footdavant.fr\/actualites\/#\/schema\/person\/image\/","url":"https:\/\/secure.gravatar.com\/avatar\/7728b29aac2719421e1a9159b2254c44?s=96&d=mm&r=g","contentUrl":"https:\/\/secure.gravatar.com\/avatar\/7728b29aac2719421e1a9159b2254c44?s=96&d=mm&r=g","caption":"Cl\u00e9ment"},"sameAs":["https:\/\/footdavant.fr\/"]}]}},"_links":{"self":[{"href":"https:\/\/footdavant.fr\/actualites\/wp-json\/wp\/v2\/posts\/34138"}],"collection":[{"href":"https:\/\/footdavant.fr\/actualites\/wp-json\/wp\/v2\/posts"}],"about":[{"href":"https:\/\/footdavant.fr\/actualites\/wp-json\/wp\/v2\/types\/post"}],"author":[{"embeddable":true,"href":"https:\/\/footdavant.fr\/actualites\/wp-json\/wp\/v2\/users\/1"}],"replies":[{"embeddable":true,"href":"https:\/\/footdavant.fr\/actualites\/wp-json\/wp\/v2\/comments?post=34138"}],"version-history":[{"count":1,"href":"https:\/\/footdavant.fr\/actualites\/wp-json\/wp\/v2\/posts\/34138\/revisions"}],"predecessor-version":[{"id":34140,"href":"https:\/\/footdavant.fr\/actualites\/wp-json\/wp\/v2\/posts\/34138\/revisions\/34140"}],"wp:featuredmedia":[{"embeddable":true,"href":"https:\/\/footdavant.fr\/actualites\/wp-json\/wp\/v2\/media\/34139"}],"wp:attachment":[{"href":"https:\/\/footdavant.fr\/actualites\/wp-json\/wp\/v2\/media?parent=34138"}],"wp:term":[{"taxonomy":"category","embeddable":true,"href":"https:\/\/footdavant.fr\/actualites\/wp-json\/wp\/v2\/categories?post=34138"},{"taxonomy":"post_tag","embeddable":true,"href":"https:\/\/footdavant.fr\/actualites\/wp-json\/wp\/v2\/tags?post=34138"}],"curies":[{"name":"wp","href":"https:\/\/api.w.org\/{rel}","templated":true}]}}