{"id":34175,"date":"2026-02-05T09:48:13","date_gmt":"2026-02-05T08:48:13","guid":{"rendered":"https:\/\/footdavant.fr\/actualites\/nouvelles-du-transfert-de-chelsea-enzo-fernandez-prend-position-sur-deux-geants-europeens-avant-une-priorite-claire\/"},"modified":"2026-02-05T09:48:14","modified_gmt":"2026-02-05T08:48:14","slug":"nouvelles-du-transfert-de-chelsea-enzo-fernandez-prend-position-sur-deux-geants-europeens-avant-une-priorite-claire","status":"publish","type":"post","link":"https:\/\/footdavant.fr\/actualites\/nouvelles-du-transfert-de-chelsea-enzo-fernandez-prend-position-sur-deux-geants-europeens-avant-une-priorite-claire\/","title":{"rendered":"Nouvelles du transfert de Chelsea : Enzo Fernandez \u00ab prend position \u00bb sur deux g\u00e9ants europ\u00e9ens avant une priorit\u00e9 claire"},"content":{"rendered":"<div itemprop=\"articleBody\">\n<p>Le milieu de terrain de Chelsea, Enzo Fernandez, aurait pris des positions sp\u00e9cifiques sur la prochaine phase de sa carri\u00e8re.<\/p>\n<p>Le match de Premier League de samedi contre West Ham United marque le troisi\u00e8me anniversaire de l&#39;arriv\u00e9e de Fernandez en provenance de Benfica pour un contrat de 106,8 millions de livres sterling.<\/p>\n<p>Fernandez fera sa 150e apparition toutes comp\u00e9titions confondues, avec 26 buts et 27 passes d\u00e9cisives au cours de cette p\u00e9riode.<\/p>\n<p>Avec un troph\u00e9e de la Conference League et une couronne de Coupe du Monde des Clubs remport\u00e9s depuis mai dernier, la d\u00e9cision audacieuse de Chelsea pour Fernandez commence \u00e0 porter ses fruits.<\/p>\n<p>N\u00e9anmoins, aujourd\u2019hui \u00e2g\u00e9 de 25 ans, l\u2019international argentin va naturellement r\u00e9fl\u00e9chir \u00e0 ce \u00e0 quoi pourrait ressembler la prochaine \u00e9tape de sa carri\u00e8re.<\/p>\n<div>\n<div>\n<p>\u00a9 Imago \/ Sportimage<\/p>\n<\/div>\n<\/div>\n<h2>Quelle est la priorit\u00e9 d&#39;Enzo Fernandez ?<\/h2>\n<p>Selon BBC Sport, la priorit\u00e9 actuelle de Fernandez est de signer un contrat am\u00e9lior\u00e9 \u00e0 Chelsea au cours des prochains mois.<\/p>\n<p>Et ce malgr\u00e9 ses mandats en cours jusqu&#39;en 2032. Fernandez a r\u00e9cemment rejoint de nouveaux repr\u00e9sentants qui auraient pour objectif de lui assurer de nouveaux mandats \u00e0 Stamford Bridge.<\/p>\n<p>Les rapports ont toujours soulign\u00e9 que Fernandez \u00e9tait d\u00e9termin\u00e9 \u00e0 vivre \u00e0 Chelsea, ind\u00e9pendamment de l&#39;admiration d&#39;ailleurs.<\/p>\n<p>Cependant, le m\u00eame rapport sugg\u00e8re qu&#39;il a certains sentiments \u00e0 l&#39;id\u00e9e d&#39;un transfert vers des clubs comme le Paris Saint-Germain et le Real Madrid ?<\/p>\n<div>\n<div><img decoding=\"async\" data-img-id=\"149958\" class=\"lazy\" loading=\"lazy\" src=\"https:\/\/footdavant.fr\/actualites\/wp-content\/uploads\/2025\/07\/1752673756_950_Coupe-du-monde-du-club-les-hauts-et-les-bas.webp\"\/><\/p>\n<p>\u00a9 Imago<\/p>\n<\/div>\n<\/div>\n<h2>Fernandez envisagerait-il des transferts au PSG et au Real Madrid ?<\/h2>\n<p>Le PSG \u2013 sans doute le seul club du football mondial qui envisagerait de payer le prix demand\u00e9 \u00e0 l\u2019heure actuelle \u2013 a r\u00e9cemment \u00e9t\u00e9 cr\u00e9dit\u00e9 d\u2019un int\u00e9r\u00eat pour Fernandez.<\/p>\n<p>Cela dit, on pr\u00e9tend que Fernandez serait \u00ab r\u00e9ticent \u00bb \u00e0 d\u00e9m\u00e9nager au Parc des Princes.<\/p>\n<p>Quant au Real Madrid, Fernandez aurait la plus haute estime pour Los Blancos, mais il est reconnu que tout transfert au Bernabeu est tr\u00e8s improbable dans un avenir pr\u00e9visible.<\/p>\n<p>Fernandez s\u2019\u00e9tant am\u00e9lior\u00e9 en tant que joueur au cours de ses trois ann\u00e9es \u00e0 Chelsea, la hi\u00e9rarchie des Blues chercherait \u00e0 juste titre \u00e0 r\u00e9aliser un profit sur sa pr\u00e9c\u00e9dente d\u00e9pense de pr\u00e8s de 107 millions de livres sterling si un sc\u00e9nario se mat\u00e9rialisait dans lequel Fernandez serait int\u00e9ress\u00e9 par un nouveau d\u00e9fi.<\/p>\n<\/div>\n","protected":false},"excerpt":{"rendered":"<p>Le milieu de terrain de Chelsea, Enzo Fernandez, aurait pris des positions sp\u00e9cifiques sur la prochaine phase de sa carri\u00e8re. Le match de Premier League<\/p>\n","protected":false},"author":1,"featured_media":34176,"comment_status":"closed","ping_status":"","sticky":false,"template":"","format":"standard","meta":{"footnotes":""},"categories":[5],"tags":[491,171,4855,857,1806,3718,2599,4740,461,2283,88,673,103,700,92],"yoast_head":"<!-- This site is optimized with the Yoast SEO plugin v21.0 - https:\/\/yoast.com\/wordpress\/plugins\/seo\/ -->\n<title>Nouvelles du transfert de Chelsea : Enzo Fernandez \u00ab prend position \u00bb sur deux g\u00e9ants europ\u00e9ens avant une priorit\u00e9 claire<\/title>\n<meta name=\"robots\" content=\"index, follow, max-snippet:-1, max-image-preview:large, max-video-preview:-1\" \/>\n<link rel=\"canonical\" href=\"https:\/\/footdavant.fr\/actualites\/nouvelles-du-transfert-de-chelsea-enzo-fernandez-prend-position-sur-deux-geants-europeens-avant-une-priorite-claire\/\" \/>\n<meta property=\"og:locale\" content=\"fr_FR\" \/>\n<meta property=\"og:type\" content=\"article\" \/>\n<meta property=\"og:title\" content=\"Nouvelles du transfert de Chelsea : Enzo Fernandez \u00ab prend position \u00bb sur deux g\u00e9ants europ\u00e9ens avant une priorit\u00e9 claire\" \/>\n<meta property=\"og:description\" content=\"Le milieu de terrain de Chelsea, Enzo Fernandez, aurait pris des positions sp\u00e9cifiques sur la prochaine phase de sa carri\u00e8re. Le match de Premier League\" \/>\n<meta property=\"og:url\" content=\"https:\/\/footdavant.fr\/actualites\/nouvelles-du-transfert-de-chelsea-enzo-fernandez-prend-position-sur-deux-geants-europeens-avant-une-priorite-claire\/\" \/>\n<meta property=\"og:site_name\" content=\"Foot d&#039;avant\" \/>\n<meta property=\"article:publisher\" content=\"https:\/\/www.facebook.com\/Footdavant\/\" \/>\n<meta property=\"article:published_time\" content=\"2026-02-05T08:48:13+00:00\" \/>\n<meta property=\"article:modified_time\" content=\"2026-02-05T08:48:14+00:00\" \/>\n<meta property=\"og:image\" content=\"https:\/\/footdavant.fr\/actualites\/wp-content\/uploads\/2026\/02\/Nouvelles-du-transfert-de-Chelsea-Enzo-Fernandez-prend.net2Fuploads2F20252F082Fimago1065769712.webp\" \/>\n\t<meta property=\"og:image:width\" content=\"720\" \/>\n\t<meta property=\"og:image:height\" content=\"410\" \/>\n\t<meta property=\"og:image:type\" content=\"image\/webp\" \/>\n<meta name=\"author\" content=\"Cl\u00e9ment\" \/>\n<meta name=\"twitter:card\" content=\"summary_large_image\" \/>\n<meta name=\"twitter:creator\" content=\"@FootdavantFr\" \/>\n<meta name=\"twitter:site\" content=\"@FootdavantFr\" \/>\n<meta name=\"twitter:label1\" content=\"\u00c9crit par\" \/>\n\t<meta name=\"twitter:data1\" content=\"Cl\u00e9ment\" \/>\n\t<meta name=\"twitter:label2\" content=\"Dur\u00e9e de lecture estim\u00e9e\" \/>\n\t<meta name=\"twitter:data2\" content=\"2 minutes\" \/>\n<script type=\"application\/ld+json\" class=\"yoast-schema-graph\">{\"@context\":\"https:\/\/schema.org\",\"@graph\":[{\"@type\":\"Article\",\"@id\":\"https:\/\/footdavant.fr\/actualites\/nouvelles-du-transfert-de-chelsea-enzo-fernandez-prend-position-sur-deux-geants-europeens-avant-une-priorite-claire\/#article\",\"isPartOf\":{\"@id\":\"https:\/\/footdavant.fr\/actualites\/nouvelles-du-transfert-de-chelsea-enzo-fernandez-prend-position-sur-deux-geants-europeens-avant-une-priorite-claire\/\"},\"author\":{\"name\":\"Cl\u00e9ment\",\"@id\":\"https:\/\/footdavant.fr\/actualites\/#\/schema\/person\/bc222566d95871b37e597b3ed3ba5e1d\"},\"headline\":\"Nouvelles du transfert de Chelsea : Enzo Fernandez \u00ab prend position \u00bb sur deux g\u00e9ants europ\u00e9ens avant une priorit\u00e9 claire\",\"datePublished\":\"2026-02-05T08:48:13+00:00\",\"dateModified\":\"2026-02-05T08:48:14+00:00\",\"mainEntityOfPage\":{\"@id\":\"https:\/\/footdavant.fr\/actualites\/nouvelles-du-transfert-de-chelsea-enzo-fernandez-prend-position-sur-deux-geants-europeens-avant-une-priorite-claire\/\"},\"wordCount\":418,\"publisher\":{\"@id\":\"https:\/\/footdavant.fr\/actualites\/#organization\"},\"keywords\":[\"avant\",\"Chelsea\",\"claire\",\"deux\",\"Enzo\",\"europ\u00e9ens\",\"Fernandez\",\"g\u00e9ants\",\"Nouvelles\",\"position\",\"prend\",\"priorit\u00e9\",\"sur\",\"transfert\",\"une\"],\"articleSection\":[\"Premier League\"],\"inLanguage\":\"fr-FR\"},{\"@type\":\"WebPage\",\"@id\":\"https:\/\/footdavant.fr\/actualites\/nouvelles-du-transfert-de-chelsea-enzo-fernandez-prend-position-sur-deux-geants-europeens-avant-une-priorite-claire\/\",\"url\":\"https:\/\/footdavant.fr\/actualites\/nouvelles-du-transfert-de-chelsea-enzo-fernandez-prend-position-sur-deux-geants-europeens-avant-une-priorite-claire\/\",\"name\":\"Nouvelles du transfert de Chelsea : Enzo Fernandez \u00ab prend position \u00bb sur deux g\u00e9ants europ\u00e9ens avant une priorit\u00e9 claire\",\"isPartOf\":{\"@id\":\"https:\/\/footdavant.fr\/actualites\/#website\"},\"datePublished\":\"2026-02-05T08:48:13+00:00\",\"dateModified\":\"2026-02-05T08:48:14+00:00\",\"breadcrumb\":{\"@id\":\"https:\/\/footdavant.fr\/actualites\/nouvelles-du-transfert-de-chelsea-enzo-fernandez-prend-position-sur-deux-geants-europeens-avant-une-priorite-claire\/#breadcrumb\"},\"inLanguage\":\"fr-FR\",\"potentialAction\":[{\"@type\":\"ReadAction\",\"target\":[\"https:\/\/footdavant.fr\/actualites\/nouvelles-du-transfert-de-chelsea-enzo-fernandez-prend-position-sur-deux-geants-europeens-avant-une-priorite-claire\/\"]}]},{\"@type\":\"BreadcrumbList\",\"@id\":\"https:\/\/footdavant.fr\/actualites\/nouvelles-du-transfert-de-chelsea-enzo-fernandez-prend-position-sur-deux-geants-europeens-avant-une-priorite-claire\/#breadcrumb\",\"itemListElement\":[{\"@type\":\"ListItem\",\"position\":1,\"name\":\"Accueil\",\"item\":\"https:\/\/footdavant.fr\/actualites\/\"},{\"@type\":\"ListItem\",\"position\":2,\"name\":\"Nouvelles du transfert de Chelsea : Enzo Fernandez \u00ab prend position \u00bb sur deux g\u00e9ants europ\u00e9ens avant une priorit\u00e9 claire\"}]},{\"@type\":\"WebSite\",\"@id\":\"https:\/\/footdavant.fr\/actualites\/#website\",\"url\":\"https:\/\/footdavant.fr\/actualites\/\",\"name\":\"Foot d'avant\",\"description\":\"\",\"publisher\":{\"@id\":\"https:\/\/footdavant.fr\/actualites\/#organization\"},\"potentialAction\":[{\"@type\":\"SearchAction\",\"target\":{\"@type\":\"EntryPoint\",\"urlTemplate\":\"https:\/\/footdavant.fr\/actualites\/?s={search_term_string}\"},\"query-input\":\"required name=search_term_string\"}],\"inLanguage\":\"fr-FR\"},{\"@type\":\"Organization\",\"@id\":\"https:\/\/footdavant.fr\/actualites\/#organization\",\"name\":\"Foot d'avant\",\"url\":\"https:\/\/footdavant.fr\/actualites\/\",\"logo\":{\"@type\":\"ImageObject\",\"inLanguage\":\"fr-FR\",\"@id\":\"https:\/\/footdavant.fr\/actualites\/#\/schema\/logo\/image\/\",\"url\":\"https:\/\/footdavant.fr\/actualites\/wp-content\/uploads\/2023\/09\/Copy-of-FootDavant-Logo.png\",\"contentUrl\":\"https:\/\/footdavant.fr\/actualites\/wp-content\/uploads\/2023\/09\/Copy-of-FootDavant-Logo.png\",\"width\":936,\"height\":549,\"caption\":\"Foot d'avant\"},\"image\":{\"@id\":\"https:\/\/footdavant.fr\/actualites\/#\/schema\/logo\/image\/\"},\"sameAs\":[\"https:\/\/www.facebook.com\/Footdavant\/\",\"https:\/\/twitter.com\/FootdavantFr\",\"https:\/\/www.instagram.com\/footdavant.fr\/\"]},{\"@type\":\"Person\",\"@id\":\"https:\/\/footdavant.fr\/actualites\/#\/schema\/person\/bc222566d95871b37e597b3ed3ba5e1d\",\"name\":\"Cl\u00e9ment\",\"image\":{\"@type\":\"ImageObject\",\"inLanguage\":\"fr-FR\",\"@id\":\"https:\/\/footdavant.fr\/actualites\/#\/schema\/person\/image\/\",\"url\":\"https:\/\/secure.gravatar.com\/avatar\/7728b29aac2719421e1a9159b2254c44?s=96&d=mm&r=g\",\"contentUrl\":\"https:\/\/secure.gravatar.com\/avatar\/7728b29aac2719421e1a9159b2254c44?s=96&d=mm&r=g\",\"caption\":\"Cl\u00e9ment\"},\"sameAs\":[\"https:\/\/footdavant.fr\/\"]}]}<\/script>\n<!-- \/ Yoast SEO plugin. -->","yoast_head_json":{"title":"Nouvelles du transfert de Chelsea : Enzo Fernandez \u00ab prend position \u00bb sur deux g\u00e9ants europ\u00e9ens avant une priorit\u00e9 claire","robots":{"index":"index","follow":"follow","max-snippet":"max-snippet:-1","max-image-preview":"max-image-preview:large","max-video-preview":"max-video-preview:-1"},"canonical":"https:\/\/footdavant.fr\/actualites\/nouvelles-du-transfert-de-chelsea-enzo-fernandez-prend-position-sur-deux-geants-europeens-avant-une-priorite-claire\/","og_locale":"fr_FR","og_type":"article","og_title":"Nouvelles du transfert de Chelsea : Enzo Fernandez \u00ab prend position \u00bb sur deux g\u00e9ants europ\u00e9ens avant une priorit\u00e9 claire","og_description":"Le milieu de terrain de Chelsea, Enzo Fernandez, aurait pris des positions sp\u00e9cifiques sur la prochaine phase de sa carri\u00e8re. Le match de Premier League","og_url":"https:\/\/footdavant.fr\/actualites\/nouvelles-du-transfert-de-chelsea-enzo-fernandez-prend-position-sur-deux-geants-europeens-avant-une-priorite-claire\/","og_site_name":"Foot d&#039;avant","article_publisher":"https:\/\/www.facebook.com\/Footdavant\/","article_published_time":"2026-02-05T08:48:13+00:00","article_modified_time":"2026-02-05T08:48:14+00:00","og_image":[{"width":720,"height":410,"url":"https:\/\/footdavant.fr\/actualites\/wp-content\/uploads\/2026\/02\/Nouvelles-du-transfert-de-Chelsea-Enzo-Fernandez-prend.net2Fuploads2F20252F082Fimago1065769712.webp","type":"image\/webp"}],"author":"Cl\u00e9ment","twitter_card":"summary_large_image","twitter_creator":"@FootdavantFr","twitter_site":"@FootdavantFr","twitter_misc":{"\u00c9crit par":"Cl\u00e9ment","Dur\u00e9e de lecture estim\u00e9e":"2 minutes"},"schema":{"@context":"https:\/\/schema.org","@graph":[{"@type":"Article","@id":"https:\/\/footdavant.fr\/actualites\/nouvelles-du-transfert-de-chelsea-enzo-fernandez-prend-position-sur-deux-geants-europeens-avant-une-priorite-claire\/#article","isPartOf":{"@id":"https:\/\/footdavant.fr\/actualites\/nouvelles-du-transfert-de-chelsea-enzo-fernandez-prend-position-sur-deux-geants-europeens-avant-une-priorite-claire\/"},"author":{"name":"Cl\u00e9ment","@id":"https:\/\/footdavant.fr\/actualites\/#\/schema\/person\/bc222566d95871b37e597b3ed3ba5e1d"},"headline":"Nouvelles du transfert de Chelsea : Enzo Fernandez \u00ab prend position \u00bb sur deux g\u00e9ants europ\u00e9ens avant une priorit\u00e9 claire","datePublished":"2026-02-05T08:48:13+00:00","dateModified":"2026-02-05T08:48:14+00:00","mainEntityOfPage":{"@id":"https:\/\/footdavant.fr\/actualites\/nouvelles-du-transfert-de-chelsea-enzo-fernandez-prend-position-sur-deux-geants-europeens-avant-une-priorite-claire\/"},"wordCount":418,"publisher":{"@id":"https:\/\/footdavant.fr\/actualites\/#organization"},"keywords":["avant","Chelsea","claire","deux","Enzo","europ\u00e9ens","Fernandez","g\u00e9ants","Nouvelles","position","prend","priorit\u00e9","sur","transfert","une"],"articleSection":["Premier League"],"inLanguage":"fr-FR"},{"@type":"WebPage","@id":"https:\/\/footdavant.fr\/actualites\/nouvelles-du-transfert-de-chelsea-enzo-fernandez-prend-position-sur-deux-geants-europeens-avant-une-priorite-claire\/","url":"https:\/\/footdavant.fr\/actualites\/nouvelles-du-transfert-de-chelsea-enzo-fernandez-prend-position-sur-deux-geants-europeens-avant-une-priorite-claire\/","name":"Nouvelles du transfert de Chelsea : Enzo Fernandez \u00ab prend position \u00bb sur deux g\u00e9ants europ\u00e9ens avant une priorit\u00e9 claire","isPartOf":{"@id":"https:\/\/footdavant.fr\/actualites\/#website"},"datePublished":"2026-02-05T08:48:13+00:00","dateModified":"2026-02-05T08:48:14+00:00","breadcrumb":{"@id":"https:\/\/footdavant.fr\/actualites\/nouvelles-du-transfert-de-chelsea-enzo-fernandez-prend-position-sur-deux-geants-europeens-avant-une-priorite-claire\/#breadcrumb"},"inLanguage":"fr-FR","potentialAction":[{"@type":"ReadAction","target":["https:\/\/footdavant.fr\/actualites\/nouvelles-du-transfert-de-chelsea-enzo-fernandez-prend-position-sur-deux-geants-europeens-avant-une-priorite-claire\/"]}]},{"@type":"BreadcrumbList","@id":"https:\/\/footdavant.fr\/actualites\/nouvelles-du-transfert-de-chelsea-enzo-fernandez-prend-position-sur-deux-geants-europeens-avant-une-priorite-claire\/#breadcrumb","itemListElement":[{"@type":"ListItem","position":1,"name":"Accueil","item":"https:\/\/footdavant.fr\/actualites\/"},{"@type":"ListItem","position":2,"name":"Nouvelles du transfert de Chelsea : Enzo Fernandez \u00ab prend position \u00bb sur deux g\u00e9ants europ\u00e9ens avant une priorit\u00e9 claire"}]},{"@type":"WebSite","@id":"https:\/\/footdavant.fr\/actualites\/#website","url":"https:\/\/footdavant.fr\/actualites\/","name":"Foot d'avant","description":"","publisher":{"@id":"https:\/\/footdavant.fr\/actualites\/#organization"},"potentialAction":[{"@type":"SearchAction","target":{"@type":"EntryPoint","urlTemplate":"https:\/\/footdavant.fr\/actualites\/?s={search_term_string}"},"query-input":"required name=search_term_string"}],"inLanguage":"fr-FR"},{"@type":"Organization","@id":"https:\/\/footdavant.fr\/actualites\/#organization","name":"Foot d'avant","url":"https:\/\/footdavant.fr\/actualites\/","logo":{"@type":"ImageObject","inLanguage":"fr-FR","@id":"https:\/\/footdavant.fr\/actualites\/#\/schema\/logo\/image\/","url":"https:\/\/footdavant.fr\/actualites\/wp-content\/uploads\/2023\/09\/Copy-of-FootDavant-Logo.png","contentUrl":"https:\/\/footdavant.fr\/actualites\/wp-content\/uploads\/2023\/09\/Copy-of-FootDavant-Logo.png","width":936,"height":549,"caption":"Foot d'avant"},"image":{"@id":"https:\/\/footdavant.fr\/actualites\/#\/schema\/logo\/image\/"},"sameAs":["https:\/\/www.facebook.com\/Footdavant\/","https:\/\/twitter.com\/FootdavantFr","https:\/\/www.instagram.com\/footdavant.fr\/"]},{"@type":"Person","@id":"https:\/\/footdavant.fr\/actualites\/#\/schema\/person\/bc222566d95871b37e597b3ed3ba5e1d","name":"Cl\u00e9ment","image":{"@type":"ImageObject","inLanguage":"fr-FR","@id":"https:\/\/footdavant.fr\/actualites\/#\/schema\/person\/image\/","url":"https:\/\/secure.gravatar.com\/avatar\/7728b29aac2719421e1a9159b2254c44?s=96&d=mm&r=g","contentUrl":"https:\/\/secure.gravatar.com\/avatar\/7728b29aac2719421e1a9159b2254c44?s=96&d=mm&r=g","caption":"Cl\u00e9ment"},"sameAs":["https:\/\/footdavant.fr\/"]}]}},"_links":{"self":[{"href":"https:\/\/footdavant.fr\/actualites\/wp-json\/wp\/v2\/posts\/34175"}],"collection":[{"href":"https:\/\/footdavant.fr\/actualites\/wp-json\/wp\/v2\/posts"}],"about":[{"href":"https:\/\/footdavant.fr\/actualites\/wp-json\/wp\/v2\/types\/post"}],"author":[{"embeddable":true,"href":"https:\/\/footdavant.fr\/actualites\/wp-json\/wp\/v2\/users\/1"}],"replies":[{"embeddable":true,"href":"https:\/\/footdavant.fr\/actualites\/wp-json\/wp\/v2\/comments?post=34175"}],"version-history":[{"count":1,"href":"https:\/\/footdavant.fr\/actualites\/wp-json\/wp\/v2\/posts\/34175\/revisions"}],"predecessor-version":[{"id":34177,"href":"https:\/\/footdavant.fr\/actualites\/wp-json\/wp\/v2\/posts\/34175\/revisions\/34177"}],"wp:featuredmedia":[{"embeddable":true,"href":"https:\/\/footdavant.fr\/actualites\/wp-json\/wp\/v2\/media\/34176"}],"wp:attachment":[{"href":"https:\/\/footdavant.fr\/actualites\/wp-json\/wp\/v2\/media?parent=34175"}],"wp:term":[{"taxonomy":"category","embeddable":true,"href":"https:\/\/footdavant.fr\/actualites\/wp-json\/wp\/v2\/categories?post=34175"},{"taxonomy":"post_tag","embeddable":true,"href":"https:\/\/footdavant.fr\/actualites\/wp-json\/wp\/v2\/tags?post=34175"}],"curies":[{"name":"wp","href":"https:\/\/api.w.org\/{rel}","templated":true}]}}