{"id":34200,"date":"2026-02-06T07:48:03","date_gmt":"2026-02-06T06:48:03","guid":{"rendered":"https:\/\/footdavant.fr\/actualites\/emile-heskey-adorerait-voir-yan-diomande-a-liverpool\/"},"modified":"2026-02-06T07:48:05","modified_gmt":"2026-02-06T06:48:05","slug":"emile-heskey-adorerait-voir-yan-diomande-a-liverpool","status":"publish","type":"post","link":"https:\/\/footdavant.fr\/actualites\/emile-heskey-adorerait-voir-yan-diomande-a-liverpool\/","title":{"rendered":"Emile Heskey adorerait voir Yan Diomand\u00e9 \u00e0 Liverpool"},"content":{"rendered":"<div id=\"article-body\">\n<!-- Article Start --><\/p>\n<p>Emile Heskey a d\u00e9clar\u00e9 qu&#39;il aimerait voir Liverpool recruter l&#39;ailier du RB Leipzig Yan Diomande en raison de \u00ab\u00a0l&#39;impr\u00e9visibilit\u00e9\u00a0\u00bb qu&#39;il offre.<\/p>\n<p>Le mois dernier, CaughtOffside a rapport\u00e9 que les Reds avaient le \u00ab plus fort \u00bb int\u00e9r\u00eat parmi les nombreux clubs li\u00e9s au joueur de 19 ans, qui s&#39;\u00e9tait auparavant proclam\u00e9 fan d&#39;enfance des g\u00e9ants de la Merseysie.<\/p>\n<p>L&#39;initi\u00e9 de la Bundesliga, Christian Falk, a affirm\u00e9 que les dirigeants d&#39;Anfield \u00ab r\u00e9fl\u00e9chissaient \u00bb \u00e0 un transfert potentiel de 100 millions d&#39;euros (87,2 millions de livres sterling) pour l&#39;international ivoirien et pourraient m\u00eame faire une offre au club appartenant \u00e0 Red Bull dans les semaines \u00e0 venir, malgr\u00e9 la fermeture du march\u00e9 des transferts jusqu&#39;\u00e0 l&#39;\u00e9t\u00e9.<\/p>\n<h2>Heskey plaide pour que Liverpool signe Diomand\u00e9<\/h2>\n<p>S&#39;adressant \u00e0 Ace Odds, on a demand\u00e9 \u00e0 Heskey s&#39;il pensait que Diomande devrait \u00eatre une cible principale de Liverpool au cours des prochains mois, et sa r\u00e9ponse a \u00e9t\u00e9 tout \u00e0 fait affirmative.<\/p>\n<p>L&#39;ancien attaquant des Reds a d\u00e9clar\u00e9 :<\/p>\n<\/p>\n<figure id=\"attachment_283850\" aria-describedby=\"caption-attachment-283850\" style=\"width: 713px\" class=\"wp-caption alignnone\"><picture><source type=\"image\/webp\" data- data-><\/source><\/picture><\/figure>\n<\/p>\n<h2>Diomand\u00e9 pourrait rajeunir l&#39;attaque tr\u00e8s critiqu\u00e9e de Liverpool<\/h2>\n<p>Lors d&#39;une s\u00e9rie de matchs nuls frustrants en janvier, John Aldridge faisait partie de ceux qui ont critiqu\u00e9 le jeu offensif de Liverpool comme \u00e9tant trop lourd, les d\u00e9fenses adverses \u00e9tant facilement capables de g\u00e9rer la menace avanc\u00e9e des Reds tant qu&#39;elles \u00e9taient bien organis\u00e9es.<\/p>\n<p>M\u00eame si marquer 10 buts lors de nos deux derniers matchs a \u00e9t\u00e9 un changement de rythme bienvenu, il faudra plus de quelques matches pour que les sceptiques soient convaincus que l&#39;\u00e9quipe d&#39;Arne Slot s&#39;est transform\u00e9e en une force de la nature imparable en attaque.<\/p>\n<p>Avec ses \u00ab pieds rapides et son rythme \u00e0 br\u00fbler \u00bb (Bundesliga.com), Diomande pourrait \u00eatre exactement le genre de joueur qui fait lever les Kopites de leur si\u00e8ge et les fait d\u00e9border d&#39;impatience \u00e0 chaque fois qu&#39;il r\u00e9cup\u00e8re le ballon \u2013 similaire \u00e0 l&#39;enthousiasme que Rio Ngumoha a g\u00e9n\u00e9r\u00e9 jusqu&#39;\u00e0 pr\u00e9sent dans sa toute jeune carri\u00e8re en \u00e9quipe premi\u00e8re.<\/p>\n<p>L&#39;ailier du RB Leipzig offre \u00e9galement de la substance pour accompagner le style, contribuant huit buts et six passes d\u00e9cisives en 21 matchs cette saison, et il peut facilement basculer entre les flancs gauche et droit (Transfermarkt).<\/p>\n<p>Les qualit\u00e9s soulign\u00e9es par Heskey sont \u00e9tay\u00e9es par une statistique de WhoScored selon laquelle le joueur de 19 ans a r\u00e9alis\u00e9 de loin le plus grand nombre de dribbles parmi tous les joueurs de Bundesliga cette saison avec 60 \u2013 son co\u00e9quipier Antonio Nusa est le prochain sur la liste avec 43.<\/p>\n<p>Diomande pourrait bien offrir cette impr\u00e9visibilit\u00e9 en attaque qui ferait suinter Anfield, et m\u00eame s&#39;il ne serait certainement pas bon march\u00e9, les preuves de ces derniers mois sugg\u00e9reraient qu&#39;il est capable de devenir un v\u00e9ritable attaquant au cours des ann\u00e9es \u00e0 venir.<\/p>\n<\/p>\n<p><!-- Article End -->\t\t\t\t<\/div>\n","protected":false},"excerpt":{"rendered":"<p>Emile Heskey a d\u00e9clar\u00e9 qu&#39;il aimerait voir Liverpool recruter l&#39;ailier du RB Leipzig Yan Diomande en raison de \u00ab\u00a0l&#39;impr\u00e9visibilit\u00e9\u00a0\u00bb qu&#39;il offre. Le mois dernier, CaughtOffside<\/p>\n","protected":false},"author":1,"featured_media":34201,"comment_status":"closed","ping_status":"","sticky":false,"template":"","format":"standard","meta":{"footnotes":""},"categories":[3],"tags":[7716,2757,3446,11113,53,308,11300],"yoast_head":"<!-- This site is optimized with the Yoast SEO plugin v21.0 - https:\/\/yoast.com\/wordpress\/plugins\/seo\/ -->\n<title>Emile Heskey adorerait voir Yan Diomand\u00e9 \u00e0 Liverpool<\/title>\n<meta name=\"robots\" content=\"index, follow, max-snippet:-1, max-image-preview:large, max-video-preview:-1\" \/>\n<link rel=\"canonical\" href=\"https:\/\/footdavant.fr\/actualites\/emile-heskey-adorerait-voir-yan-diomande-a-liverpool\/\" \/>\n<meta property=\"og:locale\" content=\"fr_FR\" \/>\n<meta property=\"og:type\" content=\"article\" \/>\n<meta property=\"og:title\" content=\"Emile Heskey adorerait voir Yan Diomand\u00e9 \u00e0 Liverpool\" \/>\n<meta property=\"og:description\" content=\"Emile Heskey a d\u00e9clar\u00e9 qu&#039;il aimerait voir Liverpool recruter l&#039;ailier du RB Leipzig Yan Diomande en raison de \u00ab\u00a0l&#039;impr\u00e9visibilit\u00e9\u00a0\u00bb qu&#039;il offre. Le mois dernier, CaughtOffside\" \/>\n<meta property=\"og:url\" content=\"https:\/\/footdavant.fr\/actualites\/emile-heskey-adorerait-voir-yan-diomande-a-liverpool\/\" \/>\n<meta property=\"og:site_name\" content=\"Foot d&#039;avant\" \/>\n<meta property=\"article:publisher\" content=\"https:\/\/www.facebook.com\/Footdavant\/\" \/>\n<meta property=\"article:published_time\" content=\"2026-02-06T06:48:03+00:00\" \/>\n<meta property=\"article:modified_time\" content=\"2026-02-06T06:48:05+00:00\" \/>\n<meta property=\"og:image\" content=\"https:\/\/footdavant.fr\/actualites\/wp-content\/uploads\/2026\/02\/1770360484_Emile-Heskey-adorerait-voir-Yan-Diomande-a-Liverpool.jpg\" \/>\n\t<meta property=\"og:image:width\" content=\"1425\" \/>\n\t<meta property=\"og:image:height\" content=\"805\" \/>\n\t<meta property=\"og:image:type\" content=\"image\/jpeg\" \/>\n<meta name=\"author\" content=\"Cl\u00e9ment\" \/>\n<meta name=\"twitter:card\" content=\"summary_large_image\" \/>\n<meta name=\"twitter:creator\" content=\"@FootdavantFr\" \/>\n<meta name=\"twitter:site\" content=\"@FootdavantFr\" \/>\n<meta name=\"twitter:label1\" content=\"\u00c9crit par\" \/>\n\t<meta name=\"twitter:data1\" content=\"Cl\u00e9ment\" \/>\n\t<meta name=\"twitter:label2\" content=\"Dur\u00e9e de lecture estim\u00e9e\" \/>\n\t<meta name=\"twitter:data2\" content=\"2 minutes\" \/>\n<script type=\"application\/ld+json\" class=\"yoast-schema-graph\">{\"@context\":\"https:\/\/schema.org\",\"@graph\":[{\"@type\":\"Article\",\"@id\":\"https:\/\/footdavant.fr\/actualites\/emile-heskey-adorerait-voir-yan-diomande-a-liverpool\/#article\",\"isPartOf\":{\"@id\":\"https:\/\/footdavant.fr\/actualites\/emile-heskey-adorerait-voir-yan-diomande-a-liverpool\/\"},\"author\":{\"name\":\"Cl\u00e9ment\",\"@id\":\"https:\/\/footdavant.fr\/actualites\/#\/schema\/person\/bc222566d95871b37e597b3ed3ba5e1d\"},\"headline\":\"Emile Heskey adorerait voir Yan Diomand\u00e9 \u00e0 Liverpool\",\"datePublished\":\"2026-02-06T06:48:03+00:00\",\"dateModified\":\"2026-02-06T06:48:05+00:00\",\"mainEntityOfPage\":{\"@id\":\"https:\/\/footdavant.fr\/actualites\/emile-heskey-adorerait-voir-yan-diomande-a-liverpool\/\"},\"wordCount\":499,\"publisher\":{\"@id\":\"https:\/\/footdavant.fr\/actualites\/#organization\"},\"keywords\":[\"adorerait\",\"Diomand\u00e9\",\"Emile\",\"Heskey\",\"Liverpool\",\"voir\",\"Yan\"],\"articleSection\":[\"Football\"],\"inLanguage\":\"fr-FR\"},{\"@type\":\"WebPage\",\"@id\":\"https:\/\/footdavant.fr\/actualites\/emile-heskey-adorerait-voir-yan-diomande-a-liverpool\/\",\"url\":\"https:\/\/footdavant.fr\/actualites\/emile-heskey-adorerait-voir-yan-diomande-a-liverpool\/\",\"name\":\"Emile Heskey adorerait voir Yan Diomand\u00e9 \u00e0 Liverpool\",\"isPartOf\":{\"@id\":\"https:\/\/footdavant.fr\/actualites\/#website\"},\"datePublished\":\"2026-02-06T06:48:03+00:00\",\"dateModified\":\"2026-02-06T06:48:05+00:00\",\"breadcrumb\":{\"@id\":\"https:\/\/footdavant.fr\/actualites\/emile-heskey-adorerait-voir-yan-diomande-a-liverpool\/#breadcrumb\"},\"inLanguage\":\"fr-FR\",\"potentialAction\":[{\"@type\":\"ReadAction\",\"target\":[\"https:\/\/footdavant.fr\/actualites\/emile-heskey-adorerait-voir-yan-diomande-a-liverpool\/\"]}]},{\"@type\":\"BreadcrumbList\",\"@id\":\"https:\/\/footdavant.fr\/actualites\/emile-heskey-adorerait-voir-yan-diomande-a-liverpool\/#breadcrumb\",\"itemListElement\":[{\"@type\":\"ListItem\",\"position\":1,\"name\":\"Accueil\",\"item\":\"https:\/\/footdavant.fr\/actualites\/\"},{\"@type\":\"ListItem\",\"position\":2,\"name\":\"Emile Heskey adorerait voir Yan Diomand\u00e9 \u00e0 Liverpool\"}]},{\"@type\":\"WebSite\",\"@id\":\"https:\/\/footdavant.fr\/actualites\/#website\",\"url\":\"https:\/\/footdavant.fr\/actualites\/\",\"name\":\"Foot d'avant\",\"description\":\"\",\"publisher\":{\"@id\":\"https:\/\/footdavant.fr\/actualites\/#organization\"},\"potentialAction\":[{\"@type\":\"SearchAction\",\"target\":{\"@type\":\"EntryPoint\",\"urlTemplate\":\"https:\/\/footdavant.fr\/actualites\/?s={search_term_string}\"},\"query-input\":\"required name=search_term_string\"}],\"inLanguage\":\"fr-FR\"},{\"@type\":\"Organization\",\"@id\":\"https:\/\/footdavant.fr\/actualites\/#organization\",\"name\":\"Foot d'avant\",\"url\":\"https:\/\/footdavant.fr\/actualites\/\",\"logo\":{\"@type\":\"ImageObject\",\"inLanguage\":\"fr-FR\",\"@id\":\"https:\/\/footdavant.fr\/actualites\/#\/schema\/logo\/image\/\",\"url\":\"https:\/\/footdavant.fr\/actualites\/wp-content\/uploads\/2023\/09\/Copy-of-FootDavant-Logo.png\",\"contentUrl\":\"https:\/\/footdavant.fr\/actualites\/wp-content\/uploads\/2023\/09\/Copy-of-FootDavant-Logo.png\",\"width\":936,\"height\":549,\"caption\":\"Foot d'avant\"},\"image\":{\"@id\":\"https:\/\/footdavant.fr\/actualites\/#\/schema\/logo\/image\/\"},\"sameAs\":[\"https:\/\/www.facebook.com\/Footdavant\/\",\"https:\/\/twitter.com\/FootdavantFr\",\"https:\/\/www.instagram.com\/footdavant.fr\/\"]},{\"@type\":\"Person\",\"@id\":\"https:\/\/footdavant.fr\/actualites\/#\/schema\/person\/bc222566d95871b37e597b3ed3ba5e1d\",\"name\":\"Cl\u00e9ment\",\"image\":{\"@type\":\"ImageObject\",\"inLanguage\":\"fr-FR\",\"@id\":\"https:\/\/footdavant.fr\/actualites\/#\/schema\/person\/image\/\",\"url\":\"https:\/\/secure.gravatar.com\/avatar\/7728b29aac2719421e1a9159b2254c44?s=96&d=mm&r=g\",\"contentUrl\":\"https:\/\/secure.gravatar.com\/avatar\/7728b29aac2719421e1a9159b2254c44?s=96&d=mm&r=g\",\"caption\":\"Cl\u00e9ment\"},\"sameAs\":[\"https:\/\/footdavant.fr\/\"]}]}<\/script>\n<!-- \/ Yoast SEO plugin. -->","yoast_head_json":{"title":"Emile Heskey adorerait voir Yan Diomand\u00e9 \u00e0 Liverpool","robots":{"index":"index","follow":"follow","max-snippet":"max-snippet:-1","max-image-preview":"max-image-preview:large","max-video-preview":"max-video-preview:-1"},"canonical":"https:\/\/footdavant.fr\/actualites\/emile-heskey-adorerait-voir-yan-diomande-a-liverpool\/","og_locale":"fr_FR","og_type":"article","og_title":"Emile Heskey adorerait voir Yan Diomand\u00e9 \u00e0 Liverpool","og_description":"Emile Heskey a d\u00e9clar\u00e9 qu&#39;il aimerait voir Liverpool recruter l&#39;ailier du RB Leipzig Yan Diomande en raison de \u00ab\u00a0l&#39;impr\u00e9visibilit\u00e9\u00a0\u00bb qu&#39;il offre. Le mois dernier, CaughtOffside","og_url":"https:\/\/footdavant.fr\/actualites\/emile-heskey-adorerait-voir-yan-diomande-a-liverpool\/","og_site_name":"Foot d&#039;avant","article_publisher":"https:\/\/www.facebook.com\/Footdavant\/","article_published_time":"2026-02-06T06:48:03+00:00","article_modified_time":"2026-02-06T06:48:05+00:00","og_image":[{"width":1425,"height":805,"url":"https:\/\/footdavant.fr\/actualites\/wp-content\/uploads\/2026\/02\/1770360484_Emile-Heskey-adorerait-voir-Yan-Diomande-a-Liverpool.jpg","type":"image\/jpeg"}],"author":"Cl\u00e9ment","twitter_card":"summary_large_image","twitter_creator":"@FootdavantFr","twitter_site":"@FootdavantFr","twitter_misc":{"\u00c9crit par":"Cl\u00e9ment","Dur\u00e9e de lecture estim\u00e9e":"2 minutes"},"schema":{"@context":"https:\/\/schema.org","@graph":[{"@type":"Article","@id":"https:\/\/footdavant.fr\/actualites\/emile-heskey-adorerait-voir-yan-diomande-a-liverpool\/#article","isPartOf":{"@id":"https:\/\/footdavant.fr\/actualites\/emile-heskey-adorerait-voir-yan-diomande-a-liverpool\/"},"author":{"name":"Cl\u00e9ment","@id":"https:\/\/footdavant.fr\/actualites\/#\/schema\/person\/bc222566d95871b37e597b3ed3ba5e1d"},"headline":"Emile Heskey adorerait voir Yan Diomand\u00e9 \u00e0 Liverpool","datePublished":"2026-02-06T06:48:03+00:00","dateModified":"2026-02-06T06:48:05+00:00","mainEntityOfPage":{"@id":"https:\/\/footdavant.fr\/actualites\/emile-heskey-adorerait-voir-yan-diomande-a-liverpool\/"},"wordCount":499,"publisher":{"@id":"https:\/\/footdavant.fr\/actualites\/#organization"},"keywords":["adorerait","Diomand\u00e9","Emile","Heskey","Liverpool","voir","Yan"],"articleSection":["Football"],"inLanguage":"fr-FR"},{"@type":"WebPage","@id":"https:\/\/footdavant.fr\/actualites\/emile-heskey-adorerait-voir-yan-diomande-a-liverpool\/","url":"https:\/\/footdavant.fr\/actualites\/emile-heskey-adorerait-voir-yan-diomande-a-liverpool\/","name":"Emile Heskey adorerait voir Yan Diomand\u00e9 \u00e0 Liverpool","isPartOf":{"@id":"https:\/\/footdavant.fr\/actualites\/#website"},"datePublished":"2026-02-06T06:48:03+00:00","dateModified":"2026-02-06T06:48:05+00:00","breadcrumb":{"@id":"https:\/\/footdavant.fr\/actualites\/emile-heskey-adorerait-voir-yan-diomande-a-liverpool\/#breadcrumb"},"inLanguage":"fr-FR","potentialAction":[{"@type":"ReadAction","target":["https:\/\/footdavant.fr\/actualites\/emile-heskey-adorerait-voir-yan-diomande-a-liverpool\/"]}]},{"@type":"BreadcrumbList","@id":"https:\/\/footdavant.fr\/actualites\/emile-heskey-adorerait-voir-yan-diomande-a-liverpool\/#breadcrumb","itemListElement":[{"@type":"ListItem","position":1,"name":"Accueil","item":"https:\/\/footdavant.fr\/actualites\/"},{"@type":"ListItem","position":2,"name":"Emile Heskey adorerait voir Yan Diomand\u00e9 \u00e0 Liverpool"}]},{"@type":"WebSite","@id":"https:\/\/footdavant.fr\/actualites\/#website","url":"https:\/\/footdavant.fr\/actualites\/","name":"Foot d'avant","description":"","publisher":{"@id":"https:\/\/footdavant.fr\/actualites\/#organization"},"potentialAction":[{"@type":"SearchAction","target":{"@type":"EntryPoint","urlTemplate":"https:\/\/footdavant.fr\/actualites\/?s={search_term_string}"},"query-input":"required name=search_term_string"}],"inLanguage":"fr-FR"},{"@type":"Organization","@id":"https:\/\/footdavant.fr\/actualites\/#organization","name":"Foot d'avant","url":"https:\/\/footdavant.fr\/actualites\/","logo":{"@type":"ImageObject","inLanguage":"fr-FR","@id":"https:\/\/footdavant.fr\/actualites\/#\/schema\/logo\/image\/","url":"https:\/\/footdavant.fr\/actualites\/wp-content\/uploads\/2023\/09\/Copy-of-FootDavant-Logo.png","contentUrl":"https:\/\/footdavant.fr\/actualites\/wp-content\/uploads\/2023\/09\/Copy-of-FootDavant-Logo.png","width":936,"height":549,"caption":"Foot d'avant"},"image":{"@id":"https:\/\/footdavant.fr\/actualites\/#\/schema\/logo\/image\/"},"sameAs":["https:\/\/www.facebook.com\/Footdavant\/","https:\/\/twitter.com\/FootdavantFr","https:\/\/www.instagram.com\/footdavant.fr\/"]},{"@type":"Person","@id":"https:\/\/footdavant.fr\/actualites\/#\/schema\/person\/bc222566d95871b37e597b3ed3ba5e1d","name":"Cl\u00e9ment","image":{"@type":"ImageObject","inLanguage":"fr-FR","@id":"https:\/\/footdavant.fr\/actualites\/#\/schema\/person\/image\/","url":"https:\/\/secure.gravatar.com\/avatar\/7728b29aac2719421e1a9159b2254c44?s=96&d=mm&r=g","contentUrl":"https:\/\/secure.gravatar.com\/avatar\/7728b29aac2719421e1a9159b2254c44?s=96&d=mm&r=g","caption":"Cl\u00e9ment"},"sameAs":["https:\/\/footdavant.fr\/"]}]}},"_links":{"self":[{"href":"https:\/\/footdavant.fr\/actualites\/wp-json\/wp\/v2\/posts\/34200"}],"collection":[{"href":"https:\/\/footdavant.fr\/actualites\/wp-json\/wp\/v2\/posts"}],"about":[{"href":"https:\/\/footdavant.fr\/actualites\/wp-json\/wp\/v2\/types\/post"}],"author":[{"embeddable":true,"href":"https:\/\/footdavant.fr\/actualites\/wp-json\/wp\/v2\/users\/1"}],"replies":[{"embeddable":true,"href":"https:\/\/footdavant.fr\/actualites\/wp-json\/wp\/v2\/comments?post=34200"}],"version-history":[{"count":1,"href":"https:\/\/footdavant.fr\/actualites\/wp-json\/wp\/v2\/posts\/34200\/revisions"}],"predecessor-version":[{"id":34202,"href":"https:\/\/footdavant.fr\/actualites\/wp-json\/wp\/v2\/posts\/34200\/revisions\/34202"}],"wp:featuredmedia":[{"embeddable":true,"href":"https:\/\/footdavant.fr\/actualites\/wp-json\/wp\/v2\/media\/34201"}],"wp:attachment":[{"href":"https:\/\/footdavant.fr\/actualites\/wp-json\/wp\/v2\/media?parent=34200"}],"wp:term":[{"taxonomy":"category","embeddable":true,"href":"https:\/\/footdavant.fr\/actualites\/wp-json\/wp\/v2\/categories?post=34200"},{"taxonomy":"post_tag","embeddable":true,"href":"https:\/\/footdavant.fr\/actualites\/wp-json\/wp\/v2\/tags?post=34200"}],"curies":[{"name":"wp","href":"https:\/\/api.w.org\/{rel}","templated":true}]}}