{"id":34203,"date":"2026-02-06T09:48:09","date_gmt":"2026-02-06T08:48:09","guid":{"rendered":"https:\/\/footdavant.fr\/actualites\/composition-deverton-contre-fulham-xi-prevu-pour-le-choc-en-premier-league-alors-que-thierno-barry-affronte-beto-pour-mener-lattaque\/"},"modified":"2026-02-06T09:48:10","modified_gmt":"2026-02-06T08:48:10","slug":"composition-deverton-contre-fulham-xi-prevu-pour-le-choc-en-premier-league-alors-que-thierno-barry-affronte-beto-pour-mener-lattaque","status":"publish","type":"post","link":"https:\/\/footdavant.fr\/actualites\/composition-deverton-contre-fulham-xi-prevu-pour-le-choc-en-premier-league-alors-que-thierno-barry-affronte-beto-pour-mener-lattaque\/","title":{"rendered":"Composition d&#39;Everton contre Fulham\u00a0: XI pr\u00e9vu pour le choc en Premier League alors que Thierno Barry affronte Beto pour mener l&#39;attaque"},"content":{"rendered":"<div itemprop=\"articleBody\">\n<p>Le patron d&#39;Everton, David Moyes, doit continuer \u00e0 trouver des solutions en l&#39;absence de Jack Grealish, dont la blessure au pied pourrait potentiellement voir l&#39;international anglais mis \u00e0 l&#39;\u00e9cart pour le reste de la campagne.<\/p>\n<p>Le talent de Grealish pour les buts d\u00e9cisifs \u00e9tant cruellement manqu\u00e9s, les Toffees doivent chercher l&#39;inspiration ailleurs sur la route, o\u00f9 Thierno Barry, Iliman Ndiaye, Kiernan Dewsbury-Hall et Beto sont tous \u00e0 \u00e9galit\u00e9 avec deux buts \u00e0 l&#39;ext\u00e9rieur chacun cette saison.<\/p>\n<p>Dewsbury-Hall en particulier devra assumer le fardeau cr\u00e9atif \u00e0 Craven Cottage, apr\u00e8s avoir \u00e9gal\u00e9 le total de deux buts gagnants de Grealish dans le cadre de son total de quatre buts.<\/p>\n<p>L&#39;\u00e9quipe du Merseyside fournira \u00e9galement un test de condition physique tardif \u00e0 Vitaliy Mykolenko alors que le d\u00e9fenseur s&#39;approche d&#39;un retour du probl\u00e8me qui l&#39;a tenu \u00e0 l&#39;\u00e9cart depuis fin janvier.<\/p>\n<p>Cependant, Moyes pourrait choisir de persister avec une unit\u00e9 d\u00e9fensive robuste compos\u00e9e de Jake O&#39;Brien, James Tarkowski, Michael Keane et Jarrad Branthwaite si l&#39;Ukrainien n&#39;est pas jug\u00e9 pr\u00eat \u00e0 commencer.<\/p>\n<p>Dans la salle des machines, James Garner et Idrissa Gueye auront probablement pour t\u00e2che de perturber le rythme de Fulham et de prot\u00e9ger les quatre d\u00e9fenseurs.<\/p>\n<p>Plus loin, Adam Armstrong et Ndiaye devraient fournir la largeur n\u00e9cessaire pour soutenir Barry, qui devrait obtenir le feu vert en tant que point focal de l&#39;attaque.<\/p>\n<p>Onze de d\u00e9part possibles d\u2019Everton :<\/p>\n<p>Pickford\u00a0; O&#39;Brien, Tarkowski, Keane, Branthwaite\u00a0; Garner, Gueye; Armstrong, Dewsbury-Hall, Ndiaye\u00a0; Barry<\/p>\n<p>> Cliquez ici pour voir comment Fulham pourrait s&#39;aligner pour ce match<\/p>\n<\/div>\n","protected":false},"excerpt":{"rendered":"<p>Le patron d&#39;Everton, David Moyes, doit continuer \u00e0 trouver des solutions en l&#39;absence de Jack Grealish, dont la blessure au pied pourrait potentiellement voir l&#39;international<\/p>\n","protected":false},"author":1,"featured_media":34089,"comment_status":"closed","ping_status":"","sticky":false,"template":"","format":"standard","meta":{"footnotes":""},"categories":[5],"tags":[2200,318,10741,11436,332,2291,20,4282,348,6049,202,6753,51,201,3924,11461],"yoast_head":"<!-- This site is optimized with the Yoast SEO plugin v21.0 - https:\/\/yoast.com\/wordpress\/plugins\/seo\/ -->\n<title>Composition d&#039;Everton contre Fulham\u00a0: XI pr\u00e9vu pour le choc en Premier League alors que Thierno Barry affronte Beto pour mener l&#039;attaque<\/title>\n<meta name=\"robots\" content=\"index, follow, max-snippet:-1, max-image-preview:large, max-video-preview:-1\" \/>\n<link rel=\"canonical\" href=\"https:\/\/footdavant.fr\/actualites\/composition-deverton-contre-fulham-xi-prevu-pour-le-choc-en-premier-league-alors-que-thierno-barry-affronte-beto-pour-mener-lattaque\/\" \/>\n<meta property=\"og:locale\" content=\"fr_FR\" \/>\n<meta property=\"og:type\" content=\"article\" \/>\n<meta property=\"og:title\" content=\"Composition d&#039;Everton contre Fulham\u00a0: XI pr\u00e9vu pour le choc en Premier League alors que Thierno Barry affronte Beto pour mener l&#039;attaque\" \/>\n<meta property=\"og:description\" content=\"Le patron d&#039;Everton, David Moyes, doit continuer \u00e0 trouver des solutions en l&#039;absence de Jack Grealish, dont la blessure au pied pourrait potentiellement voir l&#039;international\" \/>\n<meta property=\"og:url\" content=\"https:\/\/footdavant.fr\/actualites\/composition-deverton-contre-fulham-xi-prevu-pour-le-choc-en-premier-league-alors-que-thierno-barry-affronte-beto-pour-mener-lattaque\/\" \/>\n<meta property=\"og:site_name\" content=\"Foot d&#039;avant\" \/>\n<meta property=\"article:publisher\" content=\"https:\/\/www.facebook.com\/Footdavant\/\" \/>\n<meta property=\"article:published_time\" content=\"2026-02-06T08:48:09+00:00\" \/>\n<meta property=\"article:modified_time\" content=\"2026-02-06T08:48:10+00:00\" \/>\n<meta property=\"og:image\" content=\"https:\/\/footdavant.fr\/actualites\/wp-content\/uploads\/2026\/02\/Brighton-Hove-Albion-1-1-Everton-faits-saillants-homme.net2Fuploads2F20262F012Fbeto-2-697e3809b.webp\" \/>\n\t<meta property=\"og:image:width\" content=\"720\" \/>\n\t<meta property=\"og:image:height\" content=\"410\" \/>\n\t<meta property=\"og:image:type\" content=\"image\/webp\" \/>\n<meta name=\"author\" content=\"Cl\u00e9ment\" \/>\n<meta name=\"twitter:card\" content=\"summary_large_image\" \/>\n<meta name=\"twitter:creator\" content=\"@FootdavantFr\" \/>\n<meta name=\"twitter:site\" content=\"@FootdavantFr\" \/>\n<meta name=\"twitter:label1\" content=\"\u00c9crit par\" \/>\n\t<meta name=\"twitter:data1\" content=\"Cl\u00e9ment\" \/>\n\t<meta name=\"twitter:label2\" content=\"Dur\u00e9e de lecture estim\u00e9e\" \/>\n\t<meta name=\"twitter:data2\" content=\"1 minute\" \/>\n<script type=\"application\/ld+json\" class=\"yoast-schema-graph\">{\"@context\":\"https:\/\/schema.org\",\"@graph\":[{\"@type\":\"Article\",\"@id\":\"https:\/\/footdavant.fr\/actualites\/composition-deverton-contre-fulham-xi-prevu-pour-le-choc-en-premier-league-alors-que-thierno-barry-affronte-beto-pour-mener-lattaque\/#article\",\"isPartOf\":{\"@id\":\"https:\/\/footdavant.fr\/actualites\/composition-deverton-contre-fulham-xi-prevu-pour-le-choc-en-premier-league-alors-que-thierno-barry-affronte-beto-pour-mener-lattaque\/\"},\"author\":{\"name\":\"Cl\u00e9ment\",\"@id\":\"https:\/\/footdavant.fr\/actualites\/#\/schema\/person\/bc222566d95871b37e597b3ed3ba5e1d\"},\"headline\":\"Composition d&#39;Everton contre Fulham\u00a0: XI pr\u00e9vu pour le choc en Premier League alors que Thierno Barry affronte Beto pour mener l&#39;attaque\",\"datePublished\":\"2026-02-06T08:48:09+00:00\",\"dateModified\":\"2026-02-06T08:48:10+00:00\",\"mainEntityOfPage\":{\"@id\":\"https:\/\/footdavant.fr\/actualites\/composition-deverton-contre-fulham-xi-prevu-pour-le-choc-en-premier-league-alors-que-thierno-barry-affronte-beto-pour-mener-lattaque\/\"},\"wordCount\":297,\"publisher\":{\"@id\":\"https:\/\/footdavant.fr\/actualites\/#organization\"},\"keywords\":[\"affronte\",\"alors\",\"Barry\",\"Beto\",\"choc\",\"composition\",\"contre\",\"d39Everton\",\"Fulham\",\"l39attaque\",\"League\",\"mener\",\"pour\",\"Premier\",\"pr\u00e9vu\",\"Thierno\"],\"articleSection\":[\"Premier League\"],\"inLanguage\":\"fr-FR\"},{\"@type\":\"WebPage\",\"@id\":\"https:\/\/footdavant.fr\/actualites\/composition-deverton-contre-fulham-xi-prevu-pour-le-choc-en-premier-league-alors-que-thierno-barry-affronte-beto-pour-mener-lattaque\/\",\"url\":\"https:\/\/footdavant.fr\/actualites\/composition-deverton-contre-fulham-xi-prevu-pour-le-choc-en-premier-league-alors-que-thierno-barry-affronte-beto-pour-mener-lattaque\/\",\"name\":\"Composition d&#39;Everton contre Fulham\u00a0: XI pr\u00e9vu pour le choc en Premier League alors que Thierno Barry affronte Beto pour mener l&#39;attaque\",\"isPartOf\":{\"@id\":\"https:\/\/footdavant.fr\/actualites\/#website\"},\"datePublished\":\"2026-02-06T08:48:09+00:00\",\"dateModified\":\"2026-02-06T08:48:10+00:00\",\"breadcrumb\":{\"@id\":\"https:\/\/footdavant.fr\/actualites\/composition-deverton-contre-fulham-xi-prevu-pour-le-choc-en-premier-league-alors-que-thierno-barry-affronte-beto-pour-mener-lattaque\/#breadcrumb\"},\"inLanguage\":\"fr-FR\",\"potentialAction\":[{\"@type\":\"ReadAction\",\"target\":[\"https:\/\/footdavant.fr\/actualites\/composition-deverton-contre-fulham-xi-prevu-pour-le-choc-en-premier-league-alors-que-thierno-barry-affronte-beto-pour-mener-lattaque\/\"]}]},{\"@type\":\"BreadcrumbList\",\"@id\":\"https:\/\/footdavant.fr\/actualites\/composition-deverton-contre-fulham-xi-prevu-pour-le-choc-en-premier-league-alors-que-thierno-barry-affronte-beto-pour-mener-lattaque\/#breadcrumb\",\"itemListElement\":[{\"@type\":\"ListItem\",\"position\":1,\"name\":\"Accueil\",\"item\":\"https:\/\/footdavant.fr\/actualites\/\"},{\"@type\":\"ListItem\",\"position\":2,\"name\":\"Composition d&#39;Everton contre Fulham\u00a0: XI pr\u00e9vu pour le choc en Premier League alors que Thierno Barry affronte Beto pour mener l&#39;attaque\"}]},{\"@type\":\"WebSite\",\"@id\":\"https:\/\/footdavant.fr\/actualites\/#website\",\"url\":\"https:\/\/footdavant.fr\/actualites\/\",\"name\":\"Foot d'avant\",\"description\":\"\",\"publisher\":{\"@id\":\"https:\/\/footdavant.fr\/actualites\/#organization\"},\"potentialAction\":[{\"@type\":\"SearchAction\",\"target\":{\"@type\":\"EntryPoint\",\"urlTemplate\":\"https:\/\/footdavant.fr\/actualites\/?s={search_term_string}\"},\"query-input\":\"required name=search_term_string\"}],\"inLanguage\":\"fr-FR\"},{\"@type\":\"Organization\",\"@id\":\"https:\/\/footdavant.fr\/actualites\/#organization\",\"name\":\"Foot d'avant\",\"url\":\"https:\/\/footdavant.fr\/actualites\/\",\"logo\":{\"@type\":\"ImageObject\",\"inLanguage\":\"fr-FR\",\"@id\":\"https:\/\/footdavant.fr\/actualites\/#\/schema\/logo\/image\/\",\"url\":\"https:\/\/footdavant.fr\/actualites\/wp-content\/uploads\/2023\/09\/Copy-of-FootDavant-Logo.png\",\"contentUrl\":\"https:\/\/footdavant.fr\/actualites\/wp-content\/uploads\/2023\/09\/Copy-of-FootDavant-Logo.png\",\"width\":936,\"height\":549,\"caption\":\"Foot d'avant\"},\"image\":{\"@id\":\"https:\/\/footdavant.fr\/actualites\/#\/schema\/logo\/image\/\"},\"sameAs\":[\"https:\/\/www.facebook.com\/Footdavant\/\",\"https:\/\/twitter.com\/FootdavantFr\",\"https:\/\/www.instagram.com\/footdavant.fr\/\"]},{\"@type\":\"Person\",\"@id\":\"https:\/\/footdavant.fr\/actualites\/#\/schema\/person\/bc222566d95871b37e597b3ed3ba5e1d\",\"name\":\"Cl\u00e9ment\",\"image\":{\"@type\":\"ImageObject\",\"inLanguage\":\"fr-FR\",\"@id\":\"https:\/\/footdavant.fr\/actualites\/#\/schema\/person\/image\/\",\"url\":\"https:\/\/secure.gravatar.com\/avatar\/7728b29aac2719421e1a9159b2254c44?s=96&d=mm&r=g\",\"contentUrl\":\"https:\/\/secure.gravatar.com\/avatar\/7728b29aac2719421e1a9159b2254c44?s=96&d=mm&r=g\",\"caption\":\"Cl\u00e9ment\"},\"sameAs\":[\"https:\/\/footdavant.fr\/\"]}]}<\/script>\n<!-- \/ Yoast SEO plugin. -->","yoast_head_json":{"title":"Composition d&#39;Everton contre Fulham\u00a0: XI pr\u00e9vu pour le choc en Premier League alors que Thierno Barry affronte Beto pour mener l&#39;attaque","robots":{"index":"index","follow":"follow","max-snippet":"max-snippet:-1","max-image-preview":"max-image-preview:large","max-video-preview":"max-video-preview:-1"},"canonical":"https:\/\/footdavant.fr\/actualites\/composition-deverton-contre-fulham-xi-prevu-pour-le-choc-en-premier-league-alors-que-thierno-barry-affronte-beto-pour-mener-lattaque\/","og_locale":"fr_FR","og_type":"article","og_title":"Composition d&#39;Everton contre Fulham\u00a0: XI pr\u00e9vu pour le choc en Premier League alors que Thierno Barry affronte Beto pour mener l&#39;attaque","og_description":"Le patron d&#39;Everton, David Moyes, doit continuer \u00e0 trouver des solutions en l&#39;absence de Jack Grealish, dont la blessure au pied pourrait potentiellement voir l&#39;international","og_url":"https:\/\/footdavant.fr\/actualites\/composition-deverton-contre-fulham-xi-prevu-pour-le-choc-en-premier-league-alors-que-thierno-barry-affronte-beto-pour-mener-lattaque\/","og_site_name":"Foot d&#039;avant","article_publisher":"https:\/\/www.facebook.com\/Footdavant\/","article_published_time":"2026-02-06T08:48:09+00:00","article_modified_time":"2026-02-06T08:48:10+00:00","og_image":[{"width":720,"height":410,"url":"https:\/\/footdavant.fr\/actualites\/wp-content\/uploads\/2026\/02\/Brighton-Hove-Albion-1-1-Everton-faits-saillants-homme.net2Fuploads2F20262F012Fbeto-2-697e3809b.webp","type":"image\/webp"}],"author":"Cl\u00e9ment","twitter_card":"summary_large_image","twitter_creator":"@FootdavantFr","twitter_site":"@FootdavantFr","twitter_misc":{"\u00c9crit par":"Cl\u00e9ment","Dur\u00e9e de lecture estim\u00e9e":"1 minute"},"schema":{"@context":"https:\/\/schema.org","@graph":[{"@type":"Article","@id":"https:\/\/footdavant.fr\/actualites\/composition-deverton-contre-fulham-xi-prevu-pour-le-choc-en-premier-league-alors-que-thierno-barry-affronte-beto-pour-mener-lattaque\/#article","isPartOf":{"@id":"https:\/\/footdavant.fr\/actualites\/composition-deverton-contre-fulham-xi-prevu-pour-le-choc-en-premier-league-alors-que-thierno-barry-affronte-beto-pour-mener-lattaque\/"},"author":{"name":"Cl\u00e9ment","@id":"https:\/\/footdavant.fr\/actualites\/#\/schema\/person\/bc222566d95871b37e597b3ed3ba5e1d"},"headline":"Composition d&#39;Everton contre Fulham\u00a0: XI pr\u00e9vu pour le choc en Premier League alors que Thierno Barry affronte Beto pour mener l&#39;attaque","datePublished":"2026-02-06T08:48:09+00:00","dateModified":"2026-02-06T08:48:10+00:00","mainEntityOfPage":{"@id":"https:\/\/footdavant.fr\/actualites\/composition-deverton-contre-fulham-xi-prevu-pour-le-choc-en-premier-league-alors-que-thierno-barry-affronte-beto-pour-mener-lattaque\/"},"wordCount":297,"publisher":{"@id":"https:\/\/footdavant.fr\/actualites\/#organization"},"keywords":["affronte","alors","Barry","Beto","choc","composition","contre","d39Everton","Fulham","l39attaque","League","mener","pour","Premier","pr\u00e9vu","Thierno"],"articleSection":["Premier League"],"inLanguage":"fr-FR"},{"@type":"WebPage","@id":"https:\/\/footdavant.fr\/actualites\/composition-deverton-contre-fulham-xi-prevu-pour-le-choc-en-premier-league-alors-que-thierno-barry-affronte-beto-pour-mener-lattaque\/","url":"https:\/\/footdavant.fr\/actualites\/composition-deverton-contre-fulham-xi-prevu-pour-le-choc-en-premier-league-alors-que-thierno-barry-affronte-beto-pour-mener-lattaque\/","name":"Composition d&#39;Everton contre Fulham\u00a0: XI pr\u00e9vu pour le choc en Premier League alors que Thierno Barry affronte Beto pour mener l&#39;attaque","isPartOf":{"@id":"https:\/\/footdavant.fr\/actualites\/#website"},"datePublished":"2026-02-06T08:48:09+00:00","dateModified":"2026-02-06T08:48:10+00:00","breadcrumb":{"@id":"https:\/\/footdavant.fr\/actualites\/composition-deverton-contre-fulham-xi-prevu-pour-le-choc-en-premier-league-alors-que-thierno-barry-affronte-beto-pour-mener-lattaque\/#breadcrumb"},"inLanguage":"fr-FR","potentialAction":[{"@type":"ReadAction","target":["https:\/\/footdavant.fr\/actualites\/composition-deverton-contre-fulham-xi-prevu-pour-le-choc-en-premier-league-alors-que-thierno-barry-affronte-beto-pour-mener-lattaque\/"]}]},{"@type":"BreadcrumbList","@id":"https:\/\/footdavant.fr\/actualites\/composition-deverton-contre-fulham-xi-prevu-pour-le-choc-en-premier-league-alors-que-thierno-barry-affronte-beto-pour-mener-lattaque\/#breadcrumb","itemListElement":[{"@type":"ListItem","position":1,"name":"Accueil","item":"https:\/\/footdavant.fr\/actualites\/"},{"@type":"ListItem","position":2,"name":"Composition d&#39;Everton contre Fulham\u00a0: XI pr\u00e9vu pour le choc en Premier League alors que Thierno Barry affronte Beto pour mener l&#39;attaque"}]},{"@type":"WebSite","@id":"https:\/\/footdavant.fr\/actualites\/#website","url":"https:\/\/footdavant.fr\/actualites\/","name":"Foot d'avant","description":"","publisher":{"@id":"https:\/\/footdavant.fr\/actualites\/#organization"},"potentialAction":[{"@type":"SearchAction","target":{"@type":"EntryPoint","urlTemplate":"https:\/\/footdavant.fr\/actualites\/?s={search_term_string}"},"query-input":"required name=search_term_string"}],"inLanguage":"fr-FR"},{"@type":"Organization","@id":"https:\/\/footdavant.fr\/actualites\/#organization","name":"Foot d'avant","url":"https:\/\/footdavant.fr\/actualites\/","logo":{"@type":"ImageObject","inLanguage":"fr-FR","@id":"https:\/\/footdavant.fr\/actualites\/#\/schema\/logo\/image\/","url":"https:\/\/footdavant.fr\/actualites\/wp-content\/uploads\/2023\/09\/Copy-of-FootDavant-Logo.png","contentUrl":"https:\/\/footdavant.fr\/actualites\/wp-content\/uploads\/2023\/09\/Copy-of-FootDavant-Logo.png","width":936,"height":549,"caption":"Foot d'avant"},"image":{"@id":"https:\/\/footdavant.fr\/actualites\/#\/schema\/logo\/image\/"},"sameAs":["https:\/\/www.facebook.com\/Footdavant\/","https:\/\/twitter.com\/FootdavantFr","https:\/\/www.instagram.com\/footdavant.fr\/"]},{"@type":"Person","@id":"https:\/\/footdavant.fr\/actualites\/#\/schema\/person\/bc222566d95871b37e597b3ed3ba5e1d","name":"Cl\u00e9ment","image":{"@type":"ImageObject","inLanguage":"fr-FR","@id":"https:\/\/footdavant.fr\/actualites\/#\/schema\/person\/image\/","url":"https:\/\/secure.gravatar.com\/avatar\/7728b29aac2719421e1a9159b2254c44?s=96&d=mm&r=g","contentUrl":"https:\/\/secure.gravatar.com\/avatar\/7728b29aac2719421e1a9159b2254c44?s=96&d=mm&r=g","caption":"Cl\u00e9ment"},"sameAs":["https:\/\/footdavant.fr\/"]}]}},"_links":{"self":[{"href":"https:\/\/footdavant.fr\/actualites\/wp-json\/wp\/v2\/posts\/34203"}],"collection":[{"href":"https:\/\/footdavant.fr\/actualites\/wp-json\/wp\/v2\/posts"}],"about":[{"href":"https:\/\/footdavant.fr\/actualites\/wp-json\/wp\/v2\/types\/post"}],"author":[{"embeddable":true,"href":"https:\/\/footdavant.fr\/actualites\/wp-json\/wp\/v2\/users\/1"}],"replies":[{"embeddable":true,"href":"https:\/\/footdavant.fr\/actualites\/wp-json\/wp\/v2\/comments?post=34203"}],"version-history":[{"count":1,"href":"https:\/\/footdavant.fr\/actualites\/wp-json\/wp\/v2\/posts\/34203\/revisions"}],"predecessor-version":[{"id":34204,"href":"https:\/\/footdavant.fr\/actualites\/wp-json\/wp\/v2\/posts\/34203\/revisions\/34204"}],"wp:featuredmedia":[{"embeddable":true,"href":"https:\/\/footdavant.fr\/actualites\/wp-json\/wp\/v2\/media\/34089"}],"wp:attachment":[{"href":"https:\/\/footdavant.fr\/actualites\/wp-json\/wp\/v2\/media?parent=34203"}],"wp:term":[{"taxonomy":"category","embeddable":true,"href":"https:\/\/footdavant.fr\/actualites\/wp-json\/wp\/v2\/categories?post=34203"},{"taxonomy":"post_tag","embeddable":true,"href":"https:\/\/footdavant.fr\/actualites\/wp-json\/wp\/v2\/tags?post=34203"}],"curies":[{"name":"wp","href":"https:\/\/api.w.org\/{rel}","templated":true}]}}