{"id":34211,"date":"2026-02-06T15:48:08","date_gmt":"2026-02-06T14:48:08","guid":{"rendered":"https:\/\/footdavant.fr\/actualites\/diogo-dalot-mise-a-jour-cruciale-sur-les-liens-de-las-de-united-avec-le-bayern-munich\/"},"modified":"2026-02-06T15:48:10","modified_gmt":"2026-02-06T14:48:10","slug":"diogo-dalot-mise-a-jour-cruciale-sur-les-liens-de-las-de-united-avec-le-bayern-munich","status":"publish","type":"post","link":"https:\/\/footdavant.fr\/actualites\/diogo-dalot-mise-a-jour-cruciale-sur-les-liens-de-las-de-united-avec-le-bayern-munich\/","title":{"rendered":"Diogo Dalot: mise \u00e0 jour cruciale sur les liens de l&#39;as de United avec le Bayern Munich &#8211;"},"content":{"rendered":"<div id=\"penci-post-entry-inner\">\n<p>\t\t\t<i class=\"penci-post-countview-number-check\" style=\"display:none\">1<\/i><\/p>\n<p>Les r\u00e9centes performances de Diogo Dalot pour Manchester United l&#39;ont associ\u00e9 \u00e0 un transfert au Bayern Munich cette ann\u00e9e. L&#39;arri\u00e8re droit portugais a \u00e9t\u00e9 un habitu\u00e9 de l&#39;\u00e9quipe premi\u00e8re des Diables Rouges ces derni\u00e8res saisons et a jou\u00e9 jusqu&#39;\u00e0 pr\u00e9sent chaque minute sous la direction du manager par int\u00e9rim Michael Carrick. <\/p>\n<p>Dalot a inscrit un but et deux passes d\u00e9cisives en 22 matchs de Premier League cette saison, dont tous sauf trois \u00e9taient titulaires. <\/p>\n<h2 id=\"tablepress-787-name\" class=\"tablepress-table-name tablepress-table-name-id-787\">Diogo Dalot Stats de Premier League: saison 2025\/26<\/h2>\n<table id=\"tablepress-787\" class=\"tablepress tablepress-id-787\" aria-labelledby=\"tablepress-787-name\">\n<thead>\n<tr class=\"row-1\">\n<th class=\"column-1\">M\u00e9trique<\/th>\n<th class=\"column-2\">Valeur<\/th>\n<\/tr>\n<\/thead>\n<tbody class=\"row-striping row-hover\">\n<tr class=\"row-2\">\n<td class=\"column-1\">Apparitions (sous)<\/td>\n<td class=\"column-2\">22 (3)<\/td>\n<\/tr>\n<tr class=\"row-3\">\n<td class=\"column-1\">Objectifs<\/td>\n<td class=\"column-2\">1<\/td>\n<\/tr>\n<tr class=\"row-4\">\n<td class=\"column-1\">Aides<\/td>\n<td class=\"column-2\">2<\/td>\n<\/tr>\n<tr class=\"row-5\">\n<td class=\"column-1\">xG<\/td>\n<td class=\"column-2\">1.32<\/td>\n<\/tr>\n<tr class=\"row-6\">\n<td class=\"column-1\">xA<\/td>\n<td class=\"column-2\">1,83<\/td>\n<\/tr>\n<tr class=\"row-7\">\n<td class=\"column-1\">Tirs cadr\u00e9s dans la surface<\/td>\n<td class=\"column-2\">2<\/td>\n<\/tr>\n<tr class=\"row-8\">\n<td class=\"column-1\">Tirs cadr\u00e9s hors de la surface<\/td>\n<td class=\"column-2\">2<\/td>\n<\/tr>\n<tr class=\"row-9\">\n<td class=\"column-1\">Touches dans la case d&#39;opposition<\/td>\n<td class=\"column-2\">30<\/td>\n<\/tr>\n<tr class=\"row-10\">\n<td class=\"column-1\">Croisements (% compl\u00e9t\u00e9s)<\/td>\n<td class=\"column-2\">39 (28%)<\/td>\n<\/tr>\n<tr class=\"row-11\">\n<td class=\"column-1\">R\u00e9ussite (%) termin\u00e9<\/td>\n<td class=\"column-2\">670 (83%)<\/td>\n<\/tr>\n<tr class=\"row-12\">\n<td class=\"column-1\">Passes longues (%) compl\u00e9t\u00e9es<\/td>\n<td class=\"column-2\">44 (59%)<\/td>\n<\/tr>\n<tr class=\"row-13\">\n<td class=\"column-1\">Minutes jou\u00e9es<\/td>\n<td class=\"column-2\">1 675<\/td>\n<\/tr>\n<tr class=\"row-14\">\n<td class=\"column-1\">Dribbles (%) termin\u00e9s<\/td>\n<td class=\"column-2\">17 (59%)<\/td>\n<\/tr>\n<tr class=\"row-15\">\n<td class=\"column-1\">Duels gagn\u00e9s<\/td>\n<td class=\"column-2\">84<\/td>\n<\/tr>\n<tr class=\"row-16\">\n<td class=\"column-1\">Duels a\u00e9riens gagn\u00e9s<\/td>\n<td class=\"column-2\">34<\/td>\n<\/tr>\n<tr class=\"row-17\">\n<td class=\"column-1\">Total des plaquages<\/td>\n<td class=\"column-2\">32<\/td>\n<\/tr>\n<tr class=\"row-18\">\n<td class=\"column-1\">Interceptions<\/td>\n<td class=\"column-2\">16<\/td>\n<\/tr>\n<tr class=\"row-19\">\n<td class=\"column-1\">Blocs<\/td>\n<td class=\"column-2\">6<\/td>\n<\/tr>\n<tr class=\"row-20\">\n<td class=\"column-1\">Cartons rouges<\/td>\n<td class=\"column-2\">0<\/td>\n<\/tr>\n<tr class=\"row-21\">\n<td class=\"column-1\">Cartons jaunes<\/td>\n<td class=\"column-2\">3<\/td>\n<\/tr>\n<tr class=\"row-22\">\n<td class=\"column-1\">Fautes<\/td>\n<td class=\"column-2\">14<\/td>\n<\/tr>\n<tr class=\"row-23\">\n<td class=\"column-1\">Hors-jeu<\/td>\n<td class=\"column-2\">4<\/td>\n<\/tr>\n<\/tbody>\n<\/table>\n<p><!-- #tablepress-787 from cache --><\/p>\n<p>Le joueur de 26 ans a \u00e9t\u00e9 utilis\u00e9 comme ailier sous la direction de l&#39;ancien entra\u00eeneur-chef Ruben Amorim, s&#39;ins\u00e9rant sur les deux flancs lorsque cela \u00e9tait n\u00e9cessaire. Il a facilement retrouv\u00e9 son poste d&#39;arri\u00e8re droit depuis l&#39;arriv\u00e9e de Carrick le mois dernier, et sa polyvalence a \u00e9t\u00e9 l&#39;un de ses plus grands atouts. <\/p>\n<p>Un pr\u00e9c\u00e9dent rapport relay\u00e9 par The Peoples Person indiquait que le Bayern faisait partie des clubs surveillant de pr\u00e8s Dalot en janvier. <\/p>\n<h3>Un homme recherch\u00e9 en Europe<\/h3>\n<p>Les Bavarois recherchaient un nouvel arri\u00e8re droit au milieu des blessures de Josip Stanisic et Konrad Laimer, et Dalot a \u00e9t\u00e9 identifi\u00e9 comme une option pour ce r\u00f4le. Le Real Madrid et l&#39;Atletico Madrid ont \u00e9galement \u00e9t\u00e9 cit\u00e9s comme destinations possibles pour les Portugais.<\/p>\n<p>Il a ensuite \u00e9t\u00e9 sugg\u00e9r\u00e9 que Los Blancos et le Bayern Munich avaient \u00e9tabli des contacts avec le camp du joueur pour faciliter un accord. Cependant, ce rapport ajoutait que Dalot avait refus\u00e9 les deux clubs car il souhaitait rester au Th\u00e9\u00e2tre des R\u00eaves. <\/p>\n<p>L&#39;expert de la Bundesliga Christian Falk a apport\u00e9 des \u00e9claircissements sur la poursuite par les Bavarois de l&#39;arri\u00e8re lat\u00e9ral portugais. <\/p>\n<h3>Le Bayern n&#39;envisage pas Dalot<\/h3>\n<p>S&#39;adressant au FC Bayern Insider, Falk a d\u00e9clar\u00e9 que le Bayern n&#39;avait pas les fonds n\u00e9cessaires pour finaliser le transfert de Dalot. Il a d\u00e9clar\u00e9 : \u00ab\u00a0Ce n&#39;est PAS VRAI : le Bayern Munich est int\u00e9ress\u00e9 par l&#39;arri\u00e8re droit de Manchester United, Diogo Dalot.\u00a0\u00bb <\/p>\n<p>\u00ab\u00a0Le Bayern a une liste avec de tr\u00e8s nombreux joueurs. Bien s\u00fbr, ils connaissent le joueur, mais pour le moment, ils n&#39;ont pas l&#39;argent pour une telle d\u00e9cision. Ils ont un plan d\u00e9fensif clair et recherchent \u00e9galement des options offensives.\u00a0\u00bb <\/p>\n<p>\u00ab\u00a0La plus grosse somme ira \u00e0 la ligne offensive \u2013 ils recherchent un joueur derri\u00e8re Luis Diaz. Toutes les autres cibles sont gar\u00e9es \u00e0 l&#39;arri\u00e8re jusqu&#39;\u00e0 ce qu&#39;ils sachent ce qu&#39;ils vont faire de ce poste.\u00a0\u00bb<\/p>\n<p>Dalot est sous contrat avec United jusqu&#39;en 2028 et a inscrit \u00e0 ce jour 10 buts et 19 passes d\u00e9cisives en 234 apparitions toutes comp\u00e9titions confondues avec les Diables Rouges. <\/p>\n<h3>Pens\u00e9es finales<\/h3>\n<p>Dalot est d\u00e9sormais le deuxi\u00e8me joueur de United le plus ancien derri\u00e8re Luke Shaw, et sa connaissance du club pourrait \u00eatre cruciale alors qu&#39;ils se pr\u00e9parent pour un nouveau d\u00e9part la saison prochaine. Cependant, la d\u00e9cision finale concernant son avenir pourrait reposer entre les mains du nouveau manager permanent, qui devrait prendre ses fonctions cet \u00e9t\u00e9. <\/p>\n<\/p>\n<hr\/>\n<p>The Peoples Person est l&#39;un des principaux sites d&#39;information de Man United au monde depuis plus d&#39;une d\u00e9cennie. Suivez-nous sur Bluesky\u00a0: @peoplesperson.bsky.social<\/p>\n<p><!-- CONTENT END 2 --><\/p><\/div>\n","protected":false},"excerpt":{"rendered":"<p>1 Les r\u00e9centes performances de Diogo Dalot pour Manchester United l&#39;ont associ\u00e9 \u00e0 un transfert au Bayern Munich cette ann\u00e9e. L&#39;arri\u00e8re droit portugais a \u00e9t\u00e9<\/p>\n","protected":false},"author":1,"featured_media":34212,"comment_status":"closed","ping_status":"","sticky":false,"template":"","format":"standard","meta":{"footnotes":""},"categories":[3],"tags":[91,340,823,1356,1355,328,4719,93,1560,327,341,103,13],"yoast_head":"<!-- This site is optimized with the Yoast SEO plugin v21.0 - https:\/\/yoast.com\/wordpress\/plugins\/seo\/ -->\n<title>Diogo Dalot: mise \u00e0 jour cruciale sur les liens de l&#039;as de United avec le Bayern Munich -<\/title>\n<meta name=\"robots\" content=\"index, follow, max-snippet:-1, max-image-preview:large, max-video-preview:-1\" \/>\n<link rel=\"canonical\" href=\"https:\/\/footdavant.fr\/actualites\/diogo-dalot-mise-a-jour-cruciale-sur-les-liens-de-las-de-united-avec-le-bayern-munich\/\" \/>\n<meta property=\"og:locale\" content=\"fr_FR\" \/>\n<meta property=\"og:type\" content=\"article\" \/>\n<meta property=\"og:title\" content=\"Diogo Dalot: mise \u00e0 jour cruciale sur les liens de l&#039;as de United avec le Bayern Munich -\" \/>\n<meta property=\"og:description\" content=\"1 Les r\u00e9centes performances de Diogo Dalot pour Manchester United l&#039;ont associ\u00e9 \u00e0 un transfert au Bayern Munich cette ann\u00e9e. L&#039;arri\u00e8re droit portugais a \u00e9t\u00e9\" \/>\n<meta property=\"og:url\" content=\"https:\/\/footdavant.fr\/actualites\/diogo-dalot-mise-a-jour-cruciale-sur-les-liens-de-las-de-united-avec-le-bayern-munich\/\" \/>\n<meta property=\"og:site_name\" content=\"Foot d&#039;avant\" \/>\n<meta property=\"article:publisher\" content=\"https:\/\/www.facebook.com\/Footdavant\/\" \/>\n<meta property=\"article:published_time\" content=\"2026-02-06T14:48:08+00:00\" \/>\n<meta property=\"article:modified_time\" content=\"2026-02-06T14:48:10+00:00\" \/>\n<meta property=\"og:image\" content=\"https:\/\/footdavant.fr\/actualites\/wp-content\/uploads\/2026\/02\/Diogo-Dalot-mise-a-jour-cruciale-sur-les-liens-de.jpg\" \/>\n\t<meta property=\"og:image:width\" content=\"1600\" \/>\n\t<meta property=\"og:image:height\" content=\"715\" \/>\n\t<meta property=\"og:image:type\" content=\"image\/jpeg\" \/>\n<meta name=\"author\" content=\"Cl\u00e9ment\" \/>\n<meta name=\"twitter:card\" content=\"summary_large_image\" \/>\n<meta name=\"twitter:creator\" content=\"@FootdavantFr\" \/>\n<meta name=\"twitter:site\" content=\"@FootdavantFr\" \/>\n<meta name=\"twitter:label1\" content=\"\u00c9crit par\" \/>\n\t<meta name=\"twitter:data1\" content=\"Cl\u00e9ment\" \/>\n\t<meta name=\"twitter:label2\" content=\"Dur\u00e9e de lecture estim\u00e9e\" \/>\n\t<meta name=\"twitter:data2\" content=\"3 minutes\" \/>\n<script type=\"application\/ld+json\" class=\"yoast-schema-graph\">{\"@context\":\"https:\/\/schema.org\",\"@graph\":[{\"@type\":\"Article\",\"@id\":\"https:\/\/footdavant.fr\/actualites\/diogo-dalot-mise-a-jour-cruciale-sur-les-liens-de-las-de-united-avec-le-bayern-munich\/#article\",\"isPartOf\":{\"@id\":\"https:\/\/footdavant.fr\/actualites\/diogo-dalot-mise-a-jour-cruciale-sur-les-liens-de-las-de-united-avec-le-bayern-munich\/\"},\"author\":{\"name\":\"Cl\u00e9ment\",\"@id\":\"https:\/\/footdavant.fr\/actualites\/#\/schema\/person\/bc222566d95871b37e597b3ed3ba5e1d\"},\"headline\":\"Diogo Dalot: mise \u00e0 jour cruciale sur les liens de l&#39;as de United avec le Bayern Munich &#8211;\",\"datePublished\":\"2026-02-06T14:48:08+00:00\",\"dateModified\":\"2026-02-06T14:48:10+00:00\",\"mainEntityOfPage\":{\"@id\":\"https:\/\/footdavant.fr\/actualites\/diogo-dalot-mise-a-jour-cruciale-sur-les-liens-de-las-de-united-avec-le-bayern-munich\/\"},\"wordCount\":648,\"publisher\":{\"@id\":\"https:\/\/footdavant.fr\/actualites\/#organization\"},\"keywords\":[\"avec\",\"Bayern\",\"cruciale\",\"Dalot\",\"Diogo\",\"jour\",\"L39as\",\"les\",\"liens\",\"mise\",\"Munich\",\"sur\",\"United\"],\"articleSection\":[\"Football\"],\"inLanguage\":\"fr-FR\"},{\"@type\":\"WebPage\",\"@id\":\"https:\/\/footdavant.fr\/actualites\/diogo-dalot-mise-a-jour-cruciale-sur-les-liens-de-las-de-united-avec-le-bayern-munich\/\",\"url\":\"https:\/\/footdavant.fr\/actualites\/diogo-dalot-mise-a-jour-cruciale-sur-les-liens-de-las-de-united-avec-le-bayern-munich\/\",\"name\":\"Diogo Dalot: mise \u00e0 jour cruciale sur les liens de l&#39;as de United avec le Bayern Munich -\",\"isPartOf\":{\"@id\":\"https:\/\/footdavant.fr\/actualites\/#website\"},\"datePublished\":\"2026-02-06T14:48:08+00:00\",\"dateModified\":\"2026-02-06T14:48:10+00:00\",\"breadcrumb\":{\"@id\":\"https:\/\/footdavant.fr\/actualites\/diogo-dalot-mise-a-jour-cruciale-sur-les-liens-de-las-de-united-avec-le-bayern-munich\/#breadcrumb\"},\"inLanguage\":\"fr-FR\",\"potentialAction\":[{\"@type\":\"ReadAction\",\"target\":[\"https:\/\/footdavant.fr\/actualites\/diogo-dalot-mise-a-jour-cruciale-sur-les-liens-de-las-de-united-avec-le-bayern-munich\/\"]}]},{\"@type\":\"BreadcrumbList\",\"@id\":\"https:\/\/footdavant.fr\/actualites\/diogo-dalot-mise-a-jour-cruciale-sur-les-liens-de-las-de-united-avec-le-bayern-munich\/#breadcrumb\",\"itemListElement\":[{\"@type\":\"ListItem\",\"position\":1,\"name\":\"Accueil\",\"item\":\"https:\/\/footdavant.fr\/actualites\/\"},{\"@type\":\"ListItem\",\"position\":2,\"name\":\"Diogo Dalot: mise \u00e0 jour cruciale sur les liens de l&#39;as de United avec le Bayern Munich &#8211;\"}]},{\"@type\":\"WebSite\",\"@id\":\"https:\/\/footdavant.fr\/actualites\/#website\",\"url\":\"https:\/\/footdavant.fr\/actualites\/\",\"name\":\"Foot d'avant\",\"description\":\"\",\"publisher\":{\"@id\":\"https:\/\/footdavant.fr\/actualites\/#organization\"},\"potentialAction\":[{\"@type\":\"SearchAction\",\"target\":{\"@type\":\"EntryPoint\",\"urlTemplate\":\"https:\/\/footdavant.fr\/actualites\/?s={search_term_string}\"},\"query-input\":\"required name=search_term_string\"}],\"inLanguage\":\"fr-FR\"},{\"@type\":\"Organization\",\"@id\":\"https:\/\/footdavant.fr\/actualites\/#organization\",\"name\":\"Foot d'avant\",\"url\":\"https:\/\/footdavant.fr\/actualites\/\",\"logo\":{\"@type\":\"ImageObject\",\"inLanguage\":\"fr-FR\",\"@id\":\"https:\/\/footdavant.fr\/actualites\/#\/schema\/logo\/image\/\",\"url\":\"https:\/\/footdavant.fr\/actualites\/wp-content\/uploads\/2023\/09\/Copy-of-FootDavant-Logo.png\",\"contentUrl\":\"https:\/\/footdavant.fr\/actualites\/wp-content\/uploads\/2023\/09\/Copy-of-FootDavant-Logo.png\",\"width\":936,\"height\":549,\"caption\":\"Foot d'avant\"},\"image\":{\"@id\":\"https:\/\/footdavant.fr\/actualites\/#\/schema\/logo\/image\/\"},\"sameAs\":[\"https:\/\/www.facebook.com\/Footdavant\/\",\"https:\/\/twitter.com\/FootdavantFr\",\"https:\/\/www.instagram.com\/footdavant.fr\/\"]},{\"@type\":\"Person\",\"@id\":\"https:\/\/footdavant.fr\/actualites\/#\/schema\/person\/bc222566d95871b37e597b3ed3ba5e1d\",\"name\":\"Cl\u00e9ment\",\"image\":{\"@type\":\"ImageObject\",\"inLanguage\":\"fr-FR\",\"@id\":\"https:\/\/footdavant.fr\/actualites\/#\/schema\/person\/image\/\",\"url\":\"https:\/\/secure.gravatar.com\/avatar\/7728b29aac2719421e1a9159b2254c44?s=96&d=mm&r=g\",\"contentUrl\":\"https:\/\/secure.gravatar.com\/avatar\/7728b29aac2719421e1a9159b2254c44?s=96&d=mm&r=g\",\"caption\":\"Cl\u00e9ment\"},\"sameAs\":[\"https:\/\/footdavant.fr\/\"]}]}<\/script>\n<!-- \/ Yoast SEO plugin. -->","yoast_head_json":{"title":"Diogo Dalot: mise \u00e0 jour cruciale sur les liens de l&#39;as de United avec le Bayern Munich -","robots":{"index":"index","follow":"follow","max-snippet":"max-snippet:-1","max-image-preview":"max-image-preview:large","max-video-preview":"max-video-preview:-1"},"canonical":"https:\/\/footdavant.fr\/actualites\/diogo-dalot-mise-a-jour-cruciale-sur-les-liens-de-las-de-united-avec-le-bayern-munich\/","og_locale":"fr_FR","og_type":"article","og_title":"Diogo Dalot: mise \u00e0 jour cruciale sur les liens de l&#39;as de United avec le Bayern Munich -","og_description":"1 Les r\u00e9centes performances de Diogo Dalot pour Manchester United l&#39;ont associ\u00e9 \u00e0 un transfert au Bayern Munich cette ann\u00e9e. L&#39;arri\u00e8re droit portugais a \u00e9t\u00e9","og_url":"https:\/\/footdavant.fr\/actualites\/diogo-dalot-mise-a-jour-cruciale-sur-les-liens-de-las-de-united-avec-le-bayern-munich\/","og_site_name":"Foot d&#039;avant","article_publisher":"https:\/\/www.facebook.com\/Footdavant\/","article_published_time":"2026-02-06T14:48:08+00:00","article_modified_time":"2026-02-06T14:48:10+00:00","og_image":[{"width":1600,"height":715,"url":"https:\/\/footdavant.fr\/actualites\/wp-content\/uploads\/2026\/02\/Diogo-Dalot-mise-a-jour-cruciale-sur-les-liens-de.jpg","type":"image\/jpeg"}],"author":"Cl\u00e9ment","twitter_card":"summary_large_image","twitter_creator":"@FootdavantFr","twitter_site":"@FootdavantFr","twitter_misc":{"\u00c9crit par":"Cl\u00e9ment","Dur\u00e9e de lecture estim\u00e9e":"3 minutes"},"schema":{"@context":"https:\/\/schema.org","@graph":[{"@type":"Article","@id":"https:\/\/footdavant.fr\/actualites\/diogo-dalot-mise-a-jour-cruciale-sur-les-liens-de-las-de-united-avec-le-bayern-munich\/#article","isPartOf":{"@id":"https:\/\/footdavant.fr\/actualites\/diogo-dalot-mise-a-jour-cruciale-sur-les-liens-de-las-de-united-avec-le-bayern-munich\/"},"author":{"name":"Cl\u00e9ment","@id":"https:\/\/footdavant.fr\/actualites\/#\/schema\/person\/bc222566d95871b37e597b3ed3ba5e1d"},"headline":"Diogo Dalot: mise \u00e0 jour cruciale sur les liens de l&#39;as de United avec le Bayern Munich &#8211;","datePublished":"2026-02-06T14:48:08+00:00","dateModified":"2026-02-06T14:48:10+00:00","mainEntityOfPage":{"@id":"https:\/\/footdavant.fr\/actualites\/diogo-dalot-mise-a-jour-cruciale-sur-les-liens-de-las-de-united-avec-le-bayern-munich\/"},"wordCount":648,"publisher":{"@id":"https:\/\/footdavant.fr\/actualites\/#organization"},"keywords":["avec","Bayern","cruciale","Dalot","Diogo","jour","L39as","les","liens","mise","Munich","sur","United"],"articleSection":["Football"],"inLanguage":"fr-FR"},{"@type":"WebPage","@id":"https:\/\/footdavant.fr\/actualites\/diogo-dalot-mise-a-jour-cruciale-sur-les-liens-de-las-de-united-avec-le-bayern-munich\/","url":"https:\/\/footdavant.fr\/actualites\/diogo-dalot-mise-a-jour-cruciale-sur-les-liens-de-las-de-united-avec-le-bayern-munich\/","name":"Diogo Dalot: mise \u00e0 jour cruciale sur les liens de l&#39;as de United avec le Bayern Munich -","isPartOf":{"@id":"https:\/\/footdavant.fr\/actualites\/#website"},"datePublished":"2026-02-06T14:48:08+00:00","dateModified":"2026-02-06T14:48:10+00:00","breadcrumb":{"@id":"https:\/\/footdavant.fr\/actualites\/diogo-dalot-mise-a-jour-cruciale-sur-les-liens-de-las-de-united-avec-le-bayern-munich\/#breadcrumb"},"inLanguage":"fr-FR","potentialAction":[{"@type":"ReadAction","target":["https:\/\/footdavant.fr\/actualites\/diogo-dalot-mise-a-jour-cruciale-sur-les-liens-de-las-de-united-avec-le-bayern-munich\/"]}]},{"@type":"BreadcrumbList","@id":"https:\/\/footdavant.fr\/actualites\/diogo-dalot-mise-a-jour-cruciale-sur-les-liens-de-las-de-united-avec-le-bayern-munich\/#breadcrumb","itemListElement":[{"@type":"ListItem","position":1,"name":"Accueil","item":"https:\/\/footdavant.fr\/actualites\/"},{"@type":"ListItem","position":2,"name":"Diogo Dalot: mise \u00e0 jour cruciale sur les liens de l&#39;as de United avec le Bayern Munich &#8211;"}]},{"@type":"WebSite","@id":"https:\/\/footdavant.fr\/actualites\/#website","url":"https:\/\/footdavant.fr\/actualites\/","name":"Foot d'avant","description":"","publisher":{"@id":"https:\/\/footdavant.fr\/actualites\/#organization"},"potentialAction":[{"@type":"SearchAction","target":{"@type":"EntryPoint","urlTemplate":"https:\/\/footdavant.fr\/actualites\/?s={search_term_string}"},"query-input":"required name=search_term_string"}],"inLanguage":"fr-FR"},{"@type":"Organization","@id":"https:\/\/footdavant.fr\/actualites\/#organization","name":"Foot d'avant","url":"https:\/\/footdavant.fr\/actualites\/","logo":{"@type":"ImageObject","inLanguage":"fr-FR","@id":"https:\/\/footdavant.fr\/actualites\/#\/schema\/logo\/image\/","url":"https:\/\/footdavant.fr\/actualites\/wp-content\/uploads\/2023\/09\/Copy-of-FootDavant-Logo.png","contentUrl":"https:\/\/footdavant.fr\/actualites\/wp-content\/uploads\/2023\/09\/Copy-of-FootDavant-Logo.png","width":936,"height":549,"caption":"Foot d'avant"},"image":{"@id":"https:\/\/footdavant.fr\/actualites\/#\/schema\/logo\/image\/"},"sameAs":["https:\/\/www.facebook.com\/Footdavant\/","https:\/\/twitter.com\/FootdavantFr","https:\/\/www.instagram.com\/footdavant.fr\/"]},{"@type":"Person","@id":"https:\/\/footdavant.fr\/actualites\/#\/schema\/person\/bc222566d95871b37e597b3ed3ba5e1d","name":"Cl\u00e9ment","image":{"@type":"ImageObject","inLanguage":"fr-FR","@id":"https:\/\/footdavant.fr\/actualites\/#\/schema\/person\/image\/","url":"https:\/\/secure.gravatar.com\/avatar\/7728b29aac2719421e1a9159b2254c44?s=96&d=mm&r=g","contentUrl":"https:\/\/secure.gravatar.com\/avatar\/7728b29aac2719421e1a9159b2254c44?s=96&d=mm&r=g","caption":"Cl\u00e9ment"},"sameAs":["https:\/\/footdavant.fr\/"]}]}},"_links":{"self":[{"href":"https:\/\/footdavant.fr\/actualites\/wp-json\/wp\/v2\/posts\/34211"}],"collection":[{"href":"https:\/\/footdavant.fr\/actualites\/wp-json\/wp\/v2\/posts"}],"about":[{"href":"https:\/\/footdavant.fr\/actualites\/wp-json\/wp\/v2\/types\/post"}],"author":[{"embeddable":true,"href":"https:\/\/footdavant.fr\/actualites\/wp-json\/wp\/v2\/users\/1"}],"replies":[{"embeddable":true,"href":"https:\/\/footdavant.fr\/actualites\/wp-json\/wp\/v2\/comments?post=34211"}],"version-history":[{"count":1,"href":"https:\/\/footdavant.fr\/actualites\/wp-json\/wp\/v2\/posts\/34211\/revisions"}],"predecessor-version":[{"id":34213,"href":"https:\/\/footdavant.fr\/actualites\/wp-json\/wp\/v2\/posts\/34211\/revisions\/34213"}],"wp:featuredmedia":[{"embeddable":true,"href":"https:\/\/footdavant.fr\/actualites\/wp-json\/wp\/v2\/media\/34212"}],"wp:attachment":[{"href":"https:\/\/footdavant.fr\/actualites\/wp-json\/wp\/v2\/media?parent=34211"}],"wp:term":[{"taxonomy":"category","embeddable":true,"href":"https:\/\/footdavant.fr\/actualites\/wp-json\/wp\/v2\/categories?post=34211"},{"taxonomy":"post_tag","embeddable":true,"href":"https:\/\/footdavant.fr\/actualites\/wp-json\/wp\/v2\/tags?post=34211"}],"curies":[{"name":"wp","href":"https:\/\/api.w.org\/{rel}","templated":true}]}}