{"id":34220,"date":"2026-02-06T21:48:11","date_gmt":"2026-02-06T20:48:11","guid":{"rendered":"https:\/\/footdavant.fr\/actualites\/composition-de-burnley-contre-west-ham-xi-prevu-pour-le-choc-de-premier-league-alors-quanthony-mene-la-ligne-au-milieu-des-absences-pour-blessure\/"},"modified":"2026-02-06T21:48:12","modified_gmt":"2026-02-06T20:48:12","slug":"composition-de-burnley-contre-west-ham-xi-prevu-pour-le-choc-de-premier-league-alors-quanthony-mene-la-ligne-au-milieu-des-absences-pour-blessure","status":"publish","type":"post","link":"https:\/\/footdavant.fr\/actualites\/composition-de-burnley-contre-west-ham-xi-prevu-pour-le-choc-de-premier-league-alors-quanthony-mene-la-ligne-au-milieu-des-absences-pour-blessure\/","title":{"rendered":"Composition de Burnley contre West Ham\u00a0: XI pr\u00e9vu pour le choc de Premier League alors qu&#39;Anthony m\u00e8ne la ligne au milieu des absences pour blessure"},"content":{"rendered":"<div itemprop=\"articleBody\">\n<p>L&#39;ailier de Burnley, Jaidon Anthony, cherchera \u00e0 diriger l&#39;attaque des Clarets une fois de plus alors que l&#39;\u00e9quipe de Scott Parker accueillera West Ham United dans un match crucial de rel\u00e9gation \u00e0 six points \u00e0 Turf Moor samedi.<\/p>\n<p>Le joueur de 26 ans a \u00e9t\u00e9 une \u00e9tincelle rare et brillante pour l&#39;\u00e9quipe du Lancashire cette saison, marquant cinq buts pour s&#39;asseoir aux c\u00f4t\u00e9s de Zian Flemming en tant que co-meilleur buteur du club.<\/p>\n<p>Alors que Flemming est toujours \u00e0 la recherche de son premier but \u00e0 domicile de la campagne, Anthony s&#39;est montr\u00e9 beaucoup plus \u00e0 l&#39;aise dans un environnement familier, avec trois de ses cinq frappes de haut niveau devant les fid\u00e8les de Turf Moor.<\/p>\n<p>Parker est confront\u00e9 \u00e0 une crise de blessures importante avant la visite des Hammers, car Josh Cullen et Zeki Amdouni soignent tous deux des probl\u00e8mes de genou.<\/p>\n<p>Le duo d\u00e9fensif Jordan Beyer et Connor Roberts restent \u00e9galement sur la touche en raison de probl\u00e8mes \u00e0 la cuisse et \u00e0 l&#39;aine, respectivement, tandis que Mike Tresor Ndayishimiye est exclu en raison d&#39;une blessure \u00e0 la cheville.<\/p>\n<p>Entre les b\u00e2tons, Martin Dubravka devrait conserver sa place malgr\u00e9 avoir encaiss\u00e9 plus de buts que tout autre gardien de but cette saison, bien que le Slovaque m\u00e8ne la division pour les arr\u00eats effectu\u00e9s.<\/p>\n<p>Le patron de Burnley persistera probablement avec trois arri\u00e8res compos\u00e9s d&#39;Axel Tuanzebe, Maxime Esteve et Bashir Humphreys pour offrir plus de protection \u00e0 leur n\u00b01 occup\u00e9 apr\u00e8s une nuit difficile au Stadium of Light.<\/p>\n<p>Armando Broja devrait mener la ligne, soutenu par Marcus Edwards et Anthony dans un trio dynamique, laissant Flemming potentiellement avoir un impact sur le match depuis le banc.<\/p>\n<p>Onze de d\u00e9part possible de Burnley\u00a0:<\/p>\n<p>Dubravka; Tuanzebe, Esteve, Humphreys; Walker, Ugochukwu, Luis, Pires\u00a0; Edwards, Antoine\u00a0; Broja<\/p>\n<p>> Cliquez ici pour voir comment West Ham pourrait s&#39;aligner pour ce match<\/p>\n<\/div>\n","protected":false},"excerpt":{"rendered":"<p>L&#39;ailier de Burnley, Jaidon Anthony, cherchera \u00e0 diriger l&#39;attaque des Clarets une fois de plus alors que l&#39;\u00e9quipe de Scott Parker accueillera West Ham United<\/p>\n","protected":false},"author":1,"featured_media":34221,"comment_status":"closed","ping_status":"","sticky":false,"template":"","format":"standard","meta":{"footnotes":""},"categories":[5],"tags":[10078,318,15,541,332,2291,20,12,286,202,405,493,441,51,201,3924,6495,285],"yoast_head":"<!-- This site is optimized with the Yoast SEO plugin v21.0 - https:\/\/yoast.com\/wordpress\/plugins\/seo\/ -->\n<title>Composition de Burnley contre West Ham\u00a0: XI pr\u00e9vu pour le choc de Premier League alors qu&#039;Anthony m\u00e8ne la ligne au milieu des absences pour blessure<\/title>\n<meta name=\"robots\" content=\"index, follow, max-snippet:-1, max-image-preview:large, max-video-preview:-1\" \/>\n<link rel=\"canonical\" href=\"https:\/\/footdavant.fr\/actualites\/composition-de-burnley-contre-west-ham-xi-prevu-pour-le-choc-de-premier-league-alors-quanthony-mene-la-ligne-au-milieu-des-absences-pour-blessure\/\" \/>\n<meta property=\"og:locale\" content=\"fr_FR\" \/>\n<meta property=\"og:type\" content=\"article\" \/>\n<meta property=\"og:title\" content=\"Composition de Burnley contre West Ham\u00a0: XI pr\u00e9vu pour le choc de Premier League alors qu&#039;Anthony m\u00e8ne la ligne au milieu des absences pour blessure\" \/>\n<meta property=\"og:description\" content=\"L&#039;ailier de Burnley, Jaidon Anthony, cherchera \u00e0 diriger l&#039;attaque des Clarets une fois de plus alors que l&#039;\u00e9quipe de Scott Parker accueillera West Ham United\" \/>\n<meta property=\"og:url\" content=\"https:\/\/footdavant.fr\/actualites\/composition-de-burnley-contre-west-ham-xi-prevu-pour-le-choc-de-premier-league-alors-quanthony-mene-la-ligne-au-milieu-des-absences-pour-blessure\/\" \/>\n<meta property=\"og:site_name\" content=\"Foot d&#039;avant\" \/>\n<meta property=\"article:publisher\" content=\"https:\/\/www.facebook.com\/Footdavant\/\" \/>\n<meta property=\"article:published_time\" content=\"2026-02-06T20:48:11+00:00\" \/>\n<meta property=\"article:modified_time\" content=\"2026-02-06T20:48:12+00:00\" \/>\n<meta property=\"og:image\" content=\"https:\/\/footdavant.fr\/actualites\/wp-content\/uploads\/2026\/02\/Composition-de-Burnley-contre-West-Ham-XI-prevu-pour-le.net2Fuploads2F20252F102Faaa-bur-68f1881d.webp\" \/>\n\t<meta property=\"og:image:width\" content=\"720\" \/>\n\t<meta property=\"og:image:height\" content=\"410\" \/>\n\t<meta property=\"og:image:type\" content=\"image\/webp\" \/>\n<meta name=\"author\" content=\"Cl\u00e9ment\" \/>\n<meta name=\"twitter:card\" content=\"summary_large_image\" \/>\n<meta name=\"twitter:creator\" content=\"@FootdavantFr\" \/>\n<meta name=\"twitter:site\" content=\"@FootdavantFr\" \/>\n<meta name=\"twitter:label1\" content=\"\u00c9crit par\" \/>\n\t<meta name=\"twitter:data1\" content=\"Cl\u00e9ment\" \/>\n\t<meta name=\"twitter:label2\" content=\"Dur\u00e9e de lecture estim\u00e9e\" \/>\n\t<meta name=\"twitter:data2\" content=\"2 minutes\" \/>\n<script type=\"application\/ld+json\" class=\"yoast-schema-graph\">{\"@context\":\"https:\/\/schema.org\",\"@graph\":[{\"@type\":\"Article\",\"@id\":\"https:\/\/footdavant.fr\/actualites\/composition-de-burnley-contre-west-ham-xi-prevu-pour-le-choc-de-premier-league-alors-quanthony-mene-la-ligne-au-milieu-des-absences-pour-blessure\/#article\",\"isPartOf\":{\"@id\":\"https:\/\/footdavant.fr\/actualites\/composition-de-burnley-contre-west-ham-xi-prevu-pour-le-choc-de-premier-league-alors-quanthony-mene-la-ligne-au-milieu-des-absences-pour-blessure\/\"},\"author\":{\"name\":\"Cl\u00e9ment\",\"@id\":\"https:\/\/footdavant.fr\/actualites\/#\/schema\/person\/bc222566d95871b37e597b3ed3ba5e1d\"},\"headline\":\"Composition de Burnley contre West Ham\u00a0: XI pr\u00e9vu pour le choc de Premier League alors qu&#39;Anthony m\u00e8ne la ligne au milieu des absences pour blessure\",\"datePublished\":\"2026-02-06T20:48:11+00:00\",\"dateModified\":\"2026-02-06T20:48:12+00:00\",\"mainEntityOfPage\":{\"@id\":\"https:\/\/footdavant.fr\/actualites\/composition-de-burnley-contre-west-ham-xi-prevu-pour-le-choc-de-premier-league-alors-quanthony-mene-la-ligne-au-milieu-des-absences-pour-blessure\/\"},\"wordCount\":348,\"publisher\":{\"@id\":\"https:\/\/footdavant.fr\/actualites\/#organization\"},\"keywords\":[\"Absences\",\"alors\",\"Blessure\",\"Burnley\",\"choc\",\"composition\",\"contre\",\"des\",\"Ham\",\"League\",\"ligne\",\"m\u00e8ne\",\"milieu\",\"pour\",\"Premier\",\"pr\u00e9vu\",\"qu39Anthony\",\"West\"],\"articleSection\":[\"Premier League\"],\"inLanguage\":\"fr-FR\"},{\"@type\":\"WebPage\",\"@id\":\"https:\/\/footdavant.fr\/actualites\/composition-de-burnley-contre-west-ham-xi-prevu-pour-le-choc-de-premier-league-alors-quanthony-mene-la-ligne-au-milieu-des-absences-pour-blessure\/\",\"url\":\"https:\/\/footdavant.fr\/actualites\/composition-de-burnley-contre-west-ham-xi-prevu-pour-le-choc-de-premier-league-alors-quanthony-mene-la-ligne-au-milieu-des-absences-pour-blessure\/\",\"name\":\"Composition de Burnley contre West Ham\u00a0: XI pr\u00e9vu pour le choc de Premier League alors qu&#39;Anthony m\u00e8ne la ligne au milieu des absences pour blessure\",\"isPartOf\":{\"@id\":\"https:\/\/footdavant.fr\/actualites\/#website\"},\"datePublished\":\"2026-02-06T20:48:11+00:00\",\"dateModified\":\"2026-02-06T20:48:12+00:00\",\"breadcrumb\":{\"@id\":\"https:\/\/footdavant.fr\/actualites\/composition-de-burnley-contre-west-ham-xi-prevu-pour-le-choc-de-premier-league-alors-quanthony-mene-la-ligne-au-milieu-des-absences-pour-blessure\/#breadcrumb\"},\"inLanguage\":\"fr-FR\",\"potentialAction\":[{\"@type\":\"ReadAction\",\"target\":[\"https:\/\/footdavant.fr\/actualites\/composition-de-burnley-contre-west-ham-xi-prevu-pour-le-choc-de-premier-league-alors-quanthony-mene-la-ligne-au-milieu-des-absences-pour-blessure\/\"]}]},{\"@type\":\"BreadcrumbList\",\"@id\":\"https:\/\/footdavant.fr\/actualites\/composition-de-burnley-contre-west-ham-xi-prevu-pour-le-choc-de-premier-league-alors-quanthony-mene-la-ligne-au-milieu-des-absences-pour-blessure\/#breadcrumb\",\"itemListElement\":[{\"@type\":\"ListItem\",\"position\":1,\"name\":\"Accueil\",\"item\":\"https:\/\/footdavant.fr\/actualites\/\"},{\"@type\":\"ListItem\",\"position\":2,\"name\":\"Composition de Burnley contre West Ham\u00a0: XI pr\u00e9vu pour le choc de Premier League alors qu&#39;Anthony m\u00e8ne la ligne au milieu des absences pour blessure\"}]},{\"@type\":\"WebSite\",\"@id\":\"https:\/\/footdavant.fr\/actualites\/#website\",\"url\":\"https:\/\/footdavant.fr\/actualites\/\",\"name\":\"Foot d'avant\",\"description\":\"\",\"publisher\":{\"@id\":\"https:\/\/footdavant.fr\/actualites\/#organization\"},\"potentialAction\":[{\"@type\":\"SearchAction\",\"target\":{\"@type\":\"EntryPoint\",\"urlTemplate\":\"https:\/\/footdavant.fr\/actualites\/?s={search_term_string}\"},\"query-input\":\"required name=search_term_string\"}],\"inLanguage\":\"fr-FR\"},{\"@type\":\"Organization\",\"@id\":\"https:\/\/footdavant.fr\/actualites\/#organization\",\"name\":\"Foot d'avant\",\"url\":\"https:\/\/footdavant.fr\/actualites\/\",\"logo\":{\"@type\":\"ImageObject\",\"inLanguage\":\"fr-FR\",\"@id\":\"https:\/\/footdavant.fr\/actualites\/#\/schema\/logo\/image\/\",\"url\":\"https:\/\/footdavant.fr\/actualites\/wp-content\/uploads\/2023\/09\/Copy-of-FootDavant-Logo.png\",\"contentUrl\":\"https:\/\/footdavant.fr\/actualites\/wp-content\/uploads\/2023\/09\/Copy-of-FootDavant-Logo.png\",\"width\":936,\"height\":549,\"caption\":\"Foot d'avant\"},\"image\":{\"@id\":\"https:\/\/footdavant.fr\/actualites\/#\/schema\/logo\/image\/\"},\"sameAs\":[\"https:\/\/www.facebook.com\/Footdavant\/\",\"https:\/\/twitter.com\/FootdavantFr\",\"https:\/\/www.instagram.com\/footdavant.fr\/\"]},{\"@type\":\"Person\",\"@id\":\"https:\/\/footdavant.fr\/actualites\/#\/schema\/person\/bc222566d95871b37e597b3ed3ba5e1d\",\"name\":\"Cl\u00e9ment\",\"image\":{\"@type\":\"ImageObject\",\"inLanguage\":\"fr-FR\",\"@id\":\"https:\/\/footdavant.fr\/actualites\/#\/schema\/person\/image\/\",\"url\":\"https:\/\/secure.gravatar.com\/avatar\/7728b29aac2719421e1a9159b2254c44?s=96&d=mm&r=g\",\"contentUrl\":\"https:\/\/secure.gravatar.com\/avatar\/7728b29aac2719421e1a9159b2254c44?s=96&d=mm&r=g\",\"caption\":\"Cl\u00e9ment\"},\"sameAs\":[\"https:\/\/footdavant.fr\/\"]}]}<\/script>\n<!-- \/ Yoast SEO plugin. -->","yoast_head_json":{"title":"Composition de Burnley contre West Ham\u00a0: XI pr\u00e9vu pour le choc de Premier League alors qu&#39;Anthony m\u00e8ne la ligne au milieu des absences pour blessure","robots":{"index":"index","follow":"follow","max-snippet":"max-snippet:-1","max-image-preview":"max-image-preview:large","max-video-preview":"max-video-preview:-1"},"canonical":"https:\/\/footdavant.fr\/actualites\/composition-de-burnley-contre-west-ham-xi-prevu-pour-le-choc-de-premier-league-alors-quanthony-mene-la-ligne-au-milieu-des-absences-pour-blessure\/","og_locale":"fr_FR","og_type":"article","og_title":"Composition de Burnley contre West Ham\u00a0: XI pr\u00e9vu pour le choc de Premier League alors qu&#39;Anthony m\u00e8ne la ligne au milieu des absences pour blessure","og_description":"L&#39;ailier de Burnley, Jaidon Anthony, cherchera \u00e0 diriger l&#39;attaque des Clarets une fois de plus alors que l&#39;\u00e9quipe de Scott Parker accueillera West Ham United","og_url":"https:\/\/footdavant.fr\/actualites\/composition-de-burnley-contre-west-ham-xi-prevu-pour-le-choc-de-premier-league-alors-quanthony-mene-la-ligne-au-milieu-des-absences-pour-blessure\/","og_site_name":"Foot d&#039;avant","article_publisher":"https:\/\/www.facebook.com\/Footdavant\/","article_published_time":"2026-02-06T20:48:11+00:00","article_modified_time":"2026-02-06T20:48:12+00:00","og_image":[{"width":720,"height":410,"url":"https:\/\/footdavant.fr\/actualites\/wp-content\/uploads\/2026\/02\/Composition-de-Burnley-contre-West-Ham-XI-prevu-pour-le.net2Fuploads2F20252F102Faaa-bur-68f1881d.webp","type":"image\/webp"}],"author":"Cl\u00e9ment","twitter_card":"summary_large_image","twitter_creator":"@FootdavantFr","twitter_site":"@FootdavantFr","twitter_misc":{"\u00c9crit par":"Cl\u00e9ment","Dur\u00e9e de lecture estim\u00e9e":"2 minutes"},"schema":{"@context":"https:\/\/schema.org","@graph":[{"@type":"Article","@id":"https:\/\/footdavant.fr\/actualites\/composition-de-burnley-contre-west-ham-xi-prevu-pour-le-choc-de-premier-league-alors-quanthony-mene-la-ligne-au-milieu-des-absences-pour-blessure\/#article","isPartOf":{"@id":"https:\/\/footdavant.fr\/actualites\/composition-de-burnley-contre-west-ham-xi-prevu-pour-le-choc-de-premier-league-alors-quanthony-mene-la-ligne-au-milieu-des-absences-pour-blessure\/"},"author":{"name":"Cl\u00e9ment","@id":"https:\/\/footdavant.fr\/actualites\/#\/schema\/person\/bc222566d95871b37e597b3ed3ba5e1d"},"headline":"Composition de Burnley contre West Ham\u00a0: XI pr\u00e9vu pour le choc de Premier League alors qu&#39;Anthony m\u00e8ne la ligne au milieu des absences pour blessure","datePublished":"2026-02-06T20:48:11+00:00","dateModified":"2026-02-06T20:48:12+00:00","mainEntityOfPage":{"@id":"https:\/\/footdavant.fr\/actualites\/composition-de-burnley-contre-west-ham-xi-prevu-pour-le-choc-de-premier-league-alors-quanthony-mene-la-ligne-au-milieu-des-absences-pour-blessure\/"},"wordCount":348,"publisher":{"@id":"https:\/\/footdavant.fr\/actualites\/#organization"},"keywords":["Absences","alors","Blessure","Burnley","choc","composition","contre","des","Ham","League","ligne","m\u00e8ne","milieu","pour","Premier","pr\u00e9vu","qu39Anthony","West"],"articleSection":["Premier League"],"inLanguage":"fr-FR"},{"@type":"WebPage","@id":"https:\/\/footdavant.fr\/actualites\/composition-de-burnley-contre-west-ham-xi-prevu-pour-le-choc-de-premier-league-alors-quanthony-mene-la-ligne-au-milieu-des-absences-pour-blessure\/","url":"https:\/\/footdavant.fr\/actualites\/composition-de-burnley-contre-west-ham-xi-prevu-pour-le-choc-de-premier-league-alors-quanthony-mene-la-ligne-au-milieu-des-absences-pour-blessure\/","name":"Composition de Burnley contre West Ham\u00a0: XI pr\u00e9vu pour le choc de Premier League alors qu&#39;Anthony m\u00e8ne la ligne au milieu des absences pour blessure","isPartOf":{"@id":"https:\/\/footdavant.fr\/actualites\/#website"},"datePublished":"2026-02-06T20:48:11+00:00","dateModified":"2026-02-06T20:48:12+00:00","breadcrumb":{"@id":"https:\/\/footdavant.fr\/actualites\/composition-de-burnley-contre-west-ham-xi-prevu-pour-le-choc-de-premier-league-alors-quanthony-mene-la-ligne-au-milieu-des-absences-pour-blessure\/#breadcrumb"},"inLanguage":"fr-FR","potentialAction":[{"@type":"ReadAction","target":["https:\/\/footdavant.fr\/actualites\/composition-de-burnley-contre-west-ham-xi-prevu-pour-le-choc-de-premier-league-alors-quanthony-mene-la-ligne-au-milieu-des-absences-pour-blessure\/"]}]},{"@type":"BreadcrumbList","@id":"https:\/\/footdavant.fr\/actualites\/composition-de-burnley-contre-west-ham-xi-prevu-pour-le-choc-de-premier-league-alors-quanthony-mene-la-ligne-au-milieu-des-absences-pour-blessure\/#breadcrumb","itemListElement":[{"@type":"ListItem","position":1,"name":"Accueil","item":"https:\/\/footdavant.fr\/actualites\/"},{"@type":"ListItem","position":2,"name":"Composition de Burnley contre West Ham\u00a0: XI pr\u00e9vu pour le choc de Premier League alors qu&#39;Anthony m\u00e8ne la ligne au milieu des absences pour blessure"}]},{"@type":"WebSite","@id":"https:\/\/footdavant.fr\/actualites\/#website","url":"https:\/\/footdavant.fr\/actualites\/","name":"Foot d'avant","description":"","publisher":{"@id":"https:\/\/footdavant.fr\/actualites\/#organization"},"potentialAction":[{"@type":"SearchAction","target":{"@type":"EntryPoint","urlTemplate":"https:\/\/footdavant.fr\/actualites\/?s={search_term_string}"},"query-input":"required name=search_term_string"}],"inLanguage":"fr-FR"},{"@type":"Organization","@id":"https:\/\/footdavant.fr\/actualites\/#organization","name":"Foot d'avant","url":"https:\/\/footdavant.fr\/actualites\/","logo":{"@type":"ImageObject","inLanguage":"fr-FR","@id":"https:\/\/footdavant.fr\/actualites\/#\/schema\/logo\/image\/","url":"https:\/\/footdavant.fr\/actualites\/wp-content\/uploads\/2023\/09\/Copy-of-FootDavant-Logo.png","contentUrl":"https:\/\/footdavant.fr\/actualites\/wp-content\/uploads\/2023\/09\/Copy-of-FootDavant-Logo.png","width":936,"height":549,"caption":"Foot d'avant"},"image":{"@id":"https:\/\/footdavant.fr\/actualites\/#\/schema\/logo\/image\/"},"sameAs":["https:\/\/www.facebook.com\/Footdavant\/","https:\/\/twitter.com\/FootdavantFr","https:\/\/www.instagram.com\/footdavant.fr\/"]},{"@type":"Person","@id":"https:\/\/footdavant.fr\/actualites\/#\/schema\/person\/bc222566d95871b37e597b3ed3ba5e1d","name":"Cl\u00e9ment","image":{"@type":"ImageObject","inLanguage":"fr-FR","@id":"https:\/\/footdavant.fr\/actualites\/#\/schema\/person\/image\/","url":"https:\/\/secure.gravatar.com\/avatar\/7728b29aac2719421e1a9159b2254c44?s=96&d=mm&r=g","contentUrl":"https:\/\/secure.gravatar.com\/avatar\/7728b29aac2719421e1a9159b2254c44?s=96&d=mm&r=g","caption":"Cl\u00e9ment"},"sameAs":["https:\/\/footdavant.fr\/"]}]}},"_links":{"self":[{"href":"https:\/\/footdavant.fr\/actualites\/wp-json\/wp\/v2\/posts\/34220"}],"collection":[{"href":"https:\/\/footdavant.fr\/actualites\/wp-json\/wp\/v2\/posts"}],"about":[{"href":"https:\/\/footdavant.fr\/actualites\/wp-json\/wp\/v2\/types\/post"}],"author":[{"embeddable":true,"href":"https:\/\/footdavant.fr\/actualites\/wp-json\/wp\/v2\/users\/1"}],"replies":[{"embeddable":true,"href":"https:\/\/footdavant.fr\/actualites\/wp-json\/wp\/v2\/comments?post=34220"}],"version-history":[{"count":1,"href":"https:\/\/footdavant.fr\/actualites\/wp-json\/wp\/v2\/posts\/34220\/revisions"}],"predecessor-version":[{"id":34222,"href":"https:\/\/footdavant.fr\/actualites\/wp-json\/wp\/v2\/posts\/34220\/revisions\/34222"}],"wp:featuredmedia":[{"embeddable":true,"href":"https:\/\/footdavant.fr\/actualites\/wp-json\/wp\/v2\/media\/34221"}],"wp:attachment":[{"href":"https:\/\/footdavant.fr\/actualites\/wp-json\/wp\/v2\/media?parent=34220"}],"wp:term":[{"taxonomy":"category","embeddable":true,"href":"https:\/\/footdavant.fr\/actualites\/wp-json\/wp\/v2\/categories?post=34220"},{"taxonomy":"post_tag","embeddable":true,"href":"https:\/\/footdavant.fr\/actualites\/wp-json\/wp\/v2\/tags?post=34220"}],"curies":[{"name":"wp","href":"https:\/\/api.w.org\/{rel}","templated":true}]}}