{"id":34240,"date":"2026-02-07T11:48:06","date_gmt":"2026-02-07T10:48:06","guid":{"rendered":"https:\/\/footdavant.fr\/actualites\/jules-kounde-united-en-alerte-alors-que-barcelone-prend-une-decision-sur-lavenir-du-defenseur\/"},"modified":"2026-02-07T11:48:07","modified_gmt":"2026-02-07T10:48:07","slug":"jules-kounde-united-en-alerte-alors-que-barcelone-prend-une-decision-sur-lavenir-du-defenseur","status":"publish","type":"post","link":"https:\/\/footdavant.fr\/actualites\/jules-kounde-united-en-alerte-alors-que-barcelone-prend-une-decision-sur-lavenir-du-defenseur\/","title":{"rendered":"Jules Kounde: United en alerte alors que Barcelone prend une d\u00e9cision sur l&#39;avenir du d\u00e9fenseur &#8211;"},"content":{"rendered":"<div id=\"penci-post-entry-inner\">\n<p>\t\t\t<i class=\"penci-post-countview-number-check\" style=\"display:none\">1<\/i><\/p>\n<p>La situation financi\u00e8re difficile de Barcelone pourrait avoir un impact positif et n\u00e9gatif sur les projets de transfert de Manchester United.<\/p>\n<p>Il a \u00e9t\u00e9 largement rapport\u00e9 que Hansi Flick souhaitait que Barcelone recrute Marcus Rashford de mani\u00e8re permanente. United est plus qu\u2019heureux de se s\u00e9parer de son produit acad\u00e9mique.<\/p>\n<p>Pourtant, les g\u00e9ants de la Liga h\u00e9sitent \u00e0 d\u00e9clencher la clause d&#39;option d&#39;achat de 26 millions de livres sterling (30 millions d&#39;euros), laissant l&#39;avenir de Rashford incertain. Dans le m\u00eame temps, les Catalans sont pr\u00eats \u00e0 vendre l&#39;un de leurs joueurs les plus constants afin de lever des fonds pour investir davantage sur le march\u00e9 des transferts.<\/p>\n<h3>Manchester United fait un pas pour Jules Kound\u00e9<\/h3>\n<p>R\u00e9cemment, The Peoples Person a relay\u00e9 un rapport affirmant que Manchester United \u00ab surveillait de pr\u00e8s \u00bb Jules Kounde, Barcelone \u00e9tant pr\u00eat \u00e0 \u00e9couter des offres de l\u2019ordre de 80 millions d\u2019euros (69,5 millions de livres sterling) pour le Fran\u00e7ais.<\/p>\n<p>Selon Fichajes, United a maintenant lanc\u00e9 une enqu\u00eate pour comprendre la situation de Kound\u00e9 avant le mercato estival.<\/p>\n<p>Le \u00ab d\u00e9fenseur complet \u00bb, connu pour son physique, ses capacit\u00e9s techniques et sa polyvalence, a \u00e9galement suscit\u00e9 l\u2019int\u00e9r\u00eat de Chelsea, Liverpool et Manchester City. <\/p>\n<p>Le m\u00e9dia espagnol affirme que City est pr\u00eat \u00e0 offrir environ 50 millions d&#39;euros pour recruter le joueur de 27 ans. Toutefois, les dirigeants de la Liga continuent de r\u00e9clamer 80 M\u20ac pour le lat\u00e9ral droit.<\/p>\n<p>Il reste \u00e0 voir si United entrerait dans la guerre d\u2019ench\u00e8res pour Kound\u00e9.<\/p>\n<h3>Pas une solution id\u00e9ale pour Manchester United<\/h3>\n<p>La recherche par United d&#39;un nouveau d\u00e9fenseur central s&#39;intensifie alors que Harry Maguire approche de la fin de son contrat \u00e0 Old Trafford.<\/p>\n<p>Cependant, Kound\u00e9 n&#39;a pas jou\u00e9 r\u00e9guli\u00e8rement au c\u0153ur de la d\u00e9fense depuis 2023. Xavi et Flick ont \u200b\u200btous deux tir\u00e9 le meilleur parti de son rythme et de sa capacit\u00e9 de passe en le poussant au large. <\/p>\n<p>Compte tenu du r\u00f4le r\u00e9cent de Kound\u00e9 et du prix demand\u00e9 par le Bar\u00e7a, United serait mieux plac\u00e9 pour chercher quelqu&#39;un d&#39;autre. <\/p>\n<p>Le d\u00e9fenseur central de Nottingham Forest, Murillo, a impressionn\u00e9 les recruteurs du club et pourrait s&#39;av\u00e9rer \u00eatre une option int\u00e9ressante, surtout si Forest est rel\u00e9gu\u00e9 au championnat.<\/p>\n<\/p>\n<hr\/>\n<p>The Peoples Person est l&#39;un des principaux sites d&#39;information de Man United au monde depuis plus d&#39;une d\u00e9cennie. Suivez-nous sur Bluesky\u00a0: @peoplesperson.bsky.social<\/p>\n<p><!-- CONTENT END 2 --><\/p><\/div>\n","protected":false},"excerpt":{"rendered":"<p>1 La situation financi\u00e8re difficile de Barcelone pourrait avoir un impact positif et n\u00e9gatif sur les projets de transfert de Manchester United. Il a \u00e9t\u00e9<\/p>\n","protected":false},"author":1,"featured_media":34241,"comment_status":"closed","ping_status":"","sticky":false,"template":"","format":"standard","meta":{"footnotes":""},"categories":[3],"tags":[3619,318,130,497,928,2263,2264,4309,88,103,92,13],"yoast_head":"<!-- This site is optimized with the Yoast SEO plugin v21.0 - https:\/\/yoast.com\/wordpress\/plugins\/seo\/ -->\n<title>Jules Kounde: United en alerte alors que Barcelone prend une d\u00e9cision sur l&#039;avenir du d\u00e9fenseur -<\/title>\n<meta name=\"robots\" content=\"index, follow, max-snippet:-1, max-image-preview:large, max-video-preview:-1\" \/>\n<link rel=\"canonical\" href=\"https:\/\/footdavant.fr\/actualites\/jules-kounde-united-en-alerte-alors-que-barcelone-prend-une-decision-sur-lavenir-du-defenseur\/\" \/>\n<meta property=\"og:locale\" content=\"fr_FR\" \/>\n<meta property=\"og:type\" content=\"article\" \/>\n<meta property=\"og:title\" content=\"Jules Kounde: United en alerte alors que Barcelone prend une d\u00e9cision sur l&#039;avenir du d\u00e9fenseur -\" \/>\n<meta property=\"og:description\" content=\"1 La situation financi\u00e8re difficile de Barcelone pourrait avoir un impact positif et n\u00e9gatif sur les projets de transfert de Manchester United. Il a \u00e9t\u00e9\" \/>\n<meta property=\"og:url\" content=\"https:\/\/footdavant.fr\/actualites\/jules-kounde-united-en-alerte-alors-que-barcelone-prend-une-decision-sur-lavenir-du-defenseur\/\" \/>\n<meta property=\"og:site_name\" content=\"Foot d&#039;avant\" \/>\n<meta property=\"article:publisher\" content=\"https:\/\/www.facebook.com\/Footdavant\/\" \/>\n<meta property=\"article:published_time\" content=\"2026-02-07T10:48:06+00:00\" \/>\n<meta property=\"article:modified_time\" content=\"2026-02-07T10:48:07+00:00\" \/>\n<meta property=\"og:image\" content=\"https:\/\/footdavant.fr\/actualites\/wp-content\/uploads\/2026\/02\/Jules-Kounde-United-en-alerte-alors-que-Barcelone-prend-une.jpg\" \/>\n\t<meta property=\"og:image:width\" content=\"1200\" \/>\n\t<meta property=\"og:image:height\" content=\"675\" \/>\n\t<meta property=\"og:image:type\" content=\"image\/jpeg\" \/>\n<meta name=\"author\" content=\"Cl\u00e9ment\" \/>\n<meta name=\"twitter:card\" content=\"summary_large_image\" \/>\n<meta name=\"twitter:creator\" content=\"@FootdavantFr\" \/>\n<meta name=\"twitter:site\" content=\"@FootdavantFr\" \/>\n<meta name=\"twitter:label1\" content=\"\u00c9crit par\" \/>\n\t<meta name=\"twitter:data1\" content=\"Cl\u00e9ment\" \/>\n\t<meta name=\"twitter:label2\" content=\"Dur\u00e9e de lecture estim\u00e9e\" \/>\n\t<meta name=\"twitter:data2\" content=\"2 minutes\" \/>\n<script type=\"application\/ld+json\" class=\"yoast-schema-graph\">{\"@context\":\"https:\/\/schema.org\",\"@graph\":[{\"@type\":\"Article\",\"@id\":\"https:\/\/footdavant.fr\/actualites\/jules-kounde-united-en-alerte-alors-que-barcelone-prend-une-decision-sur-lavenir-du-defenseur\/#article\",\"isPartOf\":{\"@id\":\"https:\/\/footdavant.fr\/actualites\/jules-kounde-united-en-alerte-alors-que-barcelone-prend-une-decision-sur-lavenir-du-defenseur\/\"},\"author\":{\"name\":\"Cl\u00e9ment\",\"@id\":\"https:\/\/footdavant.fr\/actualites\/#\/schema\/person\/bc222566d95871b37e597b3ed3ba5e1d\"},\"headline\":\"Jules Kounde: United en alerte alors que Barcelone prend une d\u00e9cision sur l&#39;avenir du d\u00e9fenseur &#8211;\",\"datePublished\":\"2026-02-07T10:48:06+00:00\",\"dateModified\":\"2026-02-07T10:48:07+00:00\",\"mainEntityOfPage\":{\"@id\":\"https:\/\/footdavant.fr\/actualites\/jules-kounde-united-en-alerte-alors-que-barcelone-prend-une-decision-sur-lavenir-du-defenseur\/\"},\"wordCount\":445,\"publisher\":{\"@id\":\"https:\/\/footdavant.fr\/actualites\/#organization\"},\"keywords\":[\"alerte\",\"alors\",\"Barcelone\",\"d\u00e9cision\",\"d\u00e9fenseur\",\"Jules\",\"Kound\u00e9\",\"l39avenir\",\"prend\",\"sur\",\"une\",\"United\"],\"articleSection\":[\"Football\"],\"inLanguage\":\"fr-FR\"},{\"@type\":\"WebPage\",\"@id\":\"https:\/\/footdavant.fr\/actualites\/jules-kounde-united-en-alerte-alors-que-barcelone-prend-une-decision-sur-lavenir-du-defenseur\/\",\"url\":\"https:\/\/footdavant.fr\/actualites\/jules-kounde-united-en-alerte-alors-que-barcelone-prend-une-decision-sur-lavenir-du-defenseur\/\",\"name\":\"Jules Kounde: United en alerte alors que Barcelone prend une d\u00e9cision sur l&#39;avenir du d\u00e9fenseur -\",\"isPartOf\":{\"@id\":\"https:\/\/footdavant.fr\/actualites\/#website\"},\"datePublished\":\"2026-02-07T10:48:06+00:00\",\"dateModified\":\"2026-02-07T10:48:07+00:00\",\"breadcrumb\":{\"@id\":\"https:\/\/footdavant.fr\/actualites\/jules-kounde-united-en-alerte-alors-que-barcelone-prend-une-decision-sur-lavenir-du-defenseur\/#breadcrumb\"},\"inLanguage\":\"fr-FR\",\"potentialAction\":[{\"@type\":\"ReadAction\",\"target\":[\"https:\/\/footdavant.fr\/actualites\/jules-kounde-united-en-alerte-alors-que-barcelone-prend-une-decision-sur-lavenir-du-defenseur\/\"]}]},{\"@type\":\"BreadcrumbList\",\"@id\":\"https:\/\/footdavant.fr\/actualites\/jules-kounde-united-en-alerte-alors-que-barcelone-prend-une-decision-sur-lavenir-du-defenseur\/#breadcrumb\",\"itemListElement\":[{\"@type\":\"ListItem\",\"position\":1,\"name\":\"Accueil\",\"item\":\"https:\/\/footdavant.fr\/actualites\/\"},{\"@type\":\"ListItem\",\"position\":2,\"name\":\"Jules Kounde: United en alerte alors que Barcelone prend une d\u00e9cision sur l&#39;avenir du d\u00e9fenseur &#8211;\"}]},{\"@type\":\"WebSite\",\"@id\":\"https:\/\/footdavant.fr\/actualites\/#website\",\"url\":\"https:\/\/footdavant.fr\/actualites\/\",\"name\":\"Foot d'avant\",\"description\":\"\",\"publisher\":{\"@id\":\"https:\/\/footdavant.fr\/actualites\/#organization\"},\"potentialAction\":[{\"@type\":\"SearchAction\",\"target\":{\"@type\":\"EntryPoint\",\"urlTemplate\":\"https:\/\/footdavant.fr\/actualites\/?s={search_term_string}\"},\"query-input\":\"required name=search_term_string\"}],\"inLanguage\":\"fr-FR\"},{\"@type\":\"Organization\",\"@id\":\"https:\/\/footdavant.fr\/actualites\/#organization\",\"name\":\"Foot d'avant\",\"url\":\"https:\/\/footdavant.fr\/actualites\/\",\"logo\":{\"@type\":\"ImageObject\",\"inLanguage\":\"fr-FR\",\"@id\":\"https:\/\/footdavant.fr\/actualites\/#\/schema\/logo\/image\/\",\"url\":\"https:\/\/footdavant.fr\/actualites\/wp-content\/uploads\/2023\/09\/Copy-of-FootDavant-Logo.png\",\"contentUrl\":\"https:\/\/footdavant.fr\/actualites\/wp-content\/uploads\/2023\/09\/Copy-of-FootDavant-Logo.png\",\"width\":936,\"height\":549,\"caption\":\"Foot d'avant\"},\"image\":{\"@id\":\"https:\/\/footdavant.fr\/actualites\/#\/schema\/logo\/image\/\"},\"sameAs\":[\"https:\/\/www.facebook.com\/Footdavant\/\",\"https:\/\/twitter.com\/FootdavantFr\",\"https:\/\/www.instagram.com\/footdavant.fr\/\"]},{\"@type\":\"Person\",\"@id\":\"https:\/\/footdavant.fr\/actualites\/#\/schema\/person\/bc222566d95871b37e597b3ed3ba5e1d\",\"name\":\"Cl\u00e9ment\",\"image\":{\"@type\":\"ImageObject\",\"inLanguage\":\"fr-FR\",\"@id\":\"https:\/\/footdavant.fr\/actualites\/#\/schema\/person\/image\/\",\"url\":\"https:\/\/secure.gravatar.com\/avatar\/7728b29aac2719421e1a9159b2254c44?s=96&d=mm&r=g\",\"contentUrl\":\"https:\/\/secure.gravatar.com\/avatar\/7728b29aac2719421e1a9159b2254c44?s=96&d=mm&r=g\",\"caption\":\"Cl\u00e9ment\"},\"sameAs\":[\"https:\/\/footdavant.fr\/\"]}]}<\/script>\n<!-- \/ Yoast SEO plugin. -->","yoast_head_json":{"title":"Jules Kounde: United en alerte alors que Barcelone prend une d\u00e9cision sur l&#39;avenir du d\u00e9fenseur -","robots":{"index":"index","follow":"follow","max-snippet":"max-snippet:-1","max-image-preview":"max-image-preview:large","max-video-preview":"max-video-preview:-1"},"canonical":"https:\/\/footdavant.fr\/actualites\/jules-kounde-united-en-alerte-alors-que-barcelone-prend-une-decision-sur-lavenir-du-defenseur\/","og_locale":"fr_FR","og_type":"article","og_title":"Jules Kounde: United en alerte alors que Barcelone prend une d\u00e9cision sur l&#39;avenir du d\u00e9fenseur -","og_description":"1 La situation financi\u00e8re difficile de Barcelone pourrait avoir un impact positif et n\u00e9gatif sur les projets de transfert de Manchester United. Il a \u00e9t\u00e9","og_url":"https:\/\/footdavant.fr\/actualites\/jules-kounde-united-en-alerte-alors-que-barcelone-prend-une-decision-sur-lavenir-du-defenseur\/","og_site_name":"Foot d&#039;avant","article_publisher":"https:\/\/www.facebook.com\/Footdavant\/","article_published_time":"2026-02-07T10:48:06+00:00","article_modified_time":"2026-02-07T10:48:07+00:00","og_image":[{"width":1200,"height":675,"url":"https:\/\/footdavant.fr\/actualites\/wp-content\/uploads\/2026\/02\/Jules-Kounde-United-en-alerte-alors-que-Barcelone-prend-une.jpg","type":"image\/jpeg"}],"author":"Cl\u00e9ment","twitter_card":"summary_large_image","twitter_creator":"@FootdavantFr","twitter_site":"@FootdavantFr","twitter_misc":{"\u00c9crit par":"Cl\u00e9ment","Dur\u00e9e de lecture estim\u00e9e":"2 minutes"},"schema":{"@context":"https:\/\/schema.org","@graph":[{"@type":"Article","@id":"https:\/\/footdavant.fr\/actualites\/jules-kounde-united-en-alerte-alors-que-barcelone-prend-une-decision-sur-lavenir-du-defenseur\/#article","isPartOf":{"@id":"https:\/\/footdavant.fr\/actualites\/jules-kounde-united-en-alerte-alors-que-barcelone-prend-une-decision-sur-lavenir-du-defenseur\/"},"author":{"name":"Cl\u00e9ment","@id":"https:\/\/footdavant.fr\/actualites\/#\/schema\/person\/bc222566d95871b37e597b3ed3ba5e1d"},"headline":"Jules Kounde: United en alerte alors que Barcelone prend une d\u00e9cision sur l&#39;avenir du d\u00e9fenseur &#8211;","datePublished":"2026-02-07T10:48:06+00:00","dateModified":"2026-02-07T10:48:07+00:00","mainEntityOfPage":{"@id":"https:\/\/footdavant.fr\/actualites\/jules-kounde-united-en-alerte-alors-que-barcelone-prend-une-decision-sur-lavenir-du-defenseur\/"},"wordCount":445,"publisher":{"@id":"https:\/\/footdavant.fr\/actualites\/#organization"},"keywords":["alerte","alors","Barcelone","d\u00e9cision","d\u00e9fenseur","Jules","Kound\u00e9","l39avenir","prend","sur","une","United"],"articleSection":["Football"],"inLanguage":"fr-FR"},{"@type":"WebPage","@id":"https:\/\/footdavant.fr\/actualites\/jules-kounde-united-en-alerte-alors-que-barcelone-prend-une-decision-sur-lavenir-du-defenseur\/","url":"https:\/\/footdavant.fr\/actualites\/jules-kounde-united-en-alerte-alors-que-barcelone-prend-une-decision-sur-lavenir-du-defenseur\/","name":"Jules Kounde: United en alerte alors que Barcelone prend une d\u00e9cision sur l&#39;avenir du d\u00e9fenseur -","isPartOf":{"@id":"https:\/\/footdavant.fr\/actualites\/#website"},"datePublished":"2026-02-07T10:48:06+00:00","dateModified":"2026-02-07T10:48:07+00:00","breadcrumb":{"@id":"https:\/\/footdavant.fr\/actualites\/jules-kounde-united-en-alerte-alors-que-barcelone-prend-une-decision-sur-lavenir-du-defenseur\/#breadcrumb"},"inLanguage":"fr-FR","potentialAction":[{"@type":"ReadAction","target":["https:\/\/footdavant.fr\/actualites\/jules-kounde-united-en-alerte-alors-que-barcelone-prend-une-decision-sur-lavenir-du-defenseur\/"]}]},{"@type":"BreadcrumbList","@id":"https:\/\/footdavant.fr\/actualites\/jules-kounde-united-en-alerte-alors-que-barcelone-prend-une-decision-sur-lavenir-du-defenseur\/#breadcrumb","itemListElement":[{"@type":"ListItem","position":1,"name":"Accueil","item":"https:\/\/footdavant.fr\/actualites\/"},{"@type":"ListItem","position":2,"name":"Jules Kounde: United en alerte alors que Barcelone prend une d\u00e9cision sur l&#39;avenir du d\u00e9fenseur &#8211;"}]},{"@type":"WebSite","@id":"https:\/\/footdavant.fr\/actualites\/#website","url":"https:\/\/footdavant.fr\/actualites\/","name":"Foot d'avant","description":"","publisher":{"@id":"https:\/\/footdavant.fr\/actualites\/#organization"},"potentialAction":[{"@type":"SearchAction","target":{"@type":"EntryPoint","urlTemplate":"https:\/\/footdavant.fr\/actualites\/?s={search_term_string}"},"query-input":"required name=search_term_string"}],"inLanguage":"fr-FR"},{"@type":"Organization","@id":"https:\/\/footdavant.fr\/actualites\/#organization","name":"Foot d'avant","url":"https:\/\/footdavant.fr\/actualites\/","logo":{"@type":"ImageObject","inLanguage":"fr-FR","@id":"https:\/\/footdavant.fr\/actualites\/#\/schema\/logo\/image\/","url":"https:\/\/footdavant.fr\/actualites\/wp-content\/uploads\/2023\/09\/Copy-of-FootDavant-Logo.png","contentUrl":"https:\/\/footdavant.fr\/actualites\/wp-content\/uploads\/2023\/09\/Copy-of-FootDavant-Logo.png","width":936,"height":549,"caption":"Foot d'avant"},"image":{"@id":"https:\/\/footdavant.fr\/actualites\/#\/schema\/logo\/image\/"},"sameAs":["https:\/\/www.facebook.com\/Footdavant\/","https:\/\/twitter.com\/FootdavantFr","https:\/\/www.instagram.com\/footdavant.fr\/"]},{"@type":"Person","@id":"https:\/\/footdavant.fr\/actualites\/#\/schema\/person\/bc222566d95871b37e597b3ed3ba5e1d","name":"Cl\u00e9ment","image":{"@type":"ImageObject","inLanguage":"fr-FR","@id":"https:\/\/footdavant.fr\/actualites\/#\/schema\/person\/image\/","url":"https:\/\/secure.gravatar.com\/avatar\/7728b29aac2719421e1a9159b2254c44?s=96&d=mm&r=g","contentUrl":"https:\/\/secure.gravatar.com\/avatar\/7728b29aac2719421e1a9159b2254c44?s=96&d=mm&r=g","caption":"Cl\u00e9ment"},"sameAs":["https:\/\/footdavant.fr\/"]}]}},"_links":{"self":[{"href":"https:\/\/footdavant.fr\/actualites\/wp-json\/wp\/v2\/posts\/34240"}],"collection":[{"href":"https:\/\/footdavant.fr\/actualites\/wp-json\/wp\/v2\/posts"}],"about":[{"href":"https:\/\/footdavant.fr\/actualites\/wp-json\/wp\/v2\/types\/post"}],"author":[{"embeddable":true,"href":"https:\/\/footdavant.fr\/actualites\/wp-json\/wp\/v2\/users\/1"}],"replies":[{"embeddable":true,"href":"https:\/\/footdavant.fr\/actualites\/wp-json\/wp\/v2\/comments?post=34240"}],"version-history":[{"count":1,"href":"https:\/\/footdavant.fr\/actualites\/wp-json\/wp\/v2\/posts\/34240\/revisions"}],"predecessor-version":[{"id":34242,"href":"https:\/\/footdavant.fr\/actualites\/wp-json\/wp\/v2\/posts\/34240\/revisions\/34242"}],"wp:featuredmedia":[{"embeddable":true,"href":"https:\/\/footdavant.fr\/actualites\/wp-json\/wp\/v2\/media\/34241"}],"wp:attachment":[{"href":"https:\/\/footdavant.fr\/actualites\/wp-json\/wp\/v2\/media?parent=34240"}],"wp:term":[{"taxonomy":"category","embeddable":true,"href":"https:\/\/footdavant.fr\/actualites\/wp-json\/wp\/v2\/categories?post=34240"},{"taxonomy":"post_tag","embeddable":true,"href":"https:\/\/footdavant.fr\/actualites\/wp-json\/wp\/v2\/tags?post=34240"}],"curies":[{"name":"wp","href":"https:\/\/api.w.org\/{rel}","templated":true}]}}