{"id":34249,"date":"2026-02-07T17:48:03","date_gmt":"2026-02-07T16:48:03","guid":{"rendered":"https:\/\/footdavant.fr\/actualites\/wolves-contre-chelsea-liam-rosenior-parle-des-capacites-de-rob-edwards-et-des-entraineurs-anglais-avant-le-voyage-a-molineux\/"},"modified":"2026-02-07T17:48:04","modified_gmt":"2026-02-07T16:48:04","slug":"wolves-contre-chelsea-liam-rosenior-parle-des-capacites-de-rob-edwards-et-des-entraineurs-anglais-avant-le-voyage-a-molineux","status":"publish","type":"post","link":"https:\/\/footdavant.fr\/actualites\/wolves-contre-chelsea-liam-rosenior-parle-des-capacites-de-rob-edwards-et-des-entraineurs-anglais-avant-le-voyage-a-molineux\/","title":{"rendered":"Wolves contre Chelsea : Liam Rosenior parle des capacit\u00e9s de Rob Edwards et des entra\u00eeneurs anglais avant le voyage \u00e0 Molineux"},"content":{"rendered":"<div itemprop=\"articleBody\">\n<p>L&#39;entra\u00eeneur-chef de Chelsea, Liam Rosenior, a soulign\u00e9 que les managers anglais actuellement dans les clubs de Premier League m\u00e9ritent leurs opportunit\u00e9s respectives.<\/p>\n<p>Hormis Eddie Howe \u00e0 Newcastle United, aucun Anglais n\u2019a occup\u00e9 un poste permanent dans un club de haut niveau depuis un certain temps.<\/p>\n<p>Cependant, Rosenior est l&#39;un des trois Anglais &#8211; les autres \u00e9tant respectivement Michael Carrick et Rob Edwards \u00e0 Manchester United et Wolverhampton Wanderers &#8211; qui ont \u00e9t\u00e9 nomm\u00e9s \u00e0 des postes depuis novembre.<\/p>\n<p>Carrick est impressionnant dans son r\u00f4le \u00e0 Old Trafford, remportant ses trois premiers matches depuis le remplacement de Ruben Amorim.<\/p>\n<p>Pendant ce temps, Rosenior et Edwards s&#39;affrontent samedi apr\u00e8s-midi lorsque les Wolves accueilleront Chelsea \u00e0 Molineux.<\/p>\n<div>\n<div>\n<p>\u00a9 Imago \/ Sportimage<\/p>\n<\/div>\n<\/div>\n<h2>Rosenior dit que les managers anglais peuvent avoir un impact durable en Premier League<\/h2>\n<p>S&#39;exprimant lors d&#39;une conf\u00e9rence de presse jeudi, Rosenior a \u00e9t\u00e9 interrog\u00e9 sur la perspective d&#39;affronter un compatriote et sur ce que cela signifie pour l&#39;avenir des entra\u00eeneurs anglais en g\u00e9n\u00e9ral.<\/p>\n<p>Il a d\u00e9clar\u00e9 aux journalistes : \u00ab\u00a0Je ne veux pas parler au nom de tous les managers britanniques. Je ne peux parler que de ma propre exp\u00e9rience personnelle. Je suis fier d&#39;\u00eatre originaire de ce pays. Je suis fier de repr\u00e9senter ce club, \u00e9tant n\u00e9 \u00e0 Londres.<\/p>\n<p>\u00ab\u00a0Je pense qu&#39;il y a des entra\u00eeneurs britanniques exceptionnels en Premier League, en Championship, en Ligue 1 et en Ligue 2. Parce que la Premier League est une ligue tellement mondiale avec un march\u00e9, tout le monde veut y \u00eatre.<\/p>\n<p>\u00ab\u00a0C&#39;est tr\u00e8s difficile pour les entra\u00eeneurs britanniques, mis \u00e0 part le fait d&#39;\u00eatre promus, de franchir cette \u00e9tape. Je pense que les entra\u00eeneurs britanniques, Michael (Carrick) fait un excellent travail, Rob (Edwards) est un entra\u00eeneur exceptionnel. Nous pouvons tenir le coup et j&#39;esp\u00e8re que nous le montrerons dans nos r\u00f4les respectifs.\u00a0\u00bb<\/p>\n<div>\n<div><img decoding=\"async\" data-img-id=\"157489\" class=\"lazy\" loading=\"lazy\" src=\"https:\/\/footdavant.fr\/actualites\/wp-content\/uploads\/2026\/02\/1770482883_974_Wolves-contre-Chelsea-Liam-Rosenior-parle-des-capacites-de.webp\"\/><\/p>\n<p>\u00a9 Imago \/ Mark Douleur<\/p>\n<\/div>\n<\/div>\n<h2>Pourquoi la visite des Wolves est un jeu majeur pour Rosenior<\/h2>\n<p>Rosenior a minimis\u00e9 les critiques qu&#39;il a re\u00e7ues pour sa tactique lors de la sortie \u00e9troite de Chelsea en demi-finale de la Coupe EFL contre Arsenal plus t\u00f4t cette semaine.<\/p>\n<p>Bien qu\u2019il l\u2019ait fait avec de nombreuses justifications, Chelsea fait d\u00e9sormais face \u00e0 une s\u00e9rie de matchs plus favorables contre les Wolves, Leeds United, Hull City et Burnley.<\/p>\n<p>Alors que Liverpool affrontera Manchester City dimanche, Chelsea aura quatre points d&#39;avance sur les g\u00e9ants du Merseyside, sixi\u00e8mes, avec un retour maximum \u00e0 Molineux.<\/p>\n<p>Cependant, perdre des points encouragera le groupe de poursuivants en m\u00eame temps qu&#39;il suscitera davantage de n\u00e9gativit\u00e9 concernant sa nomination.<\/p>\n<\/div>\n","protected":false},"excerpt":{"rendered":"<p>L&#39;entra\u00eeneur-chef de Chelsea, Liam Rosenior, a soulign\u00e9 que les managers anglais actuellement dans les clubs de Premier League m\u00e9ritent leurs opportunit\u00e9s respectives. Hormis Eddie Howe<\/p>\n","protected":false},"author":1,"featured_media":33786,"comment_status":"closed","ping_status":"","sticky":false,"template":"","format":"standard","meta":{"footnotes":""},"categories":[5],"tags":[2440,491,11467,171,20,12,3971,1542,5457,4506,772,6140,10942,759,1454],"yoast_head":"<!-- This site is optimized with the Yoast SEO plugin v21.0 - https:\/\/yoast.com\/wordpress\/plugins\/seo\/ -->\n<title>Wolves contre Chelsea : Liam Rosenior parle des capacit\u00e9s de Rob Edwards et des entra\u00eeneurs anglais avant le voyage \u00e0 Molineux<\/title>\n<meta name=\"robots\" content=\"index, follow, max-snippet:-1, max-image-preview:large, max-video-preview:-1\" \/>\n<link rel=\"canonical\" href=\"https:\/\/footdavant.fr\/actualites\/wolves-contre-chelsea-liam-rosenior-parle-des-capacites-de-rob-edwards-et-des-entraineurs-anglais-avant-le-voyage-a-molineux\/\" \/>\n<meta property=\"og:locale\" content=\"fr_FR\" \/>\n<meta property=\"og:type\" content=\"article\" \/>\n<meta property=\"og:title\" content=\"Wolves contre Chelsea : Liam Rosenior parle des capacit\u00e9s de Rob Edwards et des entra\u00eeneurs anglais avant le voyage \u00e0 Molineux\" \/>\n<meta property=\"og:description\" content=\"L&#039;entra\u00eeneur-chef de Chelsea, Liam Rosenior, a soulign\u00e9 que les managers anglais actuellement dans les clubs de Premier League m\u00e9ritent leurs opportunit\u00e9s respectives. Hormis Eddie Howe\" \/>\n<meta property=\"og:url\" content=\"https:\/\/footdavant.fr\/actualites\/wolves-contre-chelsea-liam-rosenior-parle-des-capacites-de-rob-edwards-et-des-entraineurs-anglais-avant-le-voyage-a-molineux\/\" \/>\n<meta property=\"og:site_name\" content=\"Foot d&#039;avant\" \/>\n<meta property=\"article:publisher\" content=\"https:\/\/www.facebook.com\/Footdavant\/\" \/>\n<meta property=\"article:published_time\" content=\"2026-02-07T16:48:03+00:00\" \/>\n<meta property=\"article:modified_time\" content=\"2026-02-07T16:48:04+00:00\" \/>\n<meta property=\"og:image\" content=\"https:\/\/footdavant.fr\/actualites\/wp-content\/uploads\/2026\/01\/Nouvelles-des-blessures-a-Chelsea-les-Blues-ont-recu-un.net2Fuploads2F20262F012Fevery-second-med.webp\" \/>\n\t<meta property=\"og:image:width\" content=\"720\" \/>\n\t<meta property=\"og:image:height\" content=\"410\" \/>\n\t<meta property=\"og:image:type\" content=\"image\/webp\" \/>\n<meta name=\"author\" content=\"Cl\u00e9ment\" \/>\n<meta name=\"twitter:card\" content=\"summary_large_image\" \/>\n<meta name=\"twitter:creator\" content=\"@FootdavantFr\" \/>\n<meta name=\"twitter:site\" content=\"@FootdavantFr\" \/>\n<meta name=\"twitter:label1\" content=\"\u00c9crit par\" \/>\n\t<meta name=\"twitter:data1\" content=\"Cl\u00e9ment\" \/>\n\t<meta name=\"twitter:label2\" content=\"Dur\u00e9e de lecture estim\u00e9e\" \/>\n\t<meta name=\"twitter:data2\" content=\"2 minutes\" \/>\n<script type=\"application\/ld+json\" class=\"yoast-schema-graph\">{\"@context\":\"https:\/\/schema.org\",\"@graph\":[{\"@type\":\"Article\",\"@id\":\"https:\/\/footdavant.fr\/actualites\/wolves-contre-chelsea-liam-rosenior-parle-des-capacites-de-rob-edwards-et-des-entraineurs-anglais-avant-le-voyage-a-molineux\/#article\",\"isPartOf\":{\"@id\":\"https:\/\/footdavant.fr\/actualites\/wolves-contre-chelsea-liam-rosenior-parle-des-capacites-de-rob-edwards-et-des-entraineurs-anglais-avant-le-voyage-a-molineux\/\"},\"author\":{\"name\":\"Cl\u00e9ment\",\"@id\":\"https:\/\/footdavant.fr\/actualites\/#\/schema\/person\/bc222566d95871b37e597b3ed3ba5e1d\"},\"headline\":\"Wolves contre Chelsea : Liam Rosenior parle des capacit\u00e9s de Rob Edwards et des entra\u00eeneurs anglais avant le voyage \u00e0 Molineux\",\"datePublished\":\"2026-02-07T16:48:03+00:00\",\"dateModified\":\"2026-02-07T16:48:04+00:00\",\"mainEntityOfPage\":{\"@id\":\"https:\/\/footdavant.fr\/actualites\/wolves-contre-chelsea-liam-rosenior-parle-des-capacites-de-rob-edwards-et-des-entraineurs-anglais-avant-le-voyage-a-molineux\/\"},\"wordCount\":469,\"publisher\":{\"@id\":\"https:\/\/footdavant.fr\/actualites\/#organization\"},\"keywords\":[\"anglais\",\"avant\",\"capacit\u00e9s\",\"Chelsea\",\"contre\",\"des\",\"Edwards\",\"entra\u00eeneurs\",\"Liam\",\"Molineux\",\"parl\u00e9\",\"Rob\",\"Rosenior\",\"voyage\",\"Wolves\"],\"articleSection\":[\"Premier League\"],\"inLanguage\":\"fr-FR\"},{\"@type\":\"WebPage\",\"@id\":\"https:\/\/footdavant.fr\/actualites\/wolves-contre-chelsea-liam-rosenior-parle-des-capacites-de-rob-edwards-et-des-entraineurs-anglais-avant-le-voyage-a-molineux\/\",\"url\":\"https:\/\/footdavant.fr\/actualites\/wolves-contre-chelsea-liam-rosenior-parle-des-capacites-de-rob-edwards-et-des-entraineurs-anglais-avant-le-voyage-a-molineux\/\",\"name\":\"Wolves contre Chelsea : Liam Rosenior parle des capacit\u00e9s de Rob Edwards et des entra\u00eeneurs anglais avant le voyage \u00e0 Molineux\",\"isPartOf\":{\"@id\":\"https:\/\/footdavant.fr\/actualites\/#website\"},\"datePublished\":\"2026-02-07T16:48:03+00:00\",\"dateModified\":\"2026-02-07T16:48:04+00:00\",\"breadcrumb\":{\"@id\":\"https:\/\/footdavant.fr\/actualites\/wolves-contre-chelsea-liam-rosenior-parle-des-capacites-de-rob-edwards-et-des-entraineurs-anglais-avant-le-voyage-a-molineux\/#breadcrumb\"},\"inLanguage\":\"fr-FR\",\"potentialAction\":[{\"@type\":\"ReadAction\",\"target\":[\"https:\/\/footdavant.fr\/actualites\/wolves-contre-chelsea-liam-rosenior-parle-des-capacites-de-rob-edwards-et-des-entraineurs-anglais-avant-le-voyage-a-molineux\/\"]}]},{\"@type\":\"BreadcrumbList\",\"@id\":\"https:\/\/footdavant.fr\/actualites\/wolves-contre-chelsea-liam-rosenior-parle-des-capacites-de-rob-edwards-et-des-entraineurs-anglais-avant-le-voyage-a-molineux\/#breadcrumb\",\"itemListElement\":[{\"@type\":\"ListItem\",\"position\":1,\"name\":\"Accueil\",\"item\":\"https:\/\/footdavant.fr\/actualites\/\"},{\"@type\":\"ListItem\",\"position\":2,\"name\":\"Wolves contre Chelsea : Liam Rosenior parle des capacit\u00e9s de Rob Edwards et des entra\u00eeneurs anglais avant le voyage \u00e0 Molineux\"}]},{\"@type\":\"WebSite\",\"@id\":\"https:\/\/footdavant.fr\/actualites\/#website\",\"url\":\"https:\/\/footdavant.fr\/actualites\/\",\"name\":\"Foot d'avant\",\"description\":\"\",\"publisher\":{\"@id\":\"https:\/\/footdavant.fr\/actualites\/#organization\"},\"potentialAction\":[{\"@type\":\"SearchAction\",\"target\":{\"@type\":\"EntryPoint\",\"urlTemplate\":\"https:\/\/footdavant.fr\/actualites\/?s={search_term_string}\"},\"query-input\":\"required name=search_term_string\"}],\"inLanguage\":\"fr-FR\"},{\"@type\":\"Organization\",\"@id\":\"https:\/\/footdavant.fr\/actualites\/#organization\",\"name\":\"Foot d'avant\",\"url\":\"https:\/\/footdavant.fr\/actualites\/\",\"logo\":{\"@type\":\"ImageObject\",\"inLanguage\":\"fr-FR\",\"@id\":\"https:\/\/footdavant.fr\/actualites\/#\/schema\/logo\/image\/\",\"url\":\"https:\/\/footdavant.fr\/actualites\/wp-content\/uploads\/2023\/09\/Copy-of-FootDavant-Logo.png\",\"contentUrl\":\"https:\/\/footdavant.fr\/actualites\/wp-content\/uploads\/2023\/09\/Copy-of-FootDavant-Logo.png\",\"width\":936,\"height\":549,\"caption\":\"Foot d'avant\"},\"image\":{\"@id\":\"https:\/\/footdavant.fr\/actualites\/#\/schema\/logo\/image\/\"},\"sameAs\":[\"https:\/\/www.facebook.com\/Footdavant\/\",\"https:\/\/twitter.com\/FootdavantFr\",\"https:\/\/www.instagram.com\/footdavant.fr\/\"]},{\"@type\":\"Person\",\"@id\":\"https:\/\/footdavant.fr\/actualites\/#\/schema\/person\/bc222566d95871b37e597b3ed3ba5e1d\",\"name\":\"Cl\u00e9ment\",\"image\":{\"@type\":\"ImageObject\",\"inLanguage\":\"fr-FR\",\"@id\":\"https:\/\/footdavant.fr\/actualites\/#\/schema\/person\/image\/\",\"url\":\"https:\/\/secure.gravatar.com\/avatar\/7728b29aac2719421e1a9159b2254c44?s=96&d=mm&r=g\",\"contentUrl\":\"https:\/\/secure.gravatar.com\/avatar\/7728b29aac2719421e1a9159b2254c44?s=96&d=mm&r=g\",\"caption\":\"Cl\u00e9ment\"},\"sameAs\":[\"https:\/\/footdavant.fr\/\"]}]}<\/script>\n<!-- \/ Yoast SEO plugin. -->","yoast_head_json":{"title":"Wolves contre Chelsea : Liam Rosenior parle des capacit\u00e9s de Rob Edwards et des entra\u00eeneurs anglais avant le voyage \u00e0 Molineux","robots":{"index":"index","follow":"follow","max-snippet":"max-snippet:-1","max-image-preview":"max-image-preview:large","max-video-preview":"max-video-preview:-1"},"canonical":"https:\/\/footdavant.fr\/actualites\/wolves-contre-chelsea-liam-rosenior-parle-des-capacites-de-rob-edwards-et-des-entraineurs-anglais-avant-le-voyage-a-molineux\/","og_locale":"fr_FR","og_type":"article","og_title":"Wolves contre Chelsea : Liam Rosenior parle des capacit\u00e9s de Rob Edwards et des entra\u00eeneurs anglais avant le voyage \u00e0 Molineux","og_description":"L&#39;entra\u00eeneur-chef de Chelsea, Liam Rosenior, a soulign\u00e9 que les managers anglais actuellement dans les clubs de Premier League m\u00e9ritent leurs opportunit\u00e9s respectives. Hormis Eddie Howe","og_url":"https:\/\/footdavant.fr\/actualites\/wolves-contre-chelsea-liam-rosenior-parle-des-capacites-de-rob-edwards-et-des-entraineurs-anglais-avant-le-voyage-a-molineux\/","og_site_name":"Foot d&#039;avant","article_publisher":"https:\/\/www.facebook.com\/Footdavant\/","article_published_time":"2026-02-07T16:48:03+00:00","article_modified_time":"2026-02-07T16:48:04+00:00","og_image":[{"width":720,"height":410,"url":"https:\/\/footdavant.fr\/actualites\/wp-content\/uploads\/2026\/01\/Nouvelles-des-blessures-a-Chelsea-les-Blues-ont-recu-un.net2Fuploads2F20262F012Fevery-second-med.webp","type":"image\/webp"}],"author":"Cl\u00e9ment","twitter_card":"summary_large_image","twitter_creator":"@FootdavantFr","twitter_site":"@FootdavantFr","twitter_misc":{"\u00c9crit par":"Cl\u00e9ment","Dur\u00e9e de lecture estim\u00e9e":"2 minutes"},"schema":{"@context":"https:\/\/schema.org","@graph":[{"@type":"Article","@id":"https:\/\/footdavant.fr\/actualites\/wolves-contre-chelsea-liam-rosenior-parle-des-capacites-de-rob-edwards-et-des-entraineurs-anglais-avant-le-voyage-a-molineux\/#article","isPartOf":{"@id":"https:\/\/footdavant.fr\/actualites\/wolves-contre-chelsea-liam-rosenior-parle-des-capacites-de-rob-edwards-et-des-entraineurs-anglais-avant-le-voyage-a-molineux\/"},"author":{"name":"Cl\u00e9ment","@id":"https:\/\/footdavant.fr\/actualites\/#\/schema\/person\/bc222566d95871b37e597b3ed3ba5e1d"},"headline":"Wolves contre Chelsea : Liam Rosenior parle des capacit\u00e9s de Rob Edwards et des entra\u00eeneurs anglais avant le voyage \u00e0 Molineux","datePublished":"2026-02-07T16:48:03+00:00","dateModified":"2026-02-07T16:48:04+00:00","mainEntityOfPage":{"@id":"https:\/\/footdavant.fr\/actualites\/wolves-contre-chelsea-liam-rosenior-parle-des-capacites-de-rob-edwards-et-des-entraineurs-anglais-avant-le-voyage-a-molineux\/"},"wordCount":469,"publisher":{"@id":"https:\/\/footdavant.fr\/actualites\/#organization"},"keywords":["anglais","avant","capacit\u00e9s","Chelsea","contre","des","Edwards","entra\u00eeneurs","Liam","Molineux","parl\u00e9","Rob","Rosenior","voyage","Wolves"],"articleSection":["Premier League"],"inLanguage":"fr-FR"},{"@type":"WebPage","@id":"https:\/\/footdavant.fr\/actualites\/wolves-contre-chelsea-liam-rosenior-parle-des-capacites-de-rob-edwards-et-des-entraineurs-anglais-avant-le-voyage-a-molineux\/","url":"https:\/\/footdavant.fr\/actualites\/wolves-contre-chelsea-liam-rosenior-parle-des-capacites-de-rob-edwards-et-des-entraineurs-anglais-avant-le-voyage-a-molineux\/","name":"Wolves contre Chelsea : Liam Rosenior parle des capacit\u00e9s de Rob Edwards et des entra\u00eeneurs anglais avant le voyage \u00e0 Molineux","isPartOf":{"@id":"https:\/\/footdavant.fr\/actualites\/#website"},"datePublished":"2026-02-07T16:48:03+00:00","dateModified":"2026-02-07T16:48:04+00:00","breadcrumb":{"@id":"https:\/\/footdavant.fr\/actualites\/wolves-contre-chelsea-liam-rosenior-parle-des-capacites-de-rob-edwards-et-des-entraineurs-anglais-avant-le-voyage-a-molineux\/#breadcrumb"},"inLanguage":"fr-FR","potentialAction":[{"@type":"ReadAction","target":["https:\/\/footdavant.fr\/actualites\/wolves-contre-chelsea-liam-rosenior-parle-des-capacites-de-rob-edwards-et-des-entraineurs-anglais-avant-le-voyage-a-molineux\/"]}]},{"@type":"BreadcrumbList","@id":"https:\/\/footdavant.fr\/actualites\/wolves-contre-chelsea-liam-rosenior-parle-des-capacites-de-rob-edwards-et-des-entraineurs-anglais-avant-le-voyage-a-molineux\/#breadcrumb","itemListElement":[{"@type":"ListItem","position":1,"name":"Accueil","item":"https:\/\/footdavant.fr\/actualites\/"},{"@type":"ListItem","position":2,"name":"Wolves contre Chelsea : Liam Rosenior parle des capacit\u00e9s de Rob Edwards et des entra\u00eeneurs anglais avant le voyage \u00e0 Molineux"}]},{"@type":"WebSite","@id":"https:\/\/footdavant.fr\/actualites\/#website","url":"https:\/\/footdavant.fr\/actualites\/","name":"Foot d'avant","description":"","publisher":{"@id":"https:\/\/footdavant.fr\/actualites\/#organization"},"potentialAction":[{"@type":"SearchAction","target":{"@type":"EntryPoint","urlTemplate":"https:\/\/footdavant.fr\/actualites\/?s={search_term_string}"},"query-input":"required name=search_term_string"}],"inLanguage":"fr-FR"},{"@type":"Organization","@id":"https:\/\/footdavant.fr\/actualites\/#organization","name":"Foot d'avant","url":"https:\/\/footdavant.fr\/actualites\/","logo":{"@type":"ImageObject","inLanguage":"fr-FR","@id":"https:\/\/footdavant.fr\/actualites\/#\/schema\/logo\/image\/","url":"https:\/\/footdavant.fr\/actualites\/wp-content\/uploads\/2023\/09\/Copy-of-FootDavant-Logo.png","contentUrl":"https:\/\/footdavant.fr\/actualites\/wp-content\/uploads\/2023\/09\/Copy-of-FootDavant-Logo.png","width":936,"height":549,"caption":"Foot d'avant"},"image":{"@id":"https:\/\/footdavant.fr\/actualites\/#\/schema\/logo\/image\/"},"sameAs":["https:\/\/www.facebook.com\/Footdavant\/","https:\/\/twitter.com\/FootdavantFr","https:\/\/www.instagram.com\/footdavant.fr\/"]},{"@type":"Person","@id":"https:\/\/footdavant.fr\/actualites\/#\/schema\/person\/bc222566d95871b37e597b3ed3ba5e1d","name":"Cl\u00e9ment","image":{"@type":"ImageObject","inLanguage":"fr-FR","@id":"https:\/\/footdavant.fr\/actualites\/#\/schema\/person\/image\/","url":"https:\/\/secure.gravatar.com\/avatar\/7728b29aac2719421e1a9159b2254c44?s=96&d=mm&r=g","contentUrl":"https:\/\/secure.gravatar.com\/avatar\/7728b29aac2719421e1a9159b2254c44?s=96&d=mm&r=g","caption":"Cl\u00e9ment"},"sameAs":["https:\/\/footdavant.fr\/"]}]}},"_links":{"self":[{"href":"https:\/\/footdavant.fr\/actualites\/wp-json\/wp\/v2\/posts\/34249"}],"collection":[{"href":"https:\/\/footdavant.fr\/actualites\/wp-json\/wp\/v2\/posts"}],"about":[{"href":"https:\/\/footdavant.fr\/actualites\/wp-json\/wp\/v2\/types\/post"}],"author":[{"embeddable":true,"href":"https:\/\/footdavant.fr\/actualites\/wp-json\/wp\/v2\/users\/1"}],"replies":[{"embeddable":true,"href":"https:\/\/footdavant.fr\/actualites\/wp-json\/wp\/v2\/comments?post=34249"}],"version-history":[{"count":1,"href":"https:\/\/footdavant.fr\/actualites\/wp-json\/wp\/v2\/posts\/34249\/revisions"}],"predecessor-version":[{"id":34250,"href":"https:\/\/footdavant.fr\/actualites\/wp-json\/wp\/v2\/posts\/34249\/revisions\/34250"}],"wp:featuredmedia":[{"embeddable":true,"href":"https:\/\/footdavant.fr\/actualites\/wp-json\/wp\/v2\/media\/33786"}],"wp:attachment":[{"href":"https:\/\/footdavant.fr\/actualites\/wp-json\/wp\/v2\/media?parent=34249"}],"wp:term":[{"taxonomy":"category","embeddable":true,"href":"https:\/\/footdavant.fr\/actualites\/wp-json\/wp\/v2\/categories?post=34249"},{"taxonomy":"post_tag","embeddable":true,"href":"https:\/\/footdavant.fr\/actualites\/wp-json\/wp\/v2\/tags?post=34249"}],"curies":[{"name":"wp","href":"https:\/\/api.w.org\/{rel}","templated":true}]}}