{"id":34251,"date":"2026-02-07T19:48:12","date_gmt":"2026-02-07T18:48:12","guid":{"rendered":"https:\/\/footdavant.fr\/actualites\/van-dijk-presente-le-plan-de-liverpool-pour-man-city\/"},"modified":"2026-02-07T19:48:14","modified_gmt":"2026-02-07T18:48:14","slug":"van-dijk-presente-le-plan-de-liverpool-pour-man-city","status":"publish","type":"post","link":"https:\/\/footdavant.fr\/actualites\/van-dijk-presente-le-plan-de-liverpool-pour-man-city\/","title":{"rendered":"Van Dijk pr\u00e9sente le plan de Liverpool pour Man City"},"content":{"rendered":"<div id=\"article-body\">\n<!-- Article Start --><\/p>\n<p>Virgil van Dijk pense que Liverpool doit produire une autre solide performance \u00e0 Anfield si nous voulons battre Manchester City dimanche apr\u00e8s-midi.<\/p>\n<p>Le capitaine n\u00e9erlandais est devenu la r\u00e9f\u00e9rence en mati\u00e8re de \u00ab normes de Liverpool \u00bb, et notre num\u00e9ro 4 exige que nous confirmions l&#39;am\u00e9lioration de la semaine derni\u00e8re avec une autre prestation compl\u00e8te.<\/p>\n<p>Dans ses notes officielles du programme de la journ\u00e9e via Liverpoolfc.com, Virgil van Dijk a \u00e9crit : <\/p>\n<h2>Van Dijk donne le ton pour Liverpool contre Man City \u00e0 Anfield<\/h2>\n<figure class=\"wp-caption alignnone\"><picture><source type=\"image\/webp\" data- data-><\/source><\/picture><\/figure>\n<p>Il y avait beaucoup de choses \u00e0 appr\u00e9cier dans la fa\u00e7on dont nous avons r\u00e9agi lors de nos deux derniers matches \u00e0 domicile, et Virgil van Dijk a clairement indiqu\u00e9 que cela ne pouvait pas \u00eatre un cas isol\u00e9 lorsque l&#39;\u00e9quipe de Pep Guardiola arriverait.<\/p>\n<p>Le skipper de Liverpool a d\u00e9clar\u00e9 : <\/p>\n<p>Virgil van Dijk a \u00e9galement soulign\u00e9 le r\u00f4le de la foule, tout en gardant le message fond\u00e9 sur la performance plut\u00f4t que sur le sentiment.<\/p>\n<p>Virgil van Dijk a \u00e9crit : <\/p>\n<\/p>\n<p>Ce match devrait \u00eatre la 19e apparition de Virgil van Dijk pour Liverpool contre Manchester City, ce qui souligne \u00e0 quel point il conna\u00eet les fines marges que ces matchs ont tendance \u00e0 apporter.<\/p>\n<h2>Pourquoi le message de Van Dijk est important alors qu&#39;Opta soutient l\u00e9g\u00e8rement Liverpool<\/h2>\n<figure class=\"wp-caption alignnone\"><picture><source type=\"image\/webp\" data- data-><img loading=\"lazy\" decoding=\"async\" width=\"1500\" height=\"1000\" src=\"https:\/\/footdavant.fr\/actualites\/wp-content\/uploads\/2026\/02\/Van-Dijk-presente-le-plan-de-Liverpool-pour-Man-City.jpg\" class=\"lazyload wp-image-280408 has-webp\" alt=\"Virgil van Dijk de Liverpool r\u00e9agit envers l&#39;arbitre Chris Kavanagh\"  data- style=\"aspect-ratio:1500\/1000;max-width:1500px\"\/><\/source><\/picture><\/figure>\n<p>L&#39;accent mis par le capitaine sur l&#39;intensit\u00e9 et la concentration correspond \u00e0 la r\u00e9alit\u00e9 d&#39;affronter Manchester City, car l&#39;\u00e9quipe de Guardiola peut dominer votre attention pendant de longues p\u00e9riodes et punir rapidement les erreurs.<\/p>\n<p>Virgil van Dijk a d\u00e9clar\u00e9 : <\/p>\n<p>Le mod\u00e8le d&#39;avant-match d&#39;Opta pr\u00e9sente \u00e9galement cela comme une comp\u00e9tition serr\u00e9e, avec Liverpool \u00e9tant donn\u00e9 une probabilit\u00e9 de victoire de 43 %, Manchester City de 30,3 % et un match nul de 26,7 %, ce qui correspond \u00e0 l&#39;id\u00e9e que les d\u00e9tails dans les deux cases en d\u00e9cideront.<\/p>\n<p>Il y a \u00e9galement un contexte suppl\u00e9mentaire autour du leadership de Virgil van Dijk, le capitaine de Liverpool ayant r\u00e9cemment abord\u00e9 le ton des critiques modernes lors d&#39;une conversation avec Gary Neville, tout en d\u00e9fendant \u00e9galement Arne Slot au milieu du bruit ext\u00e9rieur plus fort.<\/p>\n<p>Ces deux angles sont importants car ils montrent pourquoi les notes de programme de Virgil van Dijk se lisent comme un capitaine \u00e9tablissant une norme, plut\u00f4t que de vendre un moment.<\/p>\n<p>Virgil van Dijk a \u00e9crit : <\/p>\n<p>Si nous atteignons \u00e0 nouveau ce niveau dimanche et associons le rythme de travail \u00e0 la qualit\u00e9 que nous avons dans le dernier tiers, Virgil van Dijk pense clairement qu&#39;Anfield peut faire la diff\u00e9rence lors d&#39;une autre rencontre de poids lourds avec Manchester City.<\/p>\n<p><!-- Article End -->\t\t\t\t<\/div>\n","protected":false},"excerpt":{"rendered":"<p>Virgil van Dijk pense que Liverpool doit produire une autre solide performance \u00e0 Anfield si nous voulons battre Manchester City dimanche apr\u00e8s-midi. Le capitaine n\u00e9erlandais<\/p>\n","protected":false},"author":1,"featured_media":34252,"comment_status":"closed","ping_status":"","sticky":false,"template":"","format":"standard","meta":{"footnotes":""},"categories":[3],"tags":[27,784,53,24,2904,51,3899,783],"yoast_head":"<!-- This site is optimized with the Yoast SEO plugin v21.0 - https:\/\/yoast.com\/wordpress\/plugins\/seo\/ -->\n<title>Van Dijk pr\u00e9sente le plan de Liverpool pour Man City<\/title>\n<meta name=\"robots\" content=\"index, follow, max-snippet:-1, max-image-preview:large, max-video-preview:-1\" \/>\n<link rel=\"canonical\" href=\"https:\/\/footdavant.fr\/actualites\/van-dijk-presente-le-plan-de-liverpool-pour-man-city\/\" \/>\n<meta property=\"og:locale\" content=\"fr_FR\" \/>\n<meta property=\"og:type\" content=\"article\" \/>\n<meta property=\"og:title\" content=\"Van Dijk pr\u00e9sente le plan de Liverpool pour Man City\" \/>\n<meta property=\"og:description\" content=\"Virgil van Dijk pense que Liverpool doit produire une autre solide performance \u00e0 Anfield si nous voulons battre Manchester City dimanche apr\u00e8s-midi. Le capitaine n\u00e9erlandais\" \/>\n<meta property=\"og:url\" content=\"https:\/\/footdavant.fr\/actualites\/van-dijk-presente-le-plan-de-liverpool-pour-man-city\/\" \/>\n<meta property=\"og:site_name\" content=\"Foot d&#039;avant\" \/>\n<meta property=\"article:publisher\" content=\"https:\/\/www.facebook.com\/Footdavant\/\" \/>\n<meta property=\"article:published_time\" content=\"2026-02-07T18:48:12+00:00\" \/>\n<meta property=\"article:modified_time\" content=\"2026-02-07T18:48:14+00:00\" \/>\n<meta property=\"og:image\" content=\"https:\/\/footdavant.fr\/actualites\/wp-content\/uploads\/2026\/02\/1770490093_Van-Dijk-presente-le-plan-de-Liverpool-pour-Man-City.jpg\" \/>\n\t<meta property=\"og:image:width\" content=\"1200\" \/>\n\t<meta property=\"og:image:height\" content=\"675\" \/>\n\t<meta property=\"og:image:type\" content=\"image\/jpeg\" \/>\n<meta name=\"author\" content=\"Cl\u00e9ment\" \/>\n<meta name=\"twitter:card\" content=\"summary_large_image\" \/>\n<meta name=\"twitter:creator\" content=\"@FootdavantFr\" \/>\n<meta name=\"twitter:site\" content=\"@FootdavantFr\" \/>\n<meta name=\"twitter:label1\" content=\"\u00c9crit par\" \/>\n\t<meta name=\"twitter:data1\" content=\"Cl\u00e9ment\" \/>\n\t<meta name=\"twitter:label2\" content=\"Dur\u00e9e de lecture estim\u00e9e\" \/>\n\t<meta name=\"twitter:data2\" content=\"2 minutes\" \/>\n<script type=\"application\/ld+json\" class=\"yoast-schema-graph\">{\"@context\":\"https:\/\/schema.org\",\"@graph\":[{\"@type\":\"Article\",\"@id\":\"https:\/\/footdavant.fr\/actualites\/van-dijk-presente-le-plan-de-liverpool-pour-man-city\/#article\",\"isPartOf\":{\"@id\":\"https:\/\/footdavant.fr\/actualites\/van-dijk-presente-le-plan-de-liverpool-pour-man-city\/\"},\"author\":{\"name\":\"Cl\u00e9ment\",\"@id\":\"https:\/\/footdavant.fr\/actualites\/#\/schema\/person\/bc222566d95871b37e597b3ed3ba5e1d\"},\"headline\":\"Van Dijk pr\u00e9sente le plan de Liverpool pour Man City\",\"datePublished\":\"2026-02-07T18:48:12+00:00\",\"dateModified\":\"2026-02-07T18:48:14+00:00\",\"mainEntityOfPage\":{\"@id\":\"https:\/\/footdavant.fr\/actualites\/van-dijk-presente-le-plan-de-liverpool-pour-man-city\/\"},\"wordCount\":464,\"publisher\":{\"@id\":\"https:\/\/footdavant.fr\/actualites\/#organization\"},\"keywords\":[\"City\",\"Dijk\",\"Liverpool\",\"Man\",\"plan\",\"pour\",\"pr\u00e9sente\",\"van\"],\"articleSection\":[\"Football\"],\"inLanguage\":\"fr-FR\"},{\"@type\":\"WebPage\",\"@id\":\"https:\/\/footdavant.fr\/actualites\/van-dijk-presente-le-plan-de-liverpool-pour-man-city\/\",\"url\":\"https:\/\/footdavant.fr\/actualites\/van-dijk-presente-le-plan-de-liverpool-pour-man-city\/\",\"name\":\"Van Dijk pr\u00e9sente le plan de Liverpool pour Man City\",\"isPartOf\":{\"@id\":\"https:\/\/footdavant.fr\/actualites\/#website\"},\"datePublished\":\"2026-02-07T18:48:12+00:00\",\"dateModified\":\"2026-02-07T18:48:14+00:00\",\"breadcrumb\":{\"@id\":\"https:\/\/footdavant.fr\/actualites\/van-dijk-presente-le-plan-de-liverpool-pour-man-city\/#breadcrumb\"},\"inLanguage\":\"fr-FR\",\"potentialAction\":[{\"@type\":\"ReadAction\",\"target\":[\"https:\/\/footdavant.fr\/actualites\/van-dijk-presente-le-plan-de-liverpool-pour-man-city\/\"]}]},{\"@type\":\"BreadcrumbList\",\"@id\":\"https:\/\/footdavant.fr\/actualites\/van-dijk-presente-le-plan-de-liverpool-pour-man-city\/#breadcrumb\",\"itemListElement\":[{\"@type\":\"ListItem\",\"position\":1,\"name\":\"Accueil\",\"item\":\"https:\/\/footdavant.fr\/actualites\/\"},{\"@type\":\"ListItem\",\"position\":2,\"name\":\"Van Dijk pr\u00e9sente le plan de Liverpool pour Man City\"}]},{\"@type\":\"WebSite\",\"@id\":\"https:\/\/footdavant.fr\/actualites\/#website\",\"url\":\"https:\/\/footdavant.fr\/actualites\/\",\"name\":\"Foot d'avant\",\"description\":\"\",\"publisher\":{\"@id\":\"https:\/\/footdavant.fr\/actualites\/#organization\"},\"potentialAction\":[{\"@type\":\"SearchAction\",\"target\":{\"@type\":\"EntryPoint\",\"urlTemplate\":\"https:\/\/footdavant.fr\/actualites\/?s={search_term_string}\"},\"query-input\":\"required name=search_term_string\"}],\"inLanguage\":\"fr-FR\"},{\"@type\":\"Organization\",\"@id\":\"https:\/\/footdavant.fr\/actualites\/#organization\",\"name\":\"Foot d'avant\",\"url\":\"https:\/\/footdavant.fr\/actualites\/\",\"logo\":{\"@type\":\"ImageObject\",\"inLanguage\":\"fr-FR\",\"@id\":\"https:\/\/footdavant.fr\/actualites\/#\/schema\/logo\/image\/\",\"url\":\"https:\/\/footdavant.fr\/actualites\/wp-content\/uploads\/2023\/09\/Copy-of-FootDavant-Logo.png\",\"contentUrl\":\"https:\/\/footdavant.fr\/actualites\/wp-content\/uploads\/2023\/09\/Copy-of-FootDavant-Logo.png\",\"width\":936,\"height\":549,\"caption\":\"Foot d'avant\"},\"image\":{\"@id\":\"https:\/\/footdavant.fr\/actualites\/#\/schema\/logo\/image\/\"},\"sameAs\":[\"https:\/\/www.facebook.com\/Footdavant\/\",\"https:\/\/twitter.com\/FootdavantFr\",\"https:\/\/www.instagram.com\/footdavant.fr\/\"]},{\"@type\":\"Person\",\"@id\":\"https:\/\/footdavant.fr\/actualites\/#\/schema\/person\/bc222566d95871b37e597b3ed3ba5e1d\",\"name\":\"Cl\u00e9ment\",\"image\":{\"@type\":\"ImageObject\",\"inLanguage\":\"fr-FR\",\"@id\":\"https:\/\/footdavant.fr\/actualites\/#\/schema\/person\/image\/\",\"url\":\"https:\/\/secure.gravatar.com\/avatar\/7728b29aac2719421e1a9159b2254c44?s=96&d=mm&r=g\",\"contentUrl\":\"https:\/\/secure.gravatar.com\/avatar\/7728b29aac2719421e1a9159b2254c44?s=96&d=mm&r=g\",\"caption\":\"Cl\u00e9ment\"},\"sameAs\":[\"https:\/\/footdavant.fr\/\"]}]}<\/script>\n<!-- \/ Yoast SEO plugin. -->","yoast_head_json":{"title":"Van Dijk pr\u00e9sente le plan de Liverpool pour Man City","robots":{"index":"index","follow":"follow","max-snippet":"max-snippet:-1","max-image-preview":"max-image-preview:large","max-video-preview":"max-video-preview:-1"},"canonical":"https:\/\/footdavant.fr\/actualites\/van-dijk-presente-le-plan-de-liverpool-pour-man-city\/","og_locale":"fr_FR","og_type":"article","og_title":"Van Dijk pr\u00e9sente le plan de Liverpool pour Man City","og_description":"Virgil van Dijk pense que Liverpool doit produire une autre solide performance \u00e0 Anfield si nous voulons battre Manchester City dimanche apr\u00e8s-midi. Le capitaine n\u00e9erlandais","og_url":"https:\/\/footdavant.fr\/actualites\/van-dijk-presente-le-plan-de-liverpool-pour-man-city\/","og_site_name":"Foot d&#039;avant","article_publisher":"https:\/\/www.facebook.com\/Footdavant\/","article_published_time":"2026-02-07T18:48:12+00:00","article_modified_time":"2026-02-07T18:48:14+00:00","og_image":[{"width":1200,"height":675,"url":"https:\/\/footdavant.fr\/actualites\/wp-content\/uploads\/2026\/02\/1770490093_Van-Dijk-presente-le-plan-de-Liverpool-pour-Man-City.jpg","type":"image\/jpeg"}],"author":"Cl\u00e9ment","twitter_card":"summary_large_image","twitter_creator":"@FootdavantFr","twitter_site":"@FootdavantFr","twitter_misc":{"\u00c9crit par":"Cl\u00e9ment","Dur\u00e9e de lecture estim\u00e9e":"2 minutes"},"schema":{"@context":"https:\/\/schema.org","@graph":[{"@type":"Article","@id":"https:\/\/footdavant.fr\/actualites\/van-dijk-presente-le-plan-de-liverpool-pour-man-city\/#article","isPartOf":{"@id":"https:\/\/footdavant.fr\/actualites\/van-dijk-presente-le-plan-de-liverpool-pour-man-city\/"},"author":{"name":"Cl\u00e9ment","@id":"https:\/\/footdavant.fr\/actualites\/#\/schema\/person\/bc222566d95871b37e597b3ed3ba5e1d"},"headline":"Van Dijk pr\u00e9sente le plan de Liverpool pour Man City","datePublished":"2026-02-07T18:48:12+00:00","dateModified":"2026-02-07T18:48:14+00:00","mainEntityOfPage":{"@id":"https:\/\/footdavant.fr\/actualites\/van-dijk-presente-le-plan-de-liverpool-pour-man-city\/"},"wordCount":464,"publisher":{"@id":"https:\/\/footdavant.fr\/actualites\/#organization"},"keywords":["City","Dijk","Liverpool","Man","plan","pour","pr\u00e9sente","van"],"articleSection":["Football"],"inLanguage":"fr-FR"},{"@type":"WebPage","@id":"https:\/\/footdavant.fr\/actualites\/van-dijk-presente-le-plan-de-liverpool-pour-man-city\/","url":"https:\/\/footdavant.fr\/actualites\/van-dijk-presente-le-plan-de-liverpool-pour-man-city\/","name":"Van Dijk pr\u00e9sente le plan de Liverpool pour Man City","isPartOf":{"@id":"https:\/\/footdavant.fr\/actualites\/#website"},"datePublished":"2026-02-07T18:48:12+00:00","dateModified":"2026-02-07T18:48:14+00:00","breadcrumb":{"@id":"https:\/\/footdavant.fr\/actualites\/van-dijk-presente-le-plan-de-liverpool-pour-man-city\/#breadcrumb"},"inLanguage":"fr-FR","potentialAction":[{"@type":"ReadAction","target":["https:\/\/footdavant.fr\/actualites\/van-dijk-presente-le-plan-de-liverpool-pour-man-city\/"]}]},{"@type":"BreadcrumbList","@id":"https:\/\/footdavant.fr\/actualites\/van-dijk-presente-le-plan-de-liverpool-pour-man-city\/#breadcrumb","itemListElement":[{"@type":"ListItem","position":1,"name":"Accueil","item":"https:\/\/footdavant.fr\/actualites\/"},{"@type":"ListItem","position":2,"name":"Van Dijk pr\u00e9sente le plan de Liverpool pour Man City"}]},{"@type":"WebSite","@id":"https:\/\/footdavant.fr\/actualites\/#website","url":"https:\/\/footdavant.fr\/actualites\/","name":"Foot d'avant","description":"","publisher":{"@id":"https:\/\/footdavant.fr\/actualites\/#organization"},"potentialAction":[{"@type":"SearchAction","target":{"@type":"EntryPoint","urlTemplate":"https:\/\/footdavant.fr\/actualites\/?s={search_term_string}"},"query-input":"required name=search_term_string"}],"inLanguage":"fr-FR"},{"@type":"Organization","@id":"https:\/\/footdavant.fr\/actualites\/#organization","name":"Foot d'avant","url":"https:\/\/footdavant.fr\/actualites\/","logo":{"@type":"ImageObject","inLanguage":"fr-FR","@id":"https:\/\/footdavant.fr\/actualites\/#\/schema\/logo\/image\/","url":"https:\/\/footdavant.fr\/actualites\/wp-content\/uploads\/2023\/09\/Copy-of-FootDavant-Logo.png","contentUrl":"https:\/\/footdavant.fr\/actualites\/wp-content\/uploads\/2023\/09\/Copy-of-FootDavant-Logo.png","width":936,"height":549,"caption":"Foot d'avant"},"image":{"@id":"https:\/\/footdavant.fr\/actualites\/#\/schema\/logo\/image\/"},"sameAs":["https:\/\/www.facebook.com\/Footdavant\/","https:\/\/twitter.com\/FootdavantFr","https:\/\/www.instagram.com\/footdavant.fr\/"]},{"@type":"Person","@id":"https:\/\/footdavant.fr\/actualites\/#\/schema\/person\/bc222566d95871b37e597b3ed3ba5e1d","name":"Cl\u00e9ment","image":{"@type":"ImageObject","inLanguage":"fr-FR","@id":"https:\/\/footdavant.fr\/actualites\/#\/schema\/person\/image\/","url":"https:\/\/secure.gravatar.com\/avatar\/7728b29aac2719421e1a9159b2254c44?s=96&d=mm&r=g","contentUrl":"https:\/\/secure.gravatar.com\/avatar\/7728b29aac2719421e1a9159b2254c44?s=96&d=mm&r=g","caption":"Cl\u00e9ment"},"sameAs":["https:\/\/footdavant.fr\/"]}]}},"_links":{"self":[{"href":"https:\/\/footdavant.fr\/actualites\/wp-json\/wp\/v2\/posts\/34251"}],"collection":[{"href":"https:\/\/footdavant.fr\/actualites\/wp-json\/wp\/v2\/posts"}],"about":[{"href":"https:\/\/footdavant.fr\/actualites\/wp-json\/wp\/v2\/types\/post"}],"author":[{"embeddable":true,"href":"https:\/\/footdavant.fr\/actualites\/wp-json\/wp\/v2\/users\/1"}],"replies":[{"embeddable":true,"href":"https:\/\/footdavant.fr\/actualites\/wp-json\/wp\/v2\/comments?post=34251"}],"version-history":[{"count":1,"href":"https:\/\/footdavant.fr\/actualites\/wp-json\/wp\/v2\/posts\/34251\/revisions"}],"predecessor-version":[{"id":34253,"href":"https:\/\/footdavant.fr\/actualites\/wp-json\/wp\/v2\/posts\/34251\/revisions\/34253"}],"wp:featuredmedia":[{"embeddable":true,"href":"https:\/\/footdavant.fr\/actualites\/wp-json\/wp\/v2\/media\/34252"}],"wp:attachment":[{"href":"https:\/\/footdavant.fr\/actualites\/wp-json\/wp\/v2\/media?parent=34251"}],"wp:term":[{"taxonomy":"category","embeddable":true,"href":"https:\/\/footdavant.fr\/actualites\/wp-json\/wp\/v2\/categories?post=34251"},{"taxonomy":"post_tag","embeddable":true,"href":"https:\/\/footdavant.fr\/actualites\/wp-json\/wp\/v2\/tags?post=34251"}],"curies":[{"name":"wp","href":"https:\/\/api.w.org\/{rel}","templated":true}]}}