{"id":34262,"date":"2026-02-08T03:48:21","date_gmt":"2026-02-08T02:48:21","guid":{"rendered":"https:\/\/footdavant.fr\/actualites\/eder-militao-man-united-surprend-le-real-madrid-avec-sa-derniere-decision\/"},"modified":"2026-02-08T03:48:23","modified_gmt":"2026-02-08T02:48:23","slug":"eder-militao-man-united-surprend-le-real-madrid-avec-sa-derniere-decision","status":"publish","type":"post","link":"https:\/\/footdavant.fr\/actualites\/eder-militao-man-united-surprend-le-real-madrid-avec-sa-derniere-decision\/","title":{"rendered":"Eder Militao: Man United surprend le Real Madrid avec sa derni\u00e8re d\u00e9cision &#8211;"},"content":{"rendered":"<div id=\"penci-post-entry-inner\">\n<p>\t\t\t<i class=\"penci-post-countview-number-check\" style=\"display:none\">2<\/i><\/p>\n<p><!--Article Start--><br \/>Manchester United a envoy\u00e9 une onde de choc au Santiago Bernabeu apr\u00e8s avoir lanc\u00e9 un raid pour recruter la star du Real Madrid Eder Militao, selon le dernier rapport espagnol.<\/p>\n<h5>United d\u00e9pose une offre<\/h5>\n<p>  r\u00e9v\u00e8lent que les Diables rouges ont d\u00e9pos\u00e9 une \u00ab offre formelle \u00bb d&#39;une valeur de 40 millions d&#39;euros pour signer Militao.<\/p>\n<p>Le d\u00e9fenseur de 28 ans est consid\u00e9r\u00e9 par United comme un leader poss\u00e9dant une riche exp\u00e9rience au plus haut niveau \u2013 le profil exact qu\u2019ils souhaitent renforcer leur d\u00e9fense.<\/p>\n<p>\u00c0 son meilleur, Militao est l&#39;un des meilleurs d\u00e9fenseurs centraux d&#39;Europe, offrant un instinct d\u00e9fensif exceptionnel ainsi que de solides attributs techniques et tactiques. Cependant, il a subi une liste incessante de blessures depuis qu&#39;il a rejoint Madrid en provenance du FC Porto en 2019, malgr\u00e9 ses talents \u00e9vidents lorsqu&#39;il est en forme.<\/p>\n<p>L&#39;international br\u00e9silien a rat\u00e9 138 matches avec son club et son pays dans la capitale espagnole, avec deux blessures successives au LCA \u2013 aux deux genoux \u2013 les plus graves qu&#39;il ait subies.<\/p>\n<p>Cette fragilit\u00e9 physique fait de Militao un choix int\u00e9ressant pour United, \u00e9tant donn\u00e9 que Lisandro Martinez a \u00e9t\u00e9 confront\u00e9 \u00e0 des probl\u00e8mes similaires tandis que Harry Maguire et Matthijs de Ligt sont susceptibles de subir des blessures mineures.<\/p>\n<p>Cependant, le contrat de Maguire expire \u00e0 la fin de la saison. Des discussions ont eu lieu sur une prolongation, mais un nouvel accord n&#39;a pas encore \u00e9t\u00e9 propos\u00e9, INEOS \u00e9tant r\u00e9ticent \u00e0 renouveler un futur d\u00e9fenseur de 33 ans avec de gros salaires.<\/p>\n<p>En cas de d\u00e9part du d\u00e9fenseur central anglais, un joueur poss\u00e9dant les comp\u00e9tences de Militao offrirait un coup de pouce majeur \u00e0 la d\u00e9fense de United, m\u00eame avec des inqui\u00e9tudes quant \u00e0 sa capacit\u00e9 \u00e0 rester en forme.<\/p>\n<\/p>\n<h5>Madrid envisage une vente<\/h5>\n<p>affirme que l&#39;offre de United a \u00ab forc\u00e9 [Madrid\u2019s] conseil d\u2019administration de s\u2019asseoir et d\u2019envisager diverses options \u00bb concernant leur d\u00e9fense.<\/p>\n<p>Militao est un joueur \u00ab tr\u00e8s appr\u00e9ci\u00e9 \u00bb au Bernabeu, tant pour son influence sur le terrain que dans le vestiaire. Mais il est \u00e9galement admis que sa vente \u00ab lib\u00e9rerait de l\u2019espace salarial et cr\u00e9erait de la place pour de futurs transferts \u00bb.<\/p>\n<p>Une offre de 40 millions d&#39;euros (35 millions de livres sterling) est consid\u00e9r\u00e9e comme attrayante, m\u00eame si elle n&#39;entre pas dans le territoire d&#39;une \u00ab offre qui ne peut \u00eatre refus\u00e9e \u00bb.<\/p>\n<p>De m\u00eame, Militao resterait pleinement concentr\u00e9 sur la fin de la saison aussi bien que possible avec Los Blancos, ce qui signifie que le Br\u00e9silien n&#39;a aucun int\u00e9r\u00eat \u00e0 forcer un passage \u00e0 United.<\/p>\n<h5>Pens\u00e9es finales<\/h5>\n<p>Une d\u00e9pense de 35 millions de livres sterling pour un d\u00e9fenseur central de classe mondiale \u00e0 son apog\u00e9e, exer\u00e7ant actuellement son m\u00e9tier pour le plus grand club du monde, est un chiffre raisonnable, m\u00eame pour un joueur approchant la trentaine.<\/p>\n<p>La d\u00e9fense de United aura besoin d&#39;une injection d&#39;exp\u00e9rience si Maguire veut partir, le d\u00e9veloppement continu d&#39;Ayden Heaven et de Leny Yoro \u00e9tant consid\u00e9r\u00e9 comme une priorit\u00e9 \u00e0 Old Trafford. Militao offrirait le compl\u00e9ment parfait aux deux starlettes d\u00e9fensives.<\/p>\n<p>Cependant, son bilan de blessures est incontestable\u00a0; c\u2019est un certain signal d\u2019alarme, quels que soient ses talents lorsqu\u2019il est en forme.<\/p>\n<p>L&#39;id\u00e9e de quitter Madrid pour Manchester est \u00e9galement incertaine, compte tenu des succ\u00e8s respectifs des deux clubs ces derni\u00e8res ann\u00e9es, INEOS souhaitant s&#39;\u00e9loigner du mod\u00e8le de recrutement de joueurs vieillissants issus de l&#39;\u00e9lite europ\u00e9enne.<\/p>\n<hr\/>\n<p>The Peoples Person est l&#39;un des principaux sites d&#39;information de Man United au monde depuis plus d&#39;une d\u00e9cennie. Suivez-nous sur Bluesky\u00a0: @peoplesperson.bsky.social<video width=\"728\" height=\"90\" style=\"display: block;\" autoplay=\"autoplay\" loop=\"loop\" muted=\"\" playsinline=\"\" preload=\"auto\" controlslist=\"nodownload\" disablepictureinpicture=\"\"><source src=\"https:\/\/thepeoplesperson.com\/wp-content\/uploads\/2026\/01\/write-for-us-video.mp4\" type=\"video\/mp4\"\/><\/video><\/p>\n<p><!-- CONTENT END 2 --><\/p><\/div>\n","protected":false},"excerpt":{"rendered":"<p>2 Manchester United a envoy\u00e9 une onde de choc au Santiago Bernabeu apr\u00e8s avoir lanc\u00e9 un raid pour recruter la star du Real Madrid Eder<\/p>\n","protected":false},"author":1,"featured_media":34263,"comment_status":"closed","ping_status":"","sticky":false,"template":"","format":"standard","meta":{"footnotes":""},"categories":[3],"tags":[91,497,657,8006,303,24,8007,302,6104,13],"yoast_head":"<!-- This site is optimized with the Yoast SEO plugin v21.0 - https:\/\/yoast.com\/wordpress\/plugins\/seo\/ -->\n<title>Eder Militao: Man United surprend le Real Madrid avec sa derni\u00e8re d\u00e9cision -<\/title>\n<meta name=\"robots\" content=\"index, follow, max-snippet:-1, max-image-preview:large, max-video-preview:-1\" \/>\n<link rel=\"canonical\" href=\"https:\/\/footdavant.fr\/actualites\/eder-militao-man-united-surprend-le-real-madrid-avec-sa-derniere-decision\/\" \/>\n<meta property=\"og:locale\" content=\"fr_FR\" \/>\n<meta property=\"og:type\" content=\"article\" \/>\n<meta property=\"og:title\" content=\"Eder Militao: Man United surprend le Real Madrid avec sa derni\u00e8re d\u00e9cision -\" \/>\n<meta property=\"og:description\" content=\"2 Manchester United a envoy\u00e9 une onde de choc au Santiago Bernabeu apr\u00e8s avoir lanc\u00e9 un raid pour recruter la star du Real Madrid Eder\" \/>\n<meta property=\"og:url\" content=\"https:\/\/footdavant.fr\/actualites\/eder-militao-man-united-surprend-le-real-madrid-avec-sa-derniere-decision\/\" \/>\n<meta property=\"og:site_name\" content=\"Foot d&#039;avant\" \/>\n<meta property=\"article:publisher\" content=\"https:\/\/www.facebook.com\/Footdavant\/\" \/>\n<meta property=\"article:published_time\" content=\"2026-02-08T02:48:21+00:00\" \/>\n<meta property=\"article:modified_time\" content=\"2026-02-08T02:48:23+00:00\" \/>\n<meta property=\"og:image\" content=\"https:\/\/footdavant.fr\/actualites\/wp-content\/uploads\/2026\/02\/Eder-Militao-Man-United-surprend-le-Real-Madrid-avec-sa.jpg\" \/>\n\t<meta property=\"og:image:width\" content=\"1600\" \/>\n\t<meta property=\"og:image:height\" content=\"700\" \/>\n\t<meta property=\"og:image:type\" content=\"image\/jpeg\" \/>\n<meta name=\"author\" content=\"Cl\u00e9ment\" \/>\n<meta name=\"twitter:card\" content=\"summary_large_image\" \/>\n<meta name=\"twitter:creator\" content=\"@FootdavantFr\" \/>\n<meta name=\"twitter:site\" content=\"@FootdavantFr\" \/>\n<meta name=\"twitter:label1\" content=\"\u00c9crit par\" \/>\n\t<meta name=\"twitter:data1\" content=\"Cl\u00e9ment\" \/>\n\t<meta name=\"twitter:label2\" content=\"Dur\u00e9e de lecture estim\u00e9e\" \/>\n\t<meta name=\"twitter:data2\" content=\"3 minutes\" \/>\n<script type=\"application\/ld+json\" class=\"yoast-schema-graph\">{\"@context\":\"https:\/\/schema.org\",\"@graph\":[{\"@type\":\"Article\",\"@id\":\"https:\/\/footdavant.fr\/actualites\/eder-militao-man-united-surprend-le-real-madrid-avec-sa-derniere-decision\/#article\",\"isPartOf\":{\"@id\":\"https:\/\/footdavant.fr\/actualites\/eder-militao-man-united-surprend-le-real-madrid-avec-sa-derniere-decision\/\"},\"author\":{\"name\":\"Cl\u00e9ment\",\"@id\":\"https:\/\/footdavant.fr\/actualites\/#\/schema\/person\/bc222566d95871b37e597b3ed3ba5e1d\"},\"headline\":\"Eder Militao: Man United surprend le Real Madrid avec sa derni\u00e8re d\u00e9cision &#8211;\",\"datePublished\":\"2026-02-08T02:48:21+00:00\",\"dateModified\":\"2026-02-08T02:48:23+00:00\",\"mainEntityOfPage\":{\"@id\":\"https:\/\/footdavant.fr\/actualites\/eder-militao-man-united-surprend-le-real-madrid-avec-sa-derniere-decision\/\"},\"wordCount\":657,\"publisher\":{\"@id\":\"https:\/\/footdavant.fr\/actualites\/#organization\"},\"keywords\":[\"avec\",\"d\u00e9cision\",\"derni\u00e8re\",\"Eder\",\"Madrid\",\"Man\",\"Militao\",\"Real\",\"surprend\",\"United\"],\"articleSection\":[\"Football\"],\"inLanguage\":\"fr-FR\"},{\"@type\":\"WebPage\",\"@id\":\"https:\/\/footdavant.fr\/actualites\/eder-militao-man-united-surprend-le-real-madrid-avec-sa-derniere-decision\/\",\"url\":\"https:\/\/footdavant.fr\/actualites\/eder-militao-man-united-surprend-le-real-madrid-avec-sa-derniere-decision\/\",\"name\":\"Eder Militao: Man United surprend le Real Madrid avec sa derni\u00e8re d\u00e9cision -\",\"isPartOf\":{\"@id\":\"https:\/\/footdavant.fr\/actualites\/#website\"},\"datePublished\":\"2026-02-08T02:48:21+00:00\",\"dateModified\":\"2026-02-08T02:48:23+00:00\",\"breadcrumb\":{\"@id\":\"https:\/\/footdavant.fr\/actualites\/eder-militao-man-united-surprend-le-real-madrid-avec-sa-derniere-decision\/#breadcrumb\"},\"inLanguage\":\"fr-FR\",\"potentialAction\":[{\"@type\":\"ReadAction\",\"target\":[\"https:\/\/footdavant.fr\/actualites\/eder-militao-man-united-surprend-le-real-madrid-avec-sa-derniere-decision\/\"]}]},{\"@type\":\"BreadcrumbList\",\"@id\":\"https:\/\/footdavant.fr\/actualites\/eder-militao-man-united-surprend-le-real-madrid-avec-sa-derniere-decision\/#breadcrumb\",\"itemListElement\":[{\"@type\":\"ListItem\",\"position\":1,\"name\":\"Accueil\",\"item\":\"https:\/\/footdavant.fr\/actualites\/\"},{\"@type\":\"ListItem\",\"position\":2,\"name\":\"Eder Militao: Man United surprend le Real Madrid avec sa derni\u00e8re d\u00e9cision &#8211;\"}]},{\"@type\":\"WebSite\",\"@id\":\"https:\/\/footdavant.fr\/actualites\/#website\",\"url\":\"https:\/\/footdavant.fr\/actualites\/\",\"name\":\"Foot d'avant\",\"description\":\"\",\"publisher\":{\"@id\":\"https:\/\/footdavant.fr\/actualites\/#organization\"},\"potentialAction\":[{\"@type\":\"SearchAction\",\"target\":{\"@type\":\"EntryPoint\",\"urlTemplate\":\"https:\/\/footdavant.fr\/actualites\/?s={search_term_string}\"},\"query-input\":\"required name=search_term_string\"}],\"inLanguage\":\"fr-FR\"},{\"@type\":\"Organization\",\"@id\":\"https:\/\/footdavant.fr\/actualites\/#organization\",\"name\":\"Foot d'avant\",\"url\":\"https:\/\/footdavant.fr\/actualites\/\",\"logo\":{\"@type\":\"ImageObject\",\"inLanguage\":\"fr-FR\",\"@id\":\"https:\/\/footdavant.fr\/actualites\/#\/schema\/logo\/image\/\",\"url\":\"https:\/\/footdavant.fr\/actualites\/wp-content\/uploads\/2023\/09\/Copy-of-FootDavant-Logo.png\",\"contentUrl\":\"https:\/\/footdavant.fr\/actualites\/wp-content\/uploads\/2023\/09\/Copy-of-FootDavant-Logo.png\",\"width\":936,\"height\":549,\"caption\":\"Foot d'avant\"},\"image\":{\"@id\":\"https:\/\/footdavant.fr\/actualites\/#\/schema\/logo\/image\/\"},\"sameAs\":[\"https:\/\/www.facebook.com\/Footdavant\/\",\"https:\/\/twitter.com\/FootdavantFr\",\"https:\/\/www.instagram.com\/footdavant.fr\/\"]},{\"@type\":\"Person\",\"@id\":\"https:\/\/footdavant.fr\/actualites\/#\/schema\/person\/bc222566d95871b37e597b3ed3ba5e1d\",\"name\":\"Cl\u00e9ment\",\"image\":{\"@type\":\"ImageObject\",\"inLanguage\":\"fr-FR\",\"@id\":\"https:\/\/footdavant.fr\/actualites\/#\/schema\/person\/image\/\",\"url\":\"https:\/\/secure.gravatar.com\/avatar\/7728b29aac2719421e1a9159b2254c44?s=96&d=mm&r=g\",\"contentUrl\":\"https:\/\/secure.gravatar.com\/avatar\/7728b29aac2719421e1a9159b2254c44?s=96&d=mm&r=g\",\"caption\":\"Cl\u00e9ment\"},\"sameAs\":[\"https:\/\/footdavant.fr\/\"]}]}<\/script>\n<!-- \/ Yoast SEO plugin. -->","yoast_head_json":{"title":"Eder Militao: Man United surprend le Real Madrid avec sa derni\u00e8re d\u00e9cision -","robots":{"index":"index","follow":"follow","max-snippet":"max-snippet:-1","max-image-preview":"max-image-preview:large","max-video-preview":"max-video-preview:-1"},"canonical":"https:\/\/footdavant.fr\/actualites\/eder-militao-man-united-surprend-le-real-madrid-avec-sa-derniere-decision\/","og_locale":"fr_FR","og_type":"article","og_title":"Eder Militao: Man United surprend le Real Madrid avec sa derni\u00e8re d\u00e9cision -","og_description":"2 Manchester United a envoy\u00e9 une onde de choc au Santiago Bernabeu apr\u00e8s avoir lanc\u00e9 un raid pour recruter la star du Real Madrid Eder","og_url":"https:\/\/footdavant.fr\/actualites\/eder-militao-man-united-surprend-le-real-madrid-avec-sa-derniere-decision\/","og_site_name":"Foot d&#039;avant","article_publisher":"https:\/\/www.facebook.com\/Footdavant\/","article_published_time":"2026-02-08T02:48:21+00:00","article_modified_time":"2026-02-08T02:48:23+00:00","og_image":[{"width":1600,"height":700,"url":"https:\/\/footdavant.fr\/actualites\/wp-content\/uploads\/2026\/02\/Eder-Militao-Man-United-surprend-le-Real-Madrid-avec-sa.jpg","type":"image\/jpeg"}],"author":"Cl\u00e9ment","twitter_card":"summary_large_image","twitter_creator":"@FootdavantFr","twitter_site":"@FootdavantFr","twitter_misc":{"\u00c9crit par":"Cl\u00e9ment","Dur\u00e9e de lecture estim\u00e9e":"3 minutes"},"schema":{"@context":"https:\/\/schema.org","@graph":[{"@type":"Article","@id":"https:\/\/footdavant.fr\/actualites\/eder-militao-man-united-surprend-le-real-madrid-avec-sa-derniere-decision\/#article","isPartOf":{"@id":"https:\/\/footdavant.fr\/actualites\/eder-militao-man-united-surprend-le-real-madrid-avec-sa-derniere-decision\/"},"author":{"name":"Cl\u00e9ment","@id":"https:\/\/footdavant.fr\/actualites\/#\/schema\/person\/bc222566d95871b37e597b3ed3ba5e1d"},"headline":"Eder Militao: Man United surprend le Real Madrid avec sa derni\u00e8re d\u00e9cision &#8211;","datePublished":"2026-02-08T02:48:21+00:00","dateModified":"2026-02-08T02:48:23+00:00","mainEntityOfPage":{"@id":"https:\/\/footdavant.fr\/actualites\/eder-militao-man-united-surprend-le-real-madrid-avec-sa-derniere-decision\/"},"wordCount":657,"publisher":{"@id":"https:\/\/footdavant.fr\/actualites\/#organization"},"keywords":["avec","d\u00e9cision","derni\u00e8re","Eder","Madrid","Man","Militao","Real","surprend","United"],"articleSection":["Football"],"inLanguage":"fr-FR"},{"@type":"WebPage","@id":"https:\/\/footdavant.fr\/actualites\/eder-militao-man-united-surprend-le-real-madrid-avec-sa-derniere-decision\/","url":"https:\/\/footdavant.fr\/actualites\/eder-militao-man-united-surprend-le-real-madrid-avec-sa-derniere-decision\/","name":"Eder Militao: Man United surprend le Real Madrid avec sa derni\u00e8re d\u00e9cision -","isPartOf":{"@id":"https:\/\/footdavant.fr\/actualites\/#website"},"datePublished":"2026-02-08T02:48:21+00:00","dateModified":"2026-02-08T02:48:23+00:00","breadcrumb":{"@id":"https:\/\/footdavant.fr\/actualites\/eder-militao-man-united-surprend-le-real-madrid-avec-sa-derniere-decision\/#breadcrumb"},"inLanguage":"fr-FR","potentialAction":[{"@type":"ReadAction","target":["https:\/\/footdavant.fr\/actualites\/eder-militao-man-united-surprend-le-real-madrid-avec-sa-derniere-decision\/"]}]},{"@type":"BreadcrumbList","@id":"https:\/\/footdavant.fr\/actualites\/eder-militao-man-united-surprend-le-real-madrid-avec-sa-derniere-decision\/#breadcrumb","itemListElement":[{"@type":"ListItem","position":1,"name":"Accueil","item":"https:\/\/footdavant.fr\/actualites\/"},{"@type":"ListItem","position":2,"name":"Eder Militao: Man United surprend le Real Madrid avec sa derni\u00e8re d\u00e9cision &#8211;"}]},{"@type":"WebSite","@id":"https:\/\/footdavant.fr\/actualites\/#website","url":"https:\/\/footdavant.fr\/actualites\/","name":"Foot d'avant","description":"","publisher":{"@id":"https:\/\/footdavant.fr\/actualites\/#organization"},"potentialAction":[{"@type":"SearchAction","target":{"@type":"EntryPoint","urlTemplate":"https:\/\/footdavant.fr\/actualites\/?s={search_term_string}"},"query-input":"required name=search_term_string"}],"inLanguage":"fr-FR"},{"@type":"Organization","@id":"https:\/\/footdavant.fr\/actualites\/#organization","name":"Foot d'avant","url":"https:\/\/footdavant.fr\/actualites\/","logo":{"@type":"ImageObject","inLanguage":"fr-FR","@id":"https:\/\/footdavant.fr\/actualites\/#\/schema\/logo\/image\/","url":"https:\/\/footdavant.fr\/actualites\/wp-content\/uploads\/2023\/09\/Copy-of-FootDavant-Logo.png","contentUrl":"https:\/\/footdavant.fr\/actualites\/wp-content\/uploads\/2023\/09\/Copy-of-FootDavant-Logo.png","width":936,"height":549,"caption":"Foot d'avant"},"image":{"@id":"https:\/\/footdavant.fr\/actualites\/#\/schema\/logo\/image\/"},"sameAs":["https:\/\/www.facebook.com\/Footdavant\/","https:\/\/twitter.com\/FootdavantFr","https:\/\/www.instagram.com\/footdavant.fr\/"]},{"@type":"Person","@id":"https:\/\/footdavant.fr\/actualites\/#\/schema\/person\/bc222566d95871b37e597b3ed3ba5e1d","name":"Cl\u00e9ment","image":{"@type":"ImageObject","inLanguage":"fr-FR","@id":"https:\/\/footdavant.fr\/actualites\/#\/schema\/person\/image\/","url":"https:\/\/secure.gravatar.com\/avatar\/7728b29aac2719421e1a9159b2254c44?s=96&d=mm&r=g","contentUrl":"https:\/\/secure.gravatar.com\/avatar\/7728b29aac2719421e1a9159b2254c44?s=96&d=mm&r=g","caption":"Cl\u00e9ment"},"sameAs":["https:\/\/footdavant.fr\/"]}]}},"_links":{"self":[{"href":"https:\/\/footdavant.fr\/actualites\/wp-json\/wp\/v2\/posts\/34262"}],"collection":[{"href":"https:\/\/footdavant.fr\/actualites\/wp-json\/wp\/v2\/posts"}],"about":[{"href":"https:\/\/footdavant.fr\/actualites\/wp-json\/wp\/v2\/types\/post"}],"author":[{"embeddable":true,"href":"https:\/\/footdavant.fr\/actualites\/wp-json\/wp\/v2\/users\/1"}],"replies":[{"embeddable":true,"href":"https:\/\/footdavant.fr\/actualites\/wp-json\/wp\/v2\/comments?post=34262"}],"version-history":[{"count":1,"href":"https:\/\/footdavant.fr\/actualites\/wp-json\/wp\/v2\/posts\/34262\/revisions"}],"predecessor-version":[{"id":34264,"href":"https:\/\/footdavant.fr\/actualites\/wp-json\/wp\/v2\/posts\/34262\/revisions\/34264"}],"wp:featuredmedia":[{"embeddable":true,"href":"https:\/\/footdavant.fr\/actualites\/wp-json\/wp\/v2\/media\/34263"}],"wp:attachment":[{"href":"https:\/\/footdavant.fr\/actualites\/wp-json\/wp\/v2\/media?parent=34262"}],"wp:term":[{"taxonomy":"category","embeddable":true,"href":"https:\/\/footdavant.fr\/actualites\/wp-json\/wp\/v2\/categories?post=34262"},{"taxonomy":"post_tag","embeddable":true,"href":"https:\/\/footdavant.fr\/actualites\/wp-json\/wp\/v2\/tags?post=34262"}],"curies":[{"name":"wp","href":"https:\/\/api.w.org\/{rel}","templated":true}]}}