{"id":34265,"date":"2026-02-08T05:48:13","date_gmt":"2026-02-08T04:48:13","guid":{"rendered":"https:\/\/footdavant.fr\/actualites\/lentraineur-chef-de-man-utd-michael-carrick-envisage-la-possibilite-dorganiser-des-matchs-amicaux-de-mi-saison-alors-que-loption-arabie-saoudite-souvre\/"},"modified":"2026-02-08T05:48:15","modified_gmt":"2026-02-08T04:48:15","slug":"lentraineur-chef-de-man-utd-michael-carrick-envisage-la-possibilite-dorganiser-des-matchs-amicaux-de-mi-saison-alors-que-loption-arabie-saoudite-souvre","status":"publish","type":"post","link":"https:\/\/footdavant.fr\/actualites\/lentraineur-chef-de-man-utd-michael-carrick-envisage-la-possibilite-dorganiser-des-matchs-amicaux-de-mi-saison-alors-que-loption-arabie-saoudite-souvre\/","title":{"rendered":"L&#39;entra\u00eeneur-chef de Man Utd, Michael Carrick, envisage la possibilit\u00e9 d&#39;organiser des matchs amicaux de mi-saison alors que l&#39;option Arabie Saoudite s&#39;ouvre"},"content":{"rendered":"<div itemprop=\"articleBody\">\n<p>L&#39;entra\u00eeneur-chef de Manchester United, Michael Carrick, a confirm\u00e9 que le club pourrait se rendre \u00e0 l&#39;\u00e9tranger pour participer \u00e0 quelques matchs amicaux de mi-saison.<\/p>\n<p>Les Red Devils sont absents d&#39;Europe cette saison et ont \u00e9galement \u00e9t\u00e9 \u00e9limin\u00e9s au troisi\u00e8me tour de la FA Cup par Brighton &#038; Hove Albion, ils ne joueront donc qu&#39;au football de Premier League d&#39;ici la fin de la campagne.<\/p>\n<p>Il y a eu d&#39;\u00e9normes sp\u00e9culations concernant d&#39;\u00e9ventuels matchs amicaux de mi-saison ces derniers temps, car des matches de ce type donneraient au club un \u00e9norme coup de pouce financier.<\/p>\n<p>De tels matches pourraient rapporter \u00e0 Man United jusqu&#39;\u00e0 5 millions de livres sterling par match, et Carrick a d\u00e9clar\u00e9 que les Red Devils exploraient des options potentielles.<\/p>\n<div>\n<div>\n<div>\n<div>\n<div>\n<p>\u00a9 Imago \/ Images de sports professionnels<\/p>\n<\/div>\n<\/div>\n<\/div>\n<\/div>\n<\/div>\n<h2>Man Utd pourrait se rendre en Arabie Saoudite pour des matchs amicaux de mi-saison<\/h2>\n<p>\u00ab\u00a0A ce stade, rien n&#39;est confirm\u00e9\u00a0\u00bb, a d\u00e9clar\u00e9 Carrick aux journalistes jeudi, alors que l&#39;\u00e9quipe se pr\u00e9parait pour le match de Premier League de samedi contre Tottenham Hotspur.<\/p>\n<p>\u00ab\u00a0Nous connaissons le calendrier et il y a certains espaces que nous pouvons utiliser de diff\u00e9rentes mani\u00e8res. Tout est en discussion pour le moment mais rien n&#39;est encore d\u00e9cid\u00e9. Cela pourrait arriver, cela pourrait ne pas arriver, nous verrons.\u00a0\u00bb<\/p>\n<p>Man United aura un intervalle de 11 jours entre ses matchs contre Newcastle United le 4 mars et Aston Villa le 15 mars, tandis qu&#39;il y aura un intervalle de 22 jours entre ses matchs contre Bournemouth (20 mars) et Leeds United (11 avril).<\/p>\n<p>Cela dit, il y aura une tr\u00eave internationale fin mars.<\/p>\n<p>Il existe des options pour Man United, et l\u2019Arabie Saoudite serait la destination la plus probable pour tout voyage de mi-saison.<\/p>\n<div>\n<div>\n<div>\n<div>\n<div><img decoding=\"async\" data-img-id=\"156797\" class=\"lazy\" loading=\"lazy\" src=\"https:\/\/footdavant.fr\/actualites\/wp-content\/uploads\/2026\/02\/1770526093_901_L39entraineur-chef-de-Man-Utd-Michael-Carrick-envisage-la-possibilite-d39organiser.webp\"\/><\/p>\n<p>\u00a9 Imago \/ Images de sports professionnels<\/p>\n<\/div>\n<\/div>\n<\/div>\n<\/div>\n<\/div>\n<h2>Les matchs amicaux de mi-saison seraient-ils b\u00e9n\u00e9fiques pour Man Utd ?<\/h2>\n<p>Le principal argument contre les matchs amicaux de mi-saison serait les blessures potentielles, car ce serait un coup dur si l&#39;un des joueurs cl\u00e9s souffrait de probl\u00e8mes de forme physique lors de matchs non comp\u00e9titifs.<\/p>\n<p>Cependant, Man United voyagerait avec une grande \u00e9quipe, et cela donnerait \u00e0 Carrick la chance de mettre des minutes dans les jambes de ceux qui en ont besoin.<\/p>\n<p>Un voyage pourrait \u00e9galement galvaniser l\u2019\u00e9quipe et constituer une exp\u00e9rience de rapprochement d\u2019\u00e9quipe, Man United recherchant une place parmi les quatre premiers du classement de la Premier League.<\/p>\n<\/div>\n","protected":false},"excerpt":{"rendered":"<p>L&#39;entra\u00eeneur-chef de Manchester United, Michael Carrick, a confirm\u00e9 que le club pourrait se rendre \u00e0 l&#39;\u00e9tranger pour participer \u00e0 quelques matchs amicaux de mi-saison. Les<\/p>\n","protected":false},"author":1,"featured_media":34266,"comment_status":"closed","ping_status":"","sticky":false,"template":"","format":"standard","meta":{"footnotes":""},"categories":[5],"tags":[318,5999,1624,5200,11469,12,496,6048,5057,24,688,1105,2024,1182,6110,1042,296],"yoast_head":"<!-- This site is optimized with the Yoast SEO plugin v21.0 - https:\/\/yoast.com\/wordpress\/plugins\/seo\/ -->\n<title>L&#039;entra\u00eeneur-chef de Man Utd, Michael Carrick, envisage la possibilit\u00e9 d&#039;organiser des matchs amicaux de mi-saison alors que l&#039;option Arabie Saoudite s&#039;ouvre<\/title>\n<meta name=\"robots\" content=\"index, follow, max-snippet:-1, max-image-preview:large, max-video-preview:-1\" \/>\n<link rel=\"canonical\" href=\"https:\/\/footdavant.fr\/actualites\/lentraineur-chef-de-man-utd-michael-carrick-envisage-la-possibilite-dorganiser-des-matchs-amicaux-de-mi-saison-alors-que-loption-arabie-saoudite-souvre\/\" \/>\n<meta property=\"og:locale\" content=\"fr_FR\" \/>\n<meta property=\"og:type\" content=\"article\" \/>\n<meta property=\"og:title\" content=\"L&#039;entra\u00eeneur-chef de Man Utd, Michael Carrick, envisage la possibilit\u00e9 d&#039;organiser des matchs amicaux de mi-saison alors que l&#039;option Arabie Saoudite s&#039;ouvre\" \/>\n<meta property=\"og:description\" content=\"L&#039;entra\u00eeneur-chef de Manchester United, Michael Carrick, a confirm\u00e9 que le club pourrait se rendre \u00e0 l&#039;\u00e9tranger pour participer \u00e0 quelques matchs amicaux de mi-saison. Les\" \/>\n<meta property=\"og:url\" content=\"https:\/\/footdavant.fr\/actualites\/lentraineur-chef-de-man-utd-michael-carrick-envisage-la-possibilite-dorganiser-des-matchs-amicaux-de-mi-saison-alors-que-loption-arabie-saoudite-souvre\/\" \/>\n<meta property=\"og:site_name\" content=\"Foot d&#039;avant\" \/>\n<meta property=\"article:publisher\" content=\"https:\/\/www.facebook.com\/Footdavant\/\" \/>\n<meta property=\"article:published_time\" content=\"2026-02-08T04:48:13+00:00\" \/>\n<meta property=\"article:modified_time\" content=\"2026-02-08T04:48:15+00:00\" \/>\n<meta property=\"og:image\" content=\"https:\/\/footdavant.fr\/actualites\/wp-content\/uploads\/2026\/02\/L39entraineur-chef-de-Man-Utd-Michael-Carrick-envisage-la-possibilite-d39organiser.net2Fuploads2F20262F012Farne-slot-mo-sal.webp\" \/>\n\t<meta property=\"og:image:width\" content=\"720\" \/>\n\t<meta property=\"og:image:height\" content=\"410\" \/>\n\t<meta property=\"og:image:type\" content=\"image\/webp\" \/>\n<meta name=\"author\" content=\"Cl\u00e9ment\" \/>\n<meta name=\"twitter:card\" content=\"summary_large_image\" \/>\n<meta name=\"twitter:creator\" content=\"@FootdavantFr\" \/>\n<meta name=\"twitter:site\" content=\"@FootdavantFr\" \/>\n<meta name=\"twitter:label1\" content=\"\u00c9crit par\" \/>\n\t<meta name=\"twitter:data1\" content=\"Cl\u00e9ment\" \/>\n\t<meta name=\"twitter:label2\" content=\"Dur\u00e9e de lecture estim\u00e9e\" \/>\n\t<meta name=\"twitter:data2\" content=\"2 minutes\" \/>\n<script type=\"application\/ld+json\" class=\"yoast-schema-graph\">{\"@context\":\"https:\/\/schema.org\",\"@graph\":[{\"@type\":\"Article\",\"@id\":\"https:\/\/footdavant.fr\/actualites\/lentraineur-chef-de-man-utd-michael-carrick-envisage-la-possibilite-dorganiser-des-matchs-amicaux-de-mi-saison-alors-que-loption-arabie-saoudite-souvre\/#article\",\"isPartOf\":{\"@id\":\"https:\/\/footdavant.fr\/actualites\/lentraineur-chef-de-man-utd-michael-carrick-envisage-la-possibilite-dorganiser-des-matchs-amicaux-de-mi-saison-alors-que-loption-arabie-saoudite-souvre\/\"},\"author\":{\"name\":\"Cl\u00e9ment\",\"@id\":\"https:\/\/footdavant.fr\/actualites\/#\/schema\/person\/bc222566d95871b37e597b3ed3ba5e1d\"},\"headline\":\"L&#39;entra\u00eeneur-chef de Man Utd, Michael Carrick, envisage la possibilit\u00e9 d&#39;organiser des matchs amicaux de mi-saison alors que l&#39;option Arabie Saoudite s&#39;ouvre\",\"datePublished\":\"2026-02-08T04:48:13+00:00\",\"dateModified\":\"2026-02-08T04:48:15+00:00\",\"mainEntityOfPage\":{\"@id\":\"https:\/\/footdavant.fr\/actualites\/lentraineur-chef-de-man-utd-michael-carrick-envisage-la-possibilite-dorganiser-des-matchs-amicaux-de-mi-saison-alors-que-loption-arabie-saoudite-souvre\/\"},\"wordCount\":435,\"publisher\":{\"@id\":\"https:\/\/footdavant.fr\/actualites\/#organization\"},\"keywords\":[\"alors\",\"amicaux\",\"Arabie\",\"Carrick\",\"d39organiser\",\"des\",\"envisage\",\"L39entra\u00eeneurchef\",\"l39option\",\"Man\",\"matchs\",\"Michael\",\"misaison\",\"possibilit\u00e9\",\"s39ouvre\",\"Saoudite\",\"Utd\"],\"articleSection\":[\"Premier League\"],\"inLanguage\":\"fr-FR\"},{\"@type\":\"WebPage\",\"@id\":\"https:\/\/footdavant.fr\/actualites\/lentraineur-chef-de-man-utd-michael-carrick-envisage-la-possibilite-dorganiser-des-matchs-amicaux-de-mi-saison-alors-que-loption-arabie-saoudite-souvre\/\",\"url\":\"https:\/\/footdavant.fr\/actualites\/lentraineur-chef-de-man-utd-michael-carrick-envisage-la-possibilite-dorganiser-des-matchs-amicaux-de-mi-saison-alors-que-loption-arabie-saoudite-souvre\/\",\"name\":\"L&#39;entra\u00eeneur-chef de Man Utd, Michael Carrick, envisage la possibilit\u00e9 d&#39;organiser des matchs amicaux de mi-saison alors que l&#39;option Arabie Saoudite s&#39;ouvre\",\"isPartOf\":{\"@id\":\"https:\/\/footdavant.fr\/actualites\/#website\"},\"datePublished\":\"2026-02-08T04:48:13+00:00\",\"dateModified\":\"2026-02-08T04:48:15+00:00\",\"breadcrumb\":{\"@id\":\"https:\/\/footdavant.fr\/actualites\/lentraineur-chef-de-man-utd-michael-carrick-envisage-la-possibilite-dorganiser-des-matchs-amicaux-de-mi-saison-alors-que-loption-arabie-saoudite-souvre\/#breadcrumb\"},\"inLanguage\":\"fr-FR\",\"potentialAction\":[{\"@type\":\"ReadAction\",\"target\":[\"https:\/\/footdavant.fr\/actualites\/lentraineur-chef-de-man-utd-michael-carrick-envisage-la-possibilite-dorganiser-des-matchs-amicaux-de-mi-saison-alors-que-loption-arabie-saoudite-souvre\/\"]}]},{\"@type\":\"BreadcrumbList\",\"@id\":\"https:\/\/footdavant.fr\/actualites\/lentraineur-chef-de-man-utd-michael-carrick-envisage-la-possibilite-dorganiser-des-matchs-amicaux-de-mi-saison-alors-que-loption-arabie-saoudite-souvre\/#breadcrumb\",\"itemListElement\":[{\"@type\":\"ListItem\",\"position\":1,\"name\":\"Accueil\",\"item\":\"https:\/\/footdavant.fr\/actualites\/\"},{\"@type\":\"ListItem\",\"position\":2,\"name\":\"L&#39;entra\u00eeneur-chef de Man Utd, Michael Carrick, envisage la possibilit\u00e9 d&#39;organiser des matchs amicaux de mi-saison alors que l&#39;option Arabie Saoudite s&#39;ouvre\"}]},{\"@type\":\"WebSite\",\"@id\":\"https:\/\/footdavant.fr\/actualites\/#website\",\"url\":\"https:\/\/footdavant.fr\/actualites\/\",\"name\":\"Foot d'avant\",\"description\":\"\",\"publisher\":{\"@id\":\"https:\/\/footdavant.fr\/actualites\/#organization\"},\"potentialAction\":[{\"@type\":\"SearchAction\",\"target\":{\"@type\":\"EntryPoint\",\"urlTemplate\":\"https:\/\/footdavant.fr\/actualites\/?s={search_term_string}\"},\"query-input\":\"required name=search_term_string\"}],\"inLanguage\":\"fr-FR\"},{\"@type\":\"Organization\",\"@id\":\"https:\/\/footdavant.fr\/actualites\/#organization\",\"name\":\"Foot d'avant\",\"url\":\"https:\/\/footdavant.fr\/actualites\/\",\"logo\":{\"@type\":\"ImageObject\",\"inLanguage\":\"fr-FR\",\"@id\":\"https:\/\/footdavant.fr\/actualites\/#\/schema\/logo\/image\/\",\"url\":\"https:\/\/footdavant.fr\/actualites\/wp-content\/uploads\/2023\/09\/Copy-of-FootDavant-Logo.png\",\"contentUrl\":\"https:\/\/footdavant.fr\/actualites\/wp-content\/uploads\/2023\/09\/Copy-of-FootDavant-Logo.png\",\"width\":936,\"height\":549,\"caption\":\"Foot d'avant\"},\"image\":{\"@id\":\"https:\/\/footdavant.fr\/actualites\/#\/schema\/logo\/image\/\"},\"sameAs\":[\"https:\/\/www.facebook.com\/Footdavant\/\",\"https:\/\/twitter.com\/FootdavantFr\",\"https:\/\/www.instagram.com\/footdavant.fr\/\"]},{\"@type\":\"Person\",\"@id\":\"https:\/\/footdavant.fr\/actualites\/#\/schema\/person\/bc222566d95871b37e597b3ed3ba5e1d\",\"name\":\"Cl\u00e9ment\",\"image\":{\"@type\":\"ImageObject\",\"inLanguage\":\"fr-FR\",\"@id\":\"https:\/\/footdavant.fr\/actualites\/#\/schema\/person\/image\/\",\"url\":\"https:\/\/secure.gravatar.com\/avatar\/7728b29aac2719421e1a9159b2254c44?s=96&d=mm&r=g\",\"contentUrl\":\"https:\/\/secure.gravatar.com\/avatar\/7728b29aac2719421e1a9159b2254c44?s=96&d=mm&r=g\",\"caption\":\"Cl\u00e9ment\"},\"sameAs\":[\"https:\/\/footdavant.fr\/\"]}]}<\/script>\n<!-- \/ Yoast SEO plugin. -->","yoast_head_json":{"title":"L&#39;entra\u00eeneur-chef de Man Utd, Michael Carrick, envisage la possibilit\u00e9 d&#39;organiser des matchs amicaux de mi-saison alors que l&#39;option Arabie Saoudite s&#39;ouvre","robots":{"index":"index","follow":"follow","max-snippet":"max-snippet:-1","max-image-preview":"max-image-preview:large","max-video-preview":"max-video-preview:-1"},"canonical":"https:\/\/footdavant.fr\/actualites\/lentraineur-chef-de-man-utd-michael-carrick-envisage-la-possibilite-dorganiser-des-matchs-amicaux-de-mi-saison-alors-que-loption-arabie-saoudite-souvre\/","og_locale":"fr_FR","og_type":"article","og_title":"L&#39;entra\u00eeneur-chef de Man Utd, Michael Carrick, envisage la possibilit\u00e9 d&#39;organiser des matchs amicaux de mi-saison alors que l&#39;option Arabie Saoudite s&#39;ouvre","og_description":"L&#39;entra\u00eeneur-chef de Manchester United, Michael Carrick, a confirm\u00e9 que le club pourrait se rendre \u00e0 l&#39;\u00e9tranger pour participer \u00e0 quelques matchs amicaux de mi-saison. Les","og_url":"https:\/\/footdavant.fr\/actualites\/lentraineur-chef-de-man-utd-michael-carrick-envisage-la-possibilite-dorganiser-des-matchs-amicaux-de-mi-saison-alors-que-loption-arabie-saoudite-souvre\/","og_site_name":"Foot d&#039;avant","article_publisher":"https:\/\/www.facebook.com\/Footdavant\/","article_published_time":"2026-02-08T04:48:13+00:00","article_modified_time":"2026-02-08T04:48:15+00:00","og_image":[{"width":720,"height":410,"url":"https:\/\/footdavant.fr\/actualites\/wp-content\/uploads\/2026\/02\/L39entraineur-chef-de-Man-Utd-Michael-Carrick-envisage-la-possibilite-d39organiser.net2Fuploads2F20262F012Farne-slot-mo-sal.webp","type":"image\/webp"}],"author":"Cl\u00e9ment","twitter_card":"summary_large_image","twitter_creator":"@FootdavantFr","twitter_site":"@FootdavantFr","twitter_misc":{"\u00c9crit par":"Cl\u00e9ment","Dur\u00e9e de lecture estim\u00e9e":"2 minutes"},"schema":{"@context":"https:\/\/schema.org","@graph":[{"@type":"Article","@id":"https:\/\/footdavant.fr\/actualites\/lentraineur-chef-de-man-utd-michael-carrick-envisage-la-possibilite-dorganiser-des-matchs-amicaux-de-mi-saison-alors-que-loption-arabie-saoudite-souvre\/#article","isPartOf":{"@id":"https:\/\/footdavant.fr\/actualites\/lentraineur-chef-de-man-utd-michael-carrick-envisage-la-possibilite-dorganiser-des-matchs-amicaux-de-mi-saison-alors-que-loption-arabie-saoudite-souvre\/"},"author":{"name":"Cl\u00e9ment","@id":"https:\/\/footdavant.fr\/actualites\/#\/schema\/person\/bc222566d95871b37e597b3ed3ba5e1d"},"headline":"L&#39;entra\u00eeneur-chef de Man Utd, Michael Carrick, envisage la possibilit\u00e9 d&#39;organiser des matchs amicaux de mi-saison alors que l&#39;option Arabie Saoudite s&#39;ouvre","datePublished":"2026-02-08T04:48:13+00:00","dateModified":"2026-02-08T04:48:15+00:00","mainEntityOfPage":{"@id":"https:\/\/footdavant.fr\/actualites\/lentraineur-chef-de-man-utd-michael-carrick-envisage-la-possibilite-dorganiser-des-matchs-amicaux-de-mi-saison-alors-que-loption-arabie-saoudite-souvre\/"},"wordCount":435,"publisher":{"@id":"https:\/\/footdavant.fr\/actualites\/#organization"},"keywords":["alors","amicaux","Arabie","Carrick","d39organiser","des","envisage","L39entra\u00eeneurchef","l39option","Man","matchs","Michael","misaison","possibilit\u00e9","s39ouvre","Saoudite","Utd"],"articleSection":["Premier League"],"inLanguage":"fr-FR"},{"@type":"WebPage","@id":"https:\/\/footdavant.fr\/actualites\/lentraineur-chef-de-man-utd-michael-carrick-envisage-la-possibilite-dorganiser-des-matchs-amicaux-de-mi-saison-alors-que-loption-arabie-saoudite-souvre\/","url":"https:\/\/footdavant.fr\/actualites\/lentraineur-chef-de-man-utd-michael-carrick-envisage-la-possibilite-dorganiser-des-matchs-amicaux-de-mi-saison-alors-que-loption-arabie-saoudite-souvre\/","name":"L&#39;entra\u00eeneur-chef de Man Utd, Michael Carrick, envisage la possibilit\u00e9 d&#39;organiser des matchs amicaux de mi-saison alors que l&#39;option Arabie Saoudite s&#39;ouvre","isPartOf":{"@id":"https:\/\/footdavant.fr\/actualites\/#website"},"datePublished":"2026-02-08T04:48:13+00:00","dateModified":"2026-02-08T04:48:15+00:00","breadcrumb":{"@id":"https:\/\/footdavant.fr\/actualites\/lentraineur-chef-de-man-utd-michael-carrick-envisage-la-possibilite-dorganiser-des-matchs-amicaux-de-mi-saison-alors-que-loption-arabie-saoudite-souvre\/#breadcrumb"},"inLanguage":"fr-FR","potentialAction":[{"@type":"ReadAction","target":["https:\/\/footdavant.fr\/actualites\/lentraineur-chef-de-man-utd-michael-carrick-envisage-la-possibilite-dorganiser-des-matchs-amicaux-de-mi-saison-alors-que-loption-arabie-saoudite-souvre\/"]}]},{"@type":"BreadcrumbList","@id":"https:\/\/footdavant.fr\/actualites\/lentraineur-chef-de-man-utd-michael-carrick-envisage-la-possibilite-dorganiser-des-matchs-amicaux-de-mi-saison-alors-que-loption-arabie-saoudite-souvre\/#breadcrumb","itemListElement":[{"@type":"ListItem","position":1,"name":"Accueil","item":"https:\/\/footdavant.fr\/actualites\/"},{"@type":"ListItem","position":2,"name":"L&#39;entra\u00eeneur-chef de Man Utd, Michael Carrick, envisage la possibilit\u00e9 d&#39;organiser des matchs amicaux de mi-saison alors que l&#39;option Arabie Saoudite s&#39;ouvre"}]},{"@type":"WebSite","@id":"https:\/\/footdavant.fr\/actualites\/#website","url":"https:\/\/footdavant.fr\/actualites\/","name":"Foot d'avant","description":"","publisher":{"@id":"https:\/\/footdavant.fr\/actualites\/#organization"},"potentialAction":[{"@type":"SearchAction","target":{"@type":"EntryPoint","urlTemplate":"https:\/\/footdavant.fr\/actualites\/?s={search_term_string}"},"query-input":"required name=search_term_string"}],"inLanguage":"fr-FR"},{"@type":"Organization","@id":"https:\/\/footdavant.fr\/actualites\/#organization","name":"Foot d'avant","url":"https:\/\/footdavant.fr\/actualites\/","logo":{"@type":"ImageObject","inLanguage":"fr-FR","@id":"https:\/\/footdavant.fr\/actualites\/#\/schema\/logo\/image\/","url":"https:\/\/footdavant.fr\/actualites\/wp-content\/uploads\/2023\/09\/Copy-of-FootDavant-Logo.png","contentUrl":"https:\/\/footdavant.fr\/actualites\/wp-content\/uploads\/2023\/09\/Copy-of-FootDavant-Logo.png","width":936,"height":549,"caption":"Foot d'avant"},"image":{"@id":"https:\/\/footdavant.fr\/actualites\/#\/schema\/logo\/image\/"},"sameAs":["https:\/\/www.facebook.com\/Footdavant\/","https:\/\/twitter.com\/FootdavantFr","https:\/\/www.instagram.com\/footdavant.fr\/"]},{"@type":"Person","@id":"https:\/\/footdavant.fr\/actualites\/#\/schema\/person\/bc222566d95871b37e597b3ed3ba5e1d","name":"Cl\u00e9ment","image":{"@type":"ImageObject","inLanguage":"fr-FR","@id":"https:\/\/footdavant.fr\/actualites\/#\/schema\/person\/image\/","url":"https:\/\/secure.gravatar.com\/avatar\/7728b29aac2719421e1a9159b2254c44?s=96&d=mm&r=g","contentUrl":"https:\/\/secure.gravatar.com\/avatar\/7728b29aac2719421e1a9159b2254c44?s=96&d=mm&r=g","caption":"Cl\u00e9ment"},"sameAs":["https:\/\/footdavant.fr\/"]}]}},"_links":{"self":[{"href":"https:\/\/footdavant.fr\/actualites\/wp-json\/wp\/v2\/posts\/34265"}],"collection":[{"href":"https:\/\/footdavant.fr\/actualites\/wp-json\/wp\/v2\/posts"}],"about":[{"href":"https:\/\/footdavant.fr\/actualites\/wp-json\/wp\/v2\/types\/post"}],"author":[{"embeddable":true,"href":"https:\/\/footdavant.fr\/actualites\/wp-json\/wp\/v2\/users\/1"}],"replies":[{"embeddable":true,"href":"https:\/\/footdavant.fr\/actualites\/wp-json\/wp\/v2\/comments?post=34265"}],"version-history":[{"count":1,"href":"https:\/\/footdavant.fr\/actualites\/wp-json\/wp\/v2\/posts\/34265\/revisions"}],"predecessor-version":[{"id":34267,"href":"https:\/\/footdavant.fr\/actualites\/wp-json\/wp\/v2\/posts\/34265\/revisions\/34267"}],"wp:featuredmedia":[{"embeddable":true,"href":"https:\/\/footdavant.fr\/actualites\/wp-json\/wp\/v2\/media\/34266"}],"wp:attachment":[{"href":"https:\/\/footdavant.fr\/actualites\/wp-json\/wp\/v2\/media?parent=34265"}],"wp:term":[{"taxonomy":"category","embeddable":true,"href":"https:\/\/footdavant.fr\/actualites\/wp-json\/wp\/v2\/categories?post=34265"},{"taxonomy":"post_tag","embeddable":true,"href":"https:\/\/footdavant.fr\/actualites\/wp-json\/wp\/v2\/tags?post=34265"}],"curies":[{"name":"wp","href":"https:\/\/api.w.org\/{rel}","templated":true}]}}