{"id":34268,"date":"2026-02-08T07:48:06","date_gmt":"2026-02-08T06:48:06","guid":{"rendered":"https:\/\/footdavant.fr\/actualites\/he-ces-choses-ne-sappliquent-pas-a-nous\/"},"modified":"2026-02-08T07:48:08","modified_gmt":"2026-02-08T06:48:08","slug":"he-ces-choses-ne-sappliquent-pas-a-nous","status":"publish","type":"post","link":"https:\/\/footdavant.fr\/actualites\/he-ces-choses-ne-sappliquent-pas-a-nous\/","title":{"rendered":"H\u00e9, ces choses ne s&#39;appliquent pas \u00e0 *nous*\u00a0!"},"content":{"rendered":"<div>\n<p>Bonjour \u00e0 tous.<\/p>\n<p>Nous savons maintenant que ce sera Man City en finale de la Coupe Carabao apr\u00e8s avoir battu Newcastle 3-1 hier soir, ce qui en fait une victoire de 5-1 au total sur les deux matches. J&#39;allais en regarder un peu, mais quand je l&#39;ai allum\u00e9, c&#39;\u00e9tait d\u00e9j\u00e0 1-0 et puis je ne pouvais tout simplement pas \u00eatre en col\u00e8re, alors j&#39;ai jou\u00e9 \u00e0 Arc Raiders sur PS5 pendant un moment.<\/p>\n<p>Je m&#39;attendais vraiment \u00e0 ce que City gagne, donc ce n&#39;est pas une surprise, et cela signifie que nous les affronterons en finale en mars et en Premier League en avril. Je pense qu&#39;il est \u00e9galement possible que nous les affrontions en Ligue des champions, en fonction du r\u00e9sultat du tirage au sort, donc si vous en avez d\u00e9j\u00e0 marre d&#39;eux, vous devrez peut-\u00eatre vous faire prescrire du Pepto-Bismol. Dynamisme. Gettit? D\u00e9sol\u00e9.<\/p>\n<p>Il est assez dr\u00f4le de voir Guardiola se plaindre du fait que Marc Guehi, ex-aequo parce qu&#39;il a jou\u00e9 dans cette comp\u00e9tition plus t\u00f4t dans la saison et ne les a pas rejoints dans la fen\u00eatre o\u00f9 il aurait pu \u00eatre ajout\u00e9 \u00e0 l&#39;\u00e9quipe, ne sera pas disponible. Ils parlent m\u00eame d&#39;un appel :<\/p>\n<blockquote>\n<p>Esp\u00e9rons que nous pourrons convaincre la Coupe Carabao que Marc peut jouer la finale. Parce que c&#39;est difficile de comprendre que le club fasse un gros investissement pour prendre un joueur, il nous appartient et je ne comprends pas pourquoi il ne peut pas jouer la finale. Honn\u00eatement.<\/p>\n<p>Je ne comprends pas pourquoi il n&#39;a pas pu jouer aujourd&#39;hui et en finale dans deux mois, bien s\u00fbr on va lui demander s&#39;il peut jouer, c&#39;est de la pure logique. Pourquoi ne devrait-il pas jouer ? Pourquoi pas? On paie son salaire, on l&#39;embauche, c&#39;est notre joueur, pourquoi ne jouerait-il pas ?<\/p>\n<\/blockquote>\n<p>C&#39;est difficile, je sais, mais il existe un livre vraiment utile, disponible un peu partout, qui l&#39;explique assez clairement. C&#39;est aussi tr\u00e8s pratique pour rechercher des informations, car elles sont organis\u00e9es par ordre alphab\u00e9tique. Alors, Pep, sors ton dictionnaire, dirige-toi vers la section \u00ab\u00a0R\u00a0\u00bb et cherche \u00ab\u00a0r\u00e8gle\u00a0\u00bb\u00a0:<\/p>\n<h4><span class=\"hg x_xh0\"><span class=\"hw\" role=\"text\">r\u00e8gle <\/span><span class=\"prx\">| <span class=\"ph t_IPA\">ru\u02d0l<\/span> | <\/span><\/span><\/h4>\n<p><span class=\"sg\"><span id=\"m_en_gbus0887970.006\" class=\"se1 x_xd0\"><\/span><\/span><\/p>\n<p><span class=\"sg\"><span id=\"m_en_gbus0887970.006\" class=\"se1 x_xd0\"><span id=\"m_en_gbus0887970.007\" class=\"se2 x_xd1 hasSn\"><span id=\"m_en_gbus0887970.008\" class=\"msDict x_xd1sub t_first\"><span style=\"color: #808080;\"><\/span><span class=\"gp tg_df\" role=\"text\">: <\/span><span class=\"eg\" role=\"text\"><span class=\"gp tg_eg\">.<\/span><\/span><\/span><\/span><\/span><\/span><\/p>\n<p>Je sais, il est difficile d&#39;imaginer Man City penser qu&#39;un ensemble de r\u00e8gles ou de r\u00e9glementations \u00e9tablies de longue date pourrait les appliquer ! J&#39;arrive \u00e0 peine \u00e0 comprendre. Man City, lorsqu&#39;ils ont d\u00e9pens\u00e9 de l&#39;argent pour Marc Guehi en janvier, ont parfaitement compris qu&#39;il ne serait pas autoris\u00e9 \u00e0 jouer la Coupe Carabao. Ils n\u2019ont pas soulev\u00e9 cette question \u00e0 ce moment-l\u00e0, ils le savaient bien, mais ont quand m\u00eame d\u00e9cid\u00e9 de d\u00e9penser de l\u2019argent.<\/p>\n<p>En g\u00e9n\u00e9ral, il y a probablement lieu de faire valoir qu&#39;un joueur qui rejoint un autre club devrait probablement \u00eatre autoris\u00e9 \u00e0 jouer dans n&#39;importe quelle comp\u00e9tition dans laquelle ce club est impliqu\u00e9, quelles que soient ses apparitions pr\u00e9c\u00e9dentes, mais si Pep et Man City \u00e9taient si pr\u00e9occup\u00e9s par le potentiel pour l&#39;un de leurs joueurs d&#39;\u00eatre impact\u00e9 par cela, ils auraient pu faire pression pour un changement de r\u00e8gle depuis des ann\u00e9es. Pas seulement quand cela leur convient.<\/p>\n<p>Arsenal en a fait l\u2019exp\u00e9rience dans le pass\u00e9. En janvier 2018, alors que nous avons d\u00e9pens\u00e9 deux fois plus pour Pierre-Emerick Aubameyang que City pour Guehi, il n&#39;a pas \u00e9t\u00e9 autoris\u00e9 \u00e0 jouer en Ligue Europa, apr\u00e8s avoir d\u00e9j\u00e0 jou\u00e9 pour le Borussia Dortmund en Ligue des champions \u2013 une comp\u00e9tition europ\u00e9enne \u00e0 part enti\u00e8re. Mais vous savez, les r\u00e8gles restent les r\u00e8gles. C&#39;\u00e9tait dommage, peut-\u00eatre qu&#39;il aurait pu marquer un ou deux buts en cours de route qui auraient pu nous aider \u00e0 atteindre la finale, mais nous le savions lorsque nous l&#39;avons recrut\u00e9. Les r\u00e8gles ont chang\u00e9 depuis, je pense, il y a donc un pr\u00e9c\u00e9dent pour Man City, un club dont nous savons tous que la protection de l&#39;int\u00e9grit\u00e9 du grand jeu de football est l&#39;un de ses principaux principes.<\/p>\n<p>Qu\u2019ils portent un coup dur pour tous les Marc Gu\u00e9his du futur, le footballeur opprim\u00e9 qui gagne des centaines de milliers de livres par semaine et qui s\u2019est retrouv\u00e9 exclu, sans que ce soit de sa faute, par un accord lucratif et un ensemble de circonstances qui pourraient s\u2019appliquer \u00e0 0,00000001% des joueurs professionnels dans leur carri\u00e8re. Je pense que nous pouvons tous sympathiser. Combattez le bon combat, hein ?<\/p>\n<p>Des branleurs.<\/p>\n<p>Au-del\u00e0 de cela, la journ\u00e9e d\u2019aujourd\u2019hui semble \u00eatre une sorte de journ\u00e9e calme. Le jour o\u00f9 nous avons fait notre travail en milieu de semaine, nous n&#39;avons pas encore besoin de commencer \u00e0 anticiper le samedi. Un r\u00e9pit rare face aux pressions de cette saison. Je pense que je pourrais pr\u00e9parer de la p\u00e2te \u00e0 pizza avant le week-end. Je devrais probablement ranger un peu mon bureau. Il y a quelques e-mails auxquels je dois r\u00e9pondre, et demain nous pourrons tout reprendre.<\/p>\n<p>Comme toujours, merci d&#39;\u00eatre ici, les amis. C&#39;est toujours tr\u00e8s appr\u00e9ci\u00e9. L&#39;Arsecast d&#39;hier est ci-dessous si vous n&#39;avez pas encore eu l&#39;occasion de l&#39;\u00e9couter. A demain !<\/p>\n<p><iframe loading=\"lazy\" src=\"https:\/\/embed.acast.com\/a1a58121-6fb4-43cf-8156-8d6df6fc312f\/698336cdc786a089de23adc2\" width=\"100%\" height=\"300px\" frameborder=\"0\"><\/iframe><\/p>\n<\/div>\n","protected":false},"excerpt":{"rendered":"<p>Bonjour \u00e0 tous. Nous savons maintenant que ce sera Man City en finale de la Coupe Carabao apr\u00e8s avoir battu Newcastle 3-1 hier soir, ce<\/p>\n","protected":false},"author":1,"featured_media":34269,"comment_status":"closed","ping_status":"","sticky":false,"template":"","format":"standard","meta":{"footnotes":""},"categories":[3],"tags":[1733,643,10183,762,71,11470],"yoast_head":"<!-- This site is optimized with the Yoast SEO plugin v21.0 - https:\/\/yoast.com\/wordpress\/plugins\/seo\/ -->\n<title>H\u00e9, ces choses ne s&#039;appliquent pas \u00e0 *nous*\u00a0!<\/title>\n<meta name=\"robots\" content=\"index, follow, max-snippet:-1, max-image-preview:large, max-video-preview:-1\" \/>\n<link rel=\"canonical\" href=\"https:\/\/footdavant.fr\/actualites\/he-ces-choses-ne-sappliquent-pas-a-nous\/\" \/>\n<meta property=\"og:locale\" content=\"fr_FR\" \/>\n<meta property=\"og:type\" content=\"article\" \/>\n<meta property=\"og:title\" content=\"H\u00e9, ces choses ne s&#039;appliquent pas \u00e0 *nous*\u00a0!\" \/>\n<meta property=\"og:description\" content=\"Bonjour \u00e0 tous. Nous savons maintenant que ce sera Man City en finale de la Coupe Carabao apr\u00e8s avoir battu Newcastle 3-1 hier soir, ce\" \/>\n<meta property=\"og:url\" content=\"https:\/\/footdavant.fr\/actualites\/he-ces-choses-ne-sappliquent-pas-a-nous\/\" \/>\n<meta property=\"og:site_name\" content=\"Foot d&#039;avant\" \/>\n<meta property=\"article:publisher\" content=\"https:\/\/www.facebook.com\/Footdavant\/\" \/>\n<meta property=\"article:published_time\" content=\"2026-02-08T06:48:06+00:00\" \/>\n<meta property=\"article:modified_time\" content=\"2026-02-08T06:48:08+00:00\" \/>\n<meta property=\"og:image\" content=\"https:\/\/footdavant.fr\/actualites\/wp-content\/uploads\/2026\/02\/He-ces-choses-ne-s39appliquent-pas-a-nous.jpg\" \/>\n\t<meta property=\"og:image:width\" content=\"1500\" \/>\n\t<meta property=\"og:image:height\" content=\"750\" \/>\n\t<meta property=\"og:image:type\" content=\"image\/jpeg\" \/>\n<meta name=\"author\" content=\"Cl\u00e9ment\" \/>\n<meta name=\"twitter:card\" content=\"summary_large_image\" \/>\n<meta name=\"twitter:creator\" content=\"@FootdavantFr\" \/>\n<meta name=\"twitter:site\" content=\"@FootdavantFr\" \/>\n<meta name=\"twitter:label1\" content=\"\u00c9crit par\" \/>\n\t<meta name=\"twitter:data1\" content=\"Cl\u00e9ment\" \/>\n\t<meta name=\"twitter:label2\" content=\"Dur\u00e9e de lecture estim\u00e9e\" \/>\n\t<meta name=\"twitter:data2\" content=\"5 minutes\" \/>\n<script type=\"application\/ld+json\" class=\"yoast-schema-graph\">{\"@context\":\"https:\/\/schema.org\",\"@graph\":[{\"@type\":\"Article\",\"@id\":\"https:\/\/footdavant.fr\/actualites\/he-ces-choses-ne-sappliquent-pas-a-nous\/#article\",\"isPartOf\":{\"@id\":\"https:\/\/footdavant.fr\/actualites\/he-ces-choses-ne-sappliquent-pas-a-nous\/\"},\"author\":{\"name\":\"Cl\u00e9ment\",\"@id\":\"https:\/\/footdavant.fr\/actualites\/#\/schema\/person\/bc222566d95871b37e597b3ed3ba5e1d\"},\"headline\":\"H\u00e9, ces choses ne s&#39;appliquent pas \u00e0 *nous*\u00a0!\",\"datePublished\":\"2026-02-08T06:48:06+00:00\",\"dateModified\":\"2026-02-08T06:48:08+00:00\",\"mainEntityOfPage\":{\"@id\":\"https:\/\/footdavant.fr\/actualites\/he-ces-choses-ne-sappliquent-pas-a-nous\/\"},\"wordCount\":915,\"publisher\":{\"@id\":\"https:\/\/footdavant.fr\/actualites\/#organization\"},\"keywords\":[\"ces\",\"choses\",\"H\u00e9\",\"nous\",\"pas\",\"s39appliquent\"],\"articleSection\":[\"Football\"],\"inLanguage\":\"fr-FR\"},{\"@type\":\"WebPage\",\"@id\":\"https:\/\/footdavant.fr\/actualites\/he-ces-choses-ne-sappliquent-pas-a-nous\/\",\"url\":\"https:\/\/footdavant.fr\/actualites\/he-ces-choses-ne-sappliquent-pas-a-nous\/\",\"name\":\"H\u00e9, ces choses ne s&#39;appliquent pas \u00e0 *nous*\u00a0!\",\"isPartOf\":{\"@id\":\"https:\/\/footdavant.fr\/actualites\/#website\"},\"datePublished\":\"2026-02-08T06:48:06+00:00\",\"dateModified\":\"2026-02-08T06:48:08+00:00\",\"breadcrumb\":{\"@id\":\"https:\/\/footdavant.fr\/actualites\/he-ces-choses-ne-sappliquent-pas-a-nous\/#breadcrumb\"},\"inLanguage\":\"fr-FR\",\"potentialAction\":[{\"@type\":\"ReadAction\",\"target\":[\"https:\/\/footdavant.fr\/actualites\/he-ces-choses-ne-sappliquent-pas-a-nous\/\"]}]},{\"@type\":\"BreadcrumbList\",\"@id\":\"https:\/\/footdavant.fr\/actualites\/he-ces-choses-ne-sappliquent-pas-a-nous\/#breadcrumb\",\"itemListElement\":[{\"@type\":\"ListItem\",\"position\":1,\"name\":\"Accueil\",\"item\":\"https:\/\/footdavant.fr\/actualites\/\"},{\"@type\":\"ListItem\",\"position\":2,\"name\":\"H\u00e9, ces choses ne s&#39;appliquent pas \u00e0 *nous*\u00a0!\"}]},{\"@type\":\"WebSite\",\"@id\":\"https:\/\/footdavant.fr\/actualites\/#website\",\"url\":\"https:\/\/footdavant.fr\/actualites\/\",\"name\":\"Foot d'avant\",\"description\":\"\",\"publisher\":{\"@id\":\"https:\/\/footdavant.fr\/actualites\/#organization\"},\"potentialAction\":[{\"@type\":\"SearchAction\",\"target\":{\"@type\":\"EntryPoint\",\"urlTemplate\":\"https:\/\/footdavant.fr\/actualites\/?s={search_term_string}\"},\"query-input\":\"required name=search_term_string\"}],\"inLanguage\":\"fr-FR\"},{\"@type\":\"Organization\",\"@id\":\"https:\/\/footdavant.fr\/actualites\/#organization\",\"name\":\"Foot d'avant\",\"url\":\"https:\/\/footdavant.fr\/actualites\/\",\"logo\":{\"@type\":\"ImageObject\",\"inLanguage\":\"fr-FR\",\"@id\":\"https:\/\/footdavant.fr\/actualites\/#\/schema\/logo\/image\/\",\"url\":\"https:\/\/footdavant.fr\/actualites\/wp-content\/uploads\/2023\/09\/Copy-of-FootDavant-Logo.png\",\"contentUrl\":\"https:\/\/footdavant.fr\/actualites\/wp-content\/uploads\/2023\/09\/Copy-of-FootDavant-Logo.png\",\"width\":936,\"height\":549,\"caption\":\"Foot d'avant\"},\"image\":{\"@id\":\"https:\/\/footdavant.fr\/actualites\/#\/schema\/logo\/image\/\"},\"sameAs\":[\"https:\/\/www.facebook.com\/Footdavant\/\",\"https:\/\/twitter.com\/FootdavantFr\",\"https:\/\/www.instagram.com\/footdavant.fr\/\"]},{\"@type\":\"Person\",\"@id\":\"https:\/\/footdavant.fr\/actualites\/#\/schema\/person\/bc222566d95871b37e597b3ed3ba5e1d\",\"name\":\"Cl\u00e9ment\",\"image\":{\"@type\":\"ImageObject\",\"inLanguage\":\"fr-FR\",\"@id\":\"https:\/\/footdavant.fr\/actualites\/#\/schema\/person\/image\/\",\"url\":\"https:\/\/secure.gravatar.com\/avatar\/7728b29aac2719421e1a9159b2254c44?s=96&d=mm&r=g\",\"contentUrl\":\"https:\/\/secure.gravatar.com\/avatar\/7728b29aac2719421e1a9159b2254c44?s=96&d=mm&r=g\",\"caption\":\"Cl\u00e9ment\"},\"sameAs\":[\"https:\/\/footdavant.fr\/\"]}]}<\/script>\n<!-- \/ Yoast SEO plugin. -->","yoast_head_json":{"title":"H\u00e9, ces choses ne s&#39;appliquent pas \u00e0 *nous*\u00a0!","robots":{"index":"index","follow":"follow","max-snippet":"max-snippet:-1","max-image-preview":"max-image-preview:large","max-video-preview":"max-video-preview:-1"},"canonical":"https:\/\/footdavant.fr\/actualites\/he-ces-choses-ne-sappliquent-pas-a-nous\/","og_locale":"fr_FR","og_type":"article","og_title":"H\u00e9, ces choses ne s&#39;appliquent pas \u00e0 *nous*\u00a0!","og_description":"Bonjour \u00e0 tous. Nous savons maintenant que ce sera Man City en finale de la Coupe Carabao apr\u00e8s avoir battu Newcastle 3-1 hier soir, ce","og_url":"https:\/\/footdavant.fr\/actualites\/he-ces-choses-ne-sappliquent-pas-a-nous\/","og_site_name":"Foot d&#039;avant","article_publisher":"https:\/\/www.facebook.com\/Footdavant\/","article_published_time":"2026-02-08T06:48:06+00:00","article_modified_time":"2026-02-08T06:48:08+00:00","og_image":[{"width":1500,"height":750,"url":"https:\/\/footdavant.fr\/actualites\/wp-content\/uploads\/2026\/02\/He-ces-choses-ne-s39appliquent-pas-a-nous.jpg","type":"image\/jpeg"}],"author":"Cl\u00e9ment","twitter_card":"summary_large_image","twitter_creator":"@FootdavantFr","twitter_site":"@FootdavantFr","twitter_misc":{"\u00c9crit par":"Cl\u00e9ment","Dur\u00e9e de lecture estim\u00e9e":"5 minutes"},"schema":{"@context":"https:\/\/schema.org","@graph":[{"@type":"Article","@id":"https:\/\/footdavant.fr\/actualites\/he-ces-choses-ne-sappliquent-pas-a-nous\/#article","isPartOf":{"@id":"https:\/\/footdavant.fr\/actualites\/he-ces-choses-ne-sappliquent-pas-a-nous\/"},"author":{"name":"Cl\u00e9ment","@id":"https:\/\/footdavant.fr\/actualites\/#\/schema\/person\/bc222566d95871b37e597b3ed3ba5e1d"},"headline":"H\u00e9, ces choses ne s&#39;appliquent pas \u00e0 *nous*\u00a0!","datePublished":"2026-02-08T06:48:06+00:00","dateModified":"2026-02-08T06:48:08+00:00","mainEntityOfPage":{"@id":"https:\/\/footdavant.fr\/actualites\/he-ces-choses-ne-sappliquent-pas-a-nous\/"},"wordCount":915,"publisher":{"@id":"https:\/\/footdavant.fr\/actualites\/#organization"},"keywords":["ces","choses","H\u00e9","nous","pas","s39appliquent"],"articleSection":["Football"],"inLanguage":"fr-FR"},{"@type":"WebPage","@id":"https:\/\/footdavant.fr\/actualites\/he-ces-choses-ne-sappliquent-pas-a-nous\/","url":"https:\/\/footdavant.fr\/actualites\/he-ces-choses-ne-sappliquent-pas-a-nous\/","name":"H\u00e9, ces choses ne s&#39;appliquent pas \u00e0 *nous*\u00a0!","isPartOf":{"@id":"https:\/\/footdavant.fr\/actualites\/#website"},"datePublished":"2026-02-08T06:48:06+00:00","dateModified":"2026-02-08T06:48:08+00:00","breadcrumb":{"@id":"https:\/\/footdavant.fr\/actualites\/he-ces-choses-ne-sappliquent-pas-a-nous\/#breadcrumb"},"inLanguage":"fr-FR","potentialAction":[{"@type":"ReadAction","target":["https:\/\/footdavant.fr\/actualites\/he-ces-choses-ne-sappliquent-pas-a-nous\/"]}]},{"@type":"BreadcrumbList","@id":"https:\/\/footdavant.fr\/actualites\/he-ces-choses-ne-sappliquent-pas-a-nous\/#breadcrumb","itemListElement":[{"@type":"ListItem","position":1,"name":"Accueil","item":"https:\/\/footdavant.fr\/actualites\/"},{"@type":"ListItem","position":2,"name":"H\u00e9, ces choses ne s&#39;appliquent pas \u00e0 *nous*\u00a0!"}]},{"@type":"WebSite","@id":"https:\/\/footdavant.fr\/actualites\/#website","url":"https:\/\/footdavant.fr\/actualites\/","name":"Foot d'avant","description":"","publisher":{"@id":"https:\/\/footdavant.fr\/actualites\/#organization"},"potentialAction":[{"@type":"SearchAction","target":{"@type":"EntryPoint","urlTemplate":"https:\/\/footdavant.fr\/actualites\/?s={search_term_string}"},"query-input":"required name=search_term_string"}],"inLanguage":"fr-FR"},{"@type":"Organization","@id":"https:\/\/footdavant.fr\/actualites\/#organization","name":"Foot d'avant","url":"https:\/\/footdavant.fr\/actualites\/","logo":{"@type":"ImageObject","inLanguage":"fr-FR","@id":"https:\/\/footdavant.fr\/actualites\/#\/schema\/logo\/image\/","url":"https:\/\/footdavant.fr\/actualites\/wp-content\/uploads\/2023\/09\/Copy-of-FootDavant-Logo.png","contentUrl":"https:\/\/footdavant.fr\/actualites\/wp-content\/uploads\/2023\/09\/Copy-of-FootDavant-Logo.png","width":936,"height":549,"caption":"Foot d'avant"},"image":{"@id":"https:\/\/footdavant.fr\/actualites\/#\/schema\/logo\/image\/"},"sameAs":["https:\/\/www.facebook.com\/Footdavant\/","https:\/\/twitter.com\/FootdavantFr","https:\/\/www.instagram.com\/footdavant.fr\/"]},{"@type":"Person","@id":"https:\/\/footdavant.fr\/actualites\/#\/schema\/person\/bc222566d95871b37e597b3ed3ba5e1d","name":"Cl\u00e9ment","image":{"@type":"ImageObject","inLanguage":"fr-FR","@id":"https:\/\/footdavant.fr\/actualites\/#\/schema\/person\/image\/","url":"https:\/\/secure.gravatar.com\/avatar\/7728b29aac2719421e1a9159b2254c44?s=96&d=mm&r=g","contentUrl":"https:\/\/secure.gravatar.com\/avatar\/7728b29aac2719421e1a9159b2254c44?s=96&d=mm&r=g","caption":"Cl\u00e9ment"},"sameAs":["https:\/\/footdavant.fr\/"]}]}},"_links":{"self":[{"href":"https:\/\/footdavant.fr\/actualites\/wp-json\/wp\/v2\/posts\/34268"}],"collection":[{"href":"https:\/\/footdavant.fr\/actualites\/wp-json\/wp\/v2\/posts"}],"about":[{"href":"https:\/\/footdavant.fr\/actualites\/wp-json\/wp\/v2\/types\/post"}],"author":[{"embeddable":true,"href":"https:\/\/footdavant.fr\/actualites\/wp-json\/wp\/v2\/users\/1"}],"replies":[{"embeddable":true,"href":"https:\/\/footdavant.fr\/actualites\/wp-json\/wp\/v2\/comments?post=34268"}],"version-history":[{"count":1,"href":"https:\/\/footdavant.fr\/actualites\/wp-json\/wp\/v2\/posts\/34268\/revisions"}],"predecessor-version":[{"id":34270,"href":"https:\/\/footdavant.fr\/actualites\/wp-json\/wp\/v2\/posts\/34268\/revisions\/34270"}],"wp:featuredmedia":[{"embeddable":true,"href":"https:\/\/footdavant.fr\/actualites\/wp-json\/wp\/v2\/media\/34269"}],"wp:attachment":[{"href":"https:\/\/footdavant.fr\/actualites\/wp-json\/wp\/v2\/media?parent=34268"}],"wp:term":[{"taxonomy":"category","embeddable":true,"href":"https:\/\/footdavant.fr\/actualites\/wp-json\/wp\/v2\/categories?post=34268"},{"taxonomy":"post_tag","embeddable":true,"href":"https:\/\/footdavant.fr\/actualites\/wp-json\/wp\/v2\/tags?post=34268"}],"curies":[{"name":"wp","href":"https:\/\/api.w.org\/{rel}","templated":true}]}}