{"id":34283,"date":"2026-02-08T17:48:07","date_gmt":"2026-02-08T16:48:07","guid":{"rendered":"https:\/\/footdavant.fr\/actualites\/composition-daston-villa-contre-bournemouth-xi-prevu-pour-le-choc-de-premier-league\/"},"modified":"2026-02-08T17:48:08","modified_gmt":"2026-02-08T16:48:08","slug":"composition-daston-villa-contre-bournemouth-xi-prevu-pour-le-choc-de-premier-league","status":"publish","type":"post","link":"https:\/\/footdavant.fr\/actualites\/composition-daston-villa-contre-bournemouth-xi-prevu-pour-le-choc-de-premier-league\/","title":{"rendered":"Composition d&#39;Aston Villa contre Bournemouth\u00a0: XI pr\u00e9vu pour le choc de Premier League"},"content":{"rendered":"<div itemprop=\"articleBody\">\n<p style=\"margin-bottom:11px\">Aston Villa devrait se retrouver priv\u00e9 de jusqu&#39;\u00e0 cinq joueurs pour le choc de Premier League de samedi avec Bournemouth au Vitality Stadium.<\/p>\n<p>Youri Tielemans (cheville), John McGinn, Boubacar Kamara (tous deux genoux) et Andres Garcia (cuisse) restent tous \u00e0 l&#39;\u00e9cart alors qu&#39;ils continuent de se remettre d&#39;une blessure. La nouvelle recrue Alysson (genou) devrait \u00e9galement \u00eatre absente malgr\u00e9 son retour \u00e0 l&#39;entra\u00eenement cette semaine.<\/p>\n<p>L&#39;attaquant vedette Ollie Watkins a rat\u00e9 la d\u00e9faite 1-0 \u00e0 domicile du week-end dernier contre son ancien club de Brentford en raison d&#39;une tension aux ischio-jambiers, tandis qu&#39;Amadou Onana \u00e9tait un rempla\u00e7ant inutilis\u00e9 souffrant de fatigue musculaire. Cependant, l&#39;entra\u00eeneur-chef Unai Emery a depuis r\u00e9v\u00e9l\u00e9 que les deux joueurs \u00e9taient disponibles pour la s\u00e9lection ce week-end.<\/p>\n<p>Si Watkins n&#39;est pas jug\u00e9 pr\u00eat \u00e0 commencer, alors la nouvelle recrue Tammy Abraham devrait continuer \u00e0 l&#39;avant, avec Morgan Rogers op\u00e9rant juste derri\u00e8re dans le r\u00f4le de num\u00e9ro 10 &#8211; les sept buts de Rogers en Premier League ont valu 11 points \u00e0 Villa cette saison et aucun autre but de joueur n&#39;a \u00e9t\u00e9 plus pr\u00e9cieux pour leur \u00e9quipe que Igor Thiago de Brentford (\u00e9galement 11) cette saison.<\/p>\n<p>Jadon Sancho et Emiliano Buendia devraient tous deux repartir \u00e0 l&#39;ext\u00e9rieur alors que Leon Bailey et Harvey Elliott assurent la couverture sur le banc, tandis qu&#39;Onana pourrait s&#39;associer \u00e0 la nouvelle recrue Douglas Luiz au milieu de terrain central, Lamare Bogarde pouvant potentiellement c\u00e9der la place.<\/p>\n<p>Un quatre arri\u00e8re compos\u00e9 de Matty Cash, Ezri Konsa, Paul Torres et Ian Maatsen devrait rester intact devant le gardien Emiliano Martinez, mais l&#39;ancien d\u00e9fenseur de Bournemouth Tyrone Mings, Victor Lindelof et Lucas Digne feront tous pression pour un rappel.<\/p>\n<p>Aston Villa onze de d\u00e9part possible : Martinez ; Cash, Konsa, Torres, Maatsen\u00a0; Onana, Luiz ; Sancho, Rogers, Buendia\u00a0; Abraham<\/p>\n<p>> Cliquez ici pour voir comment Bournemouth pourrait s&#39;aligner pour ce concours<\/p>\n<p style=\"margin-bottom:11px\">\n<\/div>\n","protected":false},"excerpt":{"rendered":"<p>Aston Villa devrait se retrouver priv\u00e9 de jusqu&#39;\u00e0 cinq joueurs pour le choc de Premier League de samedi avec Bournemouth au Vitality Stadium. Youri Tielemans<\/p>\n","protected":false},"author":1,"featured_media":34284,"comment_status":"closed","ping_status":"","sticky":false,"template":"","format":"standard","meta":{"footnotes":""},"categories":[5],"tags":[54,332,2291,20,4823,202,51,201,3924,370],"yoast_head":"<!-- This site is optimized with the Yoast SEO plugin v21.0 - https:\/\/yoast.com\/wordpress\/plugins\/seo\/ -->\n<title>Composition d&#039;Aston Villa contre Bournemouth\u00a0: XI pr\u00e9vu pour le choc de Premier League<\/title>\n<meta name=\"robots\" content=\"index, follow, max-snippet:-1, max-image-preview:large, max-video-preview:-1\" \/>\n<link rel=\"canonical\" href=\"https:\/\/footdavant.fr\/actualites\/composition-daston-villa-contre-bournemouth-xi-prevu-pour-le-choc-de-premier-league\/\" \/>\n<meta property=\"og:locale\" content=\"fr_FR\" \/>\n<meta property=\"og:type\" content=\"article\" \/>\n<meta property=\"og:title\" content=\"Composition d&#039;Aston Villa contre Bournemouth\u00a0: XI pr\u00e9vu pour le choc de Premier League\" \/>\n<meta property=\"og:description\" content=\"Aston Villa devrait se retrouver priv\u00e9 de jusqu&#039;\u00e0 cinq joueurs pour le choc de Premier League de samedi avec Bournemouth au Vitality Stadium. Youri Tielemans\" \/>\n<meta property=\"og:url\" content=\"https:\/\/footdavant.fr\/actualites\/composition-daston-villa-contre-bournemouth-xi-prevu-pour-le-choc-de-premier-league\/\" \/>\n<meta property=\"og:site_name\" content=\"Foot d&#039;avant\" \/>\n<meta property=\"article:publisher\" content=\"https:\/\/www.facebook.com\/Footdavant\/\" \/>\n<meta property=\"article:published_time\" content=\"2026-02-08T16:48:07+00:00\" \/>\n<meta property=\"article:modified_time\" content=\"2026-02-08T16:48:08+00:00\" \/>\n<meta property=\"og:image\" content=\"https:\/\/footdavant.fr\/actualites\/wp-content\/uploads\/2026\/02\/Composition-d39Aston-Villa-contre-Bournemouth-XI-prevu-pour-le-choc.net2Fuploads2F20262F012Follie-wat-69612d.webp\" \/>\n\t<meta property=\"og:image:width\" content=\"720\" \/>\n\t<meta property=\"og:image:height\" content=\"410\" \/>\n\t<meta property=\"og:image:type\" content=\"image\/webp\" \/>\n<meta name=\"author\" content=\"Cl\u00e9ment\" \/>\n<meta name=\"twitter:card\" content=\"summary_large_image\" \/>\n<meta name=\"twitter:creator\" content=\"@FootdavantFr\" \/>\n<meta name=\"twitter:site\" content=\"@FootdavantFr\" \/>\n<meta name=\"twitter:label1\" content=\"\u00c9crit par\" \/>\n\t<meta name=\"twitter:data1\" content=\"Cl\u00e9ment\" \/>\n\t<meta name=\"twitter:label2\" content=\"Dur\u00e9e de lecture estim\u00e9e\" \/>\n\t<meta name=\"twitter:data2\" content=\"2 minutes\" \/>\n<script type=\"application\/ld+json\" class=\"yoast-schema-graph\">{\"@context\":\"https:\/\/schema.org\",\"@graph\":[{\"@type\":\"Article\",\"@id\":\"https:\/\/footdavant.fr\/actualites\/composition-daston-villa-contre-bournemouth-xi-prevu-pour-le-choc-de-premier-league\/#article\",\"isPartOf\":{\"@id\":\"https:\/\/footdavant.fr\/actualites\/composition-daston-villa-contre-bournemouth-xi-prevu-pour-le-choc-de-premier-league\/\"},\"author\":{\"name\":\"Cl\u00e9ment\",\"@id\":\"https:\/\/footdavant.fr\/actualites\/#\/schema\/person\/bc222566d95871b37e597b3ed3ba5e1d\"},\"headline\":\"Composition d&#39;Aston Villa contre Bournemouth\u00a0: XI pr\u00e9vu pour le choc de Premier League\",\"datePublished\":\"2026-02-08T16:48:07+00:00\",\"dateModified\":\"2026-02-08T16:48:08+00:00\",\"mainEntityOfPage\":{\"@id\":\"https:\/\/footdavant.fr\/actualites\/composition-daston-villa-contre-bournemouth-xi-prevu-pour-le-choc-de-premier-league\/\"},\"wordCount\":341,\"publisher\":{\"@id\":\"https:\/\/footdavant.fr\/actualites\/#organization\"},\"keywords\":[\"Bournemouth\",\"choc\",\"composition\",\"contre\",\"d39Aston\",\"League\",\"pour\",\"Premier\",\"pr\u00e9vu\",\"Villa\"],\"articleSection\":[\"Premier League\"],\"inLanguage\":\"fr-FR\"},{\"@type\":\"WebPage\",\"@id\":\"https:\/\/footdavant.fr\/actualites\/composition-daston-villa-contre-bournemouth-xi-prevu-pour-le-choc-de-premier-league\/\",\"url\":\"https:\/\/footdavant.fr\/actualites\/composition-daston-villa-contre-bournemouth-xi-prevu-pour-le-choc-de-premier-league\/\",\"name\":\"Composition d&#39;Aston Villa contre Bournemouth\u00a0: XI pr\u00e9vu pour le choc de Premier League\",\"isPartOf\":{\"@id\":\"https:\/\/footdavant.fr\/actualites\/#website\"},\"datePublished\":\"2026-02-08T16:48:07+00:00\",\"dateModified\":\"2026-02-08T16:48:08+00:00\",\"breadcrumb\":{\"@id\":\"https:\/\/footdavant.fr\/actualites\/composition-daston-villa-contre-bournemouth-xi-prevu-pour-le-choc-de-premier-league\/#breadcrumb\"},\"inLanguage\":\"fr-FR\",\"potentialAction\":[{\"@type\":\"ReadAction\",\"target\":[\"https:\/\/footdavant.fr\/actualites\/composition-daston-villa-contre-bournemouth-xi-prevu-pour-le-choc-de-premier-league\/\"]}]},{\"@type\":\"BreadcrumbList\",\"@id\":\"https:\/\/footdavant.fr\/actualites\/composition-daston-villa-contre-bournemouth-xi-prevu-pour-le-choc-de-premier-league\/#breadcrumb\",\"itemListElement\":[{\"@type\":\"ListItem\",\"position\":1,\"name\":\"Accueil\",\"item\":\"https:\/\/footdavant.fr\/actualites\/\"},{\"@type\":\"ListItem\",\"position\":2,\"name\":\"Composition d&#39;Aston Villa contre Bournemouth\u00a0: XI pr\u00e9vu pour le choc de Premier League\"}]},{\"@type\":\"WebSite\",\"@id\":\"https:\/\/footdavant.fr\/actualites\/#website\",\"url\":\"https:\/\/footdavant.fr\/actualites\/\",\"name\":\"Foot d'avant\",\"description\":\"\",\"publisher\":{\"@id\":\"https:\/\/footdavant.fr\/actualites\/#organization\"},\"potentialAction\":[{\"@type\":\"SearchAction\",\"target\":{\"@type\":\"EntryPoint\",\"urlTemplate\":\"https:\/\/footdavant.fr\/actualites\/?s={search_term_string}\"},\"query-input\":\"required name=search_term_string\"}],\"inLanguage\":\"fr-FR\"},{\"@type\":\"Organization\",\"@id\":\"https:\/\/footdavant.fr\/actualites\/#organization\",\"name\":\"Foot d'avant\",\"url\":\"https:\/\/footdavant.fr\/actualites\/\",\"logo\":{\"@type\":\"ImageObject\",\"inLanguage\":\"fr-FR\",\"@id\":\"https:\/\/footdavant.fr\/actualites\/#\/schema\/logo\/image\/\",\"url\":\"https:\/\/footdavant.fr\/actualites\/wp-content\/uploads\/2023\/09\/Copy-of-FootDavant-Logo.png\",\"contentUrl\":\"https:\/\/footdavant.fr\/actualites\/wp-content\/uploads\/2023\/09\/Copy-of-FootDavant-Logo.png\",\"width\":936,\"height\":549,\"caption\":\"Foot d'avant\"},\"image\":{\"@id\":\"https:\/\/footdavant.fr\/actualites\/#\/schema\/logo\/image\/\"},\"sameAs\":[\"https:\/\/www.facebook.com\/Footdavant\/\",\"https:\/\/twitter.com\/FootdavantFr\",\"https:\/\/www.instagram.com\/footdavant.fr\/\"]},{\"@type\":\"Person\",\"@id\":\"https:\/\/footdavant.fr\/actualites\/#\/schema\/person\/bc222566d95871b37e597b3ed3ba5e1d\",\"name\":\"Cl\u00e9ment\",\"image\":{\"@type\":\"ImageObject\",\"inLanguage\":\"fr-FR\",\"@id\":\"https:\/\/footdavant.fr\/actualites\/#\/schema\/person\/image\/\",\"url\":\"https:\/\/secure.gravatar.com\/avatar\/7728b29aac2719421e1a9159b2254c44?s=96&d=mm&r=g\",\"contentUrl\":\"https:\/\/secure.gravatar.com\/avatar\/7728b29aac2719421e1a9159b2254c44?s=96&d=mm&r=g\",\"caption\":\"Cl\u00e9ment\"},\"sameAs\":[\"https:\/\/footdavant.fr\/\"]}]}<\/script>\n<!-- \/ Yoast SEO plugin. -->","yoast_head_json":{"title":"Composition d&#39;Aston Villa contre Bournemouth\u00a0: XI pr\u00e9vu pour le choc de Premier League","robots":{"index":"index","follow":"follow","max-snippet":"max-snippet:-1","max-image-preview":"max-image-preview:large","max-video-preview":"max-video-preview:-1"},"canonical":"https:\/\/footdavant.fr\/actualites\/composition-daston-villa-contre-bournemouth-xi-prevu-pour-le-choc-de-premier-league\/","og_locale":"fr_FR","og_type":"article","og_title":"Composition d&#39;Aston Villa contre Bournemouth\u00a0: XI pr\u00e9vu pour le choc de Premier League","og_description":"Aston Villa devrait se retrouver priv\u00e9 de jusqu&#39;\u00e0 cinq joueurs pour le choc de Premier League de samedi avec Bournemouth au Vitality Stadium. Youri Tielemans","og_url":"https:\/\/footdavant.fr\/actualites\/composition-daston-villa-contre-bournemouth-xi-prevu-pour-le-choc-de-premier-league\/","og_site_name":"Foot d&#039;avant","article_publisher":"https:\/\/www.facebook.com\/Footdavant\/","article_published_time":"2026-02-08T16:48:07+00:00","article_modified_time":"2026-02-08T16:48:08+00:00","og_image":[{"width":720,"height":410,"url":"https:\/\/footdavant.fr\/actualites\/wp-content\/uploads\/2026\/02\/Composition-d39Aston-Villa-contre-Bournemouth-XI-prevu-pour-le-choc.net2Fuploads2F20262F012Follie-wat-69612d.webp","type":"image\/webp"}],"author":"Cl\u00e9ment","twitter_card":"summary_large_image","twitter_creator":"@FootdavantFr","twitter_site":"@FootdavantFr","twitter_misc":{"\u00c9crit par":"Cl\u00e9ment","Dur\u00e9e de lecture estim\u00e9e":"2 minutes"},"schema":{"@context":"https:\/\/schema.org","@graph":[{"@type":"Article","@id":"https:\/\/footdavant.fr\/actualites\/composition-daston-villa-contre-bournemouth-xi-prevu-pour-le-choc-de-premier-league\/#article","isPartOf":{"@id":"https:\/\/footdavant.fr\/actualites\/composition-daston-villa-contre-bournemouth-xi-prevu-pour-le-choc-de-premier-league\/"},"author":{"name":"Cl\u00e9ment","@id":"https:\/\/footdavant.fr\/actualites\/#\/schema\/person\/bc222566d95871b37e597b3ed3ba5e1d"},"headline":"Composition d&#39;Aston Villa contre Bournemouth\u00a0: XI pr\u00e9vu pour le choc de Premier League","datePublished":"2026-02-08T16:48:07+00:00","dateModified":"2026-02-08T16:48:08+00:00","mainEntityOfPage":{"@id":"https:\/\/footdavant.fr\/actualites\/composition-daston-villa-contre-bournemouth-xi-prevu-pour-le-choc-de-premier-league\/"},"wordCount":341,"publisher":{"@id":"https:\/\/footdavant.fr\/actualites\/#organization"},"keywords":["Bournemouth","choc","composition","contre","d39Aston","League","pour","Premier","pr\u00e9vu","Villa"],"articleSection":["Premier League"],"inLanguage":"fr-FR"},{"@type":"WebPage","@id":"https:\/\/footdavant.fr\/actualites\/composition-daston-villa-contre-bournemouth-xi-prevu-pour-le-choc-de-premier-league\/","url":"https:\/\/footdavant.fr\/actualites\/composition-daston-villa-contre-bournemouth-xi-prevu-pour-le-choc-de-premier-league\/","name":"Composition d&#39;Aston Villa contre Bournemouth\u00a0: XI pr\u00e9vu pour le choc de Premier League","isPartOf":{"@id":"https:\/\/footdavant.fr\/actualites\/#website"},"datePublished":"2026-02-08T16:48:07+00:00","dateModified":"2026-02-08T16:48:08+00:00","breadcrumb":{"@id":"https:\/\/footdavant.fr\/actualites\/composition-daston-villa-contre-bournemouth-xi-prevu-pour-le-choc-de-premier-league\/#breadcrumb"},"inLanguage":"fr-FR","potentialAction":[{"@type":"ReadAction","target":["https:\/\/footdavant.fr\/actualites\/composition-daston-villa-contre-bournemouth-xi-prevu-pour-le-choc-de-premier-league\/"]}]},{"@type":"BreadcrumbList","@id":"https:\/\/footdavant.fr\/actualites\/composition-daston-villa-contre-bournemouth-xi-prevu-pour-le-choc-de-premier-league\/#breadcrumb","itemListElement":[{"@type":"ListItem","position":1,"name":"Accueil","item":"https:\/\/footdavant.fr\/actualites\/"},{"@type":"ListItem","position":2,"name":"Composition d&#39;Aston Villa contre Bournemouth\u00a0: XI pr\u00e9vu pour le choc de Premier League"}]},{"@type":"WebSite","@id":"https:\/\/footdavant.fr\/actualites\/#website","url":"https:\/\/footdavant.fr\/actualites\/","name":"Foot d'avant","description":"","publisher":{"@id":"https:\/\/footdavant.fr\/actualites\/#organization"},"potentialAction":[{"@type":"SearchAction","target":{"@type":"EntryPoint","urlTemplate":"https:\/\/footdavant.fr\/actualites\/?s={search_term_string}"},"query-input":"required name=search_term_string"}],"inLanguage":"fr-FR"},{"@type":"Organization","@id":"https:\/\/footdavant.fr\/actualites\/#organization","name":"Foot d'avant","url":"https:\/\/footdavant.fr\/actualites\/","logo":{"@type":"ImageObject","inLanguage":"fr-FR","@id":"https:\/\/footdavant.fr\/actualites\/#\/schema\/logo\/image\/","url":"https:\/\/footdavant.fr\/actualites\/wp-content\/uploads\/2023\/09\/Copy-of-FootDavant-Logo.png","contentUrl":"https:\/\/footdavant.fr\/actualites\/wp-content\/uploads\/2023\/09\/Copy-of-FootDavant-Logo.png","width":936,"height":549,"caption":"Foot d'avant"},"image":{"@id":"https:\/\/footdavant.fr\/actualites\/#\/schema\/logo\/image\/"},"sameAs":["https:\/\/www.facebook.com\/Footdavant\/","https:\/\/twitter.com\/FootdavantFr","https:\/\/www.instagram.com\/footdavant.fr\/"]},{"@type":"Person","@id":"https:\/\/footdavant.fr\/actualites\/#\/schema\/person\/bc222566d95871b37e597b3ed3ba5e1d","name":"Cl\u00e9ment","image":{"@type":"ImageObject","inLanguage":"fr-FR","@id":"https:\/\/footdavant.fr\/actualites\/#\/schema\/person\/image\/","url":"https:\/\/secure.gravatar.com\/avatar\/7728b29aac2719421e1a9159b2254c44?s=96&d=mm&r=g","contentUrl":"https:\/\/secure.gravatar.com\/avatar\/7728b29aac2719421e1a9159b2254c44?s=96&d=mm&r=g","caption":"Cl\u00e9ment"},"sameAs":["https:\/\/footdavant.fr\/"]}]}},"_links":{"self":[{"href":"https:\/\/footdavant.fr\/actualites\/wp-json\/wp\/v2\/posts\/34283"}],"collection":[{"href":"https:\/\/footdavant.fr\/actualites\/wp-json\/wp\/v2\/posts"}],"about":[{"href":"https:\/\/footdavant.fr\/actualites\/wp-json\/wp\/v2\/types\/post"}],"author":[{"embeddable":true,"href":"https:\/\/footdavant.fr\/actualites\/wp-json\/wp\/v2\/users\/1"}],"replies":[{"embeddable":true,"href":"https:\/\/footdavant.fr\/actualites\/wp-json\/wp\/v2\/comments?post=34283"}],"version-history":[{"count":1,"href":"https:\/\/footdavant.fr\/actualites\/wp-json\/wp\/v2\/posts\/34283\/revisions"}],"predecessor-version":[{"id":34285,"href":"https:\/\/footdavant.fr\/actualites\/wp-json\/wp\/v2\/posts\/34283\/revisions\/34285"}],"wp:featuredmedia":[{"embeddable":true,"href":"https:\/\/footdavant.fr\/actualites\/wp-json\/wp\/v2\/media\/34284"}],"wp:attachment":[{"href":"https:\/\/footdavant.fr\/actualites\/wp-json\/wp\/v2\/media?parent=34283"}],"wp:term":[{"taxonomy":"category","embeddable":true,"href":"https:\/\/footdavant.fr\/actualites\/wp-json\/wp\/v2\/categories?post=34283"},{"taxonomy":"post_tag","embeddable":true,"href":"https:\/\/footdavant.fr\/actualites\/wp-json\/wp\/v2\/tags?post=34283"}],"curies":[{"name":"wp","href":"https:\/\/api.w.org\/{rel}","templated":true}]}}