{"id":34286,"date":"2026-02-08T19:48:23","date_gmt":"2026-02-08T18:48:23","guid":{"rendered":"https:\/\/footdavant.fr\/actualites\/video-les-inquietudes-concernant-les-blessures-de-bryan-mbeumo-saccentuent-alors-que-des-images-inquietantes-font-surface-apres-la-victoire-des-spurs\/"},"modified":"2026-02-08T19:48:23","modified_gmt":"2026-02-08T18:48:23","slug":"video-les-inquietudes-concernant-les-blessures-de-bryan-mbeumo-saccentuent-alors-que-des-images-inquietantes-font-surface-apres-la-victoire-des-spurs","status":"publish","type":"post","link":"https:\/\/footdavant.fr\/actualites\/video-les-inquietudes-concernant-les-blessures-de-bryan-mbeumo-saccentuent-alors-que-des-images-inquietantes-font-surface-apres-la-victoire-des-spurs\/","title":{"rendered":"Vid\u00e9o : les inqui\u00e9tudes concernant les blessures de Bryan Mbeumo s&#39;accentuent alors que des images inqui\u00e9tantes font surface apr\u00e8s la victoire des Spurs \u2013"},"content":{"rendered":"<div id=\"penci-post-entry-inner\">\n<p>\t\t\t<i class=\"penci-post-countview-number-check\" style=\"display:none\">1<\/i><\/p>\n<p><!--Article Start--><br \/>Il y a quelques craintes quant \u00e0 la forme physique de l&#39;attaquant de Manchester United Bryan Mbeumo apr\u00e8s la victoire 2-0 de samedi contre Tottenham Hotspur.<\/p>\n<h3>Joueur de gros gibier<\/h3>\n<p>Mbeumo a trouv\u00e9 le fond des filets contre une autre \u00e9quipe traditionnelle du top six, marquant cette fois le premier match contre Tottenham \u00e0 Old Trafford.<\/p>\n<p>Il a marqu\u00e9 lors du match inverse plus t\u00f4t dans la saison et \u00e9tait encore une fois sur place pour punir son ancien manager de Brentford, Thomas Frank. Lors de sa premi\u00e8re saison \u00e0 United, Mbeumo a d\u00e9sormais marqu\u00e9 contre Tottenham, Liverpool, Manchester City et Arsenal.<\/p>\n<p>Bruno Fernandes a marqu\u00e9 le deuxi\u00e8me but de United pour assurer les trois points contre Tottenham d\u00e8s le coup d&#39;envoi.<\/p>\n<p>Apr\u00e8s le temps plein, une vid\u00e9o de Mbeumo est apparue sur les r\u00e9seaux sociaux, montrant le Camerounais boitant et bougeant inconfortablement alors qu&#39;il quittait le Th\u00e9\u00e2tre des R\u00eaves.<\/p>\n<h3>Pr\u00e9occupations en mati\u00e8re de blessures<\/h3>\n<p>Dans la vid\u00e9o, Mbeumo est vu en compagnie de certains hommes mais souffre clairement d\u2019un inconfort visible.<\/p>\n<blockquote class=\"twitter-tweet\">\n<p lang=\"en\" dir=\"ltr\">\ud83d\udea8\ud83c\udfa5| Bryan Mbeumo semblait boiter en quittant Old Trafford aujourd&#39;hui. \ud83e\udd15<\/p>\n<p>J&#39;esp\u00e8re que rien de grave. \u2764\ufe0f\ud83d\ude4f <a rel=\"nofollow\" href=\"https:\/\/t.co\/6iZmCp4I9Q\">pic.twitter.com\/6iZmCp4I9Q<\/a><\/p>\n<p>\u2013 Kev (@UtdKev08) <a rel=\"nofollow\" href=\"https:\/\/twitter.com\/UtdKev08\/status\/2020203044886008118?ref_src=twsrc%5Etfw\">7 f\u00e9vrier 2026<\/a><\/p>\n<\/blockquote>\n<p>Il n&#39;y a rien eu de la part de Michael Carrick ou du club concernant une blessure de Mbeumo, donc j&#39;esp\u00e8re que ce n&#39;est rien de grave et qu&#39;il sera en pleine forme et disponible pour la prochaine r\u00e9union de mardi \u00e0 West Ham.<\/p>\n<p>Le but de Mbeumo contre Tottenham \u00e9tait son 10e but pour United cette saison toutes comp\u00e9titions confondues. Revenu de la CAN en pleine forme, sa disponibilit\u00e9 est cruciale, d&#39;autant que Patrick Dorgu est d\u00e9sormais mis \u00e0 l&#39;\u00e9cart en raison d&#39;une blessure aux ischio-jambiers.<\/p>\n<p>Son objectif \u00e9tait sp\u00e9cial. Kobbie Mainoo s&#39;est faufil\u00e9 \u00e0 travers la d\u00e9fense de Tottenham pour r\u00e9pondre \u00e0 un corner bas de Fernandes et l&#39;a coup\u00e9 sur le chemin de Mbeumo. Le joueur de 26 ans l&#39;a guid\u00e9 de mani\u00e8re experte dans le coin inf\u00e9rieur, devant une mer de corps et un Guglielmo Vicario impuissant.<\/p>\n<blockquote class=\"twitter-tweet\">\n<p lang=\"en\" dir=\"ltr\">\ud83d\udd1f\ud83c\udd99<\/p>\n<p>Bryan compl\u00e8te une routine intelligente avec son dixi\u00e8me pour les Reds \ud83d\udc4c<\/p>\n<p>\u2013Manchester United (@ManUtd) <a rel=\"nofollow\" href=\"https:\/\/twitter.com\/ManUtd\/status\/2020446256473260192?ref_src=twsrc%5Etfw\">8 f\u00e9vrier 2026<\/a><\/p>\n<\/blockquote>\n<p>S&#39;adressant aux journalistes \u00e0 propos du but, Mbeumo a expliqu\u00e9 : \u00ab\u00a0C&#39;est l&#39;entra\u00eeneur qui voulait pratiquer cela \u00e0 l&#39;entra\u00eenement. Nous l&#39;avons fait une fois, cela n&#39;a pas fonctionn\u00e9, mais celui-ci \u00e9tait le plus important.\u00a0\u00bb<\/p>\n<p>\u00ab\u00a0C&#39;\u00e9tait Jonny Evans qui venait vers moi et les gars.\u00a0\u00bb<\/p>\n<p>Il a ajout\u00e9 \u00e0 propos du redressement de United : \u00ab\u00a0J&#39;ai juste l&#39;impression que nous avons construit sur ce que nous faisions depuis le d\u00e9but parce que je ne pense pas que ce soit si grave que beaucoup de gens le pensaient. Nous avons juste travaill\u00e9 ensemble, faisons des efforts ensemble, avec une grande mentalit\u00e9, et nous ne sommes jamais battus. M\u00eame si quelqu&#39;un d\u00e9passe, nous revenons en soutien et essayons simplement de tout donner.\u00a0\u00bb<\/p>\n<p>\u00ab\u00a0Nous voulons juste y aller match par match, nous entra\u00eener aussi dur que possible et oui, nous voulons juste continuer \u00e0 travailler en \u00e9quipe.\u00a0\u00bb<\/p>\n<p>Mbeumo a \u00e9galement remerci\u00e9 les fans de United pour leur soutien ind\u00e9fectible.<\/p>\n<\/p>\n<hr\/>\n<p>The Peoples Person est l&#39;un des principaux sites d&#39;information de Man United au monde depuis plus d&#39;une d\u00e9cennie. Suivez-nous sur Bluesky\u00a0: @peoplesperson.bsky.social<\/p>\n<p><!-- CONTENT END 2 --><\/p><\/div>\n<p><script async src=\"https:\/\/platform.twitter.com\/widgets.js\" charset=\"utf-8\"><\/script><\/p>\n","protected":false},"excerpt":{"rendered":"<p>1 Il y a quelques craintes quant \u00e0 la forme physique de l&#39;attaquant de Manchester United Bryan Mbeumo apr\u00e8s la victoire 2-0 de samedi contre<\/p>\n","protected":false},"author":1,"featured_media":34287,"comment_status":"closed","ping_status":"","sticky":false,"template":"","format":"standard","meta":{"footnotes":""},"categories":[3],"tags":[318,25,155,3551,1313,12,999,1183,10882,1401,93,7599,11473,1575,8523,26,575],"yoast_head":"<!-- This site is optimized with the Yoast SEO plugin v21.0 - https:\/\/yoast.com\/wordpress\/plugins\/seo\/ -->\n<title>Vid\u00e9o : les inqui\u00e9tudes concernant les blessures de Bryan Mbeumo s&#039;accentuent alors que des images inqui\u00e9tantes font surface apr\u00e8s la victoire des Spurs \u2013<\/title>\n<meta name=\"robots\" content=\"index, follow, max-snippet:-1, max-image-preview:large, max-video-preview:-1\" \/>\n<link rel=\"canonical\" href=\"https:\/\/footdavant.fr\/actualites\/video-les-inquietudes-concernant-les-blessures-de-bryan-mbeumo-saccentuent-alors-que-des-images-inquietantes-font-surface-apres-la-victoire-des-spurs\/\" \/>\n<meta property=\"og:locale\" content=\"fr_FR\" \/>\n<meta property=\"og:type\" content=\"article\" \/>\n<meta property=\"og:title\" content=\"Vid\u00e9o : les inqui\u00e9tudes concernant les blessures de Bryan Mbeumo s&#039;accentuent alors que des images inqui\u00e9tantes font surface apr\u00e8s la victoire des Spurs \u2013\" \/>\n<meta property=\"og:description\" content=\"1 Il y a quelques craintes quant \u00e0 la forme physique de l&#039;attaquant de Manchester United Bryan Mbeumo apr\u00e8s la victoire 2-0 de samedi contre\" \/>\n<meta property=\"og:url\" content=\"https:\/\/footdavant.fr\/actualites\/video-les-inquietudes-concernant-les-blessures-de-bryan-mbeumo-saccentuent-alors-que-des-images-inquietantes-font-surface-apres-la-victoire-des-spurs\/\" \/>\n<meta property=\"og:site_name\" content=\"Foot d&#039;avant\" \/>\n<meta property=\"article:publisher\" content=\"https:\/\/www.facebook.com\/Footdavant\/\" \/>\n<meta property=\"article:published_time\" content=\"2026-02-08T18:48:23+00:00\" \/>\n<meta property=\"og:image\" content=\"https:\/\/footdavant.fr\/actualites\/wp-content\/uploads\/2026\/02\/Video-les-inquietudes-concernant-les-blessures-de-Bryan-Mbeumo.jpg\" \/>\n\t<meta property=\"og:image:width\" content=\"1200\" \/>\n\t<meta property=\"og:image:height\" content=\"672\" \/>\n\t<meta property=\"og:image:type\" content=\"image\/jpeg\" \/>\n<meta name=\"author\" content=\"Cl\u00e9ment\" \/>\n<meta name=\"twitter:card\" content=\"summary_large_image\" \/>\n<meta name=\"twitter:creator\" content=\"@FootdavantFr\" \/>\n<meta name=\"twitter:site\" content=\"@FootdavantFr\" \/>\n<meta name=\"twitter:label1\" content=\"\u00c9crit par\" \/>\n\t<meta name=\"twitter:data1\" content=\"Cl\u00e9ment\" \/>\n\t<meta name=\"twitter:label2\" content=\"Dur\u00e9e de lecture estim\u00e9e\" \/>\n\t<meta name=\"twitter:data2\" content=\"3 minutes\" \/>\n<script type=\"application\/ld+json\" class=\"yoast-schema-graph\">{\"@context\":\"https:\/\/schema.org\",\"@graph\":[{\"@type\":\"Article\",\"@id\":\"https:\/\/footdavant.fr\/actualites\/video-les-inquietudes-concernant-les-blessures-de-bryan-mbeumo-saccentuent-alors-que-des-images-inquietantes-font-surface-apres-la-victoire-des-spurs\/#article\",\"isPartOf\":{\"@id\":\"https:\/\/footdavant.fr\/actualites\/video-les-inquietudes-concernant-les-blessures-de-bryan-mbeumo-saccentuent-alors-que-des-images-inquietantes-font-surface-apres-la-victoire-des-spurs\/\"},\"author\":{\"name\":\"Cl\u00e9ment\",\"@id\":\"https:\/\/footdavant.fr\/actualites\/#\/schema\/person\/bc222566d95871b37e597b3ed3ba5e1d\"},\"headline\":\"Vid\u00e9o : les inqui\u00e9tudes concernant les blessures de Bryan Mbeumo s&#39;accentuent alors que des images inqui\u00e9tantes font surface apr\u00e8s la victoire des Spurs \u2013\",\"datePublished\":\"2026-02-08T18:48:23+00:00\",\"dateModified\":\"2026-02-08T18:48:23+00:00\",\"mainEntityOfPage\":{\"@id\":\"https:\/\/footdavant.fr\/actualites\/video-les-inquietudes-concernant-les-blessures-de-bryan-mbeumo-saccentuent-alors-que-des-images-inquietantes-font-surface-apres-la-victoire-des-spurs\/\"},\"wordCount\":608,\"publisher\":{\"@id\":\"https:\/\/footdavant.fr\/actualites\/#organization\"},\"keywords\":[\"alors\",\"apr\u00e8s\",\"blessures\",\"Bryan\",\"concernant\",\"des\",\"font\",\"images\",\"inqui\u00e9tantes\",\"inqui\u00e9tudes\",\"les\",\"Mbeumo\",\"s39accentuent\",\"Spurs\",\"surface\",\"victoire\",\"Vid\u00e9o\"],\"articleSection\":[\"Football\"],\"inLanguage\":\"fr-FR\"},{\"@type\":\"WebPage\",\"@id\":\"https:\/\/footdavant.fr\/actualites\/video-les-inquietudes-concernant-les-blessures-de-bryan-mbeumo-saccentuent-alors-que-des-images-inquietantes-font-surface-apres-la-victoire-des-spurs\/\",\"url\":\"https:\/\/footdavant.fr\/actualites\/video-les-inquietudes-concernant-les-blessures-de-bryan-mbeumo-saccentuent-alors-que-des-images-inquietantes-font-surface-apres-la-victoire-des-spurs\/\",\"name\":\"Vid\u00e9o : les inqui\u00e9tudes concernant les blessures de Bryan Mbeumo s&#39;accentuent alors que des images inqui\u00e9tantes font surface apr\u00e8s la victoire des Spurs \u2013\",\"isPartOf\":{\"@id\":\"https:\/\/footdavant.fr\/actualites\/#website\"},\"datePublished\":\"2026-02-08T18:48:23+00:00\",\"dateModified\":\"2026-02-08T18:48:23+00:00\",\"breadcrumb\":{\"@id\":\"https:\/\/footdavant.fr\/actualites\/video-les-inquietudes-concernant-les-blessures-de-bryan-mbeumo-saccentuent-alors-que-des-images-inquietantes-font-surface-apres-la-victoire-des-spurs\/#breadcrumb\"},\"inLanguage\":\"fr-FR\",\"potentialAction\":[{\"@type\":\"ReadAction\",\"target\":[\"https:\/\/footdavant.fr\/actualites\/video-les-inquietudes-concernant-les-blessures-de-bryan-mbeumo-saccentuent-alors-que-des-images-inquietantes-font-surface-apres-la-victoire-des-spurs\/\"]}]},{\"@type\":\"BreadcrumbList\",\"@id\":\"https:\/\/footdavant.fr\/actualites\/video-les-inquietudes-concernant-les-blessures-de-bryan-mbeumo-saccentuent-alors-que-des-images-inquietantes-font-surface-apres-la-victoire-des-spurs\/#breadcrumb\",\"itemListElement\":[{\"@type\":\"ListItem\",\"position\":1,\"name\":\"Accueil\",\"item\":\"https:\/\/footdavant.fr\/actualites\/\"},{\"@type\":\"ListItem\",\"position\":2,\"name\":\"Vid\u00e9o : les inqui\u00e9tudes concernant les blessures de Bryan Mbeumo s&#39;accentuent alors que des images inqui\u00e9tantes font surface apr\u00e8s la victoire des Spurs \u2013\"}]},{\"@type\":\"WebSite\",\"@id\":\"https:\/\/footdavant.fr\/actualites\/#website\",\"url\":\"https:\/\/footdavant.fr\/actualites\/\",\"name\":\"Foot d'avant\",\"description\":\"\",\"publisher\":{\"@id\":\"https:\/\/footdavant.fr\/actualites\/#organization\"},\"potentialAction\":[{\"@type\":\"SearchAction\",\"target\":{\"@type\":\"EntryPoint\",\"urlTemplate\":\"https:\/\/footdavant.fr\/actualites\/?s={search_term_string}\"},\"query-input\":\"required name=search_term_string\"}],\"inLanguage\":\"fr-FR\"},{\"@type\":\"Organization\",\"@id\":\"https:\/\/footdavant.fr\/actualites\/#organization\",\"name\":\"Foot d'avant\",\"url\":\"https:\/\/footdavant.fr\/actualites\/\",\"logo\":{\"@type\":\"ImageObject\",\"inLanguage\":\"fr-FR\",\"@id\":\"https:\/\/footdavant.fr\/actualites\/#\/schema\/logo\/image\/\",\"url\":\"https:\/\/footdavant.fr\/actualites\/wp-content\/uploads\/2023\/09\/Copy-of-FootDavant-Logo.png\",\"contentUrl\":\"https:\/\/footdavant.fr\/actualites\/wp-content\/uploads\/2023\/09\/Copy-of-FootDavant-Logo.png\",\"width\":936,\"height\":549,\"caption\":\"Foot d'avant\"},\"image\":{\"@id\":\"https:\/\/footdavant.fr\/actualites\/#\/schema\/logo\/image\/\"},\"sameAs\":[\"https:\/\/www.facebook.com\/Footdavant\/\",\"https:\/\/twitter.com\/FootdavantFr\",\"https:\/\/www.instagram.com\/footdavant.fr\/\"]},{\"@type\":\"Person\",\"@id\":\"https:\/\/footdavant.fr\/actualites\/#\/schema\/person\/bc222566d95871b37e597b3ed3ba5e1d\",\"name\":\"Cl\u00e9ment\",\"image\":{\"@type\":\"ImageObject\",\"inLanguage\":\"fr-FR\",\"@id\":\"https:\/\/footdavant.fr\/actualites\/#\/schema\/person\/image\/\",\"url\":\"https:\/\/secure.gravatar.com\/avatar\/7728b29aac2719421e1a9159b2254c44?s=96&d=mm&r=g\",\"contentUrl\":\"https:\/\/secure.gravatar.com\/avatar\/7728b29aac2719421e1a9159b2254c44?s=96&d=mm&r=g\",\"caption\":\"Cl\u00e9ment\"},\"sameAs\":[\"https:\/\/footdavant.fr\/\"]}]}<\/script>\n<!-- \/ Yoast SEO plugin. -->","yoast_head_json":{"title":"Vid\u00e9o : les inqui\u00e9tudes concernant les blessures de Bryan Mbeumo s&#39;accentuent alors que des images inqui\u00e9tantes font surface apr\u00e8s la victoire des Spurs \u2013","robots":{"index":"index","follow":"follow","max-snippet":"max-snippet:-1","max-image-preview":"max-image-preview:large","max-video-preview":"max-video-preview:-1"},"canonical":"https:\/\/footdavant.fr\/actualites\/video-les-inquietudes-concernant-les-blessures-de-bryan-mbeumo-saccentuent-alors-que-des-images-inquietantes-font-surface-apres-la-victoire-des-spurs\/","og_locale":"fr_FR","og_type":"article","og_title":"Vid\u00e9o : les inqui\u00e9tudes concernant les blessures de Bryan Mbeumo s&#39;accentuent alors que des images inqui\u00e9tantes font surface apr\u00e8s la victoire des Spurs \u2013","og_description":"1 Il y a quelques craintes quant \u00e0 la forme physique de l&#39;attaquant de Manchester United Bryan Mbeumo apr\u00e8s la victoire 2-0 de samedi contre","og_url":"https:\/\/footdavant.fr\/actualites\/video-les-inquietudes-concernant-les-blessures-de-bryan-mbeumo-saccentuent-alors-que-des-images-inquietantes-font-surface-apres-la-victoire-des-spurs\/","og_site_name":"Foot d&#039;avant","article_publisher":"https:\/\/www.facebook.com\/Footdavant\/","article_published_time":"2026-02-08T18:48:23+00:00","og_image":[{"width":1200,"height":672,"url":"https:\/\/footdavant.fr\/actualites\/wp-content\/uploads\/2026\/02\/Video-les-inquietudes-concernant-les-blessures-de-Bryan-Mbeumo.jpg","type":"image\/jpeg"}],"author":"Cl\u00e9ment","twitter_card":"summary_large_image","twitter_creator":"@FootdavantFr","twitter_site":"@FootdavantFr","twitter_misc":{"\u00c9crit par":"Cl\u00e9ment","Dur\u00e9e de lecture estim\u00e9e":"3 minutes"},"schema":{"@context":"https:\/\/schema.org","@graph":[{"@type":"Article","@id":"https:\/\/footdavant.fr\/actualites\/video-les-inquietudes-concernant-les-blessures-de-bryan-mbeumo-saccentuent-alors-que-des-images-inquietantes-font-surface-apres-la-victoire-des-spurs\/#article","isPartOf":{"@id":"https:\/\/footdavant.fr\/actualites\/video-les-inquietudes-concernant-les-blessures-de-bryan-mbeumo-saccentuent-alors-que-des-images-inquietantes-font-surface-apres-la-victoire-des-spurs\/"},"author":{"name":"Cl\u00e9ment","@id":"https:\/\/footdavant.fr\/actualites\/#\/schema\/person\/bc222566d95871b37e597b3ed3ba5e1d"},"headline":"Vid\u00e9o : les inqui\u00e9tudes concernant les blessures de Bryan Mbeumo s&#39;accentuent alors que des images inqui\u00e9tantes font surface apr\u00e8s la victoire des Spurs \u2013","datePublished":"2026-02-08T18:48:23+00:00","dateModified":"2026-02-08T18:48:23+00:00","mainEntityOfPage":{"@id":"https:\/\/footdavant.fr\/actualites\/video-les-inquietudes-concernant-les-blessures-de-bryan-mbeumo-saccentuent-alors-que-des-images-inquietantes-font-surface-apres-la-victoire-des-spurs\/"},"wordCount":608,"publisher":{"@id":"https:\/\/footdavant.fr\/actualites\/#organization"},"keywords":["alors","apr\u00e8s","blessures","Bryan","concernant","des","font","images","inqui\u00e9tantes","inqui\u00e9tudes","les","Mbeumo","s39accentuent","Spurs","surface","victoire","Vid\u00e9o"],"articleSection":["Football"],"inLanguage":"fr-FR"},{"@type":"WebPage","@id":"https:\/\/footdavant.fr\/actualites\/video-les-inquietudes-concernant-les-blessures-de-bryan-mbeumo-saccentuent-alors-que-des-images-inquietantes-font-surface-apres-la-victoire-des-spurs\/","url":"https:\/\/footdavant.fr\/actualites\/video-les-inquietudes-concernant-les-blessures-de-bryan-mbeumo-saccentuent-alors-que-des-images-inquietantes-font-surface-apres-la-victoire-des-spurs\/","name":"Vid\u00e9o : les inqui\u00e9tudes concernant les blessures de Bryan Mbeumo s&#39;accentuent alors que des images inqui\u00e9tantes font surface apr\u00e8s la victoire des Spurs \u2013","isPartOf":{"@id":"https:\/\/footdavant.fr\/actualites\/#website"},"datePublished":"2026-02-08T18:48:23+00:00","dateModified":"2026-02-08T18:48:23+00:00","breadcrumb":{"@id":"https:\/\/footdavant.fr\/actualites\/video-les-inquietudes-concernant-les-blessures-de-bryan-mbeumo-saccentuent-alors-que-des-images-inquietantes-font-surface-apres-la-victoire-des-spurs\/#breadcrumb"},"inLanguage":"fr-FR","potentialAction":[{"@type":"ReadAction","target":["https:\/\/footdavant.fr\/actualites\/video-les-inquietudes-concernant-les-blessures-de-bryan-mbeumo-saccentuent-alors-que-des-images-inquietantes-font-surface-apres-la-victoire-des-spurs\/"]}]},{"@type":"BreadcrumbList","@id":"https:\/\/footdavant.fr\/actualites\/video-les-inquietudes-concernant-les-blessures-de-bryan-mbeumo-saccentuent-alors-que-des-images-inquietantes-font-surface-apres-la-victoire-des-spurs\/#breadcrumb","itemListElement":[{"@type":"ListItem","position":1,"name":"Accueil","item":"https:\/\/footdavant.fr\/actualites\/"},{"@type":"ListItem","position":2,"name":"Vid\u00e9o : les inqui\u00e9tudes concernant les blessures de Bryan Mbeumo s&#39;accentuent alors que des images inqui\u00e9tantes font surface apr\u00e8s la victoire des Spurs \u2013"}]},{"@type":"WebSite","@id":"https:\/\/footdavant.fr\/actualites\/#website","url":"https:\/\/footdavant.fr\/actualites\/","name":"Foot d'avant","description":"","publisher":{"@id":"https:\/\/footdavant.fr\/actualites\/#organization"},"potentialAction":[{"@type":"SearchAction","target":{"@type":"EntryPoint","urlTemplate":"https:\/\/footdavant.fr\/actualites\/?s={search_term_string}"},"query-input":"required name=search_term_string"}],"inLanguage":"fr-FR"},{"@type":"Organization","@id":"https:\/\/footdavant.fr\/actualites\/#organization","name":"Foot d'avant","url":"https:\/\/footdavant.fr\/actualites\/","logo":{"@type":"ImageObject","inLanguage":"fr-FR","@id":"https:\/\/footdavant.fr\/actualites\/#\/schema\/logo\/image\/","url":"https:\/\/footdavant.fr\/actualites\/wp-content\/uploads\/2023\/09\/Copy-of-FootDavant-Logo.png","contentUrl":"https:\/\/footdavant.fr\/actualites\/wp-content\/uploads\/2023\/09\/Copy-of-FootDavant-Logo.png","width":936,"height":549,"caption":"Foot d'avant"},"image":{"@id":"https:\/\/footdavant.fr\/actualites\/#\/schema\/logo\/image\/"},"sameAs":["https:\/\/www.facebook.com\/Footdavant\/","https:\/\/twitter.com\/FootdavantFr","https:\/\/www.instagram.com\/footdavant.fr\/"]},{"@type":"Person","@id":"https:\/\/footdavant.fr\/actualites\/#\/schema\/person\/bc222566d95871b37e597b3ed3ba5e1d","name":"Cl\u00e9ment","image":{"@type":"ImageObject","inLanguage":"fr-FR","@id":"https:\/\/footdavant.fr\/actualites\/#\/schema\/person\/image\/","url":"https:\/\/secure.gravatar.com\/avatar\/7728b29aac2719421e1a9159b2254c44?s=96&d=mm&r=g","contentUrl":"https:\/\/secure.gravatar.com\/avatar\/7728b29aac2719421e1a9159b2254c44?s=96&d=mm&r=g","caption":"Cl\u00e9ment"},"sameAs":["https:\/\/footdavant.fr\/"]}]}},"_links":{"self":[{"href":"https:\/\/footdavant.fr\/actualites\/wp-json\/wp\/v2\/posts\/34286"}],"collection":[{"href":"https:\/\/footdavant.fr\/actualites\/wp-json\/wp\/v2\/posts"}],"about":[{"href":"https:\/\/footdavant.fr\/actualites\/wp-json\/wp\/v2\/types\/post"}],"author":[{"embeddable":true,"href":"https:\/\/footdavant.fr\/actualites\/wp-json\/wp\/v2\/users\/1"}],"replies":[{"embeddable":true,"href":"https:\/\/footdavant.fr\/actualites\/wp-json\/wp\/v2\/comments?post=34286"}],"version-history":[{"count":1,"href":"https:\/\/footdavant.fr\/actualites\/wp-json\/wp\/v2\/posts\/34286\/revisions"}],"predecessor-version":[{"id":34288,"href":"https:\/\/footdavant.fr\/actualites\/wp-json\/wp\/v2\/posts\/34286\/revisions\/34288"}],"wp:featuredmedia":[{"embeddable":true,"href":"https:\/\/footdavant.fr\/actualites\/wp-json\/wp\/v2\/media\/34287"}],"wp:attachment":[{"href":"https:\/\/footdavant.fr\/actualites\/wp-json\/wp\/v2\/media?parent=34286"}],"wp:term":[{"taxonomy":"category","embeddable":true,"href":"https:\/\/footdavant.fr\/actualites\/wp-json\/wp\/v2\/categories?post=34286"},{"taxonomy":"post_tag","embeddable":true,"href":"https:\/\/footdavant.fr\/actualites\/wp-json\/wp\/v2\/tags?post=34286"}],"curies":[{"name":"wp","href":"https:\/\/api.w.org\/{rel}","templated":true}]}}