{"id":34289,"date":"2026-02-08T21:48:03","date_gmt":"2026-02-08T20:48:03","guid":{"rendered":"https:\/\/footdavant.fr\/actualites\/composition-de-bournemouth-contre-aston-villa-xi-prevu-pour-le-choc-de-premier-league\/"},"modified":"2026-02-08T21:48:04","modified_gmt":"2026-02-08T20:48:04","slug":"composition-de-bournemouth-contre-aston-villa-xi-prevu-pour-le-choc-de-premier-league","status":"publish","type":"post","link":"https:\/\/footdavant.fr\/actualites\/composition-de-bournemouth-contre-aston-villa-xi-prevu-pour-le-choc-de-premier-league\/","title":{"rendered":"Composition de Bournemouth contre Aston Villa\u00a0: XI pr\u00e9vu pour le choc de Premier League"},"content":{"rendered":"<div itemprop=\"articleBody\">\n<p style=\"margin-bottom:11px\">Bournemouth pourrait se retrouver priv\u00e9 de sept joueurs pour le choc de Premier League de samedi avec Aston Villa au Vitality Stadium.<\/p>\n<p>Marcus Tavernier (ischio-jambiers), Tyler Adams, Justin Kluivert (tous deux genoux), Ben Gannon Doak (cuisse), Julio Soler (non pr\u00e9cis\u00e9) et Will Dennis (cheville) restent tous bless\u00e9s, tandis que le match de ce week-end pourrait arriver trop t\u00f4t pour David Brooks (cheville).<\/p>\n<p>La recrue de janvier, Rayan, a fourni une passe d\u00e9cisive lors de ses d\u00e9buts en Premier League en tant que rempla\u00e7ant lors de la victoire 2-0 du week-end dernier contre les Wolves, et l&#39;entra\u00eeneur-chef Andoni Iraola sera tent\u00e9 d&#39;offrir au joueur de 19 ans son premier d\u00e9part pour les Cherries contre Villa.<\/p>\n<p>Rayan est pr\u00eat \u00e0 se battre avec Amine Adli et Alex Jimenez pour un d\u00e9part large, ce dernier rejoindra d\u00e9finitivement Bournemouth en provenance de l&#39;AC Milan s&#39;il fait une apparition suppl\u00e9mentaire pour le club.<\/p>\n<p>L&#39;attaquant de Bournemouth Eli Junior Kroupi a le meilleur taux de conversion de tirs de tous les joueurs de Premier League avec au moins 10 tirs cette saison (38,1 %) et il a marqu\u00e9 son huiti\u00e8me but de la saison dans l&#39;\u00e9lite le week-end dernier. L&#39;adolescent est pr\u00eat \u00e0 continuer dans le dernier tiers aux c\u00f4t\u00e9s de l&#39;attaquant central Evanilson.<\/p>\n<p>Alex Toth \u2013 une autre nouvelle recrue \u2013 et Ryan Christie chercheront tous deux \u00e0 revenir de force dans le premier XI, bien qu&#39;Alex Scott et Lewis Cook soient le duo le plus susceptible de d\u00e9buter au milieu de terrain.<\/p>\n<p>Si Jimenez obtient un nouveau d\u00e9part plus loin, alors Adam Smith devrait conserver sa place de titulaire \u00e0 l&#39;arri\u00e8re droit, rejoignant James Hill, Marcos Senesi et Adrien Truffert dans une d\u00e9fense \u00e0 quatre, prot\u00e9geant le gardien Djordje Petrovic.<\/p>\n<p>Bournemouth onze de d\u00e9part possible : Petrovic ; Smith, Hill, Senesi, Truffert\u00a0; Scott, cuisinier\u00a0; Jim\u00e9nez, Kroupi, Adli\u00a0; Evanilson<\/p>\n<p>> Cliquez ici pour voir comment Aston Villa pourrait s&#39;aligner pour ce concours<\/p>\n<\/div>\n","protected":false},"excerpt":{"rendered":"<p>Bournemouth pourrait se retrouver priv\u00e9 de sept joueurs pour le choc de Premier League de samedi avec Aston Villa au Vitality Stadium. Marcus Tavernier (ischio-jambiers),<\/p>\n","protected":false},"author":1,"featured_media":34290,"comment_status":"closed","ping_status":"","sticky":false,"template":"","format":"standard","meta":{"footnotes":""},"categories":[5],"tags":[369,54,332,2291,20,202,51,201,3924,370],"yoast_head":"<!-- This site is optimized with the Yoast SEO plugin v21.0 - https:\/\/yoast.com\/wordpress\/plugins\/seo\/ -->\n<title>Composition de Bournemouth contre Aston Villa\u00a0: XI pr\u00e9vu pour le choc de Premier League<\/title>\n<meta name=\"robots\" content=\"index, follow, max-snippet:-1, max-image-preview:large, max-video-preview:-1\" \/>\n<link rel=\"canonical\" href=\"https:\/\/footdavant.fr\/actualites\/composition-de-bournemouth-contre-aston-villa-xi-prevu-pour-le-choc-de-premier-league\/\" \/>\n<meta property=\"og:locale\" content=\"fr_FR\" \/>\n<meta property=\"og:type\" content=\"article\" \/>\n<meta property=\"og:title\" content=\"Composition de Bournemouth contre Aston Villa\u00a0: XI pr\u00e9vu pour le choc de Premier League\" \/>\n<meta property=\"og:description\" content=\"Bournemouth pourrait se retrouver priv\u00e9 de sept joueurs pour le choc de Premier League de samedi avec Aston Villa au Vitality Stadium. Marcus Tavernier (ischio-jambiers),\" \/>\n<meta property=\"og:url\" content=\"https:\/\/footdavant.fr\/actualites\/composition-de-bournemouth-contre-aston-villa-xi-prevu-pour-le-choc-de-premier-league\/\" \/>\n<meta property=\"og:site_name\" content=\"Foot d&#039;avant\" \/>\n<meta property=\"article:publisher\" content=\"https:\/\/www.facebook.com\/Footdavant\/\" \/>\n<meta property=\"article:published_time\" content=\"2026-02-08T20:48:03+00:00\" \/>\n<meta property=\"article:modified_time\" content=\"2026-02-08T20:48:04+00:00\" \/>\n<meta property=\"og:image\" content=\"https:\/\/footdavant.fr\/actualites\/wp-content\/uploads\/2026\/02\/Composition-de-Bournemouth-contre-Aston-Villa-XI-prevu-pour-le.net2Fuploads2F20262F022Faaa-rayan-698231.webp\" \/>\n\t<meta property=\"og:image:width\" content=\"720\" \/>\n\t<meta property=\"og:image:height\" content=\"410\" \/>\n\t<meta property=\"og:image:type\" content=\"image\/webp\" \/>\n<meta name=\"author\" content=\"Cl\u00e9ment\" \/>\n<meta name=\"twitter:card\" content=\"summary_large_image\" \/>\n<meta name=\"twitter:creator\" content=\"@FootdavantFr\" \/>\n<meta name=\"twitter:site\" content=\"@FootdavantFr\" \/>\n<meta name=\"twitter:label1\" content=\"\u00c9crit par\" \/>\n\t<meta name=\"twitter:data1\" content=\"Cl\u00e9ment\" \/>\n\t<meta name=\"twitter:label2\" content=\"Dur\u00e9e de lecture estim\u00e9e\" \/>\n\t<meta name=\"twitter:data2\" content=\"2 minutes\" \/>\n<script type=\"application\/ld+json\" class=\"yoast-schema-graph\">{\"@context\":\"https:\/\/schema.org\",\"@graph\":[{\"@type\":\"Article\",\"@id\":\"https:\/\/footdavant.fr\/actualites\/composition-de-bournemouth-contre-aston-villa-xi-prevu-pour-le-choc-de-premier-league\/#article\",\"isPartOf\":{\"@id\":\"https:\/\/footdavant.fr\/actualites\/composition-de-bournemouth-contre-aston-villa-xi-prevu-pour-le-choc-de-premier-league\/\"},\"author\":{\"name\":\"Cl\u00e9ment\",\"@id\":\"https:\/\/footdavant.fr\/actualites\/#\/schema\/person\/bc222566d95871b37e597b3ed3ba5e1d\"},\"headline\":\"Composition de Bournemouth contre Aston Villa\u00a0: XI pr\u00e9vu pour le choc de Premier League\",\"datePublished\":\"2026-02-08T20:48:03+00:00\",\"dateModified\":\"2026-02-08T20:48:04+00:00\",\"mainEntityOfPage\":{\"@id\":\"https:\/\/footdavant.fr\/actualites\/composition-de-bournemouth-contre-aston-villa-xi-prevu-pour-le-choc-de-premier-league\/\"},\"wordCount\":352,\"publisher\":{\"@id\":\"https:\/\/footdavant.fr\/actualites\/#organization\"},\"keywords\":[\"Aston\",\"Bournemouth\",\"choc\",\"composition\",\"contre\",\"League\",\"pour\",\"Premier\",\"pr\u00e9vu\",\"Villa\"],\"articleSection\":[\"Premier League\"],\"inLanguage\":\"fr-FR\"},{\"@type\":\"WebPage\",\"@id\":\"https:\/\/footdavant.fr\/actualites\/composition-de-bournemouth-contre-aston-villa-xi-prevu-pour-le-choc-de-premier-league\/\",\"url\":\"https:\/\/footdavant.fr\/actualites\/composition-de-bournemouth-contre-aston-villa-xi-prevu-pour-le-choc-de-premier-league\/\",\"name\":\"Composition de Bournemouth contre Aston Villa\u00a0: XI pr\u00e9vu pour le choc de Premier League\",\"isPartOf\":{\"@id\":\"https:\/\/footdavant.fr\/actualites\/#website\"},\"datePublished\":\"2026-02-08T20:48:03+00:00\",\"dateModified\":\"2026-02-08T20:48:04+00:00\",\"breadcrumb\":{\"@id\":\"https:\/\/footdavant.fr\/actualites\/composition-de-bournemouth-contre-aston-villa-xi-prevu-pour-le-choc-de-premier-league\/#breadcrumb\"},\"inLanguage\":\"fr-FR\",\"potentialAction\":[{\"@type\":\"ReadAction\",\"target\":[\"https:\/\/footdavant.fr\/actualites\/composition-de-bournemouth-contre-aston-villa-xi-prevu-pour-le-choc-de-premier-league\/\"]}]},{\"@type\":\"BreadcrumbList\",\"@id\":\"https:\/\/footdavant.fr\/actualites\/composition-de-bournemouth-contre-aston-villa-xi-prevu-pour-le-choc-de-premier-league\/#breadcrumb\",\"itemListElement\":[{\"@type\":\"ListItem\",\"position\":1,\"name\":\"Accueil\",\"item\":\"https:\/\/footdavant.fr\/actualites\/\"},{\"@type\":\"ListItem\",\"position\":2,\"name\":\"Composition de Bournemouth contre Aston Villa\u00a0: XI pr\u00e9vu pour le choc de Premier League\"}]},{\"@type\":\"WebSite\",\"@id\":\"https:\/\/footdavant.fr\/actualites\/#website\",\"url\":\"https:\/\/footdavant.fr\/actualites\/\",\"name\":\"Foot d'avant\",\"description\":\"\",\"publisher\":{\"@id\":\"https:\/\/footdavant.fr\/actualites\/#organization\"},\"potentialAction\":[{\"@type\":\"SearchAction\",\"target\":{\"@type\":\"EntryPoint\",\"urlTemplate\":\"https:\/\/footdavant.fr\/actualites\/?s={search_term_string}\"},\"query-input\":\"required name=search_term_string\"}],\"inLanguage\":\"fr-FR\"},{\"@type\":\"Organization\",\"@id\":\"https:\/\/footdavant.fr\/actualites\/#organization\",\"name\":\"Foot d'avant\",\"url\":\"https:\/\/footdavant.fr\/actualites\/\",\"logo\":{\"@type\":\"ImageObject\",\"inLanguage\":\"fr-FR\",\"@id\":\"https:\/\/footdavant.fr\/actualites\/#\/schema\/logo\/image\/\",\"url\":\"https:\/\/footdavant.fr\/actualites\/wp-content\/uploads\/2023\/09\/Copy-of-FootDavant-Logo.png\",\"contentUrl\":\"https:\/\/footdavant.fr\/actualites\/wp-content\/uploads\/2023\/09\/Copy-of-FootDavant-Logo.png\",\"width\":936,\"height\":549,\"caption\":\"Foot d'avant\"},\"image\":{\"@id\":\"https:\/\/footdavant.fr\/actualites\/#\/schema\/logo\/image\/\"},\"sameAs\":[\"https:\/\/www.facebook.com\/Footdavant\/\",\"https:\/\/twitter.com\/FootdavantFr\",\"https:\/\/www.instagram.com\/footdavant.fr\/\"]},{\"@type\":\"Person\",\"@id\":\"https:\/\/footdavant.fr\/actualites\/#\/schema\/person\/bc222566d95871b37e597b3ed3ba5e1d\",\"name\":\"Cl\u00e9ment\",\"image\":{\"@type\":\"ImageObject\",\"inLanguage\":\"fr-FR\",\"@id\":\"https:\/\/footdavant.fr\/actualites\/#\/schema\/person\/image\/\",\"url\":\"https:\/\/secure.gravatar.com\/avatar\/7728b29aac2719421e1a9159b2254c44?s=96&d=mm&r=g\",\"contentUrl\":\"https:\/\/secure.gravatar.com\/avatar\/7728b29aac2719421e1a9159b2254c44?s=96&d=mm&r=g\",\"caption\":\"Cl\u00e9ment\"},\"sameAs\":[\"https:\/\/footdavant.fr\/\"]}]}<\/script>\n<!-- \/ Yoast SEO plugin. -->","yoast_head_json":{"title":"Composition de Bournemouth contre Aston Villa\u00a0: XI pr\u00e9vu pour le choc de Premier League","robots":{"index":"index","follow":"follow","max-snippet":"max-snippet:-1","max-image-preview":"max-image-preview:large","max-video-preview":"max-video-preview:-1"},"canonical":"https:\/\/footdavant.fr\/actualites\/composition-de-bournemouth-contre-aston-villa-xi-prevu-pour-le-choc-de-premier-league\/","og_locale":"fr_FR","og_type":"article","og_title":"Composition de Bournemouth contre Aston Villa\u00a0: XI pr\u00e9vu pour le choc de Premier League","og_description":"Bournemouth pourrait se retrouver priv\u00e9 de sept joueurs pour le choc de Premier League de samedi avec Aston Villa au Vitality Stadium. Marcus Tavernier (ischio-jambiers),","og_url":"https:\/\/footdavant.fr\/actualites\/composition-de-bournemouth-contre-aston-villa-xi-prevu-pour-le-choc-de-premier-league\/","og_site_name":"Foot d&#039;avant","article_publisher":"https:\/\/www.facebook.com\/Footdavant\/","article_published_time":"2026-02-08T20:48:03+00:00","article_modified_time":"2026-02-08T20:48:04+00:00","og_image":[{"width":720,"height":410,"url":"https:\/\/footdavant.fr\/actualites\/wp-content\/uploads\/2026\/02\/Composition-de-Bournemouth-contre-Aston-Villa-XI-prevu-pour-le.net2Fuploads2F20262F022Faaa-rayan-698231.webp","type":"image\/webp"}],"author":"Cl\u00e9ment","twitter_card":"summary_large_image","twitter_creator":"@FootdavantFr","twitter_site":"@FootdavantFr","twitter_misc":{"\u00c9crit par":"Cl\u00e9ment","Dur\u00e9e de lecture estim\u00e9e":"2 minutes"},"schema":{"@context":"https:\/\/schema.org","@graph":[{"@type":"Article","@id":"https:\/\/footdavant.fr\/actualites\/composition-de-bournemouth-contre-aston-villa-xi-prevu-pour-le-choc-de-premier-league\/#article","isPartOf":{"@id":"https:\/\/footdavant.fr\/actualites\/composition-de-bournemouth-contre-aston-villa-xi-prevu-pour-le-choc-de-premier-league\/"},"author":{"name":"Cl\u00e9ment","@id":"https:\/\/footdavant.fr\/actualites\/#\/schema\/person\/bc222566d95871b37e597b3ed3ba5e1d"},"headline":"Composition de Bournemouth contre Aston Villa\u00a0: XI pr\u00e9vu pour le choc de Premier League","datePublished":"2026-02-08T20:48:03+00:00","dateModified":"2026-02-08T20:48:04+00:00","mainEntityOfPage":{"@id":"https:\/\/footdavant.fr\/actualites\/composition-de-bournemouth-contre-aston-villa-xi-prevu-pour-le-choc-de-premier-league\/"},"wordCount":352,"publisher":{"@id":"https:\/\/footdavant.fr\/actualites\/#organization"},"keywords":["Aston","Bournemouth","choc","composition","contre","League","pour","Premier","pr\u00e9vu","Villa"],"articleSection":["Premier League"],"inLanguage":"fr-FR"},{"@type":"WebPage","@id":"https:\/\/footdavant.fr\/actualites\/composition-de-bournemouth-contre-aston-villa-xi-prevu-pour-le-choc-de-premier-league\/","url":"https:\/\/footdavant.fr\/actualites\/composition-de-bournemouth-contre-aston-villa-xi-prevu-pour-le-choc-de-premier-league\/","name":"Composition de Bournemouth contre Aston Villa\u00a0: XI pr\u00e9vu pour le choc de Premier League","isPartOf":{"@id":"https:\/\/footdavant.fr\/actualites\/#website"},"datePublished":"2026-02-08T20:48:03+00:00","dateModified":"2026-02-08T20:48:04+00:00","breadcrumb":{"@id":"https:\/\/footdavant.fr\/actualites\/composition-de-bournemouth-contre-aston-villa-xi-prevu-pour-le-choc-de-premier-league\/#breadcrumb"},"inLanguage":"fr-FR","potentialAction":[{"@type":"ReadAction","target":["https:\/\/footdavant.fr\/actualites\/composition-de-bournemouth-contre-aston-villa-xi-prevu-pour-le-choc-de-premier-league\/"]}]},{"@type":"BreadcrumbList","@id":"https:\/\/footdavant.fr\/actualites\/composition-de-bournemouth-contre-aston-villa-xi-prevu-pour-le-choc-de-premier-league\/#breadcrumb","itemListElement":[{"@type":"ListItem","position":1,"name":"Accueil","item":"https:\/\/footdavant.fr\/actualites\/"},{"@type":"ListItem","position":2,"name":"Composition de Bournemouth contre Aston Villa\u00a0: XI pr\u00e9vu pour le choc de Premier League"}]},{"@type":"WebSite","@id":"https:\/\/footdavant.fr\/actualites\/#website","url":"https:\/\/footdavant.fr\/actualites\/","name":"Foot d'avant","description":"","publisher":{"@id":"https:\/\/footdavant.fr\/actualites\/#organization"},"potentialAction":[{"@type":"SearchAction","target":{"@type":"EntryPoint","urlTemplate":"https:\/\/footdavant.fr\/actualites\/?s={search_term_string}"},"query-input":"required name=search_term_string"}],"inLanguage":"fr-FR"},{"@type":"Organization","@id":"https:\/\/footdavant.fr\/actualites\/#organization","name":"Foot d'avant","url":"https:\/\/footdavant.fr\/actualites\/","logo":{"@type":"ImageObject","inLanguage":"fr-FR","@id":"https:\/\/footdavant.fr\/actualites\/#\/schema\/logo\/image\/","url":"https:\/\/footdavant.fr\/actualites\/wp-content\/uploads\/2023\/09\/Copy-of-FootDavant-Logo.png","contentUrl":"https:\/\/footdavant.fr\/actualites\/wp-content\/uploads\/2023\/09\/Copy-of-FootDavant-Logo.png","width":936,"height":549,"caption":"Foot d'avant"},"image":{"@id":"https:\/\/footdavant.fr\/actualites\/#\/schema\/logo\/image\/"},"sameAs":["https:\/\/www.facebook.com\/Footdavant\/","https:\/\/twitter.com\/FootdavantFr","https:\/\/www.instagram.com\/footdavant.fr\/"]},{"@type":"Person","@id":"https:\/\/footdavant.fr\/actualites\/#\/schema\/person\/bc222566d95871b37e597b3ed3ba5e1d","name":"Cl\u00e9ment","image":{"@type":"ImageObject","inLanguage":"fr-FR","@id":"https:\/\/footdavant.fr\/actualites\/#\/schema\/person\/image\/","url":"https:\/\/secure.gravatar.com\/avatar\/7728b29aac2719421e1a9159b2254c44?s=96&d=mm&r=g","contentUrl":"https:\/\/secure.gravatar.com\/avatar\/7728b29aac2719421e1a9159b2254c44?s=96&d=mm&r=g","caption":"Cl\u00e9ment"},"sameAs":["https:\/\/footdavant.fr\/"]}]}},"_links":{"self":[{"href":"https:\/\/footdavant.fr\/actualites\/wp-json\/wp\/v2\/posts\/34289"}],"collection":[{"href":"https:\/\/footdavant.fr\/actualites\/wp-json\/wp\/v2\/posts"}],"about":[{"href":"https:\/\/footdavant.fr\/actualites\/wp-json\/wp\/v2\/types\/post"}],"author":[{"embeddable":true,"href":"https:\/\/footdavant.fr\/actualites\/wp-json\/wp\/v2\/users\/1"}],"replies":[{"embeddable":true,"href":"https:\/\/footdavant.fr\/actualites\/wp-json\/wp\/v2\/comments?post=34289"}],"version-history":[{"count":1,"href":"https:\/\/footdavant.fr\/actualites\/wp-json\/wp\/v2\/posts\/34289\/revisions"}],"predecessor-version":[{"id":34291,"href":"https:\/\/footdavant.fr\/actualites\/wp-json\/wp\/v2\/posts\/34289\/revisions\/34291"}],"wp:featuredmedia":[{"embeddable":true,"href":"https:\/\/footdavant.fr\/actualites\/wp-json\/wp\/v2\/media\/34290"}],"wp:attachment":[{"href":"https:\/\/footdavant.fr\/actualites\/wp-json\/wp\/v2\/media?parent=34289"}],"wp:term":[{"taxonomy":"category","embeddable":true,"href":"https:\/\/footdavant.fr\/actualites\/wp-json\/wp\/v2\/categories?post=34289"},{"taxonomy":"post_tag","embeddable":true,"href":"https:\/\/footdavant.fr\/actualites\/wp-json\/wp\/v2\/tags?post=34289"}],"curies":[{"name":"wp","href":"https:\/\/api.w.org\/{rel}","templated":true}]}}