{"id":34298,"date":"2026-02-09T03:48:07","date_gmt":"2026-02-09T02:48:07","guid":{"rendered":"https:\/\/footdavant.fr\/actualites\/marc-guehi-aurait-du-etre-expulse-pour-avoir-tire-le-maillot-de-mo-salah\/"},"modified":"2026-02-09T03:48:10","modified_gmt":"2026-02-09T02:48:10","slug":"marc-guehi-aurait-du-etre-expulse-pour-avoir-tire-le-maillot-de-mo-salah","status":"publish","type":"post","link":"https:\/\/footdavant.fr\/actualites\/marc-guehi-aurait-du-etre-expulse-pour-avoir-tire-le-maillot-de-mo-salah\/","title":{"rendered":"Marc Guehi aurait d\u00fb \u00eatre expuls\u00e9 pour avoir tir\u00e9 le maillot de Mo Salah"},"content":{"rendered":"<div id=\"article-body\">\n<!-- Article Start --><\/p>\n<p>Arne Slot a d\u00e9plor\u00e9 une d\u00e9cision arbitrale majeure suite \u00e0 la d\u00e9faite controvers\u00e9e de Liverpool contre Manchester City dimanche.<\/p>\n<p>Une seconde mi-temps folle \u00e0 Anfield s&#39;est termin\u00e9e avec l&#39;expulsion de Dominik Szoboszlai pour refus d&#39;opportunit\u00e9 de but (DOGSO) apr\u00e8s avoir retir\u00e9 le maillot d&#39;Erling Haaland en essayant de revenir en arri\u00e8re pour emp\u00eacher un but \u00e0 longue distance de Rayan Cherki, qui a \u00e9t\u00e9 exclu par VAR.<\/p>\n<p>Il y a eu un autre moment controvers\u00e9 plus t\u00f4t dans la seconde p\u00e9riode lorsque, alors que l&#39;impasse n&#39;\u00e9tait pas encore sortie, Marc Guehi a retir\u00e9 le maillot de Mo Salah juste \u00e0 l&#39;ext\u00e9rieur de la surface de r\u00e9paration alors que l&#39;ailier rouge semblait avoir marqu\u00e9 au but, mais le d\u00e9fenseur anglais s&#39;en est sorti avec juste un carton jaune.<\/p>\n<h2>Slot a estim\u00e9 que le remorqueur de chemise Guehi aurait d\u00fb \u00eatre un carton rouge<\/h2>\n<p>C&#39;\u00e9tait le seul incident d&#39;arbitrage avec lequel Slot avait un grief concernant le match d&#39;aujourd&#39;hui, arguant que la plupart des observateurs impartiaux l&#39;auraient interpr\u00e9t\u00e9 comme un DOGSO et donc un carton rouge.<\/p>\n<figure id=\"attachment_283921\" aria-describedby=\"caption-attachment-283921\" style=\"width: 713px\" class=\"wp-caption alignnone\"><picture><source type=\"image\/webp\" data- data-><\/source><\/picture><\/figure>\n<p>L&#39;entra\u00eeneur-chef de Liverpool a d\u00e9clar\u00e9 \u00e0 Sky Sports : <\/p>\n<\/p>\n<h2>Slot a raison de d\u00e9noncer encore une incoh\u00e9rence arbitrale<\/h2>\n<p>Slot a raison de souligner la derni\u00e8re incoh\u00e9rence de la part des arbitres de match en Premier League, avec deux d\u00e9cisions diff\u00e9rentes r\u00e9sultant de deux infractions tr\u00e8s similaires.<\/p>\n<p>Certains pourraient affirmer que Salah ne frappait pas le but depuis une position centrale, mais s&#39;il avait saisi la passe, cela aurait certainement constitu\u00e9 une opportunit\u00e9 de but.<\/p>\n<p>Cela soul\u00e8ve la question : pourquoi Guehi n&#39;a-t-il re\u00e7u un carton jaune que pour cet incident alors que le VAR rongeait son frein pour s&#39;impliquer \u00e0 la fin du match et persuader Pawson de montrer du rouge \u00e0 Szoboszlai ?<\/p>\n<blockquote class=\"twitter-lazy tweet-img lazyload\" data-width=\"500\" data-dnt=\"true\">\n<p lang=\"en\" dir=\"ltr\">\u00ab\u00a0Quiconque est dans ce stade depuis huit ans sait que si Mo Salah est dans cette position, c&#39;est un but !\u00a0\u00bb <\/p>\n<p>Arne Slot rit en r\u00e9ponse aux questions sur les d\u00e9cisions d&#39;arbitrage lors de la d\u00e9faite de Liverpool contre Man City \ud83d\udfe5 <a rel=\"nofollow\" href=\"https:\/\/t.co\/Zb6h8hVVAa\">pic.twitter.com\/Zb6h8hVVAa<\/a><\/p>\n<p>\u2013 Sky Sports Premier League (@SkySportsPL) <a rel=\"nofollow\" href=\"https:\/\/twitter.com\/SkySportsPL\/status\/2020581350932185126?ref_src=twsrc%5Etfw\">8 f\u00e9vrier 2026<\/a><\/p>\n<\/blockquote>\n<p>De nombreuses d\u00e9cisions d&#39;arbitrage sont subjectives, et ce n&#39;est pas la faute des officiels si Liverpool n&#39;a pas r\u00e9ussi \u00e0 conserver son avance ou m\u00eame \u00e0 repartir avec un match nul, mais ces deux moments mettent exactement en \u00e9vidence les deux poids, deux mesures qui exasp\u00e8rent les supporters, les managers et les joueurs de ce pays.<\/p>\n<p>Le chef de PGMOL, Howard Webb, devrait se sentir plut\u00f4t mal \u00e0 l&#39;aise apr\u00e8s ce qui s&#39;est mat\u00e9rialis\u00e9 \u00e0 Anfield aujourd&#39;hui, et nous ne pouvons que nous demander s&#39;il sera emmen\u00e9 aux c\u00f4t\u00e9s de Michael Owen pour leur spectacle Mic&#39;d Up mis en sc\u00e8ne dans lequel il donnera une \u00ab justification \u00bb absurde pour ce qui s&#39;est pass\u00e9.<\/p>\n<p>Ce que l&#39;ancien arbitre de haut niveau devrait faire, c&#39;est s&#39;entretenir avec les officiels en poste pour ce match et leur demander comment ils sont parvenus \u00e0 des verdicts aussi diff\u00e9rents sur deux incidents similaires, avec une explication appropri\u00e9e \u00e9tant ensuite donn\u00e9e au public.<\/p>\n<p>Slot avait parfaitement le droit d&#39;\u00eatre furieux de l&#39;incident Guehi\/Salah, et si Liverpool avait jou\u00e9 contre 10 hommes pendant les 20 derni\u00e8res minutes environ, qui sait \u00e0 quel point ce match aurait \u00e9t\u00e9 diff\u00e9rent ?<\/p>\n<p>Malheureusement, les Reds ne peuvent rien faire pour changer le r\u00e9sultat d&#39;aujourd&#39;hui. Ce qu&#39;ils doivent faire, c&#39;est apprendre \u00e0 \u00eatre plus cliniques avec les occasions qu&#39;ils se sont cr\u00e9\u00e9es mais qu&#39;ils n&#39;ont pas saisies en seconde p\u00e9riode.<\/p>\n<p><!-- Article End -->\t\t\t\t<\/div>\n<p><script async src=\"https:\/\/platform.twitter.com\/widgets.js\" charset=\"utf-8\"><\/script><\/p>\n","protected":false},"excerpt":{"rendered":"<p>Arne Slot a d\u00e9plor\u00e9 une d\u00e9cision arbitrale majeure suite \u00e0 la d\u00e9faite controvers\u00e9e de Liverpool contre Manchester City dimanche. Une seconde mi-temps folle \u00e0 Anfield<\/p>\n","protected":false},"author":1,"featured_media":34299,"comment_status":"closed","ping_status":"","sticky":false,"template":"","format":"standard","meta":{"footnotes":""},"categories":[3],"tags":[3133,156,212,270,2824,1679,5326,1678,51,335,4714],"yoast_head":"<!-- This site is optimized with the Yoast SEO plugin v21.0 - https:\/\/yoast.com\/wordpress\/plugins\/seo\/ -->\n<title>Marc Guehi aurait d\u00fb \u00eatre expuls\u00e9 pour avoir tir\u00e9 le maillot de Mo Salah<\/title>\n<meta name=\"robots\" content=\"index, follow, max-snippet:-1, max-image-preview:large, max-video-preview:-1\" \/>\n<link rel=\"canonical\" href=\"https:\/\/footdavant.fr\/actualites\/marc-guehi-aurait-du-etre-expulse-pour-avoir-tire-le-maillot-de-mo-salah\/\" \/>\n<meta property=\"og:locale\" content=\"fr_FR\" \/>\n<meta property=\"og:type\" content=\"article\" \/>\n<meta property=\"og:title\" content=\"Marc Guehi aurait d\u00fb \u00eatre expuls\u00e9 pour avoir tir\u00e9 le maillot de Mo Salah\" \/>\n<meta property=\"og:description\" content=\"Arne Slot a d\u00e9plor\u00e9 une d\u00e9cision arbitrale majeure suite \u00e0 la d\u00e9faite controvers\u00e9e de Liverpool contre Manchester City dimanche. Une seconde mi-temps folle \u00e0 Anfield\" \/>\n<meta property=\"og:url\" content=\"https:\/\/footdavant.fr\/actualites\/marc-guehi-aurait-du-etre-expulse-pour-avoir-tire-le-maillot-de-mo-salah\/\" \/>\n<meta property=\"og:site_name\" content=\"Foot d&#039;avant\" \/>\n<meta property=\"article:publisher\" content=\"https:\/\/www.facebook.com\/Footdavant\/\" \/>\n<meta property=\"article:published_time\" content=\"2026-02-09T02:48:07+00:00\" \/>\n<meta property=\"article:modified_time\" content=\"2026-02-09T02:48:10+00:00\" \/>\n<meta property=\"og:image\" content=\"https:\/\/footdavant.fr\/actualites\/wp-content\/uploads\/2026\/02\/1770605289_Marc-Guehi-aurait-du-etre-expulse-pour-avoir-tire-le.jpg\" \/>\n\t<meta property=\"og:image:width\" content=\"1465\" \/>\n\t<meta property=\"og:image:height\" content=\"824\" \/>\n\t<meta property=\"og:image:type\" content=\"image\/jpeg\" \/>\n<meta name=\"author\" content=\"Cl\u00e9ment\" \/>\n<meta name=\"twitter:card\" content=\"summary_large_image\" \/>\n<meta name=\"twitter:creator\" content=\"@FootdavantFr\" \/>\n<meta name=\"twitter:site\" content=\"@FootdavantFr\" \/>\n<meta name=\"twitter:label1\" content=\"\u00c9crit par\" \/>\n\t<meta name=\"twitter:data1\" content=\"Cl\u00e9ment\" \/>\n\t<meta name=\"twitter:label2\" content=\"Dur\u00e9e de lecture estim\u00e9e\" \/>\n\t<meta name=\"twitter:data2\" content=\"3 minutes\" \/>\n<script type=\"application\/ld+json\" class=\"yoast-schema-graph\">{\"@context\":\"https:\/\/schema.org\",\"@graph\":[{\"@type\":\"Article\",\"@id\":\"https:\/\/footdavant.fr\/actualites\/marc-guehi-aurait-du-etre-expulse-pour-avoir-tire-le-maillot-de-mo-salah\/#article\",\"isPartOf\":{\"@id\":\"https:\/\/footdavant.fr\/actualites\/marc-guehi-aurait-du-etre-expulse-pour-avoir-tire-le-maillot-de-mo-salah\/\"},\"author\":{\"name\":\"Cl\u00e9ment\",\"@id\":\"https:\/\/footdavant.fr\/actualites\/#\/schema\/person\/bc222566d95871b37e597b3ed3ba5e1d\"},\"headline\":\"Marc Guehi aurait d\u00fb \u00eatre expuls\u00e9 pour avoir tir\u00e9 le maillot de Mo Salah\",\"datePublished\":\"2026-02-09T02:48:07+00:00\",\"dateModified\":\"2026-02-09T02:48:10+00:00\",\"mainEntityOfPage\":{\"@id\":\"https:\/\/footdavant.fr\/actualites\/marc-guehi-aurait-du-etre-expulse-pour-avoir-tire-le-maillot-de-mo-salah\/\"},\"wordCount\":652,\"publisher\":{\"@id\":\"https:\/\/footdavant.fr\/actualites\/#organization\"},\"keywords\":[\"aurait\",\"avoir\",\"d\u00fb\",\"\u00eatre\",\"expuls\u00e9\",\"Guehi\",\"maillot\",\"Marc\",\"pour\",\"Salah\",\"tire\"],\"articleSection\":[\"Football\"],\"inLanguage\":\"fr-FR\"},{\"@type\":\"WebPage\",\"@id\":\"https:\/\/footdavant.fr\/actualites\/marc-guehi-aurait-du-etre-expulse-pour-avoir-tire-le-maillot-de-mo-salah\/\",\"url\":\"https:\/\/footdavant.fr\/actualites\/marc-guehi-aurait-du-etre-expulse-pour-avoir-tire-le-maillot-de-mo-salah\/\",\"name\":\"Marc Guehi aurait d\u00fb \u00eatre expuls\u00e9 pour avoir tir\u00e9 le maillot de Mo Salah\",\"isPartOf\":{\"@id\":\"https:\/\/footdavant.fr\/actualites\/#website\"},\"datePublished\":\"2026-02-09T02:48:07+00:00\",\"dateModified\":\"2026-02-09T02:48:10+00:00\",\"breadcrumb\":{\"@id\":\"https:\/\/footdavant.fr\/actualites\/marc-guehi-aurait-du-etre-expulse-pour-avoir-tire-le-maillot-de-mo-salah\/#breadcrumb\"},\"inLanguage\":\"fr-FR\",\"potentialAction\":[{\"@type\":\"ReadAction\",\"target\":[\"https:\/\/footdavant.fr\/actualites\/marc-guehi-aurait-du-etre-expulse-pour-avoir-tire-le-maillot-de-mo-salah\/\"]}]},{\"@type\":\"BreadcrumbList\",\"@id\":\"https:\/\/footdavant.fr\/actualites\/marc-guehi-aurait-du-etre-expulse-pour-avoir-tire-le-maillot-de-mo-salah\/#breadcrumb\",\"itemListElement\":[{\"@type\":\"ListItem\",\"position\":1,\"name\":\"Accueil\",\"item\":\"https:\/\/footdavant.fr\/actualites\/\"},{\"@type\":\"ListItem\",\"position\":2,\"name\":\"Marc Guehi aurait d\u00fb \u00eatre expuls\u00e9 pour avoir tir\u00e9 le maillot de Mo Salah\"}]},{\"@type\":\"WebSite\",\"@id\":\"https:\/\/footdavant.fr\/actualites\/#website\",\"url\":\"https:\/\/footdavant.fr\/actualites\/\",\"name\":\"Foot d'avant\",\"description\":\"\",\"publisher\":{\"@id\":\"https:\/\/footdavant.fr\/actualites\/#organization\"},\"potentialAction\":[{\"@type\":\"SearchAction\",\"target\":{\"@type\":\"EntryPoint\",\"urlTemplate\":\"https:\/\/footdavant.fr\/actualites\/?s={search_term_string}\"},\"query-input\":\"required name=search_term_string\"}],\"inLanguage\":\"fr-FR\"},{\"@type\":\"Organization\",\"@id\":\"https:\/\/footdavant.fr\/actualites\/#organization\",\"name\":\"Foot d'avant\",\"url\":\"https:\/\/footdavant.fr\/actualites\/\",\"logo\":{\"@type\":\"ImageObject\",\"inLanguage\":\"fr-FR\",\"@id\":\"https:\/\/footdavant.fr\/actualites\/#\/schema\/logo\/image\/\",\"url\":\"https:\/\/footdavant.fr\/actualites\/wp-content\/uploads\/2023\/09\/Copy-of-FootDavant-Logo.png\",\"contentUrl\":\"https:\/\/footdavant.fr\/actualites\/wp-content\/uploads\/2023\/09\/Copy-of-FootDavant-Logo.png\",\"width\":936,\"height\":549,\"caption\":\"Foot d'avant\"},\"image\":{\"@id\":\"https:\/\/footdavant.fr\/actualites\/#\/schema\/logo\/image\/\"},\"sameAs\":[\"https:\/\/www.facebook.com\/Footdavant\/\",\"https:\/\/twitter.com\/FootdavantFr\",\"https:\/\/www.instagram.com\/footdavant.fr\/\"]},{\"@type\":\"Person\",\"@id\":\"https:\/\/footdavant.fr\/actualites\/#\/schema\/person\/bc222566d95871b37e597b3ed3ba5e1d\",\"name\":\"Cl\u00e9ment\",\"image\":{\"@type\":\"ImageObject\",\"inLanguage\":\"fr-FR\",\"@id\":\"https:\/\/footdavant.fr\/actualites\/#\/schema\/person\/image\/\",\"url\":\"https:\/\/secure.gravatar.com\/avatar\/7728b29aac2719421e1a9159b2254c44?s=96&d=mm&r=g\",\"contentUrl\":\"https:\/\/secure.gravatar.com\/avatar\/7728b29aac2719421e1a9159b2254c44?s=96&d=mm&r=g\",\"caption\":\"Cl\u00e9ment\"},\"sameAs\":[\"https:\/\/footdavant.fr\/\"]}]}<\/script>\n<!-- \/ Yoast SEO plugin. -->","yoast_head_json":{"title":"Marc Guehi aurait d\u00fb \u00eatre expuls\u00e9 pour avoir tir\u00e9 le maillot de Mo Salah","robots":{"index":"index","follow":"follow","max-snippet":"max-snippet:-1","max-image-preview":"max-image-preview:large","max-video-preview":"max-video-preview:-1"},"canonical":"https:\/\/footdavant.fr\/actualites\/marc-guehi-aurait-du-etre-expulse-pour-avoir-tire-le-maillot-de-mo-salah\/","og_locale":"fr_FR","og_type":"article","og_title":"Marc Guehi aurait d\u00fb \u00eatre expuls\u00e9 pour avoir tir\u00e9 le maillot de Mo Salah","og_description":"Arne Slot a d\u00e9plor\u00e9 une d\u00e9cision arbitrale majeure suite \u00e0 la d\u00e9faite controvers\u00e9e de Liverpool contre Manchester City dimanche. Une seconde mi-temps folle \u00e0 Anfield","og_url":"https:\/\/footdavant.fr\/actualites\/marc-guehi-aurait-du-etre-expulse-pour-avoir-tire-le-maillot-de-mo-salah\/","og_site_name":"Foot d&#039;avant","article_publisher":"https:\/\/www.facebook.com\/Footdavant\/","article_published_time":"2026-02-09T02:48:07+00:00","article_modified_time":"2026-02-09T02:48:10+00:00","og_image":[{"width":1465,"height":824,"url":"https:\/\/footdavant.fr\/actualites\/wp-content\/uploads\/2026\/02\/1770605289_Marc-Guehi-aurait-du-etre-expulse-pour-avoir-tire-le.jpg","type":"image\/jpeg"}],"author":"Cl\u00e9ment","twitter_card":"summary_large_image","twitter_creator":"@FootdavantFr","twitter_site":"@FootdavantFr","twitter_misc":{"\u00c9crit par":"Cl\u00e9ment","Dur\u00e9e de lecture estim\u00e9e":"3 minutes"},"schema":{"@context":"https:\/\/schema.org","@graph":[{"@type":"Article","@id":"https:\/\/footdavant.fr\/actualites\/marc-guehi-aurait-du-etre-expulse-pour-avoir-tire-le-maillot-de-mo-salah\/#article","isPartOf":{"@id":"https:\/\/footdavant.fr\/actualites\/marc-guehi-aurait-du-etre-expulse-pour-avoir-tire-le-maillot-de-mo-salah\/"},"author":{"name":"Cl\u00e9ment","@id":"https:\/\/footdavant.fr\/actualites\/#\/schema\/person\/bc222566d95871b37e597b3ed3ba5e1d"},"headline":"Marc Guehi aurait d\u00fb \u00eatre expuls\u00e9 pour avoir tir\u00e9 le maillot de Mo Salah","datePublished":"2026-02-09T02:48:07+00:00","dateModified":"2026-02-09T02:48:10+00:00","mainEntityOfPage":{"@id":"https:\/\/footdavant.fr\/actualites\/marc-guehi-aurait-du-etre-expulse-pour-avoir-tire-le-maillot-de-mo-salah\/"},"wordCount":652,"publisher":{"@id":"https:\/\/footdavant.fr\/actualites\/#organization"},"keywords":["aurait","avoir","d\u00fb","\u00eatre","expuls\u00e9","Guehi","maillot","Marc","pour","Salah","tire"],"articleSection":["Football"],"inLanguage":"fr-FR"},{"@type":"WebPage","@id":"https:\/\/footdavant.fr\/actualites\/marc-guehi-aurait-du-etre-expulse-pour-avoir-tire-le-maillot-de-mo-salah\/","url":"https:\/\/footdavant.fr\/actualites\/marc-guehi-aurait-du-etre-expulse-pour-avoir-tire-le-maillot-de-mo-salah\/","name":"Marc Guehi aurait d\u00fb \u00eatre expuls\u00e9 pour avoir tir\u00e9 le maillot de Mo Salah","isPartOf":{"@id":"https:\/\/footdavant.fr\/actualites\/#website"},"datePublished":"2026-02-09T02:48:07+00:00","dateModified":"2026-02-09T02:48:10+00:00","breadcrumb":{"@id":"https:\/\/footdavant.fr\/actualites\/marc-guehi-aurait-du-etre-expulse-pour-avoir-tire-le-maillot-de-mo-salah\/#breadcrumb"},"inLanguage":"fr-FR","potentialAction":[{"@type":"ReadAction","target":["https:\/\/footdavant.fr\/actualites\/marc-guehi-aurait-du-etre-expulse-pour-avoir-tire-le-maillot-de-mo-salah\/"]}]},{"@type":"BreadcrumbList","@id":"https:\/\/footdavant.fr\/actualites\/marc-guehi-aurait-du-etre-expulse-pour-avoir-tire-le-maillot-de-mo-salah\/#breadcrumb","itemListElement":[{"@type":"ListItem","position":1,"name":"Accueil","item":"https:\/\/footdavant.fr\/actualites\/"},{"@type":"ListItem","position":2,"name":"Marc Guehi aurait d\u00fb \u00eatre expuls\u00e9 pour avoir tir\u00e9 le maillot de Mo Salah"}]},{"@type":"WebSite","@id":"https:\/\/footdavant.fr\/actualites\/#website","url":"https:\/\/footdavant.fr\/actualites\/","name":"Foot d'avant","description":"","publisher":{"@id":"https:\/\/footdavant.fr\/actualites\/#organization"},"potentialAction":[{"@type":"SearchAction","target":{"@type":"EntryPoint","urlTemplate":"https:\/\/footdavant.fr\/actualites\/?s={search_term_string}"},"query-input":"required name=search_term_string"}],"inLanguage":"fr-FR"},{"@type":"Organization","@id":"https:\/\/footdavant.fr\/actualites\/#organization","name":"Foot d'avant","url":"https:\/\/footdavant.fr\/actualites\/","logo":{"@type":"ImageObject","inLanguage":"fr-FR","@id":"https:\/\/footdavant.fr\/actualites\/#\/schema\/logo\/image\/","url":"https:\/\/footdavant.fr\/actualites\/wp-content\/uploads\/2023\/09\/Copy-of-FootDavant-Logo.png","contentUrl":"https:\/\/footdavant.fr\/actualites\/wp-content\/uploads\/2023\/09\/Copy-of-FootDavant-Logo.png","width":936,"height":549,"caption":"Foot d'avant"},"image":{"@id":"https:\/\/footdavant.fr\/actualites\/#\/schema\/logo\/image\/"},"sameAs":["https:\/\/www.facebook.com\/Footdavant\/","https:\/\/twitter.com\/FootdavantFr","https:\/\/www.instagram.com\/footdavant.fr\/"]},{"@type":"Person","@id":"https:\/\/footdavant.fr\/actualites\/#\/schema\/person\/bc222566d95871b37e597b3ed3ba5e1d","name":"Cl\u00e9ment","image":{"@type":"ImageObject","inLanguage":"fr-FR","@id":"https:\/\/footdavant.fr\/actualites\/#\/schema\/person\/image\/","url":"https:\/\/secure.gravatar.com\/avatar\/7728b29aac2719421e1a9159b2254c44?s=96&d=mm&r=g","contentUrl":"https:\/\/secure.gravatar.com\/avatar\/7728b29aac2719421e1a9159b2254c44?s=96&d=mm&r=g","caption":"Cl\u00e9ment"},"sameAs":["https:\/\/footdavant.fr\/"]}]}},"_links":{"self":[{"href":"https:\/\/footdavant.fr\/actualites\/wp-json\/wp\/v2\/posts\/34298"}],"collection":[{"href":"https:\/\/footdavant.fr\/actualites\/wp-json\/wp\/v2\/posts"}],"about":[{"href":"https:\/\/footdavant.fr\/actualites\/wp-json\/wp\/v2\/types\/post"}],"author":[{"embeddable":true,"href":"https:\/\/footdavant.fr\/actualites\/wp-json\/wp\/v2\/users\/1"}],"replies":[{"embeddable":true,"href":"https:\/\/footdavant.fr\/actualites\/wp-json\/wp\/v2\/comments?post=34298"}],"version-history":[{"count":1,"href":"https:\/\/footdavant.fr\/actualites\/wp-json\/wp\/v2\/posts\/34298\/revisions"}],"predecessor-version":[{"id":34300,"href":"https:\/\/footdavant.fr\/actualites\/wp-json\/wp\/v2\/posts\/34298\/revisions\/34300"}],"wp:featuredmedia":[{"embeddable":true,"href":"https:\/\/footdavant.fr\/actualites\/wp-json\/wp\/v2\/media\/34299"}],"wp:attachment":[{"href":"https:\/\/footdavant.fr\/actualites\/wp-json\/wp\/v2\/media?parent=34298"}],"wp:term":[{"taxonomy":"category","embeddable":true,"href":"https:\/\/footdavant.fr\/actualites\/wp-json\/wp\/v2\/categories?post=34298"},{"taxonomy":"post_tag","embeddable":true,"href":"https:\/\/footdavant.fr\/actualites\/wp-json\/wp\/v2\/tags?post=34298"}],"curies":[{"name":"wp","href":"https:\/\/api.w.org\/{rel}","templated":true}]}}