{"id":34303,"date":"2026-02-09T07:48:10","date_gmt":"2026-02-09T06:48:10","guid":{"rendered":"https:\/\/footdavant.fr\/actualites\/reactions-suite-a-la-victoire-des-seahawks-au-super-bowl-lx\/"},"modified":"2026-02-09T07:48:12","modified_gmt":"2026-02-09T06:48:12","slug":"reactions-suite-a-la-victoire-des-seahawks-au-super-bowl-lx","status":"publish","type":"post","link":"https:\/\/footdavant.fr\/actualites\/reactions-suite-a-la-victoire-des-seahawks-au-super-bowl-lx\/","title":{"rendered":"R\u00e9actions suite \u00e0 la victoire des Seahawks au Super Bowl LX"},"content":{"rendered":"<p>\u00ab\u00a0Merci San Francisco. Vous avez \u00e9t\u00e9 d&#39;excellents h\u00f4tes cette semaine, mais ce soir appartient aux Seahawks et aux 12\u00a0\u00bb, a d\u00e9clar\u00e9 le commissaire de la NFL, Roger Goodell.<\/p>\n<div>\n<p>Les Seahawks de Seattle ont malmen\u00e9 les Patriots de la Nouvelle-Angleterre pour une victoire de 29-13 au Super Bowl LX. Il s&#39;agit de la deuxi\u00e8me victoire des Seahawks au Super Bowl et de la premi\u00e8re depuis 2013.<\/p>\n<figure class=\"wp-block-embed is-type-rich is-provider-twitter wp-block-embed-twitter\"\/>\n<p>La d\u00e9fense de Seattle avait l&#39;air f\u00e9roce lors de cette victoire. Ils ont forc\u00e9 trois revirements et ont \u00e9galement marqu\u00e9 un touch\u00e9 sur un retour d&#39;interception de 44 verges.<\/p>\n<figure class=\"wp-block-embed is-type-rich is-provider-twitter wp-block-embed-twitter\"\/>\n<p>Le demi offensif Kenneth Walker III a \u00e9t\u00e9 nomm\u00e9 MVP du Super Bowl, faisant de lui le premier porteur de ballon \u00e0 remporter le prix depuis Terrell Davis l&#39;a fait en 1998. Il a totalis\u00e9 135 verges au sol en 27 courses et 26 autres verges dans les airs.<\/p>\n<figure class=\"wp-block-embed is-type-rich is-provider-twitter wp-block-embed-twitter\">\n<div class=\"wp-block-embed__wrapper\">\n<blockquote class=\"twitter-tweet\" data-width=\"500\" data-dnt=\"true\">\n<p lang=\"en\" dir=\"ltr\">\u00ab\u00a0Kenneth Walker III donne \u00e0 Michigan State un arri\u00e8re pr\u00eat pour le match, capable de supporter la charge\u00a0\u00bb<\/p>\n<p>Probablement sous-vendu un peu !https:\/\/t.co\/eRGHFkKx6N<\/p>\n<p>\u2013 Colton Pouncy (@colton_pouncy) <a rel=\"nofollow\" href=\"https:\/\/twitter.com\/colton_pouncy\/status\/2020705218162499900?ref_src=twsrc%5Etfw\" rel=\"nofollow noopener\">9 f\u00e9vrier 2026<\/a><\/p><\/blockquote>\n<\/div>\n<\/figure>\n<p>Pour le quart-arri\u00e8re Sam Darnold, cela a sans doute compl\u00e9t\u00e9 le plus grand arc de r\u00e9demption de l\u2019histoire de la Ligue nationale de football. Apr\u00e8s avoir \u00e9t\u00e9 qualifi\u00e9 de fiasco apr\u00e8s son d\u00e9part des Jets de New York en 2021, il est devenu un quart-arri\u00e8re vainqueur du Super Bowl en lan\u00e7ant pour 202 verges et un touch\u00e9.<\/p>\n<figure class=\"wp-block-embed is-type-rich is-provider-twitter wp-block-embed-twitter\"\/>\n<p>Le receveur Cooper Kupp a remont\u00e9 le temps et a r\u00e9alis\u00e9 un excellent match. Lors d&#39;une soir\u00e9e o\u00f9 le joueur offensif de l&#39;ann\u00e9e Jaxon Smith-Njigba a connu des difficult\u00e9s et a d\u00fb faire face \u00e0 des blessures, Kupp a men\u00e9 Seattle avec six r\u00e9ceptions pour 61 verges sur r\u00e9ception.<\/p>\n<figure class=\"wp-block-embed is-type-rich is-provider-twitter wp-block-embed-twitter\"\/>\n<p>\u00c0 l&#39;inverse, ce fut un Super Bowl d\u00e9cevant pour le quart-arri\u00e8re des Patriots Drake Maye, qui a rat\u00e9 des cibles ouvertes toute la nuit et \u00e9tait responsable des trois revirements de l&#39;\u00e9quipe. La note de passeur de 79,1 de Maye \u00e9tait sa deuxi\u00e8me note la plus basse de la saison.<\/p>\n<figure class=\"wp-block-embed is-type-rich is-provider-twitter wp-block-embed-twitter\"\/>\n<p>Apr\u00e8s avoir \u00e9t\u00e9 battus par Seattle, les Patriots comptent d\u00e9sormais le plus grand nombre de d\u00e9faites au Super Bowl de l&#39;histoire de la NFL avec six. <\/p>\n<figure class=\"wp-block-embed is-type-rich is-provider-twitter wp-block-embed-twitter\"\/>\n<p>Pendant ce temps, les Seahawks sont revenus au sommet de la montagne en battant l&#39;\u00e9quipe qui les avait battus lors du Big Game il y a 11 ans. Ils ont r\u00e9ussi \u00e0 vaincre leurs d\u00e9mons et \u00e0 remporter le Super Bowl LX en \u00e9tant sans aucun doute la meilleure \u00e9quipe de la NFL. Ils ont termin\u00e9 la saison avec une fiche de 17-3 et une marge moyenne de victoire de 18,3 points en s\u00e9ries \u00e9liminatoires. <\/p>\n<figure class=\"wp-block-embed is-type-rich is-provider-twitter wp-block-embed-twitter\"\/><\/div>\n<p><script async src=\"https:\/\/platform.twitter.com\/widgets.js\" charset=\"utf-8\"><\/script><\/p>\n","protected":false},"excerpt":{"rendered":"<p>\u00ab\u00a0Merci San Francisco. Vous avez \u00e9t\u00e9 d&#39;excellents h\u00f4tes cette semaine, mais ce soir appartient aux Seahawks et aux 12\u00a0\u00bb, a d\u00e9clar\u00e9 le commissaire de la<\/p>\n","protected":false},"author":1,"featured_media":34304,"comment_status":"closed","ping_status":"","sticky":false,"template":"","format":"standard","meta":{"footnotes":""},"categories":[3],"tags":[1481,12,4660,1724,936,1480,26],"yoast_head":"<!-- This site is optimized with the Yoast SEO plugin v21.0 - https:\/\/yoast.com\/wordpress\/plugins\/seo\/ -->\n<title>R\u00e9actions suite \u00e0 la victoire des Seahawks au Super Bowl LX<\/title>\n<meta name=\"robots\" content=\"index, follow, max-snippet:-1, max-image-preview:large, max-video-preview:-1\" \/>\n<link rel=\"canonical\" href=\"https:\/\/footdavant.fr\/actualites\/reactions-suite-a-la-victoire-des-seahawks-au-super-bowl-lx\/\" \/>\n<meta property=\"og:locale\" content=\"fr_FR\" \/>\n<meta property=\"og:type\" content=\"article\" \/>\n<meta property=\"og:title\" content=\"R\u00e9actions suite \u00e0 la victoire des Seahawks au Super Bowl LX\" \/>\n<meta property=\"og:description\" content=\"\u00ab\u00a0Merci San Francisco. Vous avez \u00e9t\u00e9 d&#039;excellents h\u00f4tes cette semaine, mais ce soir appartient aux Seahawks et aux 12\u00a0\u00bb, a d\u00e9clar\u00e9 le commissaire de la\" \/>\n<meta property=\"og:url\" content=\"https:\/\/footdavant.fr\/actualites\/reactions-suite-a-la-victoire-des-seahawks-au-super-bowl-lx\/\" \/>\n<meta property=\"og:site_name\" content=\"Foot d&#039;avant\" \/>\n<meta property=\"article:publisher\" content=\"https:\/\/www.facebook.com\/Footdavant\/\" \/>\n<meta property=\"article:published_time\" content=\"2026-02-09T06:48:10+00:00\" \/>\n<meta property=\"article:modified_time\" content=\"2026-02-09T06:48:12+00:00\" \/>\n<meta property=\"og:image\" content=\"https:\/\/footdavant.fr\/actualites\/wp-content\/uploads\/2026\/02\/Reactions-suite-a-la-victoire-des-Seahawks-au-Super-Bowl.jpg\" \/>\n\t<meta property=\"og:image:width\" content=\"1200\" \/>\n\t<meta property=\"og:image:height\" content=\"800\" \/>\n\t<meta property=\"og:image:type\" content=\"image\/jpeg\" \/>\n<meta name=\"author\" content=\"Cl\u00e9ment\" \/>\n<meta name=\"twitter:card\" content=\"summary_large_image\" \/>\n<meta name=\"twitter:creator\" content=\"@FootdavantFr\" \/>\n<meta name=\"twitter:site\" content=\"@FootdavantFr\" \/>\n<meta name=\"twitter:label1\" content=\"\u00c9crit par\" \/>\n\t<meta name=\"twitter:data1\" content=\"Cl\u00e9ment\" \/>\n\t<meta name=\"twitter:label2\" content=\"Dur\u00e9e de lecture estim\u00e9e\" \/>\n\t<meta name=\"twitter:data2\" content=\"2 minutes\" \/>\n<script type=\"application\/ld+json\" class=\"yoast-schema-graph\">{\"@context\":\"https:\/\/schema.org\",\"@graph\":[{\"@type\":\"Article\",\"@id\":\"https:\/\/footdavant.fr\/actualites\/reactions-suite-a-la-victoire-des-seahawks-au-super-bowl-lx\/#article\",\"isPartOf\":{\"@id\":\"https:\/\/footdavant.fr\/actualites\/reactions-suite-a-la-victoire-des-seahawks-au-super-bowl-lx\/\"},\"author\":{\"name\":\"Cl\u00e9ment\",\"@id\":\"https:\/\/footdavant.fr\/actualites\/#\/schema\/person\/bc222566d95871b37e597b3ed3ba5e1d\"},\"headline\":\"R\u00e9actions suite \u00e0 la victoire des Seahawks au Super Bowl LX\",\"datePublished\":\"2026-02-09T06:48:10+00:00\",\"dateModified\":\"2026-02-09T06:48:12+00:00\",\"mainEntityOfPage\":{\"@id\":\"https:\/\/footdavant.fr\/actualites\/reactions-suite-a-la-victoire-des-seahawks-au-super-bowl-lx\/\"},\"wordCount\":468,\"publisher\":{\"@id\":\"https:\/\/footdavant.fr\/actualites\/#organization\"},\"keywords\":[\"Bowl\",\"des\",\"r\u00e9actions\",\"Seahawks\",\"suite\",\"Super\",\"victoire\"],\"articleSection\":[\"Football\"],\"inLanguage\":\"fr-FR\"},{\"@type\":\"WebPage\",\"@id\":\"https:\/\/footdavant.fr\/actualites\/reactions-suite-a-la-victoire-des-seahawks-au-super-bowl-lx\/\",\"url\":\"https:\/\/footdavant.fr\/actualites\/reactions-suite-a-la-victoire-des-seahawks-au-super-bowl-lx\/\",\"name\":\"R\u00e9actions suite \u00e0 la victoire des Seahawks au Super Bowl LX\",\"isPartOf\":{\"@id\":\"https:\/\/footdavant.fr\/actualites\/#website\"},\"datePublished\":\"2026-02-09T06:48:10+00:00\",\"dateModified\":\"2026-02-09T06:48:12+00:00\",\"breadcrumb\":{\"@id\":\"https:\/\/footdavant.fr\/actualites\/reactions-suite-a-la-victoire-des-seahawks-au-super-bowl-lx\/#breadcrumb\"},\"inLanguage\":\"fr-FR\",\"potentialAction\":[{\"@type\":\"ReadAction\",\"target\":[\"https:\/\/footdavant.fr\/actualites\/reactions-suite-a-la-victoire-des-seahawks-au-super-bowl-lx\/\"]}]},{\"@type\":\"BreadcrumbList\",\"@id\":\"https:\/\/footdavant.fr\/actualites\/reactions-suite-a-la-victoire-des-seahawks-au-super-bowl-lx\/#breadcrumb\",\"itemListElement\":[{\"@type\":\"ListItem\",\"position\":1,\"name\":\"Accueil\",\"item\":\"https:\/\/footdavant.fr\/actualites\/\"},{\"@type\":\"ListItem\",\"position\":2,\"name\":\"R\u00e9actions suite \u00e0 la victoire des Seahawks au Super Bowl LX\"}]},{\"@type\":\"WebSite\",\"@id\":\"https:\/\/footdavant.fr\/actualites\/#website\",\"url\":\"https:\/\/footdavant.fr\/actualites\/\",\"name\":\"Foot d'avant\",\"description\":\"\",\"publisher\":{\"@id\":\"https:\/\/footdavant.fr\/actualites\/#organization\"},\"potentialAction\":[{\"@type\":\"SearchAction\",\"target\":{\"@type\":\"EntryPoint\",\"urlTemplate\":\"https:\/\/footdavant.fr\/actualites\/?s={search_term_string}\"},\"query-input\":\"required name=search_term_string\"}],\"inLanguage\":\"fr-FR\"},{\"@type\":\"Organization\",\"@id\":\"https:\/\/footdavant.fr\/actualites\/#organization\",\"name\":\"Foot d'avant\",\"url\":\"https:\/\/footdavant.fr\/actualites\/\",\"logo\":{\"@type\":\"ImageObject\",\"inLanguage\":\"fr-FR\",\"@id\":\"https:\/\/footdavant.fr\/actualites\/#\/schema\/logo\/image\/\",\"url\":\"https:\/\/footdavant.fr\/actualites\/wp-content\/uploads\/2023\/09\/Copy-of-FootDavant-Logo.png\",\"contentUrl\":\"https:\/\/footdavant.fr\/actualites\/wp-content\/uploads\/2023\/09\/Copy-of-FootDavant-Logo.png\",\"width\":936,\"height\":549,\"caption\":\"Foot d'avant\"},\"image\":{\"@id\":\"https:\/\/footdavant.fr\/actualites\/#\/schema\/logo\/image\/\"},\"sameAs\":[\"https:\/\/www.facebook.com\/Footdavant\/\",\"https:\/\/twitter.com\/FootdavantFr\",\"https:\/\/www.instagram.com\/footdavant.fr\/\"]},{\"@type\":\"Person\",\"@id\":\"https:\/\/footdavant.fr\/actualites\/#\/schema\/person\/bc222566d95871b37e597b3ed3ba5e1d\",\"name\":\"Cl\u00e9ment\",\"image\":{\"@type\":\"ImageObject\",\"inLanguage\":\"fr-FR\",\"@id\":\"https:\/\/footdavant.fr\/actualites\/#\/schema\/person\/image\/\",\"url\":\"https:\/\/secure.gravatar.com\/avatar\/7728b29aac2719421e1a9159b2254c44?s=96&d=mm&r=g\",\"contentUrl\":\"https:\/\/secure.gravatar.com\/avatar\/7728b29aac2719421e1a9159b2254c44?s=96&d=mm&r=g\",\"caption\":\"Cl\u00e9ment\"},\"sameAs\":[\"https:\/\/footdavant.fr\/\"]}]}<\/script>\n<!-- \/ Yoast SEO plugin. -->","yoast_head_json":{"title":"R\u00e9actions suite \u00e0 la victoire des Seahawks au Super Bowl LX","robots":{"index":"index","follow":"follow","max-snippet":"max-snippet:-1","max-image-preview":"max-image-preview:large","max-video-preview":"max-video-preview:-1"},"canonical":"https:\/\/footdavant.fr\/actualites\/reactions-suite-a-la-victoire-des-seahawks-au-super-bowl-lx\/","og_locale":"fr_FR","og_type":"article","og_title":"R\u00e9actions suite \u00e0 la victoire des Seahawks au Super Bowl LX","og_description":"\u00ab\u00a0Merci San Francisco. Vous avez \u00e9t\u00e9 d&#39;excellents h\u00f4tes cette semaine, mais ce soir appartient aux Seahawks et aux 12\u00a0\u00bb, a d\u00e9clar\u00e9 le commissaire de la","og_url":"https:\/\/footdavant.fr\/actualites\/reactions-suite-a-la-victoire-des-seahawks-au-super-bowl-lx\/","og_site_name":"Foot d&#039;avant","article_publisher":"https:\/\/www.facebook.com\/Footdavant\/","article_published_time":"2026-02-09T06:48:10+00:00","article_modified_time":"2026-02-09T06:48:12+00:00","og_image":[{"width":1200,"height":800,"url":"https:\/\/footdavant.fr\/actualites\/wp-content\/uploads\/2026\/02\/Reactions-suite-a-la-victoire-des-Seahawks-au-Super-Bowl.jpg","type":"image\/jpeg"}],"author":"Cl\u00e9ment","twitter_card":"summary_large_image","twitter_creator":"@FootdavantFr","twitter_site":"@FootdavantFr","twitter_misc":{"\u00c9crit par":"Cl\u00e9ment","Dur\u00e9e de lecture estim\u00e9e":"2 minutes"},"schema":{"@context":"https:\/\/schema.org","@graph":[{"@type":"Article","@id":"https:\/\/footdavant.fr\/actualites\/reactions-suite-a-la-victoire-des-seahawks-au-super-bowl-lx\/#article","isPartOf":{"@id":"https:\/\/footdavant.fr\/actualites\/reactions-suite-a-la-victoire-des-seahawks-au-super-bowl-lx\/"},"author":{"name":"Cl\u00e9ment","@id":"https:\/\/footdavant.fr\/actualites\/#\/schema\/person\/bc222566d95871b37e597b3ed3ba5e1d"},"headline":"R\u00e9actions suite \u00e0 la victoire des Seahawks au Super Bowl LX","datePublished":"2026-02-09T06:48:10+00:00","dateModified":"2026-02-09T06:48:12+00:00","mainEntityOfPage":{"@id":"https:\/\/footdavant.fr\/actualites\/reactions-suite-a-la-victoire-des-seahawks-au-super-bowl-lx\/"},"wordCount":468,"publisher":{"@id":"https:\/\/footdavant.fr\/actualites\/#organization"},"keywords":["Bowl","des","r\u00e9actions","Seahawks","suite","Super","victoire"],"articleSection":["Football"],"inLanguage":"fr-FR"},{"@type":"WebPage","@id":"https:\/\/footdavant.fr\/actualites\/reactions-suite-a-la-victoire-des-seahawks-au-super-bowl-lx\/","url":"https:\/\/footdavant.fr\/actualites\/reactions-suite-a-la-victoire-des-seahawks-au-super-bowl-lx\/","name":"R\u00e9actions suite \u00e0 la victoire des Seahawks au Super Bowl LX","isPartOf":{"@id":"https:\/\/footdavant.fr\/actualites\/#website"},"datePublished":"2026-02-09T06:48:10+00:00","dateModified":"2026-02-09T06:48:12+00:00","breadcrumb":{"@id":"https:\/\/footdavant.fr\/actualites\/reactions-suite-a-la-victoire-des-seahawks-au-super-bowl-lx\/#breadcrumb"},"inLanguage":"fr-FR","potentialAction":[{"@type":"ReadAction","target":["https:\/\/footdavant.fr\/actualites\/reactions-suite-a-la-victoire-des-seahawks-au-super-bowl-lx\/"]}]},{"@type":"BreadcrumbList","@id":"https:\/\/footdavant.fr\/actualites\/reactions-suite-a-la-victoire-des-seahawks-au-super-bowl-lx\/#breadcrumb","itemListElement":[{"@type":"ListItem","position":1,"name":"Accueil","item":"https:\/\/footdavant.fr\/actualites\/"},{"@type":"ListItem","position":2,"name":"R\u00e9actions suite \u00e0 la victoire des Seahawks au Super Bowl LX"}]},{"@type":"WebSite","@id":"https:\/\/footdavant.fr\/actualites\/#website","url":"https:\/\/footdavant.fr\/actualites\/","name":"Foot d'avant","description":"","publisher":{"@id":"https:\/\/footdavant.fr\/actualites\/#organization"},"potentialAction":[{"@type":"SearchAction","target":{"@type":"EntryPoint","urlTemplate":"https:\/\/footdavant.fr\/actualites\/?s={search_term_string}"},"query-input":"required name=search_term_string"}],"inLanguage":"fr-FR"},{"@type":"Organization","@id":"https:\/\/footdavant.fr\/actualites\/#organization","name":"Foot d'avant","url":"https:\/\/footdavant.fr\/actualites\/","logo":{"@type":"ImageObject","inLanguage":"fr-FR","@id":"https:\/\/footdavant.fr\/actualites\/#\/schema\/logo\/image\/","url":"https:\/\/footdavant.fr\/actualites\/wp-content\/uploads\/2023\/09\/Copy-of-FootDavant-Logo.png","contentUrl":"https:\/\/footdavant.fr\/actualites\/wp-content\/uploads\/2023\/09\/Copy-of-FootDavant-Logo.png","width":936,"height":549,"caption":"Foot d'avant"},"image":{"@id":"https:\/\/footdavant.fr\/actualites\/#\/schema\/logo\/image\/"},"sameAs":["https:\/\/www.facebook.com\/Footdavant\/","https:\/\/twitter.com\/FootdavantFr","https:\/\/www.instagram.com\/footdavant.fr\/"]},{"@type":"Person","@id":"https:\/\/footdavant.fr\/actualites\/#\/schema\/person\/bc222566d95871b37e597b3ed3ba5e1d","name":"Cl\u00e9ment","image":{"@type":"ImageObject","inLanguage":"fr-FR","@id":"https:\/\/footdavant.fr\/actualites\/#\/schema\/person\/image\/","url":"https:\/\/secure.gravatar.com\/avatar\/7728b29aac2719421e1a9159b2254c44?s=96&d=mm&r=g","contentUrl":"https:\/\/secure.gravatar.com\/avatar\/7728b29aac2719421e1a9159b2254c44?s=96&d=mm&r=g","caption":"Cl\u00e9ment"},"sameAs":["https:\/\/footdavant.fr\/"]}]}},"_links":{"self":[{"href":"https:\/\/footdavant.fr\/actualites\/wp-json\/wp\/v2\/posts\/34303"}],"collection":[{"href":"https:\/\/footdavant.fr\/actualites\/wp-json\/wp\/v2\/posts"}],"about":[{"href":"https:\/\/footdavant.fr\/actualites\/wp-json\/wp\/v2\/types\/post"}],"author":[{"embeddable":true,"href":"https:\/\/footdavant.fr\/actualites\/wp-json\/wp\/v2\/users\/1"}],"replies":[{"embeddable":true,"href":"https:\/\/footdavant.fr\/actualites\/wp-json\/wp\/v2\/comments?post=34303"}],"version-history":[{"count":1,"href":"https:\/\/footdavant.fr\/actualites\/wp-json\/wp\/v2\/posts\/34303\/revisions"}],"predecessor-version":[{"id":34305,"href":"https:\/\/footdavant.fr\/actualites\/wp-json\/wp\/v2\/posts\/34303\/revisions\/34305"}],"wp:featuredmedia":[{"embeddable":true,"href":"https:\/\/footdavant.fr\/actualites\/wp-json\/wp\/v2\/media\/34304"}],"wp:attachment":[{"href":"https:\/\/footdavant.fr\/actualites\/wp-json\/wp\/v2\/media?parent=34303"}],"wp:term":[{"taxonomy":"category","embeddable":true,"href":"https:\/\/footdavant.fr\/actualites\/wp-json\/wp\/v2\/categories?post=34303"},{"taxonomy":"post_tag","embeddable":true,"href":"https:\/\/footdavant.fr\/actualites\/wp-json\/wp\/v2\/tags?post=34303"}],"curies":[{"name":"wp","href":"https:\/\/api.w.org\/{rel}","templated":true}]}}