{"id":34309,"date":"2026-02-09T11:48:22","date_gmt":"2026-02-09T10:48:22","guid":{"rendered":"https:\/\/footdavant.fr\/actualites\/iliman-ndiaye-man-united-apprend-le-nouveau-prix-demande-pour-la-star-deverton\/"},"modified":"2026-02-09T11:48:23","modified_gmt":"2026-02-09T10:48:23","slug":"iliman-ndiaye-man-united-apprend-le-nouveau-prix-demande-pour-la-star-deverton","status":"publish","type":"post","link":"https:\/\/footdavant.fr\/actualites\/iliman-ndiaye-man-united-apprend-le-nouveau-prix-demande-pour-la-star-deverton\/","title":{"rendered":"Iliman Ndiaye: Man United apprend le nouveau prix demand\u00e9 pour la star d&#39;Everton &#8211;"},"content":{"rendered":"<div id=\"penci-post-entry-inner\">\n<p>\t\t\t<i class=\"penci-post-countview-number-check\" style=\"display:none\">1<\/i><\/p>\n<p>Manchester United est confront\u00e9 \u00e0 une bataille de transfert f\u00e9roce avec ses rivaux de Premier League pour signer Iliman Ndiaye, Everton \u00e9tant pr\u00eat \u00e0 exiger un prix inf\u00e9rieur \u00e0 celui pr\u00e9vu pr\u00e9c\u00e9demment, selon le dernier rapport.<\/p>\n<h5>R\u00e9\u00e9quilibrer l&#39;attaque<\/h5>\n<p>Ndiaye est devenu une cible cl\u00e9 pour les Diables Rouges alors que les plans pour le mercato estival commencent \u00e0 se solidifier.<\/p>\n<p>Le d\u00e9part de Ruben Amorim \u2013 ainsi que son syst\u00e8me d&#39;ailier arri\u00e8re \u2013 a raviv\u00e9 le besoin d&#39;un nouvel ailier gauche, apr\u00e8s que quatre ont quitt\u00e9 Old Trafford l&#39;\u00e9t\u00e9 dernier \u00e0 la demande de l&#39;entra\u00eeneur portugais.<\/p>\n<p>Michael Carrick est pass\u00e9 \u00e0 une formation 4-2-3-1 depuis qu&#39;il a pris les r\u00eanes du poste d&#39;int\u00e9rimaire jusqu&#39;\u00e0 la fin de la campagne. Une d\u00e9cision d\u00e9finitive sur le successeur \u00e0 long terme d&#39;Amorim sera ensuite prise au cours de l&#39;\u00e9t\u00e9, lorsque le bassin de candidats potentiels s&#39;\u00e9largira.<\/p>\n<p>Cependant, INEOS aurait l&#39;intention de s&#39;en tenir \u00e0 un syst\u00e8me qui emploie quatre d\u00e9fenseurs et deux ailiers naturels, quel que soit le joueur qui sera dans l&#39;abri la saison prochaine.<\/p>\n<p>Le c\u00f4t\u00e9 droit est bien approvisionn\u00e9 avec Bryan Mbeumo et Amad, deux excellentes options. Cependant, la gauche manque d&#39;un ailier hors pair, puisque Patrick Dorgu et Matheus Cunha sont tous deux mieux d\u00e9ploy\u00e9s dans diff\u00e9rents domaines.<\/p>\n<p>La poursuite rat\u00e9e d&#39;Antoine Semenyo par United lors de la fen\u00eatre de janvier a mis en \u00e9vidence le profil recherch\u00e9 par le club : un ailier rapide, fort et habile, capable de jouer sur l&#39;un ou l&#39;autre flanc pour correspondre \u00e0 l&#39;unit\u00e9 offensive polyvalente qu&#39;il rejoindra.<\/p>\n<p>La starlette du RB Leipzig, Yan Diomande, s&#39;est impos\u00e9e comme l&#39;un des espoirs les plus excitants d&#39;Europe apr\u00e8s une saison scintillante en Bundesliga.<\/p>\n<p>United suit l&#39;international ivoirien, qui a jou\u00e9 aux c\u00f4t\u00e9s d&#39;Amad lors de la Coupe d&#39;Afrique des Nations. Mais ils sont rejoints par des clubs d\u2019\u00e9lite \u00e0 travers le continent, dont Liverpool, le Bayern Munich et le Paris Saint-Germain, Leipzig devant exiger jusqu\u2019\u00e0 100 millions d\u2019euros pour l\u2019ailier de 19 ans.<\/p>\n<p>Ndiaye est une alternative moins ch\u00e8re offrant des comp\u00e9tences similaires, avec en prime une exp\u00e9rience en Premier League apr\u00e8s 18 mois de superbe forme pour Everton.<\/p>\n<h5>Course br\u00fblante<\/h5>\n<p>L&#39;international s\u00e9n\u00e9galais a remport\u00e9 la CAN le mois dernier et a \u00e9t\u00e9 l&#39;une des stars les plus marquantes de son pays, s&#39;appuyant sur une solide saison dans le Merseyside.<\/p>\n<p>C\u2019est un dribbleur incroyable avec des acc\u00e9l\u00e9rations d\u00e9vastatrices, jouant \u00e0 l\u2019aise sur les deux ailes. Son rythme de travail est \u00e9galement exceptionnel, comme on peut s&#39;y attendre pour n&#39;importe quel joueur d&#39;une \u00e9quipe dirig\u00e9e par David Moyes.<\/p>\n<p>La poursuite de Ndiaye refl\u00e9terait les accords conclus par United pour Mbeumo et Cunha l&#39;\u00e9t\u00e9 dernier, qui se sont av\u00e9r\u00e9s un grand succ\u00e8s cette saison. Cependant, rapporte qu\u2019Arsenal, Chelsea et Tottenham Hotspur le sont tous \u00e9galement \u00ab<span>surveillant de pr\u00e8s le joueur de 25 ans \u00bb alors que les clubs londoniens pr\u00e9parent un raid estival. <\/span><\/p>\n<p>\u00ab\u00a0L&#39;attrait de Ndiaye r\u00e9side dans sa polyvalence et sa franchise. \u00c0 l&#39;aise sur les flancs ou dans des r\u00f4les d&#39;attaque plus centraux, il offre du rythme, de la cr\u00e9ativit\u00e9 et un sens du but. Chelsea et Arsenal le voient comme quelqu&#39;un qui pourrait ajouter de l&#39;impr\u00e9visibilit\u00e9 et de la profondeur \u00e0 leurs rotations offensives. L&#39;int\u00e9r\u00eat de Tottenham est \u00e9galement motiv\u00e9 par sa capacit\u00e9 \u00e0 porter le ballon rapidement et \u00e0 op\u00e9rer efficacement en transition.\u00a0\u00bb<\/p>\n<p>Ndiaye a r\u00e9pondu aux liens avec Old Trafford en r\u00e9v\u00e9lant : \u00ab\u00a0Si des clubs comme Manchester United sont int\u00e9ress\u00e9s, cela signifie que je fais quelque chose de bien.\u00a0\u00bb Mais il a \u00e9galement r\u00e9it\u00e9r\u00e9 qu&#39;il restait concentr\u00e9 sur Everton et qu&#39;il aidait son \u00e9quipe \u00e0 se qualifier pour l&#39;Europe \u00e0 la fin de la saison. <\/p>\n<p>Il \u00e9tait initialement pr\u00e9vu que les Toffees exigeaient des honoraires de l\u2019ordre de 75 millions de livres sterling pour leur ailier talismanique.<\/p>\n<p>Cependant, des sources proches du dossier indiquent que 55 \u00e0 65 millions de livres sterling seront suffisants pour \u00ab ouvrir des discussions \u00bb \u2013 un prix plus conforme au budget de United cet \u00e9t\u00e9, mais qui enhardira \u00e9galement leurs rivaux.<\/p>\n<h5>Pens\u00e9es finales<\/h5>\n<p>Un transfert de 65 millions de livres sterling pour Ndiaye am\u00e8nerait un autre attaquant \u00e9prouv\u00e9 en Premier League au Th\u00e9\u00e2tre des r\u00eaves ; celui qui offrirait un compl\u00e9ment parfait \u00e0 la cohorte existante.<\/p>\n<p>Le besoin de United d&#39;un nouvel ailier gauche est \u00e9galement une priorit\u00e9 plus grande qu&#39;\u00e0 l&#39;Emirates ou \u00e0 Stamford Bridge, tandis que Tottenham Hotspur n&#39;offre aucune menace aux Red Devils en cas de match de tir direct.<\/p>\n<p>Cela renforce la position d&#39;INEOS, car ils seront pr\u00eats \u00e0 agir de mani\u00e8re plus agressive que leurs concurrents lorsque la fen\u00eatre estivale s&#39;ouvrira le 1er juillet.<\/p>\n<\/p>\n<hr\/>\n<p>The Peoples Person est l&#39;un des principaux sites d&#39;information de Man United au monde depuis plus d&#39;une d\u00e9cennie. Suivez-nous sur Bluesky\u00a0: @peoplesperson.bsky.social<video width=\"728\" height=\"90\" style=\"display: block;\" autoplay=\"autoplay\" loop=\"loop\" muted=\"\" playsinline=\"\" preload=\"auto\" controlslist=\"nodownload\" disablepictureinpicture=\"\"><source src=\"https:\/\/thepeoplesperson.com\/wp-content\/uploads\/2026\/01\/write-for-us-video.mp4\" type=\"video\/mp4\"\/><\/video><\/p>\n<p><!-- CONTENT END 2 --><\/p><\/div>\n","protected":false},"excerpt":{"rendered":"<p>1 Manchester United est confront\u00e9 \u00e0 une bataille de transfert f\u00e9roce avec ses rivaux de Premier League pour signer Iliman Ndiaye, Everton \u00e9tant pr\u00eat \u00e0<\/p>\n","protected":false},"author":1,"featured_media":33881,"comment_status":"closed","ping_status":"","sticky":false,"template":"","format":"standard","meta":{"footnotes":""},"categories":[3],"tags":[2905,4282,74,11394,24,5491,199,51,73,1621,13],"yoast_head":"<!-- This site is optimized with the Yoast SEO plugin v21.0 - https:\/\/yoast.com\/wordpress\/plugins\/seo\/ -->\n<title>Iliman Ndiaye: Man United apprend le nouveau prix demand\u00e9 pour la star d&#039;Everton -<\/title>\n<meta name=\"robots\" content=\"index, follow, max-snippet:-1, max-image-preview:large, max-video-preview:-1\" \/>\n<link rel=\"canonical\" href=\"https:\/\/footdavant.fr\/actualites\/iliman-ndiaye-man-united-apprend-le-nouveau-prix-demande-pour-la-star-deverton\/\" \/>\n<meta property=\"og:locale\" content=\"fr_FR\" \/>\n<meta property=\"og:type\" content=\"article\" \/>\n<meta property=\"og:title\" content=\"Iliman Ndiaye: Man United apprend le nouveau prix demand\u00e9 pour la star d&#039;Everton -\" \/>\n<meta property=\"og:description\" content=\"1 Manchester United est confront\u00e9 \u00e0 une bataille de transfert f\u00e9roce avec ses rivaux de Premier League pour signer Iliman Ndiaye, Everton \u00e9tant pr\u00eat \u00e0\" \/>\n<meta property=\"og:url\" content=\"https:\/\/footdavant.fr\/actualites\/iliman-ndiaye-man-united-apprend-le-nouveau-prix-demande-pour-la-star-deverton\/\" \/>\n<meta property=\"og:site_name\" content=\"Foot d&#039;avant\" \/>\n<meta property=\"article:publisher\" content=\"https:\/\/www.facebook.com\/Footdavant\/\" \/>\n<meta property=\"article:published_time\" content=\"2026-02-09T10:48:22+00:00\" \/>\n<meta property=\"article:modified_time\" content=\"2026-02-09T10:48:23+00:00\" \/>\n<meta property=\"og:image\" content=\"https:\/\/footdavant.fr\/actualites\/wp-content\/uploads\/2026\/01\/Iliman-Ndiaye-Man-United-pret-a-attirer-l39ailier-d39Everton.jpg\" \/>\n\t<meta property=\"og:image:width\" content=\"1600\" \/>\n\t<meta property=\"og:image:height\" content=\"709\" \/>\n\t<meta property=\"og:image:type\" content=\"image\/jpeg\" \/>\n<meta name=\"author\" content=\"Cl\u00e9ment\" \/>\n<meta name=\"twitter:card\" content=\"summary_large_image\" \/>\n<meta name=\"twitter:creator\" content=\"@FootdavantFr\" \/>\n<meta name=\"twitter:site\" content=\"@FootdavantFr\" \/>\n<meta name=\"twitter:label1\" content=\"\u00c9crit par\" \/>\n\t<meta name=\"twitter:data1\" content=\"Cl\u00e9ment\" \/>\n\t<meta name=\"twitter:label2\" content=\"Dur\u00e9e de lecture estim\u00e9e\" \/>\n\t<meta name=\"twitter:data2\" content=\"4 minutes\" \/>\n<script type=\"application\/ld+json\" class=\"yoast-schema-graph\">{\"@context\":\"https:\/\/schema.org\",\"@graph\":[{\"@type\":\"Article\",\"@id\":\"https:\/\/footdavant.fr\/actualites\/iliman-ndiaye-man-united-apprend-le-nouveau-prix-demande-pour-la-star-deverton\/#article\",\"isPartOf\":{\"@id\":\"https:\/\/footdavant.fr\/actualites\/iliman-ndiaye-man-united-apprend-le-nouveau-prix-demande-pour-la-star-deverton\/\"},\"author\":{\"name\":\"Cl\u00e9ment\",\"@id\":\"https:\/\/footdavant.fr\/actualites\/#\/schema\/person\/bc222566d95871b37e597b3ed3ba5e1d\"},\"headline\":\"Iliman Ndiaye: Man United apprend le nouveau prix demand\u00e9 pour la star d&#39;Everton &#8211;\",\"datePublished\":\"2026-02-09T10:48:22+00:00\",\"dateModified\":\"2026-02-09T10:48:23+00:00\",\"mainEntityOfPage\":{\"@id\":\"https:\/\/footdavant.fr\/actualites\/iliman-ndiaye-man-united-apprend-le-nouveau-prix-demande-pour-la-star-deverton\/\"},\"wordCount\":892,\"publisher\":{\"@id\":\"https:\/\/footdavant.fr\/actualites\/#organization\"},\"keywords\":[\"apprend\",\"d39Everton\",\"demand\u00e9\",\"Iliman\",\"Man\",\"Ndiaye\",\"nouveau\",\"pour\",\"prix\",\"Star\",\"United\"],\"articleSection\":[\"Football\"],\"inLanguage\":\"fr-FR\"},{\"@type\":\"WebPage\",\"@id\":\"https:\/\/footdavant.fr\/actualites\/iliman-ndiaye-man-united-apprend-le-nouveau-prix-demande-pour-la-star-deverton\/\",\"url\":\"https:\/\/footdavant.fr\/actualites\/iliman-ndiaye-man-united-apprend-le-nouveau-prix-demande-pour-la-star-deverton\/\",\"name\":\"Iliman Ndiaye: Man United apprend le nouveau prix demand\u00e9 pour la star d&#39;Everton -\",\"isPartOf\":{\"@id\":\"https:\/\/footdavant.fr\/actualites\/#website\"},\"datePublished\":\"2026-02-09T10:48:22+00:00\",\"dateModified\":\"2026-02-09T10:48:23+00:00\",\"breadcrumb\":{\"@id\":\"https:\/\/footdavant.fr\/actualites\/iliman-ndiaye-man-united-apprend-le-nouveau-prix-demande-pour-la-star-deverton\/#breadcrumb\"},\"inLanguage\":\"fr-FR\",\"potentialAction\":[{\"@type\":\"ReadAction\",\"target\":[\"https:\/\/footdavant.fr\/actualites\/iliman-ndiaye-man-united-apprend-le-nouveau-prix-demande-pour-la-star-deverton\/\"]}]},{\"@type\":\"BreadcrumbList\",\"@id\":\"https:\/\/footdavant.fr\/actualites\/iliman-ndiaye-man-united-apprend-le-nouveau-prix-demande-pour-la-star-deverton\/#breadcrumb\",\"itemListElement\":[{\"@type\":\"ListItem\",\"position\":1,\"name\":\"Accueil\",\"item\":\"https:\/\/footdavant.fr\/actualites\/\"},{\"@type\":\"ListItem\",\"position\":2,\"name\":\"Iliman Ndiaye: Man United apprend le nouveau prix demand\u00e9 pour la star d&#39;Everton &#8211;\"}]},{\"@type\":\"WebSite\",\"@id\":\"https:\/\/footdavant.fr\/actualites\/#website\",\"url\":\"https:\/\/footdavant.fr\/actualites\/\",\"name\":\"Foot d'avant\",\"description\":\"\",\"publisher\":{\"@id\":\"https:\/\/footdavant.fr\/actualites\/#organization\"},\"potentialAction\":[{\"@type\":\"SearchAction\",\"target\":{\"@type\":\"EntryPoint\",\"urlTemplate\":\"https:\/\/footdavant.fr\/actualites\/?s={search_term_string}\"},\"query-input\":\"required name=search_term_string\"}],\"inLanguage\":\"fr-FR\"},{\"@type\":\"Organization\",\"@id\":\"https:\/\/footdavant.fr\/actualites\/#organization\",\"name\":\"Foot d'avant\",\"url\":\"https:\/\/footdavant.fr\/actualites\/\",\"logo\":{\"@type\":\"ImageObject\",\"inLanguage\":\"fr-FR\",\"@id\":\"https:\/\/footdavant.fr\/actualites\/#\/schema\/logo\/image\/\",\"url\":\"https:\/\/footdavant.fr\/actualites\/wp-content\/uploads\/2023\/09\/Copy-of-FootDavant-Logo.png\",\"contentUrl\":\"https:\/\/footdavant.fr\/actualites\/wp-content\/uploads\/2023\/09\/Copy-of-FootDavant-Logo.png\",\"width\":936,\"height\":549,\"caption\":\"Foot d'avant\"},\"image\":{\"@id\":\"https:\/\/footdavant.fr\/actualites\/#\/schema\/logo\/image\/\"},\"sameAs\":[\"https:\/\/www.facebook.com\/Footdavant\/\",\"https:\/\/twitter.com\/FootdavantFr\",\"https:\/\/www.instagram.com\/footdavant.fr\/\"]},{\"@type\":\"Person\",\"@id\":\"https:\/\/footdavant.fr\/actualites\/#\/schema\/person\/bc222566d95871b37e597b3ed3ba5e1d\",\"name\":\"Cl\u00e9ment\",\"image\":{\"@type\":\"ImageObject\",\"inLanguage\":\"fr-FR\",\"@id\":\"https:\/\/footdavant.fr\/actualites\/#\/schema\/person\/image\/\",\"url\":\"https:\/\/secure.gravatar.com\/avatar\/7728b29aac2719421e1a9159b2254c44?s=96&d=mm&r=g\",\"contentUrl\":\"https:\/\/secure.gravatar.com\/avatar\/7728b29aac2719421e1a9159b2254c44?s=96&d=mm&r=g\",\"caption\":\"Cl\u00e9ment\"},\"sameAs\":[\"https:\/\/footdavant.fr\/\"]}]}<\/script>\n<!-- \/ Yoast SEO plugin. -->","yoast_head_json":{"title":"Iliman Ndiaye: Man United apprend le nouveau prix demand\u00e9 pour la star d&#39;Everton -","robots":{"index":"index","follow":"follow","max-snippet":"max-snippet:-1","max-image-preview":"max-image-preview:large","max-video-preview":"max-video-preview:-1"},"canonical":"https:\/\/footdavant.fr\/actualites\/iliman-ndiaye-man-united-apprend-le-nouveau-prix-demande-pour-la-star-deverton\/","og_locale":"fr_FR","og_type":"article","og_title":"Iliman Ndiaye: Man United apprend le nouveau prix demand\u00e9 pour la star d&#39;Everton -","og_description":"1 Manchester United est confront\u00e9 \u00e0 une bataille de transfert f\u00e9roce avec ses rivaux de Premier League pour signer Iliman Ndiaye, Everton \u00e9tant pr\u00eat \u00e0","og_url":"https:\/\/footdavant.fr\/actualites\/iliman-ndiaye-man-united-apprend-le-nouveau-prix-demande-pour-la-star-deverton\/","og_site_name":"Foot d&#039;avant","article_publisher":"https:\/\/www.facebook.com\/Footdavant\/","article_published_time":"2026-02-09T10:48:22+00:00","article_modified_time":"2026-02-09T10:48:23+00:00","og_image":[{"width":1600,"height":709,"url":"https:\/\/footdavant.fr\/actualites\/wp-content\/uploads\/2026\/01\/Iliman-Ndiaye-Man-United-pret-a-attirer-l39ailier-d39Everton.jpg","type":"image\/jpeg"}],"author":"Cl\u00e9ment","twitter_card":"summary_large_image","twitter_creator":"@FootdavantFr","twitter_site":"@FootdavantFr","twitter_misc":{"\u00c9crit par":"Cl\u00e9ment","Dur\u00e9e de lecture estim\u00e9e":"4 minutes"},"schema":{"@context":"https:\/\/schema.org","@graph":[{"@type":"Article","@id":"https:\/\/footdavant.fr\/actualites\/iliman-ndiaye-man-united-apprend-le-nouveau-prix-demande-pour-la-star-deverton\/#article","isPartOf":{"@id":"https:\/\/footdavant.fr\/actualites\/iliman-ndiaye-man-united-apprend-le-nouveau-prix-demande-pour-la-star-deverton\/"},"author":{"name":"Cl\u00e9ment","@id":"https:\/\/footdavant.fr\/actualites\/#\/schema\/person\/bc222566d95871b37e597b3ed3ba5e1d"},"headline":"Iliman Ndiaye: Man United apprend le nouveau prix demand\u00e9 pour la star d&#39;Everton &#8211;","datePublished":"2026-02-09T10:48:22+00:00","dateModified":"2026-02-09T10:48:23+00:00","mainEntityOfPage":{"@id":"https:\/\/footdavant.fr\/actualites\/iliman-ndiaye-man-united-apprend-le-nouveau-prix-demande-pour-la-star-deverton\/"},"wordCount":892,"publisher":{"@id":"https:\/\/footdavant.fr\/actualites\/#organization"},"keywords":["apprend","d39Everton","demand\u00e9","Iliman","Man","Ndiaye","nouveau","pour","prix","Star","United"],"articleSection":["Football"],"inLanguage":"fr-FR"},{"@type":"WebPage","@id":"https:\/\/footdavant.fr\/actualites\/iliman-ndiaye-man-united-apprend-le-nouveau-prix-demande-pour-la-star-deverton\/","url":"https:\/\/footdavant.fr\/actualites\/iliman-ndiaye-man-united-apprend-le-nouveau-prix-demande-pour-la-star-deverton\/","name":"Iliman Ndiaye: Man United apprend le nouveau prix demand\u00e9 pour la star d&#39;Everton -","isPartOf":{"@id":"https:\/\/footdavant.fr\/actualites\/#website"},"datePublished":"2026-02-09T10:48:22+00:00","dateModified":"2026-02-09T10:48:23+00:00","breadcrumb":{"@id":"https:\/\/footdavant.fr\/actualites\/iliman-ndiaye-man-united-apprend-le-nouveau-prix-demande-pour-la-star-deverton\/#breadcrumb"},"inLanguage":"fr-FR","potentialAction":[{"@type":"ReadAction","target":["https:\/\/footdavant.fr\/actualites\/iliman-ndiaye-man-united-apprend-le-nouveau-prix-demande-pour-la-star-deverton\/"]}]},{"@type":"BreadcrumbList","@id":"https:\/\/footdavant.fr\/actualites\/iliman-ndiaye-man-united-apprend-le-nouveau-prix-demande-pour-la-star-deverton\/#breadcrumb","itemListElement":[{"@type":"ListItem","position":1,"name":"Accueil","item":"https:\/\/footdavant.fr\/actualites\/"},{"@type":"ListItem","position":2,"name":"Iliman Ndiaye: Man United apprend le nouveau prix demand\u00e9 pour la star d&#39;Everton &#8211;"}]},{"@type":"WebSite","@id":"https:\/\/footdavant.fr\/actualites\/#website","url":"https:\/\/footdavant.fr\/actualites\/","name":"Foot d'avant","description":"","publisher":{"@id":"https:\/\/footdavant.fr\/actualites\/#organization"},"potentialAction":[{"@type":"SearchAction","target":{"@type":"EntryPoint","urlTemplate":"https:\/\/footdavant.fr\/actualites\/?s={search_term_string}"},"query-input":"required name=search_term_string"}],"inLanguage":"fr-FR"},{"@type":"Organization","@id":"https:\/\/footdavant.fr\/actualites\/#organization","name":"Foot d'avant","url":"https:\/\/footdavant.fr\/actualites\/","logo":{"@type":"ImageObject","inLanguage":"fr-FR","@id":"https:\/\/footdavant.fr\/actualites\/#\/schema\/logo\/image\/","url":"https:\/\/footdavant.fr\/actualites\/wp-content\/uploads\/2023\/09\/Copy-of-FootDavant-Logo.png","contentUrl":"https:\/\/footdavant.fr\/actualites\/wp-content\/uploads\/2023\/09\/Copy-of-FootDavant-Logo.png","width":936,"height":549,"caption":"Foot d'avant"},"image":{"@id":"https:\/\/footdavant.fr\/actualites\/#\/schema\/logo\/image\/"},"sameAs":["https:\/\/www.facebook.com\/Footdavant\/","https:\/\/twitter.com\/FootdavantFr","https:\/\/www.instagram.com\/footdavant.fr\/"]},{"@type":"Person","@id":"https:\/\/footdavant.fr\/actualites\/#\/schema\/person\/bc222566d95871b37e597b3ed3ba5e1d","name":"Cl\u00e9ment","image":{"@type":"ImageObject","inLanguage":"fr-FR","@id":"https:\/\/footdavant.fr\/actualites\/#\/schema\/person\/image\/","url":"https:\/\/secure.gravatar.com\/avatar\/7728b29aac2719421e1a9159b2254c44?s=96&d=mm&r=g","contentUrl":"https:\/\/secure.gravatar.com\/avatar\/7728b29aac2719421e1a9159b2254c44?s=96&d=mm&r=g","caption":"Cl\u00e9ment"},"sameAs":["https:\/\/footdavant.fr\/"]}]}},"_links":{"self":[{"href":"https:\/\/footdavant.fr\/actualites\/wp-json\/wp\/v2\/posts\/34309"}],"collection":[{"href":"https:\/\/footdavant.fr\/actualites\/wp-json\/wp\/v2\/posts"}],"about":[{"href":"https:\/\/footdavant.fr\/actualites\/wp-json\/wp\/v2\/types\/post"}],"author":[{"embeddable":true,"href":"https:\/\/footdavant.fr\/actualites\/wp-json\/wp\/v2\/users\/1"}],"replies":[{"embeddable":true,"href":"https:\/\/footdavant.fr\/actualites\/wp-json\/wp\/v2\/comments?post=34309"}],"version-history":[{"count":1,"href":"https:\/\/footdavant.fr\/actualites\/wp-json\/wp\/v2\/posts\/34309\/revisions"}],"predecessor-version":[{"id":34310,"href":"https:\/\/footdavant.fr\/actualites\/wp-json\/wp\/v2\/posts\/34309\/revisions\/34310"}],"wp:featuredmedia":[{"embeddable":true,"href":"https:\/\/footdavant.fr\/actualites\/wp-json\/wp\/v2\/media\/33881"}],"wp:attachment":[{"href":"https:\/\/footdavant.fr\/actualites\/wp-json\/wp\/v2\/media?parent=34309"}],"wp:term":[{"taxonomy":"category","embeddable":true,"href":"https:\/\/footdavant.fr\/actualites\/wp-json\/wp\/v2\/categories?post=34309"},{"taxonomy":"post_tag","embeddable":true,"href":"https:\/\/footdavant.fr\/actualites\/wp-json\/wp\/v2\/tags?post=34309"}],"curies":[{"name":"wp","href":"https:\/\/api.w.org\/{rel}","templated":true}]}}