{"id":34311,"date":"2026-02-09T13:48:07","date_gmt":"2026-02-09T12:48:07","guid":{"rendered":"https:\/\/footdavant.fr\/actualites\/finale-de-la-coupe-efl-la-decision-deligibilite-de-marc-guehi-confirmee-alors-que-pep-guardiola-recoit-une-reponse-rapide-a-son-plaidoyer-avant-la-confrontation-avec-arsenal\/"},"modified":"2026-02-09T13:48:08","modified_gmt":"2026-02-09T12:48:08","slug":"finale-de-la-coupe-efl-la-decision-deligibilite-de-marc-guehi-confirmee-alors-que-pep-guardiola-recoit-une-reponse-rapide-a-son-plaidoyer-avant-la-confrontation-avec-arsenal","status":"publish","type":"post","link":"https:\/\/footdavant.fr\/actualites\/finale-de-la-coupe-efl-la-decision-deligibilite-de-marc-guehi-confirmee-alors-que-pep-guardiola-recoit-une-reponse-rapide-a-son-plaidoyer-avant-la-confrontation-avec-arsenal\/","title":{"rendered":"Finale de la Coupe EFL\u00a0: la d\u00e9cision d&#39;\u00e9ligibilit\u00e9 de Marc Guehi \u00ab\u00a0confirm\u00e9e\u00a0\u00bb alors que Pep Guardiola re\u00e7oit une r\u00e9ponse rapide \u00e0 son plaidoyer avant la confrontation avec Arsenal"},"content":{"rendered":"<div itemprop=\"articleBody\">\n<p style=\"margin-bottom:11px\">Manchester City a re\u00e7u une r\u00e9ponse rapide de la Ligue anglaise de football concernant l&#39;\u00e9ligibilit\u00e9 de Marc Guehi pour la finale de la Coupe EFL le mois prochain contre Arsenal.<\/p>\n<p>Les Citizens ont remport\u00e9 une victoire globale de 5-1 sur le tenant du titre Newcastle United en demi-finale, remportant le match retour 3-1 \u00e0 domicile mercredi pour organiser une confrontation finale avec le leader de la Premier League, Arsenal, au stade de Wembley le 22 mars.<\/p>\n<p>Pep Guardiola est ravi d&#39;avoir vu son \u00e9quipe de Man City progresser vers une cinqui\u00e8me finale de Coupe EFL en 10 ans sous sa direction, mais l&#39;entra\u00eeneur catalan a critiqu\u00e9 la r\u00e8gle qui emp\u00eache Guehi de participer au match phare de cette saison contre les Gunners.<\/p>\n<p>De nouvelles r\u00e8gles de la Coupe EFL ont \u00e9t\u00e9 mises en \u0153uvre pour la premi\u00e8re fois cette saison, permettant aux joueurs de repr\u00e9senter deux clubs diff\u00e9rents dans la comp\u00e9tition, mais si un joueur est sign\u00e9 apr\u00e8s le match aller de la demi-finale, il ne sera alors pas \u00e9ligible pour jouer pour son nouveau club pour le reste de la comp\u00e9tition.<\/p>\n<p>Alors que la signature de janvier, Antoine Semenyo, est arriv\u00e9e de Bournemouth quatre jours avant la victoire aller de City contre Newcastle, au cours de laquelle il a marqu\u00e9, Guehi n&#39;\u00e9tait pas \u00e9ligible pour les demi-finales apr\u00e8s avoir effectu\u00e9 son transfert de 20 millions de livres sterling depuis Crystal Palace six jours apr\u00e8s le match aller.<\/p>\n<p>S&#39;adressant aux journalistes apr\u00e8s la victoire de Man City au match retour, Guardiola est rest\u00e9 perplexe face \u00e0 la nouvelle r\u00e8gle et \u00ab\u00a0esp\u00e8re\u00a0\u00bb que les Citizens \u00e9criront \u00e0 l&#39;EFL pour demander que le d\u00e9fenseur central soit disponible pour la finale.<\/p>\n<div>\n<div>\n<div>\n<div>\n<p>\u00a9 Imago<\/p>\n<\/div>\n<\/div>\n<\/div>\n<\/div>\n<p>Cependant, selon plusieurs rapports, l&#39;EFL a fermement d\u00e9clar\u00e9 que Guehi ne serait pas autoris\u00e9 \u00e0 participer \u00e0 la finale de la Coupe EFL et ne modifierait pas ses r\u00e8gles pour permettre au d\u00e9fenseur de Man City d&#39;affronter Arsenal.<\/p>\n<p>Cette d\u00e9cision est un coup dur pour Man City et Guardiola, qui doivent actuellement se passer de quelques d\u00e9fenseurs de la premi\u00e8re \u00e9quipe en raison de blessures.<\/p>\n<h2>Qui pourrait remplacer Guehi dans la d\u00e9fense de Man City pour la finale de la Coupe EFL ?<\/h2>\n<p>Josko Gvardiol risque de rater le reste de la saison en raison d&#39;une fracture du tibia, tandis qu&#39;il n&#39;y a aucun d\u00e9lai concernant le retour potentiel de John Stones apr\u00e8s une blessure \u00e0 la cuisse qui l&#39;a tenu \u00e0 l&#39;\u00e9cart depuis d\u00e9cembre.<\/p>\n<p>Sur une note positive, Ruben Dias a repris l&#39;entra\u00eenement cette semaine apr\u00e8s avoir rat\u00e9 huit matchs en raison d&#39;une blessure aux ischio-jambiers et il pourrait \u00eatre pr\u00eat \u00e0 faire son retour lors du choc de Man City en Premier League contre Liverpool \u00e0 Anfield dimanche.<\/p>\n<p>Dias esp\u00e8re renforcer sa forme physique dans les semaines \u00e0 venir avant de potentiellement d\u00e9buter pour les Citizens en finale de la Coupe EFL, tandis qu&#39;Abdukodir Khusanov, Nathan Ake et Max Alleyne sont trois autres options de d\u00e9fenseur central \u00e0 la disposition de Guardiola.<\/p>\n<p>Man City disputera sept matches toutes comp\u00e9titions confondues avant d&#39;affronter Arsenal en finale de la Coupe EFL, dont six matches de Premier League et un match nul au quatri\u00e8me tour de la FA Cup avec Salford City le 14 f\u00e9vrier.<\/p>\n<\/div>\n","protected":false},"excerpt":{"rendered":"<p>Manchester City a re\u00e7u une r\u00e9ponse rapide de la Ligue anglaise de football concernant l&#39;\u00e9ligibilit\u00e9 de Marc Guehi pour la finale de la Coupe EFL<\/p>\n","protected":false},"author":1,"featured_media":34312,"comment_status":"closed","ping_status":"","sticky":false,"template":"","format":"standard","meta":{"footnotes":""},"categories":[5],"tags":[318,67,491,91,4148,3716,1946,11474,497,2290,897,8,1679,1678,6,11475,6825,488,2005,86,92],"yoast_head":"<!-- This site is optimized with the Yoast SEO plugin v21.0 - https:\/\/yoast.com\/wordpress\/plugins\/seo\/ -->\n<title>Finale de la Coupe EFL\u00a0: la d\u00e9cision d&#039;\u00e9ligibilit\u00e9 de Marc Guehi &quot;confirm\u00e9e&quot; alors que Pep Guardiola re\u00e7oit une r\u00e9ponse rapide \u00e0 son plaidoyer avant la confrontation avec Arsenal<\/title>\n<meta name=\"robots\" content=\"index, follow, max-snippet:-1, max-image-preview:large, max-video-preview:-1\" \/>\n<link rel=\"canonical\" href=\"https:\/\/footdavant.fr\/actualites\/finale-de-la-coupe-efl-la-decision-deligibilite-de-marc-guehi-confirmee-alors-que-pep-guardiola-recoit-une-reponse-rapide-a-son-plaidoyer-avant-la-confrontation-avec-arsenal\/\" \/>\n<meta property=\"og:locale\" content=\"fr_FR\" \/>\n<meta property=\"og:type\" content=\"article\" \/>\n<meta property=\"og:title\" content=\"Finale de la Coupe EFL\u00a0: la d\u00e9cision d&#039;\u00e9ligibilit\u00e9 de Marc Guehi &quot;confirm\u00e9e&quot; alors que Pep Guardiola re\u00e7oit une r\u00e9ponse rapide \u00e0 son plaidoyer avant la confrontation avec Arsenal\" \/>\n<meta property=\"og:description\" content=\"Manchester City a re\u00e7u une r\u00e9ponse rapide de la Ligue anglaise de football concernant l&#039;\u00e9ligibilit\u00e9 de Marc Guehi pour la finale de la Coupe EFL\" \/>\n<meta property=\"og:url\" content=\"https:\/\/footdavant.fr\/actualites\/finale-de-la-coupe-efl-la-decision-deligibilite-de-marc-guehi-confirmee-alors-que-pep-guardiola-recoit-une-reponse-rapide-a-son-plaidoyer-avant-la-confrontation-avec-arsenal\/\" \/>\n<meta property=\"og:site_name\" content=\"Foot d&#039;avant\" \/>\n<meta property=\"article:publisher\" content=\"https:\/\/www.facebook.com\/Footdavant\/\" \/>\n<meta property=\"article:published_time\" content=\"2026-02-09T12:48:07+00:00\" \/>\n<meta property=\"article:modified_time\" content=\"2026-02-09T12:48:08+00:00\" \/>\n<meta property=\"og:image\" content=\"https:\/\/footdavant.fr\/actualites\/wp-content\/uploads\/2026\/02\/Finale-de-la-Coupe-EFL-la-decision-d39eligibilite-de-Marc.net2Fuploads2F20262F022Faaa-guehi-6981c0.webp\" \/>\n\t<meta property=\"og:image:width\" content=\"720\" \/>\n\t<meta property=\"og:image:height\" content=\"410\" \/>\n\t<meta property=\"og:image:type\" content=\"image\/webp\" \/>\n<meta name=\"author\" content=\"Cl\u00e9ment\" \/>\n<meta name=\"twitter:card\" content=\"summary_large_image\" \/>\n<meta name=\"twitter:creator\" content=\"@FootdavantFr\" \/>\n<meta name=\"twitter:site\" content=\"@FootdavantFr\" \/>\n<meta name=\"twitter:label1\" content=\"\u00c9crit par\" \/>\n\t<meta name=\"twitter:data1\" content=\"Cl\u00e9ment\" \/>\n\t<meta name=\"twitter:label2\" content=\"Dur\u00e9e de lecture estim\u00e9e\" \/>\n\t<meta name=\"twitter:data2\" content=\"3 minutes\" \/>\n<script type=\"application\/ld+json\" class=\"yoast-schema-graph\">{\"@context\":\"https:\/\/schema.org\",\"@graph\":[{\"@type\":\"Article\",\"@id\":\"https:\/\/footdavant.fr\/actualites\/finale-de-la-coupe-efl-la-decision-deligibilite-de-marc-guehi-confirmee-alors-que-pep-guardiola-recoit-une-reponse-rapide-a-son-plaidoyer-avant-la-confrontation-avec-arsenal\/#article\",\"isPartOf\":{\"@id\":\"https:\/\/footdavant.fr\/actualites\/finale-de-la-coupe-efl-la-decision-deligibilite-de-marc-guehi-confirmee-alors-que-pep-guardiola-recoit-une-reponse-rapide-a-son-plaidoyer-avant-la-confrontation-avec-arsenal\/\"},\"author\":{\"name\":\"Cl\u00e9ment\",\"@id\":\"https:\/\/footdavant.fr\/actualites\/#\/schema\/person\/bc222566d95871b37e597b3ed3ba5e1d\"},\"headline\":\"Finale de la Coupe EFL\u00a0: la d\u00e9cision d&#39;\u00e9ligibilit\u00e9 de Marc Guehi \u00ab\u00a0confirm\u00e9e\u00a0\u00bb alors que Pep Guardiola re\u00e7oit une r\u00e9ponse rapide \u00e0 son plaidoyer avant la confrontation avec Arsenal\",\"datePublished\":\"2026-02-09T12:48:07+00:00\",\"dateModified\":\"2026-02-09T12:48:08+00:00\",\"mainEntityOfPage\":{\"@id\":\"https:\/\/footdavant.fr\/actualites\/finale-de-la-coupe-efl-la-decision-deligibilite-de-marc-guehi-confirmee-alors-que-pep-guardiola-recoit-une-reponse-rapide-a-son-plaidoyer-avant-la-confrontation-avec-arsenal\/\"},\"wordCount\":605,\"publisher\":{\"@id\":\"https:\/\/footdavant.fr\/actualites\/#organization\"},\"keywords\":[\"alors\",\"Arsenal\",\"avant\",\"avec\",\"confirm\u00e9e\",\"confrontation\",\"Coupe\",\"d39\u00e9ligibilit\u00e9\",\"d\u00e9cision\",\"EFL\",\"finale\",\"Guardiola\",\"Guehi\",\"Marc\",\"Pep\",\"plaidoyer\",\"rapide\",\"re\u00e7oit\",\"r\u00e9ponse\",\"son\",\"une\"],\"articleSection\":[\"Premier League\"],\"inLanguage\":\"fr-FR\"},{\"@type\":\"WebPage\",\"@id\":\"https:\/\/footdavant.fr\/actualites\/finale-de-la-coupe-efl-la-decision-deligibilite-de-marc-guehi-confirmee-alors-que-pep-guardiola-recoit-une-reponse-rapide-a-son-plaidoyer-avant-la-confrontation-avec-arsenal\/\",\"url\":\"https:\/\/footdavant.fr\/actualites\/finale-de-la-coupe-efl-la-decision-deligibilite-de-marc-guehi-confirmee-alors-que-pep-guardiola-recoit-une-reponse-rapide-a-son-plaidoyer-avant-la-confrontation-avec-arsenal\/\",\"name\":\"Finale de la Coupe EFL\u00a0: la d\u00e9cision d&#39;\u00e9ligibilit\u00e9 de Marc Guehi \\\"confirm\u00e9e\\\" alors que Pep Guardiola re\u00e7oit une r\u00e9ponse rapide \u00e0 son plaidoyer avant la confrontation avec Arsenal\",\"isPartOf\":{\"@id\":\"https:\/\/footdavant.fr\/actualites\/#website\"},\"datePublished\":\"2026-02-09T12:48:07+00:00\",\"dateModified\":\"2026-02-09T12:48:08+00:00\",\"breadcrumb\":{\"@id\":\"https:\/\/footdavant.fr\/actualites\/finale-de-la-coupe-efl-la-decision-deligibilite-de-marc-guehi-confirmee-alors-que-pep-guardiola-recoit-une-reponse-rapide-a-son-plaidoyer-avant-la-confrontation-avec-arsenal\/#breadcrumb\"},\"inLanguage\":\"fr-FR\",\"potentialAction\":[{\"@type\":\"ReadAction\",\"target\":[\"https:\/\/footdavant.fr\/actualites\/finale-de-la-coupe-efl-la-decision-deligibilite-de-marc-guehi-confirmee-alors-que-pep-guardiola-recoit-une-reponse-rapide-a-son-plaidoyer-avant-la-confrontation-avec-arsenal\/\"]}]},{\"@type\":\"BreadcrumbList\",\"@id\":\"https:\/\/footdavant.fr\/actualites\/finale-de-la-coupe-efl-la-decision-deligibilite-de-marc-guehi-confirmee-alors-que-pep-guardiola-recoit-une-reponse-rapide-a-son-plaidoyer-avant-la-confrontation-avec-arsenal\/#breadcrumb\",\"itemListElement\":[{\"@type\":\"ListItem\",\"position\":1,\"name\":\"Accueil\",\"item\":\"https:\/\/footdavant.fr\/actualites\/\"},{\"@type\":\"ListItem\",\"position\":2,\"name\":\"Finale de la Coupe EFL\u00a0: la d\u00e9cision d&#39;\u00e9ligibilit\u00e9 de Marc Guehi \u00ab\u00a0confirm\u00e9e\u00a0\u00bb alors que Pep Guardiola re\u00e7oit une r\u00e9ponse rapide \u00e0 son plaidoyer avant la confrontation avec Arsenal\"}]},{\"@type\":\"WebSite\",\"@id\":\"https:\/\/footdavant.fr\/actualites\/#website\",\"url\":\"https:\/\/footdavant.fr\/actualites\/\",\"name\":\"Foot d'avant\",\"description\":\"\",\"publisher\":{\"@id\":\"https:\/\/footdavant.fr\/actualites\/#organization\"},\"potentialAction\":[{\"@type\":\"SearchAction\",\"target\":{\"@type\":\"EntryPoint\",\"urlTemplate\":\"https:\/\/footdavant.fr\/actualites\/?s={search_term_string}\"},\"query-input\":\"required name=search_term_string\"}],\"inLanguage\":\"fr-FR\"},{\"@type\":\"Organization\",\"@id\":\"https:\/\/footdavant.fr\/actualites\/#organization\",\"name\":\"Foot d'avant\",\"url\":\"https:\/\/footdavant.fr\/actualites\/\",\"logo\":{\"@type\":\"ImageObject\",\"inLanguage\":\"fr-FR\",\"@id\":\"https:\/\/footdavant.fr\/actualites\/#\/schema\/logo\/image\/\",\"url\":\"https:\/\/footdavant.fr\/actualites\/wp-content\/uploads\/2023\/09\/Copy-of-FootDavant-Logo.png\",\"contentUrl\":\"https:\/\/footdavant.fr\/actualites\/wp-content\/uploads\/2023\/09\/Copy-of-FootDavant-Logo.png\",\"width\":936,\"height\":549,\"caption\":\"Foot d'avant\"},\"image\":{\"@id\":\"https:\/\/footdavant.fr\/actualites\/#\/schema\/logo\/image\/\"},\"sameAs\":[\"https:\/\/www.facebook.com\/Footdavant\/\",\"https:\/\/twitter.com\/FootdavantFr\",\"https:\/\/www.instagram.com\/footdavant.fr\/\"]},{\"@type\":\"Person\",\"@id\":\"https:\/\/footdavant.fr\/actualites\/#\/schema\/person\/bc222566d95871b37e597b3ed3ba5e1d\",\"name\":\"Cl\u00e9ment\",\"image\":{\"@type\":\"ImageObject\",\"inLanguage\":\"fr-FR\",\"@id\":\"https:\/\/footdavant.fr\/actualites\/#\/schema\/person\/image\/\",\"url\":\"https:\/\/secure.gravatar.com\/avatar\/7728b29aac2719421e1a9159b2254c44?s=96&d=mm&r=g\",\"contentUrl\":\"https:\/\/secure.gravatar.com\/avatar\/7728b29aac2719421e1a9159b2254c44?s=96&d=mm&r=g\",\"caption\":\"Cl\u00e9ment\"},\"sameAs\":[\"https:\/\/footdavant.fr\/\"]}]}<\/script>\n<!-- \/ Yoast SEO plugin. -->","yoast_head_json":{"title":"Finale de la Coupe EFL\u00a0: la d\u00e9cision d&#39;\u00e9ligibilit\u00e9 de Marc Guehi \"confirm\u00e9e\" alors que Pep Guardiola re\u00e7oit une r\u00e9ponse rapide \u00e0 son plaidoyer avant la confrontation avec Arsenal","robots":{"index":"index","follow":"follow","max-snippet":"max-snippet:-1","max-image-preview":"max-image-preview:large","max-video-preview":"max-video-preview:-1"},"canonical":"https:\/\/footdavant.fr\/actualites\/finale-de-la-coupe-efl-la-decision-deligibilite-de-marc-guehi-confirmee-alors-que-pep-guardiola-recoit-une-reponse-rapide-a-son-plaidoyer-avant-la-confrontation-avec-arsenal\/","og_locale":"fr_FR","og_type":"article","og_title":"Finale de la Coupe EFL\u00a0: la d\u00e9cision d&#39;\u00e9ligibilit\u00e9 de Marc Guehi \"confirm\u00e9e\" alors que Pep Guardiola re\u00e7oit une r\u00e9ponse rapide \u00e0 son plaidoyer avant la confrontation avec Arsenal","og_description":"Manchester City a re\u00e7u une r\u00e9ponse rapide de la Ligue anglaise de football concernant l&#39;\u00e9ligibilit\u00e9 de Marc Guehi pour la finale de la Coupe EFL","og_url":"https:\/\/footdavant.fr\/actualites\/finale-de-la-coupe-efl-la-decision-deligibilite-de-marc-guehi-confirmee-alors-que-pep-guardiola-recoit-une-reponse-rapide-a-son-plaidoyer-avant-la-confrontation-avec-arsenal\/","og_site_name":"Foot d&#039;avant","article_publisher":"https:\/\/www.facebook.com\/Footdavant\/","article_published_time":"2026-02-09T12:48:07+00:00","article_modified_time":"2026-02-09T12:48:08+00:00","og_image":[{"width":720,"height":410,"url":"https:\/\/footdavant.fr\/actualites\/wp-content\/uploads\/2026\/02\/Finale-de-la-Coupe-EFL-la-decision-d39eligibilite-de-Marc.net2Fuploads2F20262F022Faaa-guehi-6981c0.webp","type":"image\/webp"}],"author":"Cl\u00e9ment","twitter_card":"summary_large_image","twitter_creator":"@FootdavantFr","twitter_site":"@FootdavantFr","twitter_misc":{"\u00c9crit par":"Cl\u00e9ment","Dur\u00e9e de lecture estim\u00e9e":"3 minutes"},"schema":{"@context":"https:\/\/schema.org","@graph":[{"@type":"Article","@id":"https:\/\/footdavant.fr\/actualites\/finale-de-la-coupe-efl-la-decision-deligibilite-de-marc-guehi-confirmee-alors-que-pep-guardiola-recoit-une-reponse-rapide-a-son-plaidoyer-avant-la-confrontation-avec-arsenal\/#article","isPartOf":{"@id":"https:\/\/footdavant.fr\/actualites\/finale-de-la-coupe-efl-la-decision-deligibilite-de-marc-guehi-confirmee-alors-que-pep-guardiola-recoit-une-reponse-rapide-a-son-plaidoyer-avant-la-confrontation-avec-arsenal\/"},"author":{"name":"Cl\u00e9ment","@id":"https:\/\/footdavant.fr\/actualites\/#\/schema\/person\/bc222566d95871b37e597b3ed3ba5e1d"},"headline":"Finale de la Coupe EFL\u00a0: la d\u00e9cision d&#39;\u00e9ligibilit\u00e9 de Marc Guehi \u00ab\u00a0confirm\u00e9e\u00a0\u00bb alors que Pep Guardiola re\u00e7oit une r\u00e9ponse rapide \u00e0 son plaidoyer avant la confrontation avec Arsenal","datePublished":"2026-02-09T12:48:07+00:00","dateModified":"2026-02-09T12:48:08+00:00","mainEntityOfPage":{"@id":"https:\/\/footdavant.fr\/actualites\/finale-de-la-coupe-efl-la-decision-deligibilite-de-marc-guehi-confirmee-alors-que-pep-guardiola-recoit-une-reponse-rapide-a-son-plaidoyer-avant-la-confrontation-avec-arsenal\/"},"wordCount":605,"publisher":{"@id":"https:\/\/footdavant.fr\/actualites\/#organization"},"keywords":["alors","Arsenal","avant","avec","confirm\u00e9e","confrontation","Coupe","d39\u00e9ligibilit\u00e9","d\u00e9cision","EFL","finale","Guardiola","Guehi","Marc","Pep","plaidoyer","rapide","re\u00e7oit","r\u00e9ponse","son","une"],"articleSection":["Premier League"],"inLanguage":"fr-FR"},{"@type":"WebPage","@id":"https:\/\/footdavant.fr\/actualites\/finale-de-la-coupe-efl-la-decision-deligibilite-de-marc-guehi-confirmee-alors-que-pep-guardiola-recoit-une-reponse-rapide-a-son-plaidoyer-avant-la-confrontation-avec-arsenal\/","url":"https:\/\/footdavant.fr\/actualites\/finale-de-la-coupe-efl-la-decision-deligibilite-de-marc-guehi-confirmee-alors-que-pep-guardiola-recoit-une-reponse-rapide-a-son-plaidoyer-avant-la-confrontation-avec-arsenal\/","name":"Finale de la Coupe EFL\u00a0: la d\u00e9cision d&#39;\u00e9ligibilit\u00e9 de Marc Guehi \"confirm\u00e9e\" alors que Pep Guardiola re\u00e7oit une r\u00e9ponse rapide \u00e0 son plaidoyer avant la confrontation avec Arsenal","isPartOf":{"@id":"https:\/\/footdavant.fr\/actualites\/#website"},"datePublished":"2026-02-09T12:48:07+00:00","dateModified":"2026-02-09T12:48:08+00:00","breadcrumb":{"@id":"https:\/\/footdavant.fr\/actualites\/finale-de-la-coupe-efl-la-decision-deligibilite-de-marc-guehi-confirmee-alors-que-pep-guardiola-recoit-une-reponse-rapide-a-son-plaidoyer-avant-la-confrontation-avec-arsenal\/#breadcrumb"},"inLanguage":"fr-FR","potentialAction":[{"@type":"ReadAction","target":["https:\/\/footdavant.fr\/actualites\/finale-de-la-coupe-efl-la-decision-deligibilite-de-marc-guehi-confirmee-alors-que-pep-guardiola-recoit-une-reponse-rapide-a-son-plaidoyer-avant-la-confrontation-avec-arsenal\/"]}]},{"@type":"BreadcrumbList","@id":"https:\/\/footdavant.fr\/actualites\/finale-de-la-coupe-efl-la-decision-deligibilite-de-marc-guehi-confirmee-alors-que-pep-guardiola-recoit-une-reponse-rapide-a-son-plaidoyer-avant-la-confrontation-avec-arsenal\/#breadcrumb","itemListElement":[{"@type":"ListItem","position":1,"name":"Accueil","item":"https:\/\/footdavant.fr\/actualites\/"},{"@type":"ListItem","position":2,"name":"Finale de la Coupe EFL\u00a0: la d\u00e9cision d&#39;\u00e9ligibilit\u00e9 de Marc Guehi \u00ab\u00a0confirm\u00e9e\u00a0\u00bb alors que Pep Guardiola re\u00e7oit une r\u00e9ponse rapide \u00e0 son plaidoyer avant la confrontation avec Arsenal"}]},{"@type":"WebSite","@id":"https:\/\/footdavant.fr\/actualites\/#website","url":"https:\/\/footdavant.fr\/actualites\/","name":"Foot d'avant","description":"","publisher":{"@id":"https:\/\/footdavant.fr\/actualites\/#organization"},"potentialAction":[{"@type":"SearchAction","target":{"@type":"EntryPoint","urlTemplate":"https:\/\/footdavant.fr\/actualites\/?s={search_term_string}"},"query-input":"required name=search_term_string"}],"inLanguage":"fr-FR"},{"@type":"Organization","@id":"https:\/\/footdavant.fr\/actualites\/#organization","name":"Foot d'avant","url":"https:\/\/footdavant.fr\/actualites\/","logo":{"@type":"ImageObject","inLanguage":"fr-FR","@id":"https:\/\/footdavant.fr\/actualites\/#\/schema\/logo\/image\/","url":"https:\/\/footdavant.fr\/actualites\/wp-content\/uploads\/2023\/09\/Copy-of-FootDavant-Logo.png","contentUrl":"https:\/\/footdavant.fr\/actualites\/wp-content\/uploads\/2023\/09\/Copy-of-FootDavant-Logo.png","width":936,"height":549,"caption":"Foot d'avant"},"image":{"@id":"https:\/\/footdavant.fr\/actualites\/#\/schema\/logo\/image\/"},"sameAs":["https:\/\/www.facebook.com\/Footdavant\/","https:\/\/twitter.com\/FootdavantFr","https:\/\/www.instagram.com\/footdavant.fr\/"]},{"@type":"Person","@id":"https:\/\/footdavant.fr\/actualites\/#\/schema\/person\/bc222566d95871b37e597b3ed3ba5e1d","name":"Cl\u00e9ment","image":{"@type":"ImageObject","inLanguage":"fr-FR","@id":"https:\/\/footdavant.fr\/actualites\/#\/schema\/person\/image\/","url":"https:\/\/secure.gravatar.com\/avatar\/7728b29aac2719421e1a9159b2254c44?s=96&d=mm&r=g","contentUrl":"https:\/\/secure.gravatar.com\/avatar\/7728b29aac2719421e1a9159b2254c44?s=96&d=mm&r=g","caption":"Cl\u00e9ment"},"sameAs":["https:\/\/footdavant.fr\/"]}]}},"_links":{"self":[{"href":"https:\/\/footdavant.fr\/actualites\/wp-json\/wp\/v2\/posts\/34311"}],"collection":[{"href":"https:\/\/footdavant.fr\/actualites\/wp-json\/wp\/v2\/posts"}],"about":[{"href":"https:\/\/footdavant.fr\/actualites\/wp-json\/wp\/v2\/types\/post"}],"author":[{"embeddable":true,"href":"https:\/\/footdavant.fr\/actualites\/wp-json\/wp\/v2\/users\/1"}],"replies":[{"embeddable":true,"href":"https:\/\/footdavant.fr\/actualites\/wp-json\/wp\/v2\/comments?post=34311"}],"version-history":[{"count":1,"href":"https:\/\/footdavant.fr\/actualites\/wp-json\/wp\/v2\/posts\/34311\/revisions"}],"predecessor-version":[{"id":34313,"href":"https:\/\/footdavant.fr\/actualites\/wp-json\/wp\/v2\/posts\/34311\/revisions\/34313"}],"wp:featuredmedia":[{"embeddable":true,"href":"https:\/\/footdavant.fr\/actualites\/wp-json\/wp\/v2\/media\/34312"}],"wp:attachment":[{"href":"https:\/\/footdavant.fr\/actualites\/wp-json\/wp\/v2\/media?parent=34311"}],"wp:term":[{"taxonomy":"category","embeddable":true,"href":"https:\/\/footdavant.fr\/actualites\/wp-json\/wp\/v2\/categories?post=34311"},{"taxonomy":"post_tag","embeddable":true,"href":"https:\/\/footdavant.fr\/actualites\/wp-json\/wp\/v2\/tags?post=34311"}],"curies":[{"name":"wp","href":"https:\/\/api.w.org\/{rel}","templated":true}]}}