{"id":34330,"date":"2026-02-10T03:48:04","date_gmt":"2026-02-10T02:48:04","guid":{"rendered":"https:\/\/footdavant.fr\/actualites\/lindsey-vonn-na-aucun-regret-apres-le-crash-des-jeux-olympiques\/"},"modified":"2026-02-10T03:48:06","modified_gmt":"2026-02-10T02:48:06","slug":"lindsey-vonn-na-aucun-regret-apres-le-crash-des-jeux-olympiques","status":"publish","type":"post","link":"https:\/\/footdavant.fr\/actualites\/lindsey-vonn-na-aucun-regret-apres-le-crash-des-jeux-olympiques\/","title":{"rendered":"Lindsey Vonn n&#39;a aucun regret apr\u00e8s le crash des Jeux olympiques"},"content":{"rendered":"<p>L\u2019Am\u00e9ricaine a adopt\u00e9 un ton optimiste malgr\u00e9 sa blessure.<\/p>\n<div>\n<p>Lindsey Vonn n&#39;a \u00ab aucun regret \u00bb sur sa d\u00e9cision de participer aux Jeux olympiques d&#39;hiver neuf jours apr\u00e8s s&#39;\u00eatre d\u00e9chir\u00e9 le ligament crois\u00e9 ant\u00e9rieur, malgr\u00e9 une fracture complexe du tibia qui n\u00e9cessitera plusieurs interventions chirurgicales lors d&#39;une chute dans la descente de dimanche.<\/p>\n<p>Vonn s&#39;est bless\u00e9e au LCA en Suisse lors de la derni\u00e8re course de la Coupe du monde de ski alpin avant les Jeux. Cependant, la femme de 41 ans \u00e9tait d\u00e9termin\u00e9e \u00e0 participer \u00e0 ses derniers Jeux olympiques \u00e0 Milan-Cortina et avait r\u00e9ussi deux courses d&#39;entra\u00eenement.<\/p>\n<p>Cependant, le risque qu&#39;elle a pris en course s&#39;est retourn\u00e9 contre lui au d\u00e9but de sa course lorsque Vonn s&#39;est \u00e9cras\u00e9e contre une porte, recevant des soins m\u00e9dicaux prolong\u00e9s sur la piste avant d&#39;\u00eatre transport\u00e9e par avion hors de la piste.<\/p>\n<p>L&#39;accident a marqu\u00e9 une triste fin \u00e0 la carri\u00e8re olympique de Vonn, qui lui a permis de remporter trois m\u00e9dailles, dont l&#39;or en descente en 2010 \u00e0 Vancouver.<\/p>\n<p>Mais dans une d\u00e9claration publi\u00e9e sur son compte Instagram, Vonn a \u00e9mis une note optimiste malgr\u00e9 sa terrible blessure.<\/p>\n<p>Elle a \u00e9crit : \u00ab\u00a0Hier, mon r\u00eave olympique ne s&#39;est pas termin\u00e9 comme je l&#39;avais r\u00eav\u00e9. Ce n&#39;\u00e9tait pas la fin d&#39;un livre d&#39;histoires ou un conte de f\u00e9es, c&#39;\u00e9tait juste la vie. J&#39;ai os\u00e9 r\u00eaver et j&#39;ai travaill\u00e9 si dur pour y parvenir. Parce qu&#39;en ski alpin, la diff\u00e9rence entre une ligne strat\u00e9gique et une blessure catastrophique peut \u00eatre aussi petite que 5 pouces. <\/p>\n<p>\u00ab\u00a0J&#39;\u00e9tais tout simplement 5 pouces trop serr\u00e9 sur ma ligne lorsque mon bras droit s&#39;est accroch\u00e9 \u00e0 l&#39;int\u00e9rieur de la porte, me tordant et entra\u00eenant ma chute. Mon LCA et mes blessures pass\u00e9es n&#39;avaient rien \u00e0 voir avec ma chute. <\/p>\n<p>\u00ab\u00a0Malheureusement, j&#39;ai subi une fracture complexe du tibia qui est actuellement stable mais qui n\u00e9cessitera plusieurs interventions chirurgicales pour \u00eatre r\u00e9par\u00e9e correctement. <\/p>\n<blockquote class=\"instagram-media\" data-instgrm-captioned=\"\" data-instgrm-permalink=\"https:\/\/www.instagram.com\/p\/DUjW2r8DUmb\/?utm_source=ig_embed&amp;utm_campaign=loading\" data-instgrm-version=\"14\" style=\" background:#FFF; border:0; border-radius:3px; box-shadow:0 0 1px 0 rgba(0,0,0,0.5),0 1px 10px 0 rgba(0,0,0,0.15); margin: 1px; max-width:540px; min-width:326px; padding:0; width:99.375%; width:-webkit-calc(100% - 2px); width:calc(100% - 2px);\"\/>\n<p>\u00ab\u00a0M\u00eame si la journ\u00e9e d&#39;hier ne s&#39;est pas termin\u00e9e comme je l&#39;avais esp\u00e9r\u00e9, et malgr\u00e9 la douleur physique intense que cela a provoqu\u00e9e, je n&#39;ai aucun regret. Se tenir sur le portillon de d\u00e9part hier \u00e9tait un sentiment incroyable que je n&#39;oublierai jamais. Savoir que j&#39;\u00e9tais l\u00e0 et avoir une chance de gagner \u00e9tait une victoire en soi. Je savais aussi que la course \u00e9tait un risque. Cela a toujours \u00e9t\u00e9 et sera toujours un sport incroyablement dangereux. <\/p>\n<p>\u00ab\u00a0Et comme pour le ski de comp\u00e9tition, nous prenons des risques dans la vie. Nous r\u00eavons. Nous aimons. Nous sautons. Et parfois nous tombons. Parfois, nos c\u0153urs sont bris\u00e9s. Parfois, nous ne r\u00e9alisons pas les r\u00eaves que nous savons pouvoir avoir. Mais c&#39;est aussi la beaut\u00e9 de la vie\u00a0; nous pouvons essayer. <\/p>\n<p>\u00ab\u00a0J&#39;ai essay\u00e9. J&#39;ai r\u00eav\u00e9. J&#39;ai saut\u00e9. <\/p>\n<p>\u00ab\u00a0J&#39;esp\u00e8re que si vous retenez quelque chose de mon voyage, c&#39;est que vous avez tous le courage d&#39;oser. La vie est trop courte pour ne pas prendre de risques. Parce que le seul \u00e9chec dans la vie est de ne pas essayer. <\/p>\n<p>\u00ab\u00a0Je crois en toi, tout comme tu as cru en moi.\u00a0\u00bb<\/p>\n<\/p><\/div>\n<p><script async src=\"\/\/www.instagram.com\/embed.js\"><\/script><\/p>\n","protected":false},"excerpt":{"rendered":"<p>L\u2019Am\u00e9ricaine a adopt\u00e9 un ton optimiste malgr\u00e9 sa blessure. Lindsey Vonn n&#39;a \u00ab aucun regret \u00bb sur sa d\u00e9cision de participer aux Jeux olympiques d&#39;hiver<\/p>\n","protected":false},"author":1,"featured_media":34331,"comment_status":"closed","ping_status":"","sticky":false,"template":"","format":"standard","meta":{"footnotes":""},"categories":[3],"tags":[25,2454,11482,12,4927,11480,4238,5202,4239,11481],"yoast_head":"<!-- This site is optimized with the Yoast SEO plugin v21.0 - https:\/\/yoast.com\/wordpress\/plugins\/seo\/ -->\n<title>Lindsey Vonn n&#039;a aucun regret apr\u00e8s le crash des Jeux olympiques<\/title>\n<meta name=\"robots\" content=\"index, follow, max-snippet:-1, max-image-preview:large, max-video-preview:-1\" \/>\n<link rel=\"canonical\" href=\"https:\/\/footdavant.fr\/actualites\/lindsey-vonn-na-aucun-regret-apres-le-crash-des-jeux-olympiques\/\" \/>\n<meta property=\"og:locale\" content=\"fr_FR\" \/>\n<meta property=\"og:type\" content=\"article\" \/>\n<meta property=\"og:title\" content=\"Lindsey Vonn n&#039;a aucun regret apr\u00e8s le crash des Jeux olympiques\" \/>\n<meta property=\"og:description\" content=\"L\u2019Am\u00e9ricaine a adopt\u00e9 un ton optimiste malgr\u00e9 sa blessure. Lindsey Vonn n&#039;a \u00ab aucun regret \u00bb sur sa d\u00e9cision de participer aux Jeux olympiques d&#039;hiver\" \/>\n<meta property=\"og:url\" content=\"https:\/\/footdavant.fr\/actualites\/lindsey-vonn-na-aucun-regret-apres-le-crash-des-jeux-olympiques\/\" \/>\n<meta property=\"og:site_name\" content=\"Foot d&#039;avant\" \/>\n<meta property=\"article:publisher\" content=\"https:\/\/www.facebook.com\/Footdavant\/\" \/>\n<meta property=\"article:published_time\" content=\"2026-02-10T02:48:04+00:00\" \/>\n<meta property=\"article:modified_time\" content=\"2026-02-10T02:48:06+00:00\" \/>\n<meta property=\"og:image\" content=\"https:\/\/footdavant.fr\/actualites\/wp-content\/uploads\/2026\/02\/Lindsey-Vonn-n39a-aucun-regret-apres-le-crash-des-Jeux.jpg\" \/>\n\t<meta property=\"og:image:width\" content=\"1200\" \/>\n\t<meta property=\"og:image:height\" content=\"800\" \/>\n\t<meta property=\"og:image:type\" content=\"image\/jpeg\" \/>\n<meta name=\"author\" content=\"Cl\u00e9ment\" \/>\n<meta name=\"twitter:card\" content=\"summary_large_image\" \/>\n<meta name=\"twitter:creator\" content=\"@FootdavantFr\" \/>\n<meta name=\"twitter:site\" content=\"@FootdavantFr\" \/>\n<meta name=\"twitter:label1\" content=\"\u00c9crit par\" \/>\n\t<meta name=\"twitter:data1\" content=\"Cl\u00e9ment\" \/>\n\t<meta name=\"twitter:label2\" content=\"Dur\u00e9e de lecture estim\u00e9e\" \/>\n\t<meta name=\"twitter:data2\" content=\"3 minutes\" \/>\n<script type=\"application\/ld+json\" class=\"yoast-schema-graph\">{\"@context\":\"https:\/\/schema.org\",\"@graph\":[{\"@type\":\"Article\",\"@id\":\"https:\/\/footdavant.fr\/actualites\/lindsey-vonn-na-aucun-regret-apres-le-crash-des-jeux-olympiques\/#article\",\"isPartOf\":{\"@id\":\"https:\/\/footdavant.fr\/actualites\/lindsey-vonn-na-aucun-regret-apres-le-crash-des-jeux-olympiques\/\"},\"author\":{\"name\":\"Cl\u00e9ment\",\"@id\":\"https:\/\/footdavant.fr\/actualites\/#\/schema\/person\/bc222566d95871b37e597b3ed3ba5e1d\"},\"headline\":\"Lindsey Vonn n&#39;a aucun regret apr\u00e8s le crash des Jeux olympiques\",\"datePublished\":\"2026-02-10T02:48:04+00:00\",\"dateModified\":\"2026-02-10T02:48:06+00:00\",\"mainEntityOfPage\":{\"@id\":\"https:\/\/footdavant.fr\/actualites\/lindsey-vonn-na-aucun-regret-apres-le-crash-des-jeux-olympiques\/\"},\"wordCount\":589,\"publisher\":{\"@id\":\"https:\/\/footdavant.fr\/actualites\/#organization\"},\"keywords\":[\"apr\u00e8s\",\"aucun\",\"crash\",\"des\",\"jeux\",\"Lindsey\",\"n39a\",\"olympiques\",\"regret\",\"Vonn\"],\"articleSection\":[\"Football\"],\"inLanguage\":\"fr-FR\"},{\"@type\":\"WebPage\",\"@id\":\"https:\/\/footdavant.fr\/actualites\/lindsey-vonn-na-aucun-regret-apres-le-crash-des-jeux-olympiques\/\",\"url\":\"https:\/\/footdavant.fr\/actualites\/lindsey-vonn-na-aucun-regret-apres-le-crash-des-jeux-olympiques\/\",\"name\":\"Lindsey Vonn n&#39;a aucun regret apr\u00e8s le crash des Jeux olympiques\",\"isPartOf\":{\"@id\":\"https:\/\/footdavant.fr\/actualites\/#website\"},\"datePublished\":\"2026-02-10T02:48:04+00:00\",\"dateModified\":\"2026-02-10T02:48:06+00:00\",\"breadcrumb\":{\"@id\":\"https:\/\/footdavant.fr\/actualites\/lindsey-vonn-na-aucun-regret-apres-le-crash-des-jeux-olympiques\/#breadcrumb\"},\"inLanguage\":\"fr-FR\",\"potentialAction\":[{\"@type\":\"ReadAction\",\"target\":[\"https:\/\/footdavant.fr\/actualites\/lindsey-vonn-na-aucun-regret-apres-le-crash-des-jeux-olympiques\/\"]}]},{\"@type\":\"BreadcrumbList\",\"@id\":\"https:\/\/footdavant.fr\/actualites\/lindsey-vonn-na-aucun-regret-apres-le-crash-des-jeux-olympiques\/#breadcrumb\",\"itemListElement\":[{\"@type\":\"ListItem\",\"position\":1,\"name\":\"Accueil\",\"item\":\"https:\/\/footdavant.fr\/actualites\/\"},{\"@type\":\"ListItem\",\"position\":2,\"name\":\"Lindsey Vonn n&#39;a aucun regret apr\u00e8s le crash des Jeux olympiques\"}]},{\"@type\":\"WebSite\",\"@id\":\"https:\/\/footdavant.fr\/actualites\/#website\",\"url\":\"https:\/\/footdavant.fr\/actualites\/\",\"name\":\"Foot d'avant\",\"description\":\"\",\"publisher\":{\"@id\":\"https:\/\/footdavant.fr\/actualites\/#organization\"},\"potentialAction\":[{\"@type\":\"SearchAction\",\"target\":{\"@type\":\"EntryPoint\",\"urlTemplate\":\"https:\/\/footdavant.fr\/actualites\/?s={search_term_string}\"},\"query-input\":\"required name=search_term_string\"}],\"inLanguage\":\"fr-FR\"},{\"@type\":\"Organization\",\"@id\":\"https:\/\/footdavant.fr\/actualites\/#organization\",\"name\":\"Foot d'avant\",\"url\":\"https:\/\/footdavant.fr\/actualites\/\",\"logo\":{\"@type\":\"ImageObject\",\"inLanguage\":\"fr-FR\",\"@id\":\"https:\/\/footdavant.fr\/actualites\/#\/schema\/logo\/image\/\",\"url\":\"https:\/\/footdavant.fr\/actualites\/wp-content\/uploads\/2023\/09\/Copy-of-FootDavant-Logo.png\",\"contentUrl\":\"https:\/\/footdavant.fr\/actualites\/wp-content\/uploads\/2023\/09\/Copy-of-FootDavant-Logo.png\",\"width\":936,\"height\":549,\"caption\":\"Foot d'avant\"},\"image\":{\"@id\":\"https:\/\/footdavant.fr\/actualites\/#\/schema\/logo\/image\/\"},\"sameAs\":[\"https:\/\/www.facebook.com\/Footdavant\/\",\"https:\/\/twitter.com\/FootdavantFr\",\"https:\/\/www.instagram.com\/footdavant.fr\/\"]},{\"@type\":\"Person\",\"@id\":\"https:\/\/footdavant.fr\/actualites\/#\/schema\/person\/bc222566d95871b37e597b3ed3ba5e1d\",\"name\":\"Cl\u00e9ment\",\"image\":{\"@type\":\"ImageObject\",\"inLanguage\":\"fr-FR\",\"@id\":\"https:\/\/footdavant.fr\/actualites\/#\/schema\/person\/image\/\",\"url\":\"https:\/\/secure.gravatar.com\/avatar\/7728b29aac2719421e1a9159b2254c44?s=96&d=mm&r=g\",\"contentUrl\":\"https:\/\/secure.gravatar.com\/avatar\/7728b29aac2719421e1a9159b2254c44?s=96&d=mm&r=g\",\"caption\":\"Cl\u00e9ment\"},\"sameAs\":[\"https:\/\/footdavant.fr\/\"]}]}<\/script>\n<!-- \/ Yoast SEO plugin. -->","yoast_head_json":{"title":"Lindsey Vonn n&#39;a aucun regret apr\u00e8s le crash des Jeux olympiques","robots":{"index":"index","follow":"follow","max-snippet":"max-snippet:-1","max-image-preview":"max-image-preview:large","max-video-preview":"max-video-preview:-1"},"canonical":"https:\/\/footdavant.fr\/actualites\/lindsey-vonn-na-aucun-regret-apres-le-crash-des-jeux-olympiques\/","og_locale":"fr_FR","og_type":"article","og_title":"Lindsey Vonn n&#39;a aucun regret apr\u00e8s le crash des Jeux olympiques","og_description":"L\u2019Am\u00e9ricaine a adopt\u00e9 un ton optimiste malgr\u00e9 sa blessure. Lindsey Vonn n&#39;a \u00ab aucun regret \u00bb sur sa d\u00e9cision de participer aux Jeux olympiques d&#39;hiver","og_url":"https:\/\/footdavant.fr\/actualites\/lindsey-vonn-na-aucun-regret-apres-le-crash-des-jeux-olympiques\/","og_site_name":"Foot d&#039;avant","article_publisher":"https:\/\/www.facebook.com\/Footdavant\/","article_published_time":"2026-02-10T02:48:04+00:00","article_modified_time":"2026-02-10T02:48:06+00:00","og_image":[{"width":1200,"height":800,"url":"https:\/\/footdavant.fr\/actualites\/wp-content\/uploads\/2026\/02\/Lindsey-Vonn-n39a-aucun-regret-apres-le-crash-des-Jeux.jpg","type":"image\/jpeg"}],"author":"Cl\u00e9ment","twitter_card":"summary_large_image","twitter_creator":"@FootdavantFr","twitter_site":"@FootdavantFr","twitter_misc":{"\u00c9crit par":"Cl\u00e9ment","Dur\u00e9e de lecture estim\u00e9e":"3 minutes"},"schema":{"@context":"https:\/\/schema.org","@graph":[{"@type":"Article","@id":"https:\/\/footdavant.fr\/actualites\/lindsey-vonn-na-aucun-regret-apres-le-crash-des-jeux-olympiques\/#article","isPartOf":{"@id":"https:\/\/footdavant.fr\/actualites\/lindsey-vonn-na-aucun-regret-apres-le-crash-des-jeux-olympiques\/"},"author":{"name":"Cl\u00e9ment","@id":"https:\/\/footdavant.fr\/actualites\/#\/schema\/person\/bc222566d95871b37e597b3ed3ba5e1d"},"headline":"Lindsey Vonn n&#39;a aucun regret apr\u00e8s le crash des Jeux olympiques","datePublished":"2026-02-10T02:48:04+00:00","dateModified":"2026-02-10T02:48:06+00:00","mainEntityOfPage":{"@id":"https:\/\/footdavant.fr\/actualites\/lindsey-vonn-na-aucun-regret-apres-le-crash-des-jeux-olympiques\/"},"wordCount":589,"publisher":{"@id":"https:\/\/footdavant.fr\/actualites\/#organization"},"keywords":["apr\u00e8s","aucun","crash","des","jeux","Lindsey","n39a","olympiques","regret","Vonn"],"articleSection":["Football"],"inLanguage":"fr-FR"},{"@type":"WebPage","@id":"https:\/\/footdavant.fr\/actualites\/lindsey-vonn-na-aucun-regret-apres-le-crash-des-jeux-olympiques\/","url":"https:\/\/footdavant.fr\/actualites\/lindsey-vonn-na-aucun-regret-apres-le-crash-des-jeux-olympiques\/","name":"Lindsey Vonn n&#39;a aucun regret apr\u00e8s le crash des Jeux olympiques","isPartOf":{"@id":"https:\/\/footdavant.fr\/actualites\/#website"},"datePublished":"2026-02-10T02:48:04+00:00","dateModified":"2026-02-10T02:48:06+00:00","breadcrumb":{"@id":"https:\/\/footdavant.fr\/actualites\/lindsey-vonn-na-aucun-regret-apres-le-crash-des-jeux-olympiques\/#breadcrumb"},"inLanguage":"fr-FR","potentialAction":[{"@type":"ReadAction","target":["https:\/\/footdavant.fr\/actualites\/lindsey-vonn-na-aucun-regret-apres-le-crash-des-jeux-olympiques\/"]}]},{"@type":"BreadcrumbList","@id":"https:\/\/footdavant.fr\/actualites\/lindsey-vonn-na-aucun-regret-apres-le-crash-des-jeux-olympiques\/#breadcrumb","itemListElement":[{"@type":"ListItem","position":1,"name":"Accueil","item":"https:\/\/footdavant.fr\/actualites\/"},{"@type":"ListItem","position":2,"name":"Lindsey Vonn n&#39;a aucun regret apr\u00e8s le crash des Jeux olympiques"}]},{"@type":"WebSite","@id":"https:\/\/footdavant.fr\/actualites\/#website","url":"https:\/\/footdavant.fr\/actualites\/","name":"Foot d'avant","description":"","publisher":{"@id":"https:\/\/footdavant.fr\/actualites\/#organization"},"potentialAction":[{"@type":"SearchAction","target":{"@type":"EntryPoint","urlTemplate":"https:\/\/footdavant.fr\/actualites\/?s={search_term_string}"},"query-input":"required name=search_term_string"}],"inLanguage":"fr-FR"},{"@type":"Organization","@id":"https:\/\/footdavant.fr\/actualites\/#organization","name":"Foot d'avant","url":"https:\/\/footdavant.fr\/actualites\/","logo":{"@type":"ImageObject","inLanguage":"fr-FR","@id":"https:\/\/footdavant.fr\/actualites\/#\/schema\/logo\/image\/","url":"https:\/\/footdavant.fr\/actualites\/wp-content\/uploads\/2023\/09\/Copy-of-FootDavant-Logo.png","contentUrl":"https:\/\/footdavant.fr\/actualites\/wp-content\/uploads\/2023\/09\/Copy-of-FootDavant-Logo.png","width":936,"height":549,"caption":"Foot d'avant"},"image":{"@id":"https:\/\/footdavant.fr\/actualites\/#\/schema\/logo\/image\/"},"sameAs":["https:\/\/www.facebook.com\/Footdavant\/","https:\/\/twitter.com\/FootdavantFr","https:\/\/www.instagram.com\/footdavant.fr\/"]},{"@type":"Person","@id":"https:\/\/footdavant.fr\/actualites\/#\/schema\/person\/bc222566d95871b37e597b3ed3ba5e1d","name":"Cl\u00e9ment","image":{"@type":"ImageObject","inLanguage":"fr-FR","@id":"https:\/\/footdavant.fr\/actualites\/#\/schema\/person\/image\/","url":"https:\/\/secure.gravatar.com\/avatar\/7728b29aac2719421e1a9159b2254c44?s=96&d=mm&r=g","contentUrl":"https:\/\/secure.gravatar.com\/avatar\/7728b29aac2719421e1a9159b2254c44?s=96&d=mm&r=g","caption":"Cl\u00e9ment"},"sameAs":["https:\/\/footdavant.fr\/"]}]}},"_links":{"self":[{"href":"https:\/\/footdavant.fr\/actualites\/wp-json\/wp\/v2\/posts\/34330"}],"collection":[{"href":"https:\/\/footdavant.fr\/actualites\/wp-json\/wp\/v2\/posts"}],"about":[{"href":"https:\/\/footdavant.fr\/actualites\/wp-json\/wp\/v2\/types\/post"}],"author":[{"embeddable":true,"href":"https:\/\/footdavant.fr\/actualites\/wp-json\/wp\/v2\/users\/1"}],"replies":[{"embeddable":true,"href":"https:\/\/footdavant.fr\/actualites\/wp-json\/wp\/v2\/comments?post=34330"}],"version-history":[{"count":1,"href":"https:\/\/footdavant.fr\/actualites\/wp-json\/wp\/v2\/posts\/34330\/revisions"}],"predecessor-version":[{"id":34332,"href":"https:\/\/footdavant.fr\/actualites\/wp-json\/wp\/v2\/posts\/34330\/revisions\/34332"}],"wp:featuredmedia":[{"embeddable":true,"href":"https:\/\/footdavant.fr\/actualites\/wp-json\/wp\/v2\/media\/34331"}],"wp:attachment":[{"href":"https:\/\/footdavant.fr\/actualites\/wp-json\/wp\/v2\/media?parent=34330"}],"wp:term":[{"taxonomy":"category","embeddable":true,"href":"https:\/\/footdavant.fr\/actualites\/wp-json\/wp\/v2\/categories?post=34330"},{"taxonomy":"post_tag","embeddable":true,"href":"https:\/\/footdavant.fr\/actualites\/wp-json\/wp\/v2\/tags?post=34330"}],"curies":[{"name":"wp","href":"https:\/\/api.w.org\/{rel}","templated":true}]}}