{"id":34333,"date":"2026-02-10T05:48:10","date_gmt":"2026-02-10T04:48:10","guid":{"rendered":"https:\/\/footdavant.fr\/actualites\/nouvelles-du-transfert-des-wolves-la-position-de-jhon-arias-devient-claire-alors-que-palmeiras-etablit-un-contact-direct-avec-linternational-colombien\/"},"modified":"2026-02-10T05:48:13","modified_gmt":"2026-02-10T04:48:13","slug":"nouvelles-du-transfert-des-wolves-la-position-de-jhon-arias-devient-claire-alors-que-palmeiras-etablit-un-contact-direct-avec-linternational-colombien","status":"publish","type":"post","link":"https:\/\/footdavant.fr\/actualites\/nouvelles-du-transfert-des-wolves-la-position-de-jhon-arias-devient-claire-alors-que-palmeiras-etablit-un-contact-direct-avec-linternational-colombien\/","title":{"rendered":"Nouvelles du transfert des Wolves: la position de Jhon Arias devient claire alors que Palmeiras \u00ab \u00e9tablit un contact direct \u00bb avec l&#39;international colombien"},"content":{"rendered":"<div itemprop=\"articleBody\">\n<p>Le meneur de jeu des Wolverhampton Wanderers, Jhon Arias, se rapprocherait d&#39;un transfert \u00e0 Palmeiras.<\/p>\n<p>Au cours de la fen\u00eatre estivale, les Wolves ont accept\u00e9 de signer l\u2019international colombien pour 14 millions de livres sterling, 5 millions de livres sterling suppl\u00e9mentaires pouvant \u00eatre d\u00e9bours\u00e9s en modules compl\u00e9mentaires.<\/p>\n<p>Cependant, le joueur de 28 ans n&#39;a contribu\u00e9 que deux buts et une passe d\u00e9cisive lors de ses 26 apparitions toutes comp\u00e9titions confondues.<\/p>\n<p>Alors que les Wolves sont au bord de la rel\u00e9gation en Premier League, le club est pr\u00eat \u00e0 g\u00e9n\u00e9rer autant d\u2019argent que possible avant un retour au championnat.<\/p>\n<p>Plus t\u00f4t cette semaine, il a \u00e9t\u00e9 affirm\u00e9 que Palmeiras avait vu une offre de 25 millions d&#39;euros (21,55 millions de livres sterling) accept\u00e9e par les Wolves.<\/p>\n<div>\n<div>\n<p>\u00a9 Imago<\/p>\n<\/div>\n<\/div>\n<h2>Pourquoi Arias s\u2019approche-t-il du transfert de Palmeiras ?<\/h2>\n<p>L&#39;ancien club de Fluminense, qui avait la possibilit\u00e9 de s&#39;aligner sur n&#39;importe quelle offre, n&#39;aurait pas r\u00e9ussi \u00e0 le faire, ce qui aurait permis \u00e0 Palmeiras d&#39;avoir une voie claire.<\/p>\n<p>Selon Globo Esporte, Arias \u00e9tait initialement h\u00e9sitant quant \u00e0 l&#39;opportunit\u00e9 de retourner rapidement au Br\u00e9sil.<\/p>\n<p>Le pr\u00e9sident de Palmeiras aurait eu des discussions directes avec le joueur, ce qui aurait conduit \u00e0 un assouplissement de sa position concernant un autre s\u00e9jour en Am\u00e9rique du Sud.<\/p>\n<p>Par ailleurs, le journaliste br\u00e9silien Paulo Vinicius Coelho affirme que le salaire d&#39;Arias aurait \u00e9t\u00e9 r\u00e9duit de 50 % s&#39;il restait chez les Wolves apr\u00e8s leur rel\u00e9gation attendue.<\/p>\n<p>Pendant ce temps, une d\u00e9claration de son coll\u00e8gue journaliste Jorge Nicola indique qu&#39;Arias est en ligne pour une augmentation de salaire de plus de 50 % s&#39;il ach\u00e8ve son transfert \u00e0 Palmeiras.<\/p>\n<p>En cons\u00e9quence, un transfert devrait \u00eatre finalis\u00e9 en temps voulu, le joueur \u00e9tant peu susceptible de jouer contre Chelsea samedi.<\/p>\n<div>\n<div><img decoding=\"async\" data-img-id=\"155494\" class=\"lazy\" loading=\"lazy\" src=\"https:\/\/footdavant.fr\/actualites\/wp-content\/uploads\/2026\/02\/Nouvelles-du-transfert-des-Wolves-la-position-de-Jhon-Arias.webp\"\/><\/p>\n<p>\u00a9 Imago \/ Focus Images<\/p>\n<\/div>\n<\/div>\n<h2>Les loups supervisent les affaires astucieuses<\/h2>\n<p>Les loups sont apparemment sur le point de g\u00e9n\u00e9rer pr\u00e8s de 70 millions de livres sterling pour Arias et Strand Larsen, r\u00e9alisant des b\u00e9n\u00e9fices substantiels sur les deux joueurs malgr\u00e9 leur forme en 2025-2026.<\/p>\n<p>Si Emmanuel Agbadou finalise son transfert \u00e0 Besiktas avant la date limite de transfert turque de vendredi, au moins 14 millions de livres sterling suppl\u00e9mentaires pourraient \u00eatre r\u00e9cup\u00e9r\u00e9s en frais de transfert.<\/p>\n<p>Avec Angel Gomes et Adam Armstrong arrivant respectivement de Marseille et de Southampton, les Wolves remplacent Arias et Strand Larsen, tout en r\u00e9duisant le nombre de talents non locaux dans leur \u00e9quipe.<\/p>\n<p>M\u00eame si les 14 derniers matches de Premier League pourraient \u00eatre longs, les Wolves semblent mettre de l&#39;ordre dans leurs comptes avant le championnat de football.<\/p>\n<\/div>\n","protected":false},"excerpt":{"rendered":"<p>Le meneur de jeu des Wolverhampton Wanderers, Jhon Arias, se rapprocherait d&#39;un transfert \u00e0 Palmeiras. Au cours de la fen\u00eatre estivale, les Wolves ont accept\u00e9<\/p>\n","protected":false},"author":1,"featured_media":34334,"comment_status":"closed","ping_status":"","sticky":false,"template":"","format":"standard","meta":{"footnotes":""},"categories":[5],"tags":[318,11483,91,4855,9285,2370,12,4215,2828,2185,5225,4369,461,2967,2283,700,1454],"yoast_head":"<!-- This site is optimized with the Yoast SEO plugin v21.0 - https:\/\/yoast.com\/wordpress\/plugins\/seo\/ -->\n<title>Nouvelles du transfert des Wolves: la position de Jhon Arias devient claire alors que Palmeiras \u00ab \u00e9tablit un contact direct \u00bb avec l&#039;international colombien<\/title>\n<meta name=\"robots\" content=\"index, follow, max-snippet:-1, max-image-preview:large, max-video-preview:-1\" \/>\n<link rel=\"canonical\" href=\"https:\/\/footdavant.fr\/actualites\/nouvelles-du-transfert-des-wolves-la-position-de-jhon-arias-devient-claire-alors-que-palmeiras-etablit-un-contact-direct-avec-linternational-colombien\/\" \/>\n<meta property=\"og:locale\" content=\"fr_FR\" \/>\n<meta property=\"og:type\" content=\"article\" \/>\n<meta property=\"og:title\" content=\"Nouvelles du transfert des Wolves: la position de Jhon Arias devient claire alors que Palmeiras \u00ab \u00e9tablit un contact direct \u00bb avec l&#039;international colombien\" \/>\n<meta property=\"og:description\" content=\"Le meneur de jeu des Wolverhampton Wanderers, Jhon Arias, se rapprocherait d&#039;un transfert \u00e0 Palmeiras. Au cours de la fen\u00eatre estivale, les Wolves ont accept\u00e9\" \/>\n<meta property=\"og:url\" content=\"https:\/\/footdavant.fr\/actualites\/nouvelles-du-transfert-des-wolves-la-position-de-jhon-arias-devient-claire-alors-que-palmeiras-etablit-un-contact-direct-avec-linternational-colombien\/\" \/>\n<meta property=\"og:site_name\" content=\"Foot d&#039;avant\" \/>\n<meta property=\"article:publisher\" content=\"https:\/\/www.facebook.com\/Footdavant\/\" \/>\n<meta property=\"article:published_time\" content=\"2026-02-10T04:48:10+00:00\" \/>\n<meta property=\"article:modified_time\" content=\"2026-02-10T04:48:13+00:00\" \/>\n<meta property=\"og:image\" content=\"https:\/\/footdavant.fr\/actualites\/wp-content\/uploads\/2026\/02\/Nouvelles-du-transfert-des-Wolves-la-position-de-Jhon-Arias.net2Fuploads2F20252F122Fimago1068348068.webp\" \/>\n\t<meta property=\"og:image:width\" content=\"720\" \/>\n\t<meta property=\"og:image:height\" content=\"410\" \/>\n\t<meta property=\"og:image:type\" content=\"image\/webp\" \/>\n<meta name=\"author\" content=\"Cl\u00e9ment\" \/>\n<meta name=\"twitter:card\" content=\"summary_large_image\" \/>\n<meta name=\"twitter:creator\" content=\"@FootdavantFr\" \/>\n<meta name=\"twitter:site\" content=\"@FootdavantFr\" \/>\n<meta name=\"twitter:label1\" content=\"\u00c9crit par\" \/>\n\t<meta name=\"twitter:data1\" content=\"Cl\u00e9ment\" \/>\n\t<meta name=\"twitter:label2\" content=\"Dur\u00e9e de lecture estim\u00e9e\" \/>\n\t<meta name=\"twitter:data2\" content=\"2 minutes\" \/>\n<script type=\"application\/ld+json\" class=\"yoast-schema-graph\">{\"@context\":\"https:\/\/schema.org\",\"@graph\":[{\"@type\":\"Article\",\"@id\":\"https:\/\/footdavant.fr\/actualites\/nouvelles-du-transfert-des-wolves-la-position-de-jhon-arias-devient-claire-alors-que-palmeiras-etablit-un-contact-direct-avec-linternational-colombien\/#article\",\"isPartOf\":{\"@id\":\"https:\/\/footdavant.fr\/actualites\/nouvelles-du-transfert-des-wolves-la-position-de-jhon-arias-devient-claire-alors-que-palmeiras-etablit-un-contact-direct-avec-linternational-colombien\/\"},\"author\":{\"name\":\"Cl\u00e9ment\",\"@id\":\"https:\/\/footdavant.fr\/actualites\/#\/schema\/person\/bc222566d95871b37e597b3ed3ba5e1d\"},\"headline\":\"Nouvelles du transfert des Wolves: la position de Jhon Arias devient claire alors que Palmeiras \u00ab \u00e9tablit un contact direct \u00bb avec l&#39;international colombien\",\"datePublished\":\"2026-02-10T04:48:10+00:00\",\"dateModified\":\"2026-02-10T04:48:13+00:00\",\"mainEntityOfPage\":{\"@id\":\"https:\/\/footdavant.fr\/actualites\/nouvelles-du-transfert-des-wolves-la-position-de-jhon-arias-devient-claire-alors-que-palmeiras-etablit-un-contact-direct-avec-linternational-colombien\/\"},\"wordCount\":479,\"publisher\":{\"@id\":\"https:\/\/footdavant.fr\/actualites\/#organization\"},\"keywords\":[\"alors\",\"Arias\",\"avec\",\"claire\",\"colombien\",\"contact\",\"des\",\"devient\",\"DIRECT\",\"\u00e9tablit\",\"Jhon\",\"l39international\",\"Nouvelles\",\"Palmeiras\",\"position\",\"transfert\",\"Wolves\"],\"articleSection\":[\"Premier League\"],\"inLanguage\":\"fr-FR\"},{\"@type\":\"WebPage\",\"@id\":\"https:\/\/footdavant.fr\/actualites\/nouvelles-du-transfert-des-wolves-la-position-de-jhon-arias-devient-claire-alors-que-palmeiras-etablit-un-contact-direct-avec-linternational-colombien\/\",\"url\":\"https:\/\/footdavant.fr\/actualites\/nouvelles-du-transfert-des-wolves-la-position-de-jhon-arias-devient-claire-alors-que-palmeiras-etablit-un-contact-direct-avec-linternational-colombien\/\",\"name\":\"Nouvelles du transfert des Wolves: la position de Jhon Arias devient claire alors que Palmeiras \u00ab \u00e9tablit un contact direct \u00bb avec l&#39;international colombien\",\"isPartOf\":{\"@id\":\"https:\/\/footdavant.fr\/actualites\/#website\"},\"datePublished\":\"2026-02-10T04:48:10+00:00\",\"dateModified\":\"2026-02-10T04:48:13+00:00\",\"breadcrumb\":{\"@id\":\"https:\/\/footdavant.fr\/actualites\/nouvelles-du-transfert-des-wolves-la-position-de-jhon-arias-devient-claire-alors-que-palmeiras-etablit-un-contact-direct-avec-linternational-colombien\/#breadcrumb\"},\"inLanguage\":\"fr-FR\",\"potentialAction\":[{\"@type\":\"ReadAction\",\"target\":[\"https:\/\/footdavant.fr\/actualites\/nouvelles-du-transfert-des-wolves-la-position-de-jhon-arias-devient-claire-alors-que-palmeiras-etablit-un-contact-direct-avec-linternational-colombien\/\"]}]},{\"@type\":\"BreadcrumbList\",\"@id\":\"https:\/\/footdavant.fr\/actualites\/nouvelles-du-transfert-des-wolves-la-position-de-jhon-arias-devient-claire-alors-que-palmeiras-etablit-un-contact-direct-avec-linternational-colombien\/#breadcrumb\",\"itemListElement\":[{\"@type\":\"ListItem\",\"position\":1,\"name\":\"Accueil\",\"item\":\"https:\/\/footdavant.fr\/actualites\/\"},{\"@type\":\"ListItem\",\"position\":2,\"name\":\"Nouvelles du transfert des Wolves: la position de Jhon Arias devient claire alors que Palmeiras \u00ab \u00e9tablit un contact direct \u00bb avec l&#39;international colombien\"}]},{\"@type\":\"WebSite\",\"@id\":\"https:\/\/footdavant.fr\/actualites\/#website\",\"url\":\"https:\/\/footdavant.fr\/actualites\/\",\"name\":\"Foot d'avant\",\"description\":\"\",\"publisher\":{\"@id\":\"https:\/\/footdavant.fr\/actualites\/#organization\"},\"potentialAction\":[{\"@type\":\"SearchAction\",\"target\":{\"@type\":\"EntryPoint\",\"urlTemplate\":\"https:\/\/footdavant.fr\/actualites\/?s={search_term_string}\"},\"query-input\":\"required name=search_term_string\"}],\"inLanguage\":\"fr-FR\"},{\"@type\":\"Organization\",\"@id\":\"https:\/\/footdavant.fr\/actualites\/#organization\",\"name\":\"Foot d'avant\",\"url\":\"https:\/\/footdavant.fr\/actualites\/\",\"logo\":{\"@type\":\"ImageObject\",\"inLanguage\":\"fr-FR\",\"@id\":\"https:\/\/footdavant.fr\/actualites\/#\/schema\/logo\/image\/\",\"url\":\"https:\/\/footdavant.fr\/actualites\/wp-content\/uploads\/2023\/09\/Copy-of-FootDavant-Logo.png\",\"contentUrl\":\"https:\/\/footdavant.fr\/actualites\/wp-content\/uploads\/2023\/09\/Copy-of-FootDavant-Logo.png\",\"width\":936,\"height\":549,\"caption\":\"Foot d'avant\"},\"image\":{\"@id\":\"https:\/\/footdavant.fr\/actualites\/#\/schema\/logo\/image\/\"},\"sameAs\":[\"https:\/\/www.facebook.com\/Footdavant\/\",\"https:\/\/twitter.com\/FootdavantFr\",\"https:\/\/www.instagram.com\/footdavant.fr\/\"]},{\"@type\":\"Person\",\"@id\":\"https:\/\/footdavant.fr\/actualites\/#\/schema\/person\/bc222566d95871b37e597b3ed3ba5e1d\",\"name\":\"Cl\u00e9ment\",\"image\":{\"@type\":\"ImageObject\",\"inLanguage\":\"fr-FR\",\"@id\":\"https:\/\/footdavant.fr\/actualites\/#\/schema\/person\/image\/\",\"url\":\"https:\/\/secure.gravatar.com\/avatar\/7728b29aac2719421e1a9159b2254c44?s=96&d=mm&r=g\",\"contentUrl\":\"https:\/\/secure.gravatar.com\/avatar\/7728b29aac2719421e1a9159b2254c44?s=96&d=mm&r=g\",\"caption\":\"Cl\u00e9ment\"},\"sameAs\":[\"https:\/\/footdavant.fr\/\"]}]}<\/script>\n<!-- \/ Yoast SEO plugin. -->","yoast_head_json":{"title":"Nouvelles du transfert des Wolves: la position de Jhon Arias devient claire alors que Palmeiras \u00ab \u00e9tablit un contact direct \u00bb avec l&#39;international colombien","robots":{"index":"index","follow":"follow","max-snippet":"max-snippet:-1","max-image-preview":"max-image-preview:large","max-video-preview":"max-video-preview:-1"},"canonical":"https:\/\/footdavant.fr\/actualites\/nouvelles-du-transfert-des-wolves-la-position-de-jhon-arias-devient-claire-alors-que-palmeiras-etablit-un-contact-direct-avec-linternational-colombien\/","og_locale":"fr_FR","og_type":"article","og_title":"Nouvelles du transfert des Wolves: la position de Jhon Arias devient claire alors que Palmeiras \u00ab \u00e9tablit un contact direct \u00bb avec l&#39;international colombien","og_description":"Le meneur de jeu des Wolverhampton Wanderers, Jhon Arias, se rapprocherait d&#39;un transfert \u00e0 Palmeiras. Au cours de la fen\u00eatre estivale, les Wolves ont accept\u00e9","og_url":"https:\/\/footdavant.fr\/actualites\/nouvelles-du-transfert-des-wolves-la-position-de-jhon-arias-devient-claire-alors-que-palmeiras-etablit-un-contact-direct-avec-linternational-colombien\/","og_site_name":"Foot d&#039;avant","article_publisher":"https:\/\/www.facebook.com\/Footdavant\/","article_published_time":"2026-02-10T04:48:10+00:00","article_modified_time":"2026-02-10T04:48:13+00:00","og_image":[{"width":720,"height":410,"url":"https:\/\/footdavant.fr\/actualites\/wp-content\/uploads\/2026\/02\/Nouvelles-du-transfert-des-Wolves-la-position-de-Jhon-Arias.net2Fuploads2F20252F122Fimago1068348068.webp","type":"image\/webp"}],"author":"Cl\u00e9ment","twitter_card":"summary_large_image","twitter_creator":"@FootdavantFr","twitter_site":"@FootdavantFr","twitter_misc":{"\u00c9crit par":"Cl\u00e9ment","Dur\u00e9e de lecture estim\u00e9e":"2 minutes"},"schema":{"@context":"https:\/\/schema.org","@graph":[{"@type":"Article","@id":"https:\/\/footdavant.fr\/actualites\/nouvelles-du-transfert-des-wolves-la-position-de-jhon-arias-devient-claire-alors-que-palmeiras-etablit-un-contact-direct-avec-linternational-colombien\/#article","isPartOf":{"@id":"https:\/\/footdavant.fr\/actualites\/nouvelles-du-transfert-des-wolves-la-position-de-jhon-arias-devient-claire-alors-que-palmeiras-etablit-un-contact-direct-avec-linternational-colombien\/"},"author":{"name":"Cl\u00e9ment","@id":"https:\/\/footdavant.fr\/actualites\/#\/schema\/person\/bc222566d95871b37e597b3ed3ba5e1d"},"headline":"Nouvelles du transfert des Wolves: la position de Jhon Arias devient claire alors que Palmeiras \u00ab \u00e9tablit un contact direct \u00bb avec l&#39;international colombien","datePublished":"2026-02-10T04:48:10+00:00","dateModified":"2026-02-10T04:48:13+00:00","mainEntityOfPage":{"@id":"https:\/\/footdavant.fr\/actualites\/nouvelles-du-transfert-des-wolves-la-position-de-jhon-arias-devient-claire-alors-que-palmeiras-etablit-un-contact-direct-avec-linternational-colombien\/"},"wordCount":479,"publisher":{"@id":"https:\/\/footdavant.fr\/actualites\/#organization"},"keywords":["alors","Arias","avec","claire","colombien","contact","des","devient","DIRECT","\u00e9tablit","Jhon","l39international","Nouvelles","Palmeiras","position","transfert","Wolves"],"articleSection":["Premier League"],"inLanguage":"fr-FR"},{"@type":"WebPage","@id":"https:\/\/footdavant.fr\/actualites\/nouvelles-du-transfert-des-wolves-la-position-de-jhon-arias-devient-claire-alors-que-palmeiras-etablit-un-contact-direct-avec-linternational-colombien\/","url":"https:\/\/footdavant.fr\/actualites\/nouvelles-du-transfert-des-wolves-la-position-de-jhon-arias-devient-claire-alors-que-palmeiras-etablit-un-contact-direct-avec-linternational-colombien\/","name":"Nouvelles du transfert des Wolves: la position de Jhon Arias devient claire alors que Palmeiras \u00ab \u00e9tablit un contact direct \u00bb avec l&#39;international colombien","isPartOf":{"@id":"https:\/\/footdavant.fr\/actualites\/#website"},"datePublished":"2026-02-10T04:48:10+00:00","dateModified":"2026-02-10T04:48:13+00:00","breadcrumb":{"@id":"https:\/\/footdavant.fr\/actualites\/nouvelles-du-transfert-des-wolves-la-position-de-jhon-arias-devient-claire-alors-que-palmeiras-etablit-un-contact-direct-avec-linternational-colombien\/#breadcrumb"},"inLanguage":"fr-FR","potentialAction":[{"@type":"ReadAction","target":["https:\/\/footdavant.fr\/actualites\/nouvelles-du-transfert-des-wolves-la-position-de-jhon-arias-devient-claire-alors-que-palmeiras-etablit-un-contact-direct-avec-linternational-colombien\/"]}]},{"@type":"BreadcrumbList","@id":"https:\/\/footdavant.fr\/actualites\/nouvelles-du-transfert-des-wolves-la-position-de-jhon-arias-devient-claire-alors-que-palmeiras-etablit-un-contact-direct-avec-linternational-colombien\/#breadcrumb","itemListElement":[{"@type":"ListItem","position":1,"name":"Accueil","item":"https:\/\/footdavant.fr\/actualites\/"},{"@type":"ListItem","position":2,"name":"Nouvelles du transfert des Wolves: la position de Jhon Arias devient claire alors que Palmeiras \u00ab \u00e9tablit un contact direct \u00bb avec l&#39;international colombien"}]},{"@type":"WebSite","@id":"https:\/\/footdavant.fr\/actualites\/#website","url":"https:\/\/footdavant.fr\/actualites\/","name":"Foot d'avant","description":"","publisher":{"@id":"https:\/\/footdavant.fr\/actualites\/#organization"},"potentialAction":[{"@type":"SearchAction","target":{"@type":"EntryPoint","urlTemplate":"https:\/\/footdavant.fr\/actualites\/?s={search_term_string}"},"query-input":"required name=search_term_string"}],"inLanguage":"fr-FR"},{"@type":"Organization","@id":"https:\/\/footdavant.fr\/actualites\/#organization","name":"Foot d'avant","url":"https:\/\/footdavant.fr\/actualites\/","logo":{"@type":"ImageObject","inLanguage":"fr-FR","@id":"https:\/\/footdavant.fr\/actualites\/#\/schema\/logo\/image\/","url":"https:\/\/footdavant.fr\/actualites\/wp-content\/uploads\/2023\/09\/Copy-of-FootDavant-Logo.png","contentUrl":"https:\/\/footdavant.fr\/actualites\/wp-content\/uploads\/2023\/09\/Copy-of-FootDavant-Logo.png","width":936,"height":549,"caption":"Foot d'avant"},"image":{"@id":"https:\/\/footdavant.fr\/actualites\/#\/schema\/logo\/image\/"},"sameAs":["https:\/\/www.facebook.com\/Footdavant\/","https:\/\/twitter.com\/FootdavantFr","https:\/\/www.instagram.com\/footdavant.fr\/"]},{"@type":"Person","@id":"https:\/\/footdavant.fr\/actualites\/#\/schema\/person\/bc222566d95871b37e597b3ed3ba5e1d","name":"Cl\u00e9ment","image":{"@type":"ImageObject","inLanguage":"fr-FR","@id":"https:\/\/footdavant.fr\/actualites\/#\/schema\/person\/image\/","url":"https:\/\/secure.gravatar.com\/avatar\/7728b29aac2719421e1a9159b2254c44?s=96&d=mm&r=g","contentUrl":"https:\/\/secure.gravatar.com\/avatar\/7728b29aac2719421e1a9159b2254c44?s=96&d=mm&r=g","caption":"Cl\u00e9ment"},"sameAs":["https:\/\/footdavant.fr\/"]}]}},"_links":{"self":[{"href":"https:\/\/footdavant.fr\/actualites\/wp-json\/wp\/v2\/posts\/34333"}],"collection":[{"href":"https:\/\/footdavant.fr\/actualites\/wp-json\/wp\/v2\/posts"}],"about":[{"href":"https:\/\/footdavant.fr\/actualites\/wp-json\/wp\/v2\/types\/post"}],"author":[{"embeddable":true,"href":"https:\/\/footdavant.fr\/actualites\/wp-json\/wp\/v2\/users\/1"}],"replies":[{"embeddable":true,"href":"https:\/\/footdavant.fr\/actualites\/wp-json\/wp\/v2\/comments?post=34333"}],"version-history":[{"count":1,"href":"https:\/\/footdavant.fr\/actualites\/wp-json\/wp\/v2\/posts\/34333\/revisions"}],"predecessor-version":[{"id":34335,"href":"https:\/\/footdavant.fr\/actualites\/wp-json\/wp\/v2\/posts\/34333\/revisions\/34335"}],"wp:featuredmedia":[{"embeddable":true,"href":"https:\/\/footdavant.fr\/actualites\/wp-json\/wp\/v2\/media\/34334"}],"wp:attachment":[{"href":"https:\/\/footdavant.fr\/actualites\/wp-json\/wp\/v2\/media?parent=34333"}],"wp:term":[{"taxonomy":"category","embeddable":true,"href":"https:\/\/footdavant.fr\/actualites\/wp-json\/wp\/v2\/categories?post=34333"},{"taxonomy":"post_tag","embeddable":true,"href":"https:\/\/footdavant.fr\/actualites\/wp-json\/wp\/v2\/tags?post=34333"}],"curies":[{"name":"wp","href":"https:\/\/api.w.org\/{rel}","templated":true}]}}