{"id":34336,"date":"2026-02-10T07:48:12","date_gmt":"2026-02-10T06:48:12","guid":{"rendered":"https:\/\/footdavant.fr\/actualites\/marcus-rashford-le-succes-de-barcelone-suscite-la-reaction-de-lequipe-de-united\/"},"modified":"2026-02-10T07:48:14","modified_gmt":"2026-02-10T06:48:14","slug":"marcus-rashford-le-succes-de-barcelone-suscite-la-reaction-de-lequipe-de-united","status":"publish","type":"post","link":"https:\/\/footdavant.fr\/actualites\/marcus-rashford-le-succes-de-barcelone-suscite-la-reaction-de-lequipe-de-united\/","title":{"rendered":"Marcus Rashford: le succ\u00e8s de Barcelone suscite la r\u00e9action de l&#39;\u00e9quipe de United &#8211;"},"content":{"rendered":"<div id=\"penci-post-entry-inner\">\n<p>\t\t\t<i class=\"penci-post-countview-number-check\" style=\"display:none\">1<\/i><\/p>\n<p>Marcus Rashford de Manchester United a impressionn\u00e9 en Espagne pour le FC Barcelone.<\/p>\n<h3>Belle saison<\/h3>\n<p>Le joueur de 28 ans a pris vie en Liga comme un canard dans l&#39;eau, contribuant \u00e0 23 buts toutes comp\u00e9titions confondues.<\/p>\n<p>Rashford est actuellement pr\u00eat\u00e9 au club catalan, mais il semble probable qu&#39;il restera d\u00e9finitivement apr\u00e8s l&#39;\u00e9t\u00e9.<\/p>\n<p>Il y avait des rumeurs selon lesquelles le d\u00e9part de Ruben Amorim en tant que manager \u00e0 Old Trafford pourrait le voir faire un retour.<\/p>\n<p>N\u00e9anmoins, des rapports r\u00e9cents ont r\u00e9fut\u00e9 cette affirmation et n&#39;ont fait que confirmer son d\u00e9sir de rester et l&#39;ambition de Barcelone de rendre l&#39;accord permanent cet \u00e9t\u00e9 pour 30,3 millions de livres sterling.<\/p>\n<h3>Des supporters dans le vestiaire de United<\/h3>\n<p>Il semble que Rashford impressionne non seulement les fans de Barcelone, mais que sa forme attire \u00e9galement l&#39;attention de certains de ses anciens co\u00e9quipiers de United.<\/p>\n<p>Mundo Deportivo rapporte que \u00ab\u00a0la performance de l&#39;ailier international anglais pour les Blaugrana a suscit\u00e9 \u00e0 la fois surprise et plaisir dans les cercles du football britannique\u00a0\u00bb.<\/p>\n<p>Le m\u00e9dia espagnol a \u00e9galement \u00e9t\u00e9 incroyablement \u00e9logieux \u00e0 l&#39;\u00e9gard de la performance de Rashford contre le RCD Majorque ce week-end, o\u00f9 \u00ab\u00a0il a assum\u00e9 une grande partie de la responsabilit\u00e9 offensive des leaders de la ligue pendant les moments les plus cruciaux du match\u00a0\u00bb.<\/p>\n<p>Le journal souligne qu&#39;apr\u00e8s avoir remport\u00e9 la Super Coupe en janvier, certains anciens co\u00e9quipiers de Rashford se sont rendus sur les r\u00e9seaux sociaux pour le f\u00e9liciter pour cette victoire.<\/p>\n<p>L&#39;ancien capitaine Harry Maguire a post\u00e9 : \u00ab J&#39;adore \u00e7a, mon pote \u00bb, accompagnant son commentaire d&#39;un emoji applaudissant.<\/p>\n<p>L&#39;actuel capitaine du club, Bruno Fernandes, a \u00e9crit \u00ab F\u00e9licitations, fr\u00e8re \u00bb et a ajout\u00e9 un emoji c\u0153ur rouge.<\/p>\n<p>L&#39;attaquant n\u00e9erlandais Joshua Zirkzee est \u00e9galement intervenu en publiant : \u00ab\u00a0F\u00e9licitations, mon fr\u00e8re\u00a0\u00bb.<\/p>\n<h3>Ce qui vient ensuite<\/h3>\n<p>Le FC Barcelone et Rashford seront ensuite en action lors de leur d\u00e9placement \u00e0 l&#39;Atletico Madrid lors du match aller de la demi-finale de la Copa del Rey jeudi soir.<\/p>\n<h2 id=\"tablepress-500-name\" class=\"tablepress-table-name tablepress-table-name-id-500\">Marcus Rashford Stats &#8211; 2025\/26<\/h2>\n<table id=\"tablepress-500\" class=\"tablepress tablepress-id-500\" aria-labelledby=\"tablepress-500-name\">\n<thead>\n<tr class=\"row-1\">\n<th class=\"column-1\">Matchs<\/th>\n<th class=\"column-2\">Objectifs<\/th>\n<th class=\"column-3\">Aides<\/th>\n<th class=\"column-4\">Minutes <\/th>\n<\/tr>\n<\/thead>\n<tbody class=\"row-striping row-hover\">\n<tr class=\"row-2\">\n<td class=\"column-1\">34<\/td>\n<td class=\"column-2\">10<\/td>\n<td class=\"column-3\">13<\/td>\n<td class=\"column-4\">1970<\/td>\n<\/tr>\n<\/tbody>\n<\/table>\n<p><!-- #tablepress-500 from cache --><\/p>\n<hr\/>\n<p>The Peoples Person est l&#39;un des principaux sites d&#39;information de Man United au monde depuis plus d&#39;une d\u00e9cennie. Suivez-nous sur Bluesky\u00a0: @peoplesperson.bsky.social<\/p>\n<p><!-- CONTENT END 2 --><\/p><\/div>\n","protected":false},"excerpt":{"rendered":"<p>1 Marcus Rashford de Manchester United a impressionn\u00e9 en Espagne pour le FC Barcelone. Belle saison Le joueur de 28 ans a pris vie en<\/p>\n","protected":false},"author":1,"featured_media":34337,"comment_status":"closed","ping_status":"","sticky":false,"template":"","format":"standard","meta":{"footnotes":""},"categories":[3],"tags":[130,4219,422,423,1805,315,2725,13],"yoast_head":"<!-- This site is optimized with the Yoast SEO plugin v21.0 - https:\/\/yoast.com\/wordpress\/plugins\/seo\/ -->\n<title>Marcus Rashford: le succ\u00e8s de Barcelone suscite la r\u00e9action de l&#039;\u00e9quipe de United -<\/title>\n<meta name=\"robots\" content=\"index, follow, max-snippet:-1, max-image-preview:large, max-video-preview:-1\" \/>\n<link rel=\"canonical\" href=\"https:\/\/footdavant.fr\/actualites\/marcus-rashford-le-succes-de-barcelone-suscite-la-reaction-de-lequipe-de-united\/\" \/>\n<meta property=\"og:locale\" content=\"fr_FR\" \/>\n<meta property=\"og:type\" content=\"article\" \/>\n<meta property=\"og:title\" content=\"Marcus Rashford: le succ\u00e8s de Barcelone suscite la r\u00e9action de l&#039;\u00e9quipe de United -\" \/>\n<meta property=\"og:description\" content=\"1 Marcus Rashford de Manchester United a impressionn\u00e9 en Espagne pour le FC Barcelone. Belle saison Le joueur de 28 ans a pris vie en\" \/>\n<meta property=\"og:url\" content=\"https:\/\/footdavant.fr\/actualites\/marcus-rashford-le-succes-de-barcelone-suscite-la-reaction-de-lequipe-de-united\/\" \/>\n<meta property=\"og:site_name\" content=\"Foot d&#039;avant\" \/>\n<meta property=\"article:publisher\" content=\"https:\/\/www.facebook.com\/Footdavant\/\" \/>\n<meta property=\"article:published_time\" content=\"2026-02-10T06:48:12+00:00\" \/>\n<meta property=\"article:modified_time\" content=\"2026-02-10T06:48:14+00:00\" \/>\n<meta property=\"og:image\" content=\"https:\/\/footdavant.fr\/actualites\/wp-content\/uploads\/2026\/02\/Marcus-Rashford-le-succes-de-Barcelone-suscite-la-reaction-de.jpg\" \/>\n\t<meta property=\"og:image:width\" content=\"1599\" \/>\n\t<meta property=\"og:image:height\" content=\"702\" \/>\n\t<meta property=\"og:image:type\" content=\"image\/jpeg\" \/>\n<meta name=\"author\" content=\"Cl\u00e9ment\" \/>\n<meta name=\"twitter:card\" content=\"summary_large_image\" \/>\n<meta name=\"twitter:creator\" content=\"@FootdavantFr\" \/>\n<meta name=\"twitter:site\" content=\"@FootdavantFr\" \/>\n<meta name=\"twitter:label1\" content=\"\u00c9crit par\" \/>\n\t<meta name=\"twitter:data1\" content=\"Cl\u00e9ment\" \/>\n\t<meta name=\"twitter:label2\" content=\"Dur\u00e9e de lecture estim\u00e9e\" \/>\n\t<meta name=\"twitter:data2\" content=\"2 minutes\" \/>\n<script type=\"application\/ld+json\" class=\"yoast-schema-graph\">{\"@context\":\"https:\/\/schema.org\",\"@graph\":[{\"@type\":\"Article\",\"@id\":\"https:\/\/footdavant.fr\/actualites\/marcus-rashford-le-succes-de-barcelone-suscite-la-reaction-de-lequipe-de-united\/#article\",\"isPartOf\":{\"@id\":\"https:\/\/footdavant.fr\/actualites\/marcus-rashford-le-succes-de-barcelone-suscite-la-reaction-de-lequipe-de-united\/\"},\"author\":{\"name\":\"Cl\u00e9ment\",\"@id\":\"https:\/\/footdavant.fr\/actualites\/#\/schema\/person\/bc222566d95871b37e597b3ed3ba5e1d\"},\"headline\":\"Marcus Rashford: le succ\u00e8s de Barcelone suscite la r\u00e9action de l&#39;\u00e9quipe de United &#8211;\",\"datePublished\":\"2026-02-10T06:48:12+00:00\",\"dateModified\":\"2026-02-10T06:48:14+00:00\",\"mainEntityOfPage\":{\"@id\":\"https:\/\/footdavant.fr\/actualites\/marcus-rashford-le-succes-de-barcelone-suscite-la-reaction-de-lequipe-de-united\/\"},\"wordCount\":407,\"publisher\":{\"@id\":\"https:\/\/footdavant.fr\/actualites\/#organization\"},\"keywords\":[\"Barcelone\",\"l39\u00e9quipe\",\"Marcus\",\"Rashford\",\"r\u00e9action\",\"succ\u00e8s\",\"suscite\",\"United\"],\"articleSection\":[\"Football\"],\"inLanguage\":\"fr-FR\"},{\"@type\":\"WebPage\",\"@id\":\"https:\/\/footdavant.fr\/actualites\/marcus-rashford-le-succes-de-barcelone-suscite-la-reaction-de-lequipe-de-united\/\",\"url\":\"https:\/\/footdavant.fr\/actualites\/marcus-rashford-le-succes-de-barcelone-suscite-la-reaction-de-lequipe-de-united\/\",\"name\":\"Marcus Rashford: le succ\u00e8s de Barcelone suscite la r\u00e9action de l&#39;\u00e9quipe de United -\",\"isPartOf\":{\"@id\":\"https:\/\/footdavant.fr\/actualites\/#website\"},\"datePublished\":\"2026-02-10T06:48:12+00:00\",\"dateModified\":\"2026-02-10T06:48:14+00:00\",\"breadcrumb\":{\"@id\":\"https:\/\/footdavant.fr\/actualites\/marcus-rashford-le-succes-de-barcelone-suscite-la-reaction-de-lequipe-de-united\/#breadcrumb\"},\"inLanguage\":\"fr-FR\",\"potentialAction\":[{\"@type\":\"ReadAction\",\"target\":[\"https:\/\/footdavant.fr\/actualites\/marcus-rashford-le-succes-de-barcelone-suscite-la-reaction-de-lequipe-de-united\/\"]}]},{\"@type\":\"BreadcrumbList\",\"@id\":\"https:\/\/footdavant.fr\/actualites\/marcus-rashford-le-succes-de-barcelone-suscite-la-reaction-de-lequipe-de-united\/#breadcrumb\",\"itemListElement\":[{\"@type\":\"ListItem\",\"position\":1,\"name\":\"Accueil\",\"item\":\"https:\/\/footdavant.fr\/actualites\/\"},{\"@type\":\"ListItem\",\"position\":2,\"name\":\"Marcus Rashford: le succ\u00e8s de Barcelone suscite la r\u00e9action de l&#39;\u00e9quipe de United &#8211;\"}]},{\"@type\":\"WebSite\",\"@id\":\"https:\/\/footdavant.fr\/actualites\/#website\",\"url\":\"https:\/\/footdavant.fr\/actualites\/\",\"name\":\"Foot d'avant\",\"description\":\"\",\"publisher\":{\"@id\":\"https:\/\/footdavant.fr\/actualites\/#organization\"},\"potentialAction\":[{\"@type\":\"SearchAction\",\"target\":{\"@type\":\"EntryPoint\",\"urlTemplate\":\"https:\/\/footdavant.fr\/actualites\/?s={search_term_string}\"},\"query-input\":\"required name=search_term_string\"}],\"inLanguage\":\"fr-FR\"},{\"@type\":\"Organization\",\"@id\":\"https:\/\/footdavant.fr\/actualites\/#organization\",\"name\":\"Foot d'avant\",\"url\":\"https:\/\/footdavant.fr\/actualites\/\",\"logo\":{\"@type\":\"ImageObject\",\"inLanguage\":\"fr-FR\",\"@id\":\"https:\/\/footdavant.fr\/actualites\/#\/schema\/logo\/image\/\",\"url\":\"https:\/\/footdavant.fr\/actualites\/wp-content\/uploads\/2023\/09\/Copy-of-FootDavant-Logo.png\",\"contentUrl\":\"https:\/\/footdavant.fr\/actualites\/wp-content\/uploads\/2023\/09\/Copy-of-FootDavant-Logo.png\",\"width\":936,\"height\":549,\"caption\":\"Foot d'avant\"},\"image\":{\"@id\":\"https:\/\/footdavant.fr\/actualites\/#\/schema\/logo\/image\/\"},\"sameAs\":[\"https:\/\/www.facebook.com\/Footdavant\/\",\"https:\/\/twitter.com\/FootdavantFr\",\"https:\/\/www.instagram.com\/footdavant.fr\/\"]},{\"@type\":\"Person\",\"@id\":\"https:\/\/footdavant.fr\/actualites\/#\/schema\/person\/bc222566d95871b37e597b3ed3ba5e1d\",\"name\":\"Cl\u00e9ment\",\"image\":{\"@type\":\"ImageObject\",\"inLanguage\":\"fr-FR\",\"@id\":\"https:\/\/footdavant.fr\/actualites\/#\/schema\/person\/image\/\",\"url\":\"https:\/\/secure.gravatar.com\/avatar\/7728b29aac2719421e1a9159b2254c44?s=96&d=mm&r=g\",\"contentUrl\":\"https:\/\/secure.gravatar.com\/avatar\/7728b29aac2719421e1a9159b2254c44?s=96&d=mm&r=g\",\"caption\":\"Cl\u00e9ment\"},\"sameAs\":[\"https:\/\/footdavant.fr\/\"]}]}<\/script>\n<!-- \/ Yoast SEO plugin. -->","yoast_head_json":{"title":"Marcus Rashford: le succ\u00e8s de Barcelone suscite la r\u00e9action de l&#39;\u00e9quipe de United -","robots":{"index":"index","follow":"follow","max-snippet":"max-snippet:-1","max-image-preview":"max-image-preview:large","max-video-preview":"max-video-preview:-1"},"canonical":"https:\/\/footdavant.fr\/actualites\/marcus-rashford-le-succes-de-barcelone-suscite-la-reaction-de-lequipe-de-united\/","og_locale":"fr_FR","og_type":"article","og_title":"Marcus Rashford: le succ\u00e8s de Barcelone suscite la r\u00e9action de l&#39;\u00e9quipe de United -","og_description":"1 Marcus Rashford de Manchester United a impressionn\u00e9 en Espagne pour le FC Barcelone. Belle saison Le joueur de 28 ans a pris vie en","og_url":"https:\/\/footdavant.fr\/actualites\/marcus-rashford-le-succes-de-barcelone-suscite-la-reaction-de-lequipe-de-united\/","og_site_name":"Foot d&#039;avant","article_publisher":"https:\/\/www.facebook.com\/Footdavant\/","article_published_time":"2026-02-10T06:48:12+00:00","article_modified_time":"2026-02-10T06:48:14+00:00","og_image":[{"width":1599,"height":702,"url":"https:\/\/footdavant.fr\/actualites\/wp-content\/uploads\/2026\/02\/Marcus-Rashford-le-succes-de-Barcelone-suscite-la-reaction-de.jpg","type":"image\/jpeg"}],"author":"Cl\u00e9ment","twitter_card":"summary_large_image","twitter_creator":"@FootdavantFr","twitter_site":"@FootdavantFr","twitter_misc":{"\u00c9crit par":"Cl\u00e9ment","Dur\u00e9e de lecture estim\u00e9e":"2 minutes"},"schema":{"@context":"https:\/\/schema.org","@graph":[{"@type":"Article","@id":"https:\/\/footdavant.fr\/actualites\/marcus-rashford-le-succes-de-barcelone-suscite-la-reaction-de-lequipe-de-united\/#article","isPartOf":{"@id":"https:\/\/footdavant.fr\/actualites\/marcus-rashford-le-succes-de-barcelone-suscite-la-reaction-de-lequipe-de-united\/"},"author":{"name":"Cl\u00e9ment","@id":"https:\/\/footdavant.fr\/actualites\/#\/schema\/person\/bc222566d95871b37e597b3ed3ba5e1d"},"headline":"Marcus Rashford: le succ\u00e8s de Barcelone suscite la r\u00e9action de l&#39;\u00e9quipe de United &#8211;","datePublished":"2026-02-10T06:48:12+00:00","dateModified":"2026-02-10T06:48:14+00:00","mainEntityOfPage":{"@id":"https:\/\/footdavant.fr\/actualites\/marcus-rashford-le-succes-de-barcelone-suscite-la-reaction-de-lequipe-de-united\/"},"wordCount":407,"publisher":{"@id":"https:\/\/footdavant.fr\/actualites\/#organization"},"keywords":["Barcelone","l39\u00e9quipe","Marcus","Rashford","r\u00e9action","succ\u00e8s","suscite","United"],"articleSection":["Football"],"inLanguage":"fr-FR"},{"@type":"WebPage","@id":"https:\/\/footdavant.fr\/actualites\/marcus-rashford-le-succes-de-barcelone-suscite-la-reaction-de-lequipe-de-united\/","url":"https:\/\/footdavant.fr\/actualites\/marcus-rashford-le-succes-de-barcelone-suscite-la-reaction-de-lequipe-de-united\/","name":"Marcus Rashford: le succ\u00e8s de Barcelone suscite la r\u00e9action de l&#39;\u00e9quipe de United -","isPartOf":{"@id":"https:\/\/footdavant.fr\/actualites\/#website"},"datePublished":"2026-02-10T06:48:12+00:00","dateModified":"2026-02-10T06:48:14+00:00","breadcrumb":{"@id":"https:\/\/footdavant.fr\/actualites\/marcus-rashford-le-succes-de-barcelone-suscite-la-reaction-de-lequipe-de-united\/#breadcrumb"},"inLanguage":"fr-FR","potentialAction":[{"@type":"ReadAction","target":["https:\/\/footdavant.fr\/actualites\/marcus-rashford-le-succes-de-barcelone-suscite-la-reaction-de-lequipe-de-united\/"]}]},{"@type":"BreadcrumbList","@id":"https:\/\/footdavant.fr\/actualites\/marcus-rashford-le-succes-de-barcelone-suscite-la-reaction-de-lequipe-de-united\/#breadcrumb","itemListElement":[{"@type":"ListItem","position":1,"name":"Accueil","item":"https:\/\/footdavant.fr\/actualites\/"},{"@type":"ListItem","position":2,"name":"Marcus Rashford: le succ\u00e8s de Barcelone suscite la r\u00e9action de l&#39;\u00e9quipe de United &#8211;"}]},{"@type":"WebSite","@id":"https:\/\/footdavant.fr\/actualites\/#website","url":"https:\/\/footdavant.fr\/actualites\/","name":"Foot d'avant","description":"","publisher":{"@id":"https:\/\/footdavant.fr\/actualites\/#organization"},"potentialAction":[{"@type":"SearchAction","target":{"@type":"EntryPoint","urlTemplate":"https:\/\/footdavant.fr\/actualites\/?s={search_term_string}"},"query-input":"required name=search_term_string"}],"inLanguage":"fr-FR"},{"@type":"Organization","@id":"https:\/\/footdavant.fr\/actualites\/#organization","name":"Foot d'avant","url":"https:\/\/footdavant.fr\/actualites\/","logo":{"@type":"ImageObject","inLanguage":"fr-FR","@id":"https:\/\/footdavant.fr\/actualites\/#\/schema\/logo\/image\/","url":"https:\/\/footdavant.fr\/actualites\/wp-content\/uploads\/2023\/09\/Copy-of-FootDavant-Logo.png","contentUrl":"https:\/\/footdavant.fr\/actualites\/wp-content\/uploads\/2023\/09\/Copy-of-FootDavant-Logo.png","width":936,"height":549,"caption":"Foot d'avant"},"image":{"@id":"https:\/\/footdavant.fr\/actualites\/#\/schema\/logo\/image\/"},"sameAs":["https:\/\/www.facebook.com\/Footdavant\/","https:\/\/twitter.com\/FootdavantFr","https:\/\/www.instagram.com\/footdavant.fr\/"]},{"@type":"Person","@id":"https:\/\/footdavant.fr\/actualites\/#\/schema\/person\/bc222566d95871b37e597b3ed3ba5e1d","name":"Cl\u00e9ment","image":{"@type":"ImageObject","inLanguage":"fr-FR","@id":"https:\/\/footdavant.fr\/actualites\/#\/schema\/person\/image\/","url":"https:\/\/secure.gravatar.com\/avatar\/7728b29aac2719421e1a9159b2254c44?s=96&d=mm&r=g","contentUrl":"https:\/\/secure.gravatar.com\/avatar\/7728b29aac2719421e1a9159b2254c44?s=96&d=mm&r=g","caption":"Cl\u00e9ment"},"sameAs":["https:\/\/footdavant.fr\/"]}]}},"_links":{"self":[{"href":"https:\/\/footdavant.fr\/actualites\/wp-json\/wp\/v2\/posts\/34336"}],"collection":[{"href":"https:\/\/footdavant.fr\/actualites\/wp-json\/wp\/v2\/posts"}],"about":[{"href":"https:\/\/footdavant.fr\/actualites\/wp-json\/wp\/v2\/types\/post"}],"author":[{"embeddable":true,"href":"https:\/\/footdavant.fr\/actualites\/wp-json\/wp\/v2\/users\/1"}],"replies":[{"embeddable":true,"href":"https:\/\/footdavant.fr\/actualites\/wp-json\/wp\/v2\/comments?post=34336"}],"version-history":[{"count":1,"href":"https:\/\/footdavant.fr\/actualites\/wp-json\/wp\/v2\/posts\/34336\/revisions"}],"predecessor-version":[{"id":34338,"href":"https:\/\/footdavant.fr\/actualites\/wp-json\/wp\/v2\/posts\/34336\/revisions\/34338"}],"wp:featuredmedia":[{"embeddable":true,"href":"https:\/\/footdavant.fr\/actualites\/wp-json\/wp\/v2\/media\/34337"}],"wp:attachment":[{"href":"https:\/\/footdavant.fr\/actualites\/wp-json\/wp\/v2\/media?parent=34336"}],"wp:term":[{"taxonomy":"category","embeddable":true,"href":"https:\/\/footdavant.fr\/actualites\/wp-json\/wp\/v2\/categories?post=34336"},{"taxonomy":"post_tag","embeddable":true,"href":"https:\/\/footdavant.fr\/actualites\/wp-json\/wp\/v2\/tags?post=34336"}],"curies":[{"name":"wp","href":"https:\/\/api.w.org\/{rel}","templated":true}]}}