{"id":34339,"date":"2026-02-10T09:48:37","date_gmt":"2026-02-10T08:48:37","guid":{"rendered":"https:\/\/footdavant.fr\/actualites\/le-patron-de-chelsea-liam-rosenior-affirme-que-le-bruit-netait-pas-une-surprise-apres-la-defaite-de-la-coupe-efl-contre-arsenal\/"},"modified":"2026-02-10T09:48:39","modified_gmt":"2026-02-10T08:48:39","slug":"le-patron-de-chelsea-liam-rosenior-affirme-que-le-bruit-netait-pas-une-surprise-apres-la-defaite-de-la-coupe-efl-contre-arsenal","status":"publish","type":"post","link":"https:\/\/footdavant.fr\/actualites\/le-patron-de-chelsea-liam-rosenior-affirme-que-le-bruit-netait-pas-une-surprise-apres-la-defaite-de-la-coupe-efl-contre-arsenal\/","title":{"rendered":"Le patron de Chelsea, Liam Rosenior, affirme que \u00ab le bruit n&#39;\u00e9tait pas une surprise \u00bb apr\u00e8s la d\u00e9faite de la Coupe EFL contre Arsenal"},"content":{"rendered":"<div itemprop=\"articleBody\">\n<p>Liam Rosenior a reconnu que toute critique de sa tactique \u00ab\u00a0va avec le territoire\u00a0\u00bb d&#39;\u00eatre l&#39;entra\u00eeneur-chef de Chelsea.<\/p>\n<p>Rosenior a connu un bon d\u00e9but de vie \u00e0 Stamford Bridge, remportant six de ses huit matches toutes comp\u00e9titions confondues sur une p\u00e9riode o\u00f9 les matchs se d\u00e9roulaient tous les trois ou quatre jours.<\/p>\n<p>Les deux d\u00e9faites sont survenues contre Arsenal en demi-finale de la Coupe EFL, d&#39;abord par un score de 3-2 \u00e0 Stamford Bridge avant que les Blues ne succombent \u00e0 un revers 1-0 \u00e0 l&#39;Emirates Stadium mardi.<\/p>\n<p>Au lendemain de ce match, certains experts ont critiqu\u00e9 Rosenior pour ce qui \u00e9tait per\u00e7u comme une tactique d\u00e9fensive pendant la premi\u00e8re heure du match retour.<\/p>\n<p>Son approche a permis de maintenir Chelsea comp\u00e9titif dans le match avant d&#39;introduire davantage de joueurs offensifs \u00e0 l&#39;heure de jeu. Chelsea a conc\u00e9d\u00e9 un but vainqueur \u00e0 la 97e minute en engageant des joueurs vers l&#39;avant.<\/p>\n<div>\n<div>\n<p>\u00a9 Imago \/ Antonio Balasco<\/p>\n<\/div>\n<\/div>\n<h2>Rosenior r\u00e9agit aux critiques sur l&#39;approche du match retour d&#39;Arsenal<\/h2>\n<p>S&#39;exprimant lors d&#39;une conf\u00e9rence de presse jeudi avant le match de Premier League \u00e0 Wolverhampton Wanderers, Rosenior a accept\u00e9 que des commentaires n\u00e9gatifs suivraient toujours lorsqu&#39;il \u00e9tait \u00e0 la t\u00eate de Chelsea.<\/p>\n<p>L&#39;Anglais a d\u00e9clar\u00e9 aux journalistes : \u00ab\u00a0Le bruit ne me surprend pas du tout. Cela vient du fait d&#39;\u00eatre entra\u00eeneur-chef et manager du Chelsea Football Club. Si cela m&#39;avait surpris, alors je n&#39;aurais pas \u00e9t\u00e9 pr\u00e9par\u00e9 pour ce r\u00f4le.<\/p>\n<p>\u00ab\u00a0Ce que font les autres \u00e9quipes, la fa\u00e7on dont les autres \u00e9quipes jouent, n&#39;a rien \u00e0 voir avec moi. Ce que les gens disent en dehors du club, ce qu&#39;ils pensent de la fa\u00e7on dont mes \u00e9quipes jouent, ne fait aucune diff\u00e9rence dans ma prise de d\u00e9cision ou dans ce que je pense \u00eatre la bonne chose pour l&#39;\u00e9quipe.<\/p>\n<p>\u00ab\u00a0Avec le recul, nous n&#39;avons pas r\u00e9ussi. Vous pouvez toujours changer et am\u00e9liorer certaines choses que vous faites. Mais ce que je ressens en m\u00eame temps, c&#39;est une performance tr\u00e8s, tr\u00e8s solide contre une \u00e9quipe qui est tr\u00e8s, tr\u00e8s bonne \u00e0 domicile.<\/p>\n<p>\u00ab\u00a0Nous avons invers\u00e9 la tendance en seconde p\u00e9riode et le match aurait facilement pu se d\u00e9rouler dans notre sens. Je suis d\u00e9\u00e7u de ne pas nous qualifier, mais maintenant nous allons passer \u00e0 autre chose et nous concentrer sur les Wolves.\u00a0\u00bb<\/p>\n<div>\n<div><img decoding=\"async\" data-img-id=\"156820\" class=\"lazy\" loading=\"lazy\" src=\"https:\/\/footdavant.fr\/actualites\/wp-content\/uploads\/2026\/02\/1770713317_739_Le-patron-de-Chelsea-Liam-Rosenior-affirme-que-le.webp\"\/><\/p>\n<p>\u00a9 Imago \/ Chaque deuxi\u00e8me m\u00e9dia<\/p>\n<\/div>\n<\/div>\n<h2>Pourquoi la plupart des fans de Chelsea soutiendront Rosenior<\/h2>\n<p>Au cours de ses huit premiers matches \u00e0 la t\u00eate, Rosenior a montr\u00e9 qu&#39;il \u00e9tait bien plus polyvalent et adaptable que son pr\u00e9d\u00e9cesseur Enzo Maresca.<\/p>\n<p>Alors que l&#39;Italien \u00e9tait beaucoup plus concentr\u00e9 sur le respect de la philosophie qu&#39;il avait choisie, Rosenior a g\u00e9n\u00e9ralement bricol\u00e9 son personnel et son syst\u00e8me avec succ\u00e8s.<\/p>\n<p>Il y avait un air de Jos\u00e9 Mourinho dans la mani\u00e8re dont Rosenior d\u00e9ployait des tactiques d\u00e9fensives contre Arsenal, plut\u00f4t que de passer \u00e0 l&#39;attaque dans l&#39;espoir d&#39;\u00e9galiser lors des premi\u00e8res \u00e9tapes du match dans le nord de Londres.<\/p>\n<p>Cela dit, Chelsea affronte d\u00e9sormais une s\u00e9rie de matches contre les Wolves, Leeds United, Hull City et Burnley, quatre matchs dans lesquels ils sont favoris.<\/p>\n<p>Si Chelsea ne remporte pas au moins trois de ces matches, des questions demeureront quant \u00e0 savoir s\u2019il est l\u2019homme id\u00e9al pour diriger le club \u00e0 long terme.<\/p>\n<\/div>\n","protected":false},"excerpt":{"rendered":"<p>Liam Rosenior a reconnu que toute critique de sa tactique \u00ab\u00a0va avec le territoire\u00a0\u00bb d&#39;\u00eatre l&#39;entra\u00eeneur-chef de Chelsea. Rosenior a connu un bon d\u00e9but de<\/p>\n","protected":false},"author":1,"featured_media":34340,"comment_status":"closed","ping_status":"","sticky":false,"template":"","format":"standard","meta":{"footnotes":""},"categories":[5],"tags":[1115,25,67,8997,171,20,1946,425,2290,5457,4902,71,231,10942,2666,92],"yoast_head":"<!-- This site is optimized with the Yoast SEO plugin v21.0 - https:\/\/yoast.com\/wordpress\/plugins\/seo\/ -->\n<title>Le patron de Chelsea, Liam Rosenior, affirme que \u00ab le bruit n&#039;\u00e9tait pas une surprise \u00bb apr\u00e8s la d\u00e9faite de la Coupe EFL contre Arsenal<\/title>\n<meta name=\"robots\" content=\"index, follow, max-snippet:-1, max-image-preview:large, max-video-preview:-1\" \/>\n<link rel=\"canonical\" href=\"https:\/\/footdavant.fr\/actualites\/le-patron-de-chelsea-liam-rosenior-affirme-que-le-bruit-netait-pas-une-surprise-apres-la-defaite-de-la-coupe-efl-contre-arsenal\/\" \/>\n<meta property=\"og:locale\" content=\"fr_FR\" \/>\n<meta property=\"og:type\" content=\"article\" \/>\n<meta property=\"og:title\" content=\"Le patron de Chelsea, Liam Rosenior, affirme que \u00ab le bruit n&#039;\u00e9tait pas une surprise \u00bb apr\u00e8s la d\u00e9faite de la Coupe EFL contre Arsenal\" \/>\n<meta property=\"og:description\" content=\"Liam Rosenior a reconnu que toute critique de sa tactique \u00ab\u00a0va avec le territoire\u00a0\u00bb d&#039;\u00eatre l&#039;entra\u00eeneur-chef de Chelsea. Rosenior a connu un bon d\u00e9but de\" \/>\n<meta property=\"og:url\" content=\"https:\/\/footdavant.fr\/actualites\/le-patron-de-chelsea-liam-rosenior-affirme-que-le-bruit-netait-pas-une-surprise-apres-la-defaite-de-la-coupe-efl-contre-arsenal\/\" \/>\n<meta property=\"og:site_name\" content=\"Foot d&#039;avant\" \/>\n<meta property=\"article:publisher\" content=\"https:\/\/www.facebook.com\/Footdavant\/\" \/>\n<meta property=\"article:published_time\" content=\"2026-02-10T08:48:37+00:00\" \/>\n<meta property=\"article:modified_time\" content=\"2026-02-10T08:48:39+00:00\" \/>\n<meta property=\"og:image\" content=\"https:\/\/footdavant.fr\/actualites\/wp-content\/uploads\/2026\/02\/Le-patron-de-Chelsea-Liam-Rosenior-affirme-que-le.net2Fuploads2F20262F012Faaa-lr-69602991e.webp\" \/>\n\t<meta property=\"og:image:width\" content=\"720\" \/>\n\t<meta property=\"og:image:height\" content=\"410\" \/>\n\t<meta property=\"og:image:type\" content=\"image\/webp\" \/>\n<meta name=\"author\" content=\"Cl\u00e9ment\" \/>\n<meta name=\"twitter:card\" content=\"summary_large_image\" \/>\n<meta name=\"twitter:creator\" content=\"@FootdavantFr\" \/>\n<meta name=\"twitter:site\" content=\"@FootdavantFr\" \/>\n<meta name=\"twitter:label1\" content=\"\u00c9crit par\" \/>\n\t<meta name=\"twitter:data1\" content=\"Cl\u00e9ment\" \/>\n\t<meta name=\"twitter:label2\" content=\"Dur\u00e9e de lecture estim\u00e9e\" \/>\n\t<meta name=\"twitter:data2\" content=\"3 minutes\" \/>\n<script type=\"application\/ld+json\" class=\"yoast-schema-graph\">{\"@context\":\"https:\/\/schema.org\",\"@graph\":[{\"@type\":\"Article\",\"@id\":\"https:\/\/footdavant.fr\/actualites\/le-patron-de-chelsea-liam-rosenior-affirme-que-le-bruit-netait-pas-une-surprise-apres-la-defaite-de-la-coupe-efl-contre-arsenal\/#article\",\"isPartOf\":{\"@id\":\"https:\/\/footdavant.fr\/actualites\/le-patron-de-chelsea-liam-rosenior-affirme-que-le-bruit-netait-pas-une-surprise-apres-la-defaite-de-la-coupe-efl-contre-arsenal\/\"},\"author\":{\"name\":\"Cl\u00e9ment\",\"@id\":\"https:\/\/footdavant.fr\/actualites\/#\/schema\/person\/bc222566d95871b37e597b3ed3ba5e1d\"},\"headline\":\"Le patron de Chelsea, Liam Rosenior, affirme que \u00ab le bruit n&#39;\u00e9tait pas une surprise \u00bb apr\u00e8s la d\u00e9faite de la Coupe EFL contre Arsenal\",\"datePublished\":\"2026-02-10T08:48:37+00:00\",\"dateModified\":\"2026-02-10T08:48:39+00:00\",\"mainEntityOfPage\":{\"@id\":\"https:\/\/footdavant.fr\/actualites\/le-patron-de-chelsea-liam-rosenior-affirme-que-le-bruit-netait-pas-une-surprise-apres-la-defaite-de-la-coupe-efl-contre-arsenal\/\"},\"wordCount\":623,\"publisher\":{\"@id\":\"https:\/\/footdavant.fr\/actualites\/#organization\"},\"keywords\":[\"affirme\",\"apr\u00e8s\",\"Arsenal\",\"bruit\",\"Chelsea\",\"contre\",\"Coupe\",\"d\u00e9faite\",\"EFL\",\"Liam\",\"n39\u00e9tait\",\"pas\",\"patron\",\"Rosenior\",\"surprise\",\"une\"],\"articleSection\":[\"Premier League\"],\"inLanguage\":\"fr-FR\"},{\"@type\":\"WebPage\",\"@id\":\"https:\/\/footdavant.fr\/actualites\/le-patron-de-chelsea-liam-rosenior-affirme-que-le-bruit-netait-pas-une-surprise-apres-la-defaite-de-la-coupe-efl-contre-arsenal\/\",\"url\":\"https:\/\/footdavant.fr\/actualites\/le-patron-de-chelsea-liam-rosenior-affirme-que-le-bruit-netait-pas-une-surprise-apres-la-defaite-de-la-coupe-efl-contre-arsenal\/\",\"name\":\"Le patron de Chelsea, Liam Rosenior, affirme que \u00ab le bruit n&#39;\u00e9tait pas une surprise \u00bb apr\u00e8s la d\u00e9faite de la Coupe EFL contre Arsenal\",\"isPartOf\":{\"@id\":\"https:\/\/footdavant.fr\/actualites\/#website\"},\"datePublished\":\"2026-02-10T08:48:37+00:00\",\"dateModified\":\"2026-02-10T08:48:39+00:00\",\"breadcrumb\":{\"@id\":\"https:\/\/footdavant.fr\/actualites\/le-patron-de-chelsea-liam-rosenior-affirme-que-le-bruit-netait-pas-une-surprise-apres-la-defaite-de-la-coupe-efl-contre-arsenal\/#breadcrumb\"},\"inLanguage\":\"fr-FR\",\"potentialAction\":[{\"@type\":\"ReadAction\",\"target\":[\"https:\/\/footdavant.fr\/actualites\/le-patron-de-chelsea-liam-rosenior-affirme-que-le-bruit-netait-pas-une-surprise-apres-la-defaite-de-la-coupe-efl-contre-arsenal\/\"]}]},{\"@type\":\"BreadcrumbList\",\"@id\":\"https:\/\/footdavant.fr\/actualites\/le-patron-de-chelsea-liam-rosenior-affirme-que-le-bruit-netait-pas-une-surprise-apres-la-defaite-de-la-coupe-efl-contre-arsenal\/#breadcrumb\",\"itemListElement\":[{\"@type\":\"ListItem\",\"position\":1,\"name\":\"Accueil\",\"item\":\"https:\/\/footdavant.fr\/actualites\/\"},{\"@type\":\"ListItem\",\"position\":2,\"name\":\"Le patron de Chelsea, Liam Rosenior, affirme que \u00ab le bruit n&#39;\u00e9tait pas une surprise \u00bb apr\u00e8s la d\u00e9faite de la Coupe EFL contre Arsenal\"}]},{\"@type\":\"WebSite\",\"@id\":\"https:\/\/footdavant.fr\/actualites\/#website\",\"url\":\"https:\/\/footdavant.fr\/actualites\/\",\"name\":\"Foot d'avant\",\"description\":\"\",\"publisher\":{\"@id\":\"https:\/\/footdavant.fr\/actualites\/#organization\"},\"potentialAction\":[{\"@type\":\"SearchAction\",\"target\":{\"@type\":\"EntryPoint\",\"urlTemplate\":\"https:\/\/footdavant.fr\/actualites\/?s={search_term_string}\"},\"query-input\":\"required name=search_term_string\"}],\"inLanguage\":\"fr-FR\"},{\"@type\":\"Organization\",\"@id\":\"https:\/\/footdavant.fr\/actualites\/#organization\",\"name\":\"Foot d'avant\",\"url\":\"https:\/\/footdavant.fr\/actualites\/\",\"logo\":{\"@type\":\"ImageObject\",\"inLanguage\":\"fr-FR\",\"@id\":\"https:\/\/footdavant.fr\/actualites\/#\/schema\/logo\/image\/\",\"url\":\"https:\/\/footdavant.fr\/actualites\/wp-content\/uploads\/2023\/09\/Copy-of-FootDavant-Logo.png\",\"contentUrl\":\"https:\/\/footdavant.fr\/actualites\/wp-content\/uploads\/2023\/09\/Copy-of-FootDavant-Logo.png\",\"width\":936,\"height\":549,\"caption\":\"Foot d'avant\"},\"image\":{\"@id\":\"https:\/\/footdavant.fr\/actualites\/#\/schema\/logo\/image\/\"},\"sameAs\":[\"https:\/\/www.facebook.com\/Footdavant\/\",\"https:\/\/twitter.com\/FootdavantFr\",\"https:\/\/www.instagram.com\/footdavant.fr\/\"]},{\"@type\":\"Person\",\"@id\":\"https:\/\/footdavant.fr\/actualites\/#\/schema\/person\/bc222566d95871b37e597b3ed3ba5e1d\",\"name\":\"Cl\u00e9ment\",\"image\":{\"@type\":\"ImageObject\",\"inLanguage\":\"fr-FR\",\"@id\":\"https:\/\/footdavant.fr\/actualites\/#\/schema\/person\/image\/\",\"url\":\"https:\/\/secure.gravatar.com\/avatar\/7728b29aac2719421e1a9159b2254c44?s=96&d=mm&r=g\",\"contentUrl\":\"https:\/\/secure.gravatar.com\/avatar\/7728b29aac2719421e1a9159b2254c44?s=96&d=mm&r=g\",\"caption\":\"Cl\u00e9ment\"},\"sameAs\":[\"https:\/\/footdavant.fr\/\"]}]}<\/script>\n<!-- \/ Yoast SEO plugin. -->","yoast_head_json":{"title":"Le patron de Chelsea, Liam Rosenior, affirme que \u00ab le bruit n&#39;\u00e9tait pas une surprise \u00bb apr\u00e8s la d\u00e9faite de la Coupe EFL contre Arsenal","robots":{"index":"index","follow":"follow","max-snippet":"max-snippet:-1","max-image-preview":"max-image-preview:large","max-video-preview":"max-video-preview:-1"},"canonical":"https:\/\/footdavant.fr\/actualites\/le-patron-de-chelsea-liam-rosenior-affirme-que-le-bruit-netait-pas-une-surprise-apres-la-defaite-de-la-coupe-efl-contre-arsenal\/","og_locale":"fr_FR","og_type":"article","og_title":"Le patron de Chelsea, Liam Rosenior, affirme que \u00ab le bruit n&#39;\u00e9tait pas une surprise \u00bb apr\u00e8s la d\u00e9faite de la Coupe EFL contre Arsenal","og_description":"Liam Rosenior a reconnu que toute critique de sa tactique \u00ab\u00a0va avec le territoire\u00a0\u00bb d&#39;\u00eatre l&#39;entra\u00eeneur-chef de Chelsea. Rosenior a connu un bon d\u00e9but de","og_url":"https:\/\/footdavant.fr\/actualites\/le-patron-de-chelsea-liam-rosenior-affirme-que-le-bruit-netait-pas-une-surprise-apres-la-defaite-de-la-coupe-efl-contre-arsenal\/","og_site_name":"Foot d&#039;avant","article_publisher":"https:\/\/www.facebook.com\/Footdavant\/","article_published_time":"2026-02-10T08:48:37+00:00","article_modified_time":"2026-02-10T08:48:39+00:00","og_image":[{"width":720,"height":410,"url":"https:\/\/footdavant.fr\/actualites\/wp-content\/uploads\/2026\/02\/Le-patron-de-Chelsea-Liam-Rosenior-affirme-que-le.net2Fuploads2F20262F012Faaa-lr-69602991e.webp","type":"image\/webp"}],"author":"Cl\u00e9ment","twitter_card":"summary_large_image","twitter_creator":"@FootdavantFr","twitter_site":"@FootdavantFr","twitter_misc":{"\u00c9crit par":"Cl\u00e9ment","Dur\u00e9e de lecture estim\u00e9e":"3 minutes"},"schema":{"@context":"https:\/\/schema.org","@graph":[{"@type":"Article","@id":"https:\/\/footdavant.fr\/actualites\/le-patron-de-chelsea-liam-rosenior-affirme-que-le-bruit-netait-pas-une-surprise-apres-la-defaite-de-la-coupe-efl-contre-arsenal\/#article","isPartOf":{"@id":"https:\/\/footdavant.fr\/actualites\/le-patron-de-chelsea-liam-rosenior-affirme-que-le-bruit-netait-pas-une-surprise-apres-la-defaite-de-la-coupe-efl-contre-arsenal\/"},"author":{"name":"Cl\u00e9ment","@id":"https:\/\/footdavant.fr\/actualites\/#\/schema\/person\/bc222566d95871b37e597b3ed3ba5e1d"},"headline":"Le patron de Chelsea, Liam Rosenior, affirme que \u00ab le bruit n&#39;\u00e9tait pas une surprise \u00bb apr\u00e8s la d\u00e9faite de la Coupe EFL contre Arsenal","datePublished":"2026-02-10T08:48:37+00:00","dateModified":"2026-02-10T08:48:39+00:00","mainEntityOfPage":{"@id":"https:\/\/footdavant.fr\/actualites\/le-patron-de-chelsea-liam-rosenior-affirme-que-le-bruit-netait-pas-une-surprise-apres-la-defaite-de-la-coupe-efl-contre-arsenal\/"},"wordCount":623,"publisher":{"@id":"https:\/\/footdavant.fr\/actualites\/#organization"},"keywords":["affirme","apr\u00e8s","Arsenal","bruit","Chelsea","contre","Coupe","d\u00e9faite","EFL","Liam","n39\u00e9tait","pas","patron","Rosenior","surprise","une"],"articleSection":["Premier League"],"inLanguage":"fr-FR"},{"@type":"WebPage","@id":"https:\/\/footdavant.fr\/actualites\/le-patron-de-chelsea-liam-rosenior-affirme-que-le-bruit-netait-pas-une-surprise-apres-la-defaite-de-la-coupe-efl-contre-arsenal\/","url":"https:\/\/footdavant.fr\/actualites\/le-patron-de-chelsea-liam-rosenior-affirme-que-le-bruit-netait-pas-une-surprise-apres-la-defaite-de-la-coupe-efl-contre-arsenal\/","name":"Le patron de Chelsea, Liam Rosenior, affirme que \u00ab le bruit n&#39;\u00e9tait pas une surprise \u00bb apr\u00e8s la d\u00e9faite de la Coupe EFL contre Arsenal","isPartOf":{"@id":"https:\/\/footdavant.fr\/actualites\/#website"},"datePublished":"2026-02-10T08:48:37+00:00","dateModified":"2026-02-10T08:48:39+00:00","breadcrumb":{"@id":"https:\/\/footdavant.fr\/actualites\/le-patron-de-chelsea-liam-rosenior-affirme-que-le-bruit-netait-pas-une-surprise-apres-la-defaite-de-la-coupe-efl-contre-arsenal\/#breadcrumb"},"inLanguage":"fr-FR","potentialAction":[{"@type":"ReadAction","target":["https:\/\/footdavant.fr\/actualites\/le-patron-de-chelsea-liam-rosenior-affirme-que-le-bruit-netait-pas-une-surprise-apres-la-defaite-de-la-coupe-efl-contre-arsenal\/"]}]},{"@type":"BreadcrumbList","@id":"https:\/\/footdavant.fr\/actualites\/le-patron-de-chelsea-liam-rosenior-affirme-que-le-bruit-netait-pas-une-surprise-apres-la-defaite-de-la-coupe-efl-contre-arsenal\/#breadcrumb","itemListElement":[{"@type":"ListItem","position":1,"name":"Accueil","item":"https:\/\/footdavant.fr\/actualites\/"},{"@type":"ListItem","position":2,"name":"Le patron de Chelsea, Liam Rosenior, affirme que \u00ab le bruit n&#39;\u00e9tait pas une surprise \u00bb apr\u00e8s la d\u00e9faite de la Coupe EFL contre Arsenal"}]},{"@type":"WebSite","@id":"https:\/\/footdavant.fr\/actualites\/#website","url":"https:\/\/footdavant.fr\/actualites\/","name":"Foot d'avant","description":"","publisher":{"@id":"https:\/\/footdavant.fr\/actualites\/#organization"},"potentialAction":[{"@type":"SearchAction","target":{"@type":"EntryPoint","urlTemplate":"https:\/\/footdavant.fr\/actualites\/?s={search_term_string}"},"query-input":"required name=search_term_string"}],"inLanguage":"fr-FR"},{"@type":"Organization","@id":"https:\/\/footdavant.fr\/actualites\/#organization","name":"Foot d'avant","url":"https:\/\/footdavant.fr\/actualites\/","logo":{"@type":"ImageObject","inLanguage":"fr-FR","@id":"https:\/\/footdavant.fr\/actualites\/#\/schema\/logo\/image\/","url":"https:\/\/footdavant.fr\/actualites\/wp-content\/uploads\/2023\/09\/Copy-of-FootDavant-Logo.png","contentUrl":"https:\/\/footdavant.fr\/actualites\/wp-content\/uploads\/2023\/09\/Copy-of-FootDavant-Logo.png","width":936,"height":549,"caption":"Foot d'avant"},"image":{"@id":"https:\/\/footdavant.fr\/actualites\/#\/schema\/logo\/image\/"},"sameAs":["https:\/\/www.facebook.com\/Footdavant\/","https:\/\/twitter.com\/FootdavantFr","https:\/\/www.instagram.com\/footdavant.fr\/"]},{"@type":"Person","@id":"https:\/\/footdavant.fr\/actualites\/#\/schema\/person\/bc222566d95871b37e597b3ed3ba5e1d","name":"Cl\u00e9ment","image":{"@type":"ImageObject","inLanguage":"fr-FR","@id":"https:\/\/footdavant.fr\/actualites\/#\/schema\/person\/image\/","url":"https:\/\/secure.gravatar.com\/avatar\/7728b29aac2719421e1a9159b2254c44?s=96&d=mm&r=g","contentUrl":"https:\/\/secure.gravatar.com\/avatar\/7728b29aac2719421e1a9159b2254c44?s=96&d=mm&r=g","caption":"Cl\u00e9ment"},"sameAs":["https:\/\/footdavant.fr\/"]}]}},"_links":{"self":[{"href":"https:\/\/footdavant.fr\/actualites\/wp-json\/wp\/v2\/posts\/34339"}],"collection":[{"href":"https:\/\/footdavant.fr\/actualites\/wp-json\/wp\/v2\/posts"}],"about":[{"href":"https:\/\/footdavant.fr\/actualites\/wp-json\/wp\/v2\/types\/post"}],"author":[{"embeddable":true,"href":"https:\/\/footdavant.fr\/actualites\/wp-json\/wp\/v2\/users\/1"}],"replies":[{"embeddable":true,"href":"https:\/\/footdavant.fr\/actualites\/wp-json\/wp\/v2\/comments?post=34339"}],"version-history":[{"count":1,"href":"https:\/\/footdavant.fr\/actualites\/wp-json\/wp\/v2\/posts\/34339\/revisions"}],"predecessor-version":[{"id":34341,"href":"https:\/\/footdavant.fr\/actualites\/wp-json\/wp\/v2\/posts\/34339\/revisions\/34341"}],"wp:featuredmedia":[{"embeddable":true,"href":"https:\/\/footdavant.fr\/actualites\/wp-json\/wp\/v2\/media\/34340"}],"wp:attachment":[{"href":"https:\/\/footdavant.fr\/actualites\/wp-json\/wp\/v2\/media?parent=34339"}],"wp:term":[{"taxonomy":"category","embeddable":true,"href":"https:\/\/footdavant.fr\/actualites\/wp-json\/wp\/v2\/categories?post=34339"},{"taxonomy":"post_tag","embeddable":true,"href":"https:\/\/footdavant.fr\/actualites\/wp-json\/wp\/v2\/tags?post=34339"}],"curies":[{"name":"wp","href":"https:\/\/api.w.org\/{rel}","templated":true}]}}