{"id":34342,"date":"2026-02-10T11:48:08","date_gmt":"2026-02-10T10:48:08","guid":{"rendered":"https:\/\/footdavant.fr\/actualites\/passe-present-futur-un-blog-darsenal\/"},"modified":"2026-02-10T11:48:10","modified_gmt":"2026-02-10T10:48:10","slug":"passe-present-futur-un-blog-darsenal","status":"publish","type":"post","link":"https:\/\/footdavant.fr\/actualites\/passe-present-futur-un-blog-darsenal\/","title":{"rendered":"Pass\u00e9, pr\u00e9sent, futur&#8230; |  &#8230;un blog d&#39;Arsenal"},"content":{"rendered":"<div>\n<p>Bonjour \u00e0 tous.<\/p>\n<p>Je vois qu&#39;il y a une interview de Dennis Bergkamp avec Ian Wright sur Overlap, celle que Wrighty fait avec certains des anciens experts de Sky Sports. Celui-ci ne concerne que les deux gar\u00e7ons d&#39;Arsenal, et m\u00eame si je n&#39;en suis pas s\u00fbr, je choisis de croire que Dennis n&#39;avait aucun format r\u00e9gulier.<\/p>\n<p>: Dennis, vas-tu faire le podcast Overlap ?<\/p>\n<p>: Bien s\u00fbr, n&#39;importe quoi pour toi, mon ami.<\/p>\n<p>: Super! Gary Neville sera l\u00e0\u2026<\/p>\n<p>: Alors non.<\/p>\n<p>: Ok, non Gary Neville.<\/p>\n<p>: C&#39;est parti.<\/p>\n<p>: Mais Jamie Carragher sera l\u00e0.<\/p>\n<p>: J&#39;ai chang\u00e9 d&#39;avis. Non, je ne peux pas le faire.<\/p>\n<p>: Jamie Carragher sera l\u00e0 ?<\/p>\n<p>: J&#39;ai h\u00e2te de discuter\u00a0!<\/p>\n<p>: Petite chose, Roy Keane s&#39;assoit habituellement \u00e0 c\u00f4t\u00e9 de moi.<\/p>\n<p>: Quelque chose s&#39;est pass\u00e9\u2026<\/p>\n<p>: Mais pas cette fois, il ne le fera pas !<\/p>\n<p>: Fantastique.<\/p>\n<\/p>\n<p>: Qu&#39;est-ce que tu fais, Ian ?<\/p>\n<p>: J&#39;envoie juste un texto \u00e0 Paul Scholes.<\/p>\n<p>: MDR<\/p>\n<p>Je suis s\u00fbr que c&#39;\u00e9tait juste une question de planning\/disponibilit\u00e9 et rien de plus, mais en ces temps sombres, nous avons besoin d&#39;autant de l\u00e9g\u00e8ret\u00e9 que possible, alors je me permets de croire que mon sc\u00e9nario compl\u00e8tement invent\u00e9 est r\u00e9el. Vous pouvez regarder l\u2019interview ici si vous le souhaitez.<\/p>\n<p>C&#39;est aussi agr\u00e9able d&#39;avoir quelque chose \u00e0 consommer qui n&#39;a rien \u00e0 voir avec le pr\u00e9sent. Ce n&#39;est pas vraiment une \u00e9vasion, mais je pr\u00e9f\u00e8re de loin passer du temps avec quelques joueurs qui ont tant fait pour ce club de football et nous ont repr\u00e9sent\u00e9s avec tant de distinction, plut\u00f4t que de micro-analyser le classement de la Premier League, les permutations et tout le reste lorsque tout sera fait \u2013 pour le meilleur ou pour le pire \u2013 apr\u00e8s l&#39;action du week-end.<\/p>\n<p>Le passage du temps joue \u00e9videmment un grand r\u00f4le, mais je pense qu&#39;il est int\u00e9ressant de r\u00e9fl\u00e9chir \u00e0 ce que le succ\u00e8s signifie pour l&#39;h\u00e9ritage d&#39;un joueur dans un club. Ce n&#39;est pas seulement Arsenal, d&#39;ailleurs, c&#39;est plus un point g\u00e9n\u00e9ral, mais m\u00eame si Ian Wright et Dennis Bergkamp sont \u00e0 juste titre consid\u00e9r\u00e9s comme des l\u00e9gendes, ce n&#39;est pas comme si leurs voyages en rouge et blanc se d\u00e9roulaient sans \u00e9preuves ni tribulations. Tous deux ont connu des hauts et des bas, ce qui est tout \u00e0 fait normal quand on passe autant de temps dans un club, mais gr\u00e2ce \u00e0 ce qu&#39;ils ont fait et ce qu&#39;ils ont contribu\u00e9 \u00e0 remporter en termes de troph\u00e9es, nous nous concentrons sur les bons moments.<\/p>\n<p>Ils ont les troph\u00e9es et les m\u00e9dailles, ce que la r\u00e9colte actuelle n&#39;a pas en ce moment. C&#39;est pourquoi je pense qu&#39;il est si important que cette saison soit couronn\u00e9e de succ\u00e8s. Quelle que soit la mesure objective, nous avons des joueurs incroyables dans cette \u00e9quipe, dont certains se comparent aux meilleurs que nous ayons jamais vus dans ce club, mais \u00e0 moins qu&#39;ils ne soient associ\u00e9s aux troph\u00e9es et aux d\u00e9fil\u00e9s qui accompagnent la victoire des gros prix, ils ne seront jamais consid\u00e9r\u00e9s comme des \u00ab grands \u00bb comme ceux qui ont parcouru la distance avec leurs \u00e9quipes.<\/p>\n<p>Je me demande si cela ajoute un peu de pression suppl\u00e9mentaire pour eux, ou est-ce que la victoire en soi est ce qui les motive ? Je suppose que c&#39;est beaucoup plus le dernier que le premier, mais quand vous \u00eates dans un club comme Arsenal et que vous voyez ces dates autour du stade, les images des Invincibles, les h\u00e9ros des titres remport\u00e9s les saisons pass\u00e9es, il doit y avoir une certaine envie de rejoindre cet illustre groupe. Ce serait vraiment la cerise sur le g\u00e2teau, le g\u00e2teau lui-m\u00eame \u00e9tant la Premier League, mais un g\u00e2teau est meilleur avec du gla\u00e7age que sans. Sinon, c&#39;est juste un simple petit pain, ou quelque chose comme \u00e7a.<\/p>\n<p>Ne vous m\u00e9prenez pas, si le petit pain est la Premier League, je mange ce petit pain toute la journ\u00e9e. Mais donnez-nous la cerise sur le g\u00e2teau. Je veux du gla\u00e7age et de minuscules petites figures de William Saliba et Gabriel dessus, faites de p\u00e2te d&#39;amande comme si c&#39;\u00e9tait un g\u00e2teau de mariage. Je plaisante, mais si vous \u00eates un joueur d&#39;Arsenal en ce moment, l&#39;id\u00e9e de remporter la ligue doit \u00eatre d\u00e9vorante en soi, mais savoir que vous iriez gagner votre place dans l&#39;histoire avec des noms comme Bergkamp, \u200b\u200bWright, Adams, Vieira, Henry et Cygan doit \u00e9galement en faire partie.<\/p>\n<p>Bon, je vais le laisser l\u00e0 pour ce matin. Il y a un calendrier complet des matchs de Premier League cette semaine, parmi lesquels ce soir Sp*rs contre Newcastle, la force arr\u00eatable contre l&#39;objet mobile. Cela pourrait bien offrir un divertissement d\u00e9cent plus tard. Et pour en savoir plus sur l&#39;action PL du week-end qui vient de s&#39;\u00e9couler, nous avons un \u00e9pisode de The 30 sur Patreon pour vous en ce moment.<\/p>\n<p>Passez un bon mardi les amis, faites attention, et l&#39;Arsecast Extra d&#39;hier est ci-dessous si vous n&#39;avez pas encore eu l&#39;occasion de l&#39;\u00e9couter.<\/p>\n<p><iframe loading=\"lazy\" src=\"https:\/\/embed.acast.com\/a1a58121-6fb4-43cf-8156-8d6df6fc312f\/6989eb21d2345f67c3f13fe6\" width=\"100%\" height=\"300px\" frameborder=\"0\"><\/iframe><\/p>\n<h4> <\/h4>\n<\/div>\n","protected":false},"excerpt":{"rendered":"<p>Bonjour \u00e0 tous. Je vois qu&#39;il y a une interview de Dennis Bergkamp avec Ian Wright sur Overlap, celle que Wrighty fait avec certains des<\/p>\n","protected":false},"author":1,"featured_media":34343,"comment_status":"closed","ping_status":"","sticky":false,"template":"","format":"standard","meta":{"footnotes":""},"categories":[3],"tags":[57,58,4221,3665,2015,656],"yoast_head":"<!-- This site is optimized with the Yoast SEO plugin v21.0 - https:\/\/yoast.com\/wordpress\/plugins\/seo\/ -->\n<title>Pass\u00e9, pr\u00e9sent, futur... | ...un blog d&#039;Arsenal<\/title>\n<meta name=\"robots\" content=\"index, follow, max-snippet:-1, max-image-preview:large, max-video-preview:-1\" \/>\n<link rel=\"canonical\" href=\"https:\/\/footdavant.fr\/actualites\/passe-present-futur-un-blog-darsenal\/\" \/>\n<meta property=\"og:locale\" content=\"fr_FR\" \/>\n<meta property=\"og:type\" content=\"article\" \/>\n<meta property=\"og:title\" content=\"Pass\u00e9, pr\u00e9sent, futur... | ...un blog d&#039;Arsenal\" \/>\n<meta property=\"og:description\" content=\"Bonjour \u00e0 tous. Je vois qu&#039;il y a une interview de Dennis Bergkamp avec Ian Wright sur Overlap, celle que Wrighty fait avec certains des\" \/>\n<meta property=\"og:url\" content=\"https:\/\/footdavant.fr\/actualites\/passe-present-futur-un-blog-darsenal\/\" \/>\n<meta property=\"og:site_name\" content=\"Foot d&#039;avant\" \/>\n<meta property=\"article:publisher\" content=\"https:\/\/www.facebook.com\/Footdavant\/\" \/>\n<meta property=\"article:published_time\" content=\"2026-02-10T10:48:08+00:00\" \/>\n<meta property=\"article:modified_time\" content=\"2026-02-10T10:48:10+00:00\" \/>\n<meta property=\"og:image\" content=\"https:\/\/footdavant.fr\/actualites\/wp-content\/uploads\/2026\/02\/Passe-present-futur-un-blog-d39Arsenal.jpg\" \/>\n\t<meta property=\"og:image:width\" content=\"1500\" \/>\n\t<meta property=\"og:image:height\" content=\"750\" \/>\n\t<meta property=\"og:image:type\" content=\"image\/jpeg\" \/>\n<meta name=\"author\" content=\"Cl\u00e9ment\" \/>\n<meta name=\"twitter:card\" content=\"summary_large_image\" \/>\n<meta name=\"twitter:creator\" content=\"@FootdavantFr\" \/>\n<meta name=\"twitter:site\" content=\"@FootdavantFr\" \/>\n<meta name=\"twitter:label1\" content=\"\u00c9crit par\" \/>\n\t<meta name=\"twitter:data1\" content=\"Cl\u00e9ment\" \/>\n\t<meta name=\"twitter:label2\" content=\"Dur\u00e9e de lecture estim\u00e9e\" \/>\n\t<meta name=\"twitter:data2\" content=\"5 minutes\" \/>\n<script type=\"application\/ld+json\" class=\"yoast-schema-graph\">{\"@context\":\"https:\/\/schema.org\",\"@graph\":[{\"@type\":\"Article\",\"@id\":\"https:\/\/footdavant.fr\/actualites\/passe-present-futur-un-blog-darsenal\/#article\",\"isPartOf\":{\"@id\":\"https:\/\/footdavant.fr\/actualites\/passe-present-futur-un-blog-darsenal\/\"},\"author\":{\"name\":\"Cl\u00e9ment\",\"@id\":\"https:\/\/footdavant.fr\/actualites\/#\/schema\/person\/bc222566d95871b37e597b3ed3ba5e1d\"},\"headline\":\"Pass\u00e9, pr\u00e9sent, futur&#8230; | &#8230;un blog d&#39;Arsenal\",\"datePublished\":\"2026-02-10T10:48:08+00:00\",\"dateModified\":\"2026-02-10T10:48:10+00:00\",\"mainEntityOfPage\":{\"@id\":\"https:\/\/footdavant.fr\/actualites\/passe-present-futur-un-blog-darsenal\/\"},\"wordCount\":918,\"publisher\":{\"@id\":\"https:\/\/footdavant.fr\/actualites\/#organization\"},\"keywords\":[\"...un\",\"blog\",\"d39Arsenal\",\"futur\",\"pass\u00e9\",\"pr\u00e9sent\"],\"articleSection\":[\"Football\"],\"inLanguage\":\"fr-FR\"},{\"@type\":\"WebPage\",\"@id\":\"https:\/\/footdavant.fr\/actualites\/passe-present-futur-un-blog-darsenal\/\",\"url\":\"https:\/\/footdavant.fr\/actualites\/passe-present-futur-un-blog-darsenal\/\",\"name\":\"Pass\u00e9, pr\u00e9sent, futur... | ...un blog d&#39;Arsenal\",\"isPartOf\":{\"@id\":\"https:\/\/footdavant.fr\/actualites\/#website\"},\"datePublished\":\"2026-02-10T10:48:08+00:00\",\"dateModified\":\"2026-02-10T10:48:10+00:00\",\"breadcrumb\":{\"@id\":\"https:\/\/footdavant.fr\/actualites\/passe-present-futur-un-blog-darsenal\/#breadcrumb\"},\"inLanguage\":\"fr-FR\",\"potentialAction\":[{\"@type\":\"ReadAction\",\"target\":[\"https:\/\/footdavant.fr\/actualites\/passe-present-futur-un-blog-darsenal\/\"]}]},{\"@type\":\"BreadcrumbList\",\"@id\":\"https:\/\/footdavant.fr\/actualites\/passe-present-futur-un-blog-darsenal\/#breadcrumb\",\"itemListElement\":[{\"@type\":\"ListItem\",\"position\":1,\"name\":\"Accueil\",\"item\":\"https:\/\/footdavant.fr\/actualites\/\"},{\"@type\":\"ListItem\",\"position\":2,\"name\":\"Pass\u00e9, pr\u00e9sent, futur&#8230; | &#8230;un blog d&#39;Arsenal\"}]},{\"@type\":\"WebSite\",\"@id\":\"https:\/\/footdavant.fr\/actualites\/#website\",\"url\":\"https:\/\/footdavant.fr\/actualites\/\",\"name\":\"Foot d'avant\",\"description\":\"\",\"publisher\":{\"@id\":\"https:\/\/footdavant.fr\/actualites\/#organization\"},\"potentialAction\":[{\"@type\":\"SearchAction\",\"target\":{\"@type\":\"EntryPoint\",\"urlTemplate\":\"https:\/\/footdavant.fr\/actualites\/?s={search_term_string}\"},\"query-input\":\"required name=search_term_string\"}],\"inLanguage\":\"fr-FR\"},{\"@type\":\"Organization\",\"@id\":\"https:\/\/footdavant.fr\/actualites\/#organization\",\"name\":\"Foot d'avant\",\"url\":\"https:\/\/footdavant.fr\/actualites\/\",\"logo\":{\"@type\":\"ImageObject\",\"inLanguage\":\"fr-FR\",\"@id\":\"https:\/\/footdavant.fr\/actualites\/#\/schema\/logo\/image\/\",\"url\":\"https:\/\/footdavant.fr\/actualites\/wp-content\/uploads\/2023\/09\/Copy-of-FootDavant-Logo.png\",\"contentUrl\":\"https:\/\/footdavant.fr\/actualites\/wp-content\/uploads\/2023\/09\/Copy-of-FootDavant-Logo.png\",\"width\":936,\"height\":549,\"caption\":\"Foot d'avant\"},\"image\":{\"@id\":\"https:\/\/footdavant.fr\/actualites\/#\/schema\/logo\/image\/\"},\"sameAs\":[\"https:\/\/www.facebook.com\/Footdavant\/\",\"https:\/\/twitter.com\/FootdavantFr\",\"https:\/\/www.instagram.com\/footdavant.fr\/\"]},{\"@type\":\"Person\",\"@id\":\"https:\/\/footdavant.fr\/actualites\/#\/schema\/person\/bc222566d95871b37e597b3ed3ba5e1d\",\"name\":\"Cl\u00e9ment\",\"image\":{\"@type\":\"ImageObject\",\"inLanguage\":\"fr-FR\",\"@id\":\"https:\/\/footdavant.fr\/actualites\/#\/schema\/person\/image\/\",\"url\":\"https:\/\/secure.gravatar.com\/avatar\/7728b29aac2719421e1a9159b2254c44?s=96&d=mm&r=g\",\"contentUrl\":\"https:\/\/secure.gravatar.com\/avatar\/7728b29aac2719421e1a9159b2254c44?s=96&d=mm&r=g\",\"caption\":\"Cl\u00e9ment\"},\"sameAs\":[\"https:\/\/footdavant.fr\/\"]}]}<\/script>\n<!-- \/ Yoast SEO plugin. -->","yoast_head_json":{"title":"Pass\u00e9, pr\u00e9sent, futur... | ...un blog d&#39;Arsenal","robots":{"index":"index","follow":"follow","max-snippet":"max-snippet:-1","max-image-preview":"max-image-preview:large","max-video-preview":"max-video-preview:-1"},"canonical":"https:\/\/footdavant.fr\/actualites\/passe-present-futur-un-blog-darsenal\/","og_locale":"fr_FR","og_type":"article","og_title":"Pass\u00e9, pr\u00e9sent, futur... | ...un blog d&#39;Arsenal","og_description":"Bonjour \u00e0 tous. Je vois qu&#39;il y a une interview de Dennis Bergkamp avec Ian Wright sur Overlap, celle que Wrighty fait avec certains des","og_url":"https:\/\/footdavant.fr\/actualites\/passe-present-futur-un-blog-darsenal\/","og_site_name":"Foot d&#039;avant","article_publisher":"https:\/\/www.facebook.com\/Footdavant\/","article_published_time":"2026-02-10T10:48:08+00:00","article_modified_time":"2026-02-10T10:48:10+00:00","og_image":[{"width":1500,"height":750,"url":"https:\/\/footdavant.fr\/actualites\/wp-content\/uploads\/2026\/02\/Passe-present-futur-un-blog-d39Arsenal.jpg","type":"image\/jpeg"}],"author":"Cl\u00e9ment","twitter_card":"summary_large_image","twitter_creator":"@FootdavantFr","twitter_site":"@FootdavantFr","twitter_misc":{"\u00c9crit par":"Cl\u00e9ment","Dur\u00e9e de lecture estim\u00e9e":"5 minutes"},"schema":{"@context":"https:\/\/schema.org","@graph":[{"@type":"Article","@id":"https:\/\/footdavant.fr\/actualites\/passe-present-futur-un-blog-darsenal\/#article","isPartOf":{"@id":"https:\/\/footdavant.fr\/actualites\/passe-present-futur-un-blog-darsenal\/"},"author":{"name":"Cl\u00e9ment","@id":"https:\/\/footdavant.fr\/actualites\/#\/schema\/person\/bc222566d95871b37e597b3ed3ba5e1d"},"headline":"Pass\u00e9, pr\u00e9sent, futur&#8230; | &#8230;un blog d&#39;Arsenal","datePublished":"2026-02-10T10:48:08+00:00","dateModified":"2026-02-10T10:48:10+00:00","mainEntityOfPage":{"@id":"https:\/\/footdavant.fr\/actualites\/passe-present-futur-un-blog-darsenal\/"},"wordCount":918,"publisher":{"@id":"https:\/\/footdavant.fr\/actualites\/#organization"},"keywords":["...un","blog","d39Arsenal","futur","pass\u00e9","pr\u00e9sent"],"articleSection":["Football"],"inLanguage":"fr-FR"},{"@type":"WebPage","@id":"https:\/\/footdavant.fr\/actualites\/passe-present-futur-un-blog-darsenal\/","url":"https:\/\/footdavant.fr\/actualites\/passe-present-futur-un-blog-darsenal\/","name":"Pass\u00e9, pr\u00e9sent, futur... | ...un blog d&#39;Arsenal","isPartOf":{"@id":"https:\/\/footdavant.fr\/actualites\/#website"},"datePublished":"2026-02-10T10:48:08+00:00","dateModified":"2026-02-10T10:48:10+00:00","breadcrumb":{"@id":"https:\/\/footdavant.fr\/actualites\/passe-present-futur-un-blog-darsenal\/#breadcrumb"},"inLanguage":"fr-FR","potentialAction":[{"@type":"ReadAction","target":["https:\/\/footdavant.fr\/actualites\/passe-present-futur-un-blog-darsenal\/"]}]},{"@type":"BreadcrumbList","@id":"https:\/\/footdavant.fr\/actualites\/passe-present-futur-un-blog-darsenal\/#breadcrumb","itemListElement":[{"@type":"ListItem","position":1,"name":"Accueil","item":"https:\/\/footdavant.fr\/actualites\/"},{"@type":"ListItem","position":2,"name":"Pass\u00e9, pr\u00e9sent, futur&#8230; | &#8230;un blog d&#39;Arsenal"}]},{"@type":"WebSite","@id":"https:\/\/footdavant.fr\/actualites\/#website","url":"https:\/\/footdavant.fr\/actualites\/","name":"Foot d'avant","description":"","publisher":{"@id":"https:\/\/footdavant.fr\/actualites\/#organization"},"potentialAction":[{"@type":"SearchAction","target":{"@type":"EntryPoint","urlTemplate":"https:\/\/footdavant.fr\/actualites\/?s={search_term_string}"},"query-input":"required name=search_term_string"}],"inLanguage":"fr-FR"},{"@type":"Organization","@id":"https:\/\/footdavant.fr\/actualites\/#organization","name":"Foot d'avant","url":"https:\/\/footdavant.fr\/actualites\/","logo":{"@type":"ImageObject","inLanguage":"fr-FR","@id":"https:\/\/footdavant.fr\/actualites\/#\/schema\/logo\/image\/","url":"https:\/\/footdavant.fr\/actualites\/wp-content\/uploads\/2023\/09\/Copy-of-FootDavant-Logo.png","contentUrl":"https:\/\/footdavant.fr\/actualites\/wp-content\/uploads\/2023\/09\/Copy-of-FootDavant-Logo.png","width":936,"height":549,"caption":"Foot d'avant"},"image":{"@id":"https:\/\/footdavant.fr\/actualites\/#\/schema\/logo\/image\/"},"sameAs":["https:\/\/www.facebook.com\/Footdavant\/","https:\/\/twitter.com\/FootdavantFr","https:\/\/www.instagram.com\/footdavant.fr\/"]},{"@type":"Person","@id":"https:\/\/footdavant.fr\/actualites\/#\/schema\/person\/bc222566d95871b37e597b3ed3ba5e1d","name":"Cl\u00e9ment","image":{"@type":"ImageObject","inLanguage":"fr-FR","@id":"https:\/\/footdavant.fr\/actualites\/#\/schema\/person\/image\/","url":"https:\/\/secure.gravatar.com\/avatar\/7728b29aac2719421e1a9159b2254c44?s=96&d=mm&r=g","contentUrl":"https:\/\/secure.gravatar.com\/avatar\/7728b29aac2719421e1a9159b2254c44?s=96&d=mm&r=g","caption":"Cl\u00e9ment"},"sameAs":["https:\/\/footdavant.fr\/"]}]}},"_links":{"self":[{"href":"https:\/\/footdavant.fr\/actualites\/wp-json\/wp\/v2\/posts\/34342"}],"collection":[{"href":"https:\/\/footdavant.fr\/actualites\/wp-json\/wp\/v2\/posts"}],"about":[{"href":"https:\/\/footdavant.fr\/actualites\/wp-json\/wp\/v2\/types\/post"}],"author":[{"embeddable":true,"href":"https:\/\/footdavant.fr\/actualites\/wp-json\/wp\/v2\/users\/1"}],"replies":[{"embeddable":true,"href":"https:\/\/footdavant.fr\/actualites\/wp-json\/wp\/v2\/comments?post=34342"}],"version-history":[{"count":1,"href":"https:\/\/footdavant.fr\/actualites\/wp-json\/wp\/v2\/posts\/34342\/revisions"}],"predecessor-version":[{"id":34344,"href":"https:\/\/footdavant.fr\/actualites\/wp-json\/wp\/v2\/posts\/34342\/revisions\/34344"}],"wp:featuredmedia":[{"embeddable":true,"href":"https:\/\/footdavant.fr\/actualites\/wp-json\/wp\/v2\/media\/34343"}],"wp:attachment":[{"href":"https:\/\/footdavant.fr\/actualites\/wp-json\/wp\/v2\/media?parent=34342"}],"wp:term":[{"taxonomy":"category","embeddable":true,"href":"https:\/\/footdavant.fr\/actualites\/wp-json\/wp\/v2\/categories?post=34342"},{"taxonomy":"post_tag","embeddable":true,"href":"https:\/\/footdavant.fr\/actualites\/wp-json\/wp\/v2\/tags?post=34342"}],"curies":[{"name":"wp","href":"https:\/\/api.w.org\/{rel}","templated":true}]}}