{"id":34345,"date":"2026-02-10T13:48:15","date_gmt":"2026-02-10T12:48:15","guid":{"rendered":"https:\/\/footdavant.fr\/actualites\/nouvelles-des-blessures-a-chelsea-liam-rosenior-double-la-rotation-de-lequipe-et-parle-du-bien-etre-des-joueurs\/"},"modified":"2026-02-10T13:48:17","modified_gmt":"2026-02-10T12:48:17","slug":"nouvelles-des-blessures-a-chelsea-liam-rosenior-double-la-rotation-de-lequipe-et-parle-du-bien-etre-des-joueurs","status":"publish","type":"post","link":"https:\/\/footdavant.fr\/actualites\/nouvelles-des-blessures-a-chelsea-liam-rosenior-double-la-rotation-de-lequipe-et-parle-du-bien-etre-des-joueurs\/","title":{"rendered":"Nouvelles des blessures \u00e0 Chelsea: Liam Rosenior double la rotation de l&#39;\u00e9quipe et parle du \u00ab\u00a0bien-\u00eatre\u00a0\u00bb des joueurs"},"content":{"rendered":"<div itemprop=\"articleBody\">\n<p>L&#39;entra\u00eeneur-chef Liam Rosenior a admis qu&#39;il \u00e9tait devenu tr\u00e8s \u00ab\u00a0conscient\u00a0\u00bb de la charge de travail de l&#39;\u00e9quipe de Chelsea au cours des huit derniers mois.<\/p>\n<p>Depuis son arriv\u00e9e \u00e0 Stamford Bridge le mois dernier, Rosenior a supervis\u00e9 huit matches en moins de quatre semaines.<\/p>\n<p>En plus de ne pas prendre de risques sur la forme physique de ses joueurs, l&#39;Anglais a fr\u00e9quemment effectu\u00e9 des rotations, qu&#39;il s&#39;agisse de son effectif ou de sa tactique.<\/p>\n<p>Rosenior a \u00e9t\u00e9 critiqu\u00e9 pour avoir apport\u00e9 sept changements lors du match de Premier League du week-end dernier contre West Ham United, ainsi que pour avoir gard\u00e9 Cole Palmer sur le banc des rempla\u00e7ants contre Arsenal en milieu de semaine jusqu&#39;\u00e0 l&#39;heure de jeu.<\/p>\n<p>N\u00e9anmoins, lors d&#39;une conf\u00e9rence de presse jeudi, Rosenior a r\u00e9v\u00e9l\u00e9 que Palmer acceptait la situation alors qu&#39;il tentait d&#39;avoir une \u00ab\u00a0vue d&#39;ensemble\u00a0\u00bb.<\/p>\n<div>\n<div>\n<p>\u00a9 Imago \/ Mark Douleur<\/p>\n<\/div>\n<\/div>\n<h2>Rosenior parle du \u00ab\u00a0bien-\u00eatre\u00a0\u00bb de l&#39;\u00e9quipe de Chelsea<\/h2>\n<p>Lorsqu&#39;on lui a demand\u00e9 si Palmer avait compris sa position, Rosenior a d\u00e9clar\u00e9 aux journalistes : \u00ab\u00a0Il a \u00e9t\u00e9 magnifique. Il a \u00e9t\u00e9 magnifique. Il veut jouer chaque minute de chaque match.<\/p>\n<p>\u00ab\u00a0Nous connaissons le joueur qu&#39;il est, le personnage qu&#39;il est, mais il m\u00fbrit \u00e9galement en tant qu&#39;\u00eatre humain. Et il comprend la situation dans son ensemble, qui est sa carri\u00e8re.<\/p>\n<p>\u00ab\u00a0Gardant \u00e0 l&#39;esprit, j&#39;en suis tr\u00e8s conscient, les gars ont jou\u00e9 la Coupe du monde des clubs, puis ils ont travers\u00e9 l&#39;\u00e9t\u00e9 sans interruption. Et ils doivent jouer tellement de matchs.<\/p>\n<p>\u00ab\u00a0Notre calendrier a \u00e9t\u00e9 fou. Ensuite, ils ont des Coupes du monde \u00e0 disputer et des matchs internationaux \u00e0 jouer. Je veux m&#39;assurer que le bien-\u00eatre est correct pour ces joueurs, pour leur carri\u00e8re \u00e9galement.\u00a0\u00bb<\/p>\n<div>\n<div><img decoding=\"async\" data-img-id=\"156644\" class=\"lazy\" loading=\"lazy\" src=\"https:\/\/footdavant.fr\/actualites\/wp-content\/uploads\/2026\/02\/Nouvelles-des-blessures-a-Chelsea-Liam-Rosenior-double-la-rotation.webp\"\/><\/p>\n<p>\u00a9 Imago \/ Mark Douleur<\/p>\n<\/div>\n<\/div>\n<h2>Combien de matchs Chelsea a-t-il jou\u00e9 en 2025-26 ?<\/h2>\n<p>Chelsea a d\u00e9j\u00e0 disput\u00e9 38 matches toutes comp\u00e9titions confondues au cours de la p\u00e9riode 2025-26\u00a0: vingt-quatre en Premier League, huit en Ligue des champions, cinq en Coupe EFL et un en FA Cup.<\/p>\n<p>Pendant ce temps, ils ont d\u00e9j\u00e0 jou\u00e9 10 fois depuis le 4 janvier. Leur programme intense se poursuit avec des matchs contre Wolverhampton Wanderers, Leeds United et Hull City entre le 7 et le 13 f\u00e9vrier.<\/p>\n<p>Rosenior et ses joueurs auront enfin un peu de r\u00e9pit au cours de la seconde moiti\u00e9 du mois o\u00f9 le seul match qu&#39;ils disputeront aura lieu \u00e0 domicile contre Burnley le 21 f\u00e9vrier.<\/p>\n<p>Dix membres de l\u2019\u00e9quipe premi\u00e8re ont d\u00e9j\u00e0 fait 30 apparitions ou plus en 2025-2026. Quatre joueurs &#8211; Enzo Fernandez, Pedro Neto, Trevoh Chalobah et Joao Pedro &#8211; n&#39;ont manqu\u00e9 que deux \u00e9quipes depuis la mi-ao\u00fbt.<\/p>\n<\/div>\n","protected":false},"excerpt":{"rendered":"<p>L&#39;entra\u00eeneur-chef Liam Rosenior a admis qu&#39;il \u00e9tait devenu tr\u00e8s \u00ab\u00a0conscient\u00a0\u00bb de la charge de travail de l&#39;\u00e9quipe de Chelsea au cours des huit derniers mois.<\/p>\n","protected":false},"author":1,"featured_media":34346,"comment_status":"closed","ping_status":"","sticky":false,"template":"","format":"standard","meta":{"footnotes":""},"categories":[5],"tags":[10965,155,171,12,317,220,4219,5457,461,772,10942,290],"yoast_head":"<!-- This site is optimized with the Yoast SEO plugin v21.0 - https:\/\/yoast.com\/wordpress\/plugins\/seo\/ -->\n<title>Nouvelles des blessures \u00e0 Chelsea: Liam Rosenior double la rotation de l&#039;\u00e9quipe et parle du &quot;bien-\u00eatre&quot; des joueurs<\/title>\n<meta name=\"robots\" content=\"index, follow, max-snippet:-1, max-image-preview:large, max-video-preview:-1\" \/>\n<link rel=\"canonical\" href=\"https:\/\/footdavant.fr\/actualites\/nouvelles-des-blessures-a-chelsea-liam-rosenior-double-la-rotation-de-lequipe-et-parle-du-bien-etre-des-joueurs\/\" \/>\n<meta property=\"og:locale\" content=\"fr_FR\" \/>\n<meta property=\"og:type\" content=\"article\" \/>\n<meta property=\"og:title\" content=\"Nouvelles des blessures \u00e0 Chelsea: Liam Rosenior double la rotation de l&#039;\u00e9quipe et parle du &quot;bien-\u00eatre&quot; des joueurs\" \/>\n<meta property=\"og:description\" content=\"L&#039;entra\u00eeneur-chef Liam Rosenior a admis qu&#039;il \u00e9tait devenu tr\u00e8s \u00ab\u00a0conscient\u00a0\u00bb de la charge de travail de l&#039;\u00e9quipe de Chelsea au cours des huit derniers mois.\" \/>\n<meta property=\"og:url\" content=\"https:\/\/footdavant.fr\/actualites\/nouvelles-des-blessures-a-chelsea-liam-rosenior-double-la-rotation-de-lequipe-et-parle-du-bien-etre-des-joueurs\/\" \/>\n<meta property=\"og:site_name\" content=\"Foot d&#039;avant\" \/>\n<meta property=\"article:publisher\" content=\"https:\/\/www.facebook.com\/Footdavant\/\" \/>\n<meta property=\"article:published_time\" content=\"2026-02-10T12:48:15+00:00\" \/>\n<meta property=\"article:modified_time\" content=\"2026-02-10T12:48:17+00:00\" \/>\n<meta property=\"og:image\" content=\"https:\/\/footdavant.fr\/actualites\/wp-content\/uploads\/2026\/02\/Nouvelles-des-blessures-a-Chelsea-Liam-Rosenior-double-la-rotation.net2Fuploads2F20262F012Fnews-images-chel.webp\" \/>\n\t<meta property=\"og:image:width\" content=\"720\" \/>\n\t<meta property=\"og:image:height\" content=\"410\" \/>\n\t<meta property=\"og:image:type\" content=\"image\/webp\" \/>\n<meta name=\"author\" content=\"Cl\u00e9ment\" \/>\n<meta name=\"twitter:card\" content=\"summary_large_image\" \/>\n<meta name=\"twitter:creator\" content=\"@FootdavantFr\" \/>\n<meta name=\"twitter:site\" content=\"@FootdavantFr\" \/>\n<meta name=\"twitter:label1\" content=\"\u00c9crit par\" \/>\n\t<meta name=\"twitter:data1\" content=\"Cl\u00e9ment\" \/>\n\t<meta name=\"twitter:label2\" content=\"Dur\u00e9e de lecture estim\u00e9e\" \/>\n\t<meta name=\"twitter:data2\" content=\"2 minutes\" \/>\n<script type=\"application\/ld+json\" class=\"yoast-schema-graph\">{\"@context\":\"https:\/\/schema.org\",\"@graph\":[{\"@type\":\"Article\",\"@id\":\"https:\/\/footdavant.fr\/actualites\/nouvelles-des-blessures-a-chelsea-liam-rosenior-double-la-rotation-de-lequipe-et-parle-du-bien-etre-des-joueurs\/#article\",\"isPartOf\":{\"@id\":\"https:\/\/footdavant.fr\/actualites\/nouvelles-des-blessures-a-chelsea-liam-rosenior-double-la-rotation-de-lequipe-et-parle-du-bien-etre-des-joueurs\/\"},\"author\":{\"name\":\"Cl\u00e9ment\",\"@id\":\"https:\/\/footdavant.fr\/actualites\/#\/schema\/person\/bc222566d95871b37e597b3ed3ba5e1d\"},\"headline\":\"Nouvelles des blessures \u00e0 Chelsea: Liam Rosenior double la rotation de l&#39;\u00e9quipe et parle du \u00ab\u00a0bien-\u00eatre\u00a0\u00bb des joueurs\",\"datePublished\":\"2026-02-10T12:48:15+00:00\",\"dateModified\":\"2026-02-10T12:48:17+00:00\",\"mainEntityOfPage\":{\"@id\":\"https:\/\/footdavant.fr\/actualites\/nouvelles-des-blessures-a-chelsea-liam-rosenior-double-la-rotation-de-lequipe-et-parle-du-bien-etre-des-joueurs\/\"},\"wordCount\":482,\"publisher\":{\"@id\":\"https:\/\/footdavant.fr\/actualites\/#organization\"},\"keywords\":[\"Bien\u00eatre\",\"blessures\",\"Chelsea\",\"des\",\"doubl\u00e9\",\"joueurs\",\"l39\u00e9quipe\",\"Liam\",\"Nouvelles\",\"parl\u00e9\",\"Rosenior\",\"rotation\"],\"articleSection\":[\"Premier League\"],\"inLanguage\":\"fr-FR\"},{\"@type\":\"WebPage\",\"@id\":\"https:\/\/footdavant.fr\/actualites\/nouvelles-des-blessures-a-chelsea-liam-rosenior-double-la-rotation-de-lequipe-et-parle-du-bien-etre-des-joueurs\/\",\"url\":\"https:\/\/footdavant.fr\/actualites\/nouvelles-des-blessures-a-chelsea-liam-rosenior-double-la-rotation-de-lequipe-et-parle-du-bien-etre-des-joueurs\/\",\"name\":\"Nouvelles des blessures \u00e0 Chelsea: Liam Rosenior double la rotation de l&#39;\u00e9quipe et parle du \\\"bien-\u00eatre\\\" des joueurs\",\"isPartOf\":{\"@id\":\"https:\/\/footdavant.fr\/actualites\/#website\"},\"datePublished\":\"2026-02-10T12:48:15+00:00\",\"dateModified\":\"2026-02-10T12:48:17+00:00\",\"breadcrumb\":{\"@id\":\"https:\/\/footdavant.fr\/actualites\/nouvelles-des-blessures-a-chelsea-liam-rosenior-double-la-rotation-de-lequipe-et-parle-du-bien-etre-des-joueurs\/#breadcrumb\"},\"inLanguage\":\"fr-FR\",\"potentialAction\":[{\"@type\":\"ReadAction\",\"target\":[\"https:\/\/footdavant.fr\/actualites\/nouvelles-des-blessures-a-chelsea-liam-rosenior-double-la-rotation-de-lequipe-et-parle-du-bien-etre-des-joueurs\/\"]}]},{\"@type\":\"BreadcrumbList\",\"@id\":\"https:\/\/footdavant.fr\/actualites\/nouvelles-des-blessures-a-chelsea-liam-rosenior-double-la-rotation-de-lequipe-et-parle-du-bien-etre-des-joueurs\/#breadcrumb\",\"itemListElement\":[{\"@type\":\"ListItem\",\"position\":1,\"name\":\"Accueil\",\"item\":\"https:\/\/footdavant.fr\/actualites\/\"},{\"@type\":\"ListItem\",\"position\":2,\"name\":\"Nouvelles des blessures \u00e0 Chelsea: Liam Rosenior double la rotation de l&#39;\u00e9quipe et parle du \u00ab\u00a0bien-\u00eatre\u00a0\u00bb des joueurs\"}]},{\"@type\":\"WebSite\",\"@id\":\"https:\/\/footdavant.fr\/actualites\/#website\",\"url\":\"https:\/\/footdavant.fr\/actualites\/\",\"name\":\"Foot d'avant\",\"description\":\"\",\"publisher\":{\"@id\":\"https:\/\/footdavant.fr\/actualites\/#organization\"},\"potentialAction\":[{\"@type\":\"SearchAction\",\"target\":{\"@type\":\"EntryPoint\",\"urlTemplate\":\"https:\/\/footdavant.fr\/actualites\/?s={search_term_string}\"},\"query-input\":\"required name=search_term_string\"}],\"inLanguage\":\"fr-FR\"},{\"@type\":\"Organization\",\"@id\":\"https:\/\/footdavant.fr\/actualites\/#organization\",\"name\":\"Foot d'avant\",\"url\":\"https:\/\/footdavant.fr\/actualites\/\",\"logo\":{\"@type\":\"ImageObject\",\"inLanguage\":\"fr-FR\",\"@id\":\"https:\/\/footdavant.fr\/actualites\/#\/schema\/logo\/image\/\",\"url\":\"https:\/\/footdavant.fr\/actualites\/wp-content\/uploads\/2023\/09\/Copy-of-FootDavant-Logo.png\",\"contentUrl\":\"https:\/\/footdavant.fr\/actualites\/wp-content\/uploads\/2023\/09\/Copy-of-FootDavant-Logo.png\",\"width\":936,\"height\":549,\"caption\":\"Foot d'avant\"},\"image\":{\"@id\":\"https:\/\/footdavant.fr\/actualites\/#\/schema\/logo\/image\/\"},\"sameAs\":[\"https:\/\/www.facebook.com\/Footdavant\/\",\"https:\/\/twitter.com\/FootdavantFr\",\"https:\/\/www.instagram.com\/footdavant.fr\/\"]},{\"@type\":\"Person\",\"@id\":\"https:\/\/footdavant.fr\/actualites\/#\/schema\/person\/bc222566d95871b37e597b3ed3ba5e1d\",\"name\":\"Cl\u00e9ment\",\"image\":{\"@type\":\"ImageObject\",\"inLanguage\":\"fr-FR\",\"@id\":\"https:\/\/footdavant.fr\/actualites\/#\/schema\/person\/image\/\",\"url\":\"https:\/\/secure.gravatar.com\/avatar\/7728b29aac2719421e1a9159b2254c44?s=96&d=mm&r=g\",\"contentUrl\":\"https:\/\/secure.gravatar.com\/avatar\/7728b29aac2719421e1a9159b2254c44?s=96&d=mm&r=g\",\"caption\":\"Cl\u00e9ment\"},\"sameAs\":[\"https:\/\/footdavant.fr\/\"]}]}<\/script>\n<!-- \/ Yoast SEO plugin. -->","yoast_head_json":{"title":"Nouvelles des blessures \u00e0 Chelsea: Liam Rosenior double la rotation de l&#39;\u00e9quipe et parle du \"bien-\u00eatre\" des joueurs","robots":{"index":"index","follow":"follow","max-snippet":"max-snippet:-1","max-image-preview":"max-image-preview:large","max-video-preview":"max-video-preview:-1"},"canonical":"https:\/\/footdavant.fr\/actualites\/nouvelles-des-blessures-a-chelsea-liam-rosenior-double-la-rotation-de-lequipe-et-parle-du-bien-etre-des-joueurs\/","og_locale":"fr_FR","og_type":"article","og_title":"Nouvelles des blessures \u00e0 Chelsea: Liam Rosenior double la rotation de l&#39;\u00e9quipe et parle du \"bien-\u00eatre\" des joueurs","og_description":"L&#39;entra\u00eeneur-chef Liam Rosenior a admis qu&#39;il \u00e9tait devenu tr\u00e8s \u00ab\u00a0conscient\u00a0\u00bb de la charge de travail de l&#39;\u00e9quipe de Chelsea au cours des huit derniers mois.","og_url":"https:\/\/footdavant.fr\/actualites\/nouvelles-des-blessures-a-chelsea-liam-rosenior-double-la-rotation-de-lequipe-et-parle-du-bien-etre-des-joueurs\/","og_site_name":"Foot d&#039;avant","article_publisher":"https:\/\/www.facebook.com\/Footdavant\/","article_published_time":"2026-02-10T12:48:15+00:00","article_modified_time":"2026-02-10T12:48:17+00:00","og_image":[{"width":720,"height":410,"url":"https:\/\/footdavant.fr\/actualites\/wp-content\/uploads\/2026\/02\/Nouvelles-des-blessures-a-Chelsea-Liam-Rosenior-double-la-rotation.net2Fuploads2F20262F012Fnews-images-chel.webp","type":"image\/webp"}],"author":"Cl\u00e9ment","twitter_card":"summary_large_image","twitter_creator":"@FootdavantFr","twitter_site":"@FootdavantFr","twitter_misc":{"\u00c9crit par":"Cl\u00e9ment","Dur\u00e9e de lecture estim\u00e9e":"2 minutes"},"schema":{"@context":"https:\/\/schema.org","@graph":[{"@type":"Article","@id":"https:\/\/footdavant.fr\/actualites\/nouvelles-des-blessures-a-chelsea-liam-rosenior-double-la-rotation-de-lequipe-et-parle-du-bien-etre-des-joueurs\/#article","isPartOf":{"@id":"https:\/\/footdavant.fr\/actualites\/nouvelles-des-blessures-a-chelsea-liam-rosenior-double-la-rotation-de-lequipe-et-parle-du-bien-etre-des-joueurs\/"},"author":{"name":"Cl\u00e9ment","@id":"https:\/\/footdavant.fr\/actualites\/#\/schema\/person\/bc222566d95871b37e597b3ed3ba5e1d"},"headline":"Nouvelles des blessures \u00e0 Chelsea: Liam Rosenior double la rotation de l&#39;\u00e9quipe et parle du \u00ab\u00a0bien-\u00eatre\u00a0\u00bb des joueurs","datePublished":"2026-02-10T12:48:15+00:00","dateModified":"2026-02-10T12:48:17+00:00","mainEntityOfPage":{"@id":"https:\/\/footdavant.fr\/actualites\/nouvelles-des-blessures-a-chelsea-liam-rosenior-double-la-rotation-de-lequipe-et-parle-du-bien-etre-des-joueurs\/"},"wordCount":482,"publisher":{"@id":"https:\/\/footdavant.fr\/actualites\/#organization"},"keywords":["Bien\u00eatre","blessures","Chelsea","des","doubl\u00e9","joueurs","l39\u00e9quipe","Liam","Nouvelles","parl\u00e9","Rosenior","rotation"],"articleSection":["Premier League"],"inLanguage":"fr-FR"},{"@type":"WebPage","@id":"https:\/\/footdavant.fr\/actualites\/nouvelles-des-blessures-a-chelsea-liam-rosenior-double-la-rotation-de-lequipe-et-parle-du-bien-etre-des-joueurs\/","url":"https:\/\/footdavant.fr\/actualites\/nouvelles-des-blessures-a-chelsea-liam-rosenior-double-la-rotation-de-lequipe-et-parle-du-bien-etre-des-joueurs\/","name":"Nouvelles des blessures \u00e0 Chelsea: Liam Rosenior double la rotation de l&#39;\u00e9quipe et parle du \"bien-\u00eatre\" des joueurs","isPartOf":{"@id":"https:\/\/footdavant.fr\/actualites\/#website"},"datePublished":"2026-02-10T12:48:15+00:00","dateModified":"2026-02-10T12:48:17+00:00","breadcrumb":{"@id":"https:\/\/footdavant.fr\/actualites\/nouvelles-des-blessures-a-chelsea-liam-rosenior-double-la-rotation-de-lequipe-et-parle-du-bien-etre-des-joueurs\/#breadcrumb"},"inLanguage":"fr-FR","potentialAction":[{"@type":"ReadAction","target":["https:\/\/footdavant.fr\/actualites\/nouvelles-des-blessures-a-chelsea-liam-rosenior-double-la-rotation-de-lequipe-et-parle-du-bien-etre-des-joueurs\/"]}]},{"@type":"BreadcrumbList","@id":"https:\/\/footdavant.fr\/actualites\/nouvelles-des-blessures-a-chelsea-liam-rosenior-double-la-rotation-de-lequipe-et-parle-du-bien-etre-des-joueurs\/#breadcrumb","itemListElement":[{"@type":"ListItem","position":1,"name":"Accueil","item":"https:\/\/footdavant.fr\/actualites\/"},{"@type":"ListItem","position":2,"name":"Nouvelles des blessures \u00e0 Chelsea: Liam Rosenior double la rotation de l&#39;\u00e9quipe et parle du \u00ab\u00a0bien-\u00eatre\u00a0\u00bb des joueurs"}]},{"@type":"WebSite","@id":"https:\/\/footdavant.fr\/actualites\/#website","url":"https:\/\/footdavant.fr\/actualites\/","name":"Foot d'avant","description":"","publisher":{"@id":"https:\/\/footdavant.fr\/actualites\/#organization"},"potentialAction":[{"@type":"SearchAction","target":{"@type":"EntryPoint","urlTemplate":"https:\/\/footdavant.fr\/actualites\/?s={search_term_string}"},"query-input":"required name=search_term_string"}],"inLanguage":"fr-FR"},{"@type":"Organization","@id":"https:\/\/footdavant.fr\/actualites\/#organization","name":"Foot d'avant","url":"https:\/\/footdavant.fr\/actualites\/","logo":{"@type":"ImageObject","inLanguage":"fr-FR","@id":"https:\/\/footdavant.fr\/actualites\/#\/schema\/logo\/image\/","url":"https:\/\/footdavant.fr\/actualites\/wp-content\/uploads\/2023\/09\/Copy-of-FootDavant-Logo.png","contentUrl":"https:\/\/footdavant.fr\/actualites\/wp-content\/uploads\/2023\/09\/Copy-of-FootDavant-Logo.png","width":936,"height":549,"caption":"Foot d'avant"},"image":{"@id":"https:\/\/footdavant.fr\/actualites\/#\/schema\/logo\/image\/"},"sameAs":["https:\/\/www.facebook.com\/Footdavant\/","https:\/\/twitter.com\/FootdavantFr","https:\/\/www.instagram.com\/footdavant.fr\/"]},{"@type":"Person","@id":"https:\/\/footdavant.fr\/actualites\/#\/schema\/person\/bc222566d95871b37e597b3ed3ba5e1d","name":"Cl\u00e9ment","image":{"@type":"ImageObject","inLanguage":"fr-FR","@id":"https:\/\/footdavant.fr\/actualites\/#\/schema\/person\/image\/","url":"https:\/\/secure.gravatar.com\/avatar\/7728b29aac2719421e1a9159b2254c44?s=96&d=mm&r=g","contentUrl":"https:\/\/secure.gravatar.com\/avatar\/7728b29aac2719421e1a9159b2254c44?s=96&d=mm&r=g","caption":"Cl\u00e9ment"},"sameAs":["https:\/\/footdavant.fr\/"]}]}},"_links":{"self":[{"href":"https:\/\/footdavant.fr\/actualites\/wp-json\/wp\/v2\/posts\/34345"}],"collection":[{"href":"https:\/\/footdavant.fr\/actualites\/wp-json\/wp\/v2\/posts"}],"about":[{"href":"https:\/\/footdavant.fr\/actualites\/wp-json\/wp\/v2\/types\/post"}],"author":[{"embeddable":true,"href":"https:\/\/footdavant.fr\/actualites\/wp-json\/wp\/v2\/users\/1"}],"replies":[{"embeddable":true,"href":"https:\/\/footdavant.fr\/actualites\/wp-json\/wp\/v2\/comments?post=34345"}],"version-history":[{"count":1,"href":"https:\/\/footdavant.fr\/actualites\/wp-json\/wp\/v2\/posts\/34345\/revisions"}],"predecessor-version":[{"id":34347,"href":"https:\/\/footdavant.fr\/actualites\/wp-json\/wp\/v2\/posts\/34345\/revisions\/34347"}],"wp:featuredmedia":[{"embeddable":true,"href":"https:\/\/footdavant.fr\/actualites\/wp-json\/wp\/v2\/media\/34346"}],"wp:attachment":[{"href":"https:\/\/footdavant.fr\/actualites\/wp-json\/wp\/v2\/media?parent=34345"}],"wp:term":[{"taxonomy":"category","embeddable":true,"href":"https:\/\/footdavant.fr\/actualites\/wp-json\/wp\/v2\/categories?post=34345"},{"taxonomy":"post_tag","embeddable":true,"href":"https:\/\/footdavant.fr\/actualites\/wp-json\/wp\/v2\/tags?post=34345"}],"curies":[{"name":"wp","href":"https:\/\/api.w.org\/{rel}","templated":true}]}}