{"id":34363,"date":"2026-02-11T01:48:08","date_gmt":"2026-02-11T00:48:08","guid":{"rendered":"https:\/\/footdavant.fr\/actualites\/nouvelles-des-blessures-a-chelsea-mises-a-jour-sur-reece-james-pedro-neto-et-jamie-gittens-fournies-avant-le-match-des-wolverhampton-wanderers\/"},"modified":"2026-02-11T01:48:10","modified_gmt":"2026-02-11T00:48:10","slug":"nouvelles-des-blessures-a-chelsea-mises-a-jour-sur-reece-james-pedro-neto-et-jamie-gittens-fournies-avant-le-match-des-wolverhampton-wanderers","status":"publish","type":"post","link":"https:\/\/footdavant.fr\/actualites\/nouvelles-des-blessures-a-chelsea-mises-a-jour-sur-reece-james-pedro-neto-et-jamie-gittens-fournies-avant-le-match-des-wolverhampton-wanderers\/","title":{"rendered":"Nouvelles des blessures \u00e0 Chelsea: mises \u00e0 jour sur Reece James, Pedro Neto et Jamie Gittens fournies avant le match des Wolverhampton Wanderers"},"content":{"rendered":"<div itemprop=\"articleBody\">\n<p>L&#39;entra\u00eeneur-chef de Chelsea, Liam Rosenior, a sugg\u00e9r\u00e9 que Reece James et Pedro Neto restaient incertains pour le match de Premier League de samedi \u00e0 Wolverhampton Wanderers.<\/p>\n<p>Les Blues poursuivent leur programme charg\u00e9 avec un d\u00e9placement \u00e0 Molineux alors qu&#39;ils tentent de rester dans le top cinq du classement de la Premier League.<\/p>\n<p>Rosenior est charg\u00e9 d&#39;aider ses joueurs \u00e0 rebondir apr\u00e8s la d\u00e9ception de leur \u00e9limination de la Coupe EFL en demi-finale contre Arsenal mardi soir.<\/p>\n<p>James et Neto \u00e9taient tous deux absents notables de cette rencontre, les deux hommes n&#39;ayant pas r\u00e9ussi les tests de condition physique le jour du match.<\/p>\n<p>S&#39;exprimant lors d&#39;une conf\u00e9rence de presse jeudi, Rosenior a indiqu\u00e9 que le duo continuerait d&#39;\u00eatre \u00e9valu\u00e9 et fournirait une mise \u00e0 jour plus pr\u00e9occupante sur Jamie Gittens.<\/p>\n<div>\n<div>\n<div>\n<p>\u00a9 Imago \/ Images d&#39;actualit\u00e9<\/p>\n<\/div>\n<\/div>\n<\/div>\n<h2>Rosenior r\u00e9v\u00e8le le licenciement \u00e0 long terme de son ailier<\/h2>\n<p>Rosenior a d\u00e9clar\u00e9 aux m\u00e9dias que Gittens \u00e9tait sur le point d&#39;\u00eatre mis \u00e0 pied \u00e0 long terme en raison de la blessure aux ischio-jambiers qu&#39;il a subie contre West Ham United le week-end dernier.<\/p>\n<p>L&#39;Anglais a d\u00e9clar\u00e9 : \u00ab\u00a0Je ne sais pas encore. Nous nous sommes entra\u00een\u00e9s aujourd&#39;hui, c&#39;\u00e9tait une journ\u00e9e de r\u00e9cup\u00e9ration pour les gars qui ont jou\u00e9 un match physique tr\u00e8s difficile mardi. Nous v\u00e9rifierons avec eux demain et nous prendrons alors une d\u00e9cision.<\/p>\n<p>\u00ab\u00a0Jamie, il envisage un peu plus de long terme. C&#39;est vraiment dommage pour lui. Il a une d\u00e9chirure aux ischio-jambiers, ce qui est vraiment dommage pour lui.<\/p>\n<p>\u00ab\u00a0Je n&#39;ai pas travaill\u00e9 avec lui depuis trop longtemps. \u00c9videmment, je connais sa carri\u00e8re et \u00e0 quel point il est un joueur exceptionnel. Oui, donc \u00e7a va \u00eatre un gros rat\u00e9 pour nous.\u00a0\u00bb<\/p>\n<div>\n<div><img decoding=\"async\" data-img-id=\"155533\" class=\"lazy\" loading=\"lazy\" src=\"https:\/\/footdavant.fr\/actualites\/wp-content\/uploads\/2026\/02\/1770770888_885_Nouvelles-des-blessures-a-Chelsea-mises-a-jour-sur-Reece.webp\"\/><\/p>\n<p>\u00a9 Imago \/ IPA Sport<\/p>\n<\/div>\n<\/div>\n<h2>Rosenior prendra-t-il des risques sur les joueurs seniors ?<\/h2>\n<p>James et Neto ayant pu passer des tests de condition physique mardi, la suggestion est qu&#39;ils devraient se porter bien pour le voyage dans les West Midlands.<\/p>\n<p>N\u00e9anmoins, Rosenior a souvent d\u00e9clar\u00e9 qu&#39;il ne prendrait pas de risques sur les joueurs \u00e0 ce stade de la saison.<\/p>\n<p>Chelsea disputera un match tous les trois jours jusqu&#39;au 13 f\u00e9vrier, Leeds United et Hull City suivront le match des Wolves.<\/p>\n<p>Lorsque la rotation de l&#39;\u00e9quipe est une n\u00e9cessit\u00e9, un sc\u00e9nario pourrait se produire dans lequel Rosenior garde James et Neto en r\u00e9serve pour la confrontation de Stamford Bridge avec Leeds United mardi.<\/p>\n<\/div>\n","protected":false},"excerpt":{"rendered":"<p>L&#39;entra\u00eeneur-chef de Chelsea, Liam Rosenior, a sugg\u00e9r\u00e9 que Reece James et Pedro Neto restaient incertains pour le match de Premier League de samedi \u00e0 Wolverhampton<\/p>\n","protected":false},"author":1,"featured_media":34364,"comment_status":"closed","ping_status":"","sticky":false,"template":"","format":"standard","meta":{"footnotes":""},"categories":[5],"tags":[491,155,171,12,10948,8806,111,1510,328,257,2836,397,461,396,1192,103,745,744],"yoast_head":"<!-- This site is optimized with the Yoast SEO plugin v21.0 - https:\/\/yoast.com\/wordpress\/plugins\/seo\/ -->\n<title>Nouvelles des blessures \u00e0 Chelsea: mises \u00e0 jour sur Reece James, Pedro Neto et Jamie Gittens fournies avant le match des Wolverhampton Wanderers<\/title>\n<meta name=\"robots\" content=\"index, follow, max-snippet:-1, max-image-preview:large, max-video-preview:-1\" \/>\n<link rel=\"canonical\" href=\"https:\/\/footdavant.fr\/actualites\/nouvelles-des-blessures-a-chelsea-mises-a-jour-sur-reece-james-pedro-neto-et-jamie-gittens-fournies-avant-le-match-des-wolverhampton-wanderers\/\" \/>\n<meta property=\"og:locale\" content=\"fr_FR\" \/>\n<meta property=\"og:type\" content=\"article\" \/>\n<meta property=\"og:title\" content=\"Nouvelles des blessures \u00e0 Chelsea: mises \u00e0 jour sur Reece James, Pedro Neto et Jamie Gittens fournies avant le match des Wolverhampton Wanderers\" \/>\n<meta property=\"og:description\" content=\"L&#039;entra\u00eeneur-chef de Chelsea, Liam Rosenior, a sugg\u00e9r\u00e9 que Reece James et Pedro Neto restaient incertains pour le match de Premier League de samedi \u00e0 Wolverhampton\" \/>\n<meta property=\"og:url\" content=\"https:\/\/footdavant.fr\/actualites\/nouvelles-des-blessures-a-chelsea-mises-a-jour-sur-reece-james-pedro-neto-et-jamie-gittens-fournies-avant-le-match-des-wolverhampton-wanderers\/\" \/>\n<meta property=\"og:site_name\" content=\"Foot d&#039;avant\" \/>\n<meta property=\"article:publisher\" content=\"https:\/\/www.facebook.com\/Footdavant\/\" \/>\n<meta property=\"article:published_time\" content=\"2026-02-11T00:48:08+00:00\" \/>\n<meta property=\"article:modified_time\" content=\"2026-02-11T00:48:10+00:00\" \/>\n<meta property=\"og:image\" content=\"https:\/\/footdavant.fr\/actualites\/wp-content\/uploads\/2026\/02\/Nouvelles-des-blessures-a-Chelsea-mises-a-jour-sur-Reece.net2Fuploads2F20252F112Fimago1068704784.webp\" \/>\n\t<meta property=\"og:image:width\" content=\"720\" \/>\n\t<meta property=\"og:image:height\" content=\"410\" \/>\n\t<meta property=\"og:image:type\" content=\"image\/webp\" \/>\n<meta name=\"author\" content=\"Cl\u00e9ment\" \/>\n<meta name=\"twitter:card\" content=\"summary_large_image\" \/>\n<meta name=\"twitter:creator\" content=\"@FootdavantFr\" \/>\n<meta name=\"twitter:site\" content=\"@FootdavantFr\" \/>\n<meta name=\"twitter:label1\" content=\"\u00c9crit par\" \/>\n\t<meta name=\"twitter:data1\" content=\"Cl\u00e9ment\" \/>\n\t<meta name=\"twitter:label2\" content=\"Dur\u00e9e de lecture estim\u00e9e\" \/>\n\t<meta name=\"twitter:data2\" content=\"2 minutes\" \/>\n<script type=\"application\/ld+json\" class=\"yoast-schema-graph\">{\"@context\":\"https:\/\/schema.org\",\"@graph\":[{\"@type\":\"Article\",\"@id\":\"https:\/\/footdavant.fr\/actualites\/nouvelles-des-blessures-a-chelsea-mises-a-jour-sur-reece-james-pedro-neto-et-jamie-gittens-fournies-avant-le-match-des-wolverhampton-wanderers\/#article\",\"isPartOf\":{\"@id\":\"https:\/\/footdavant.fr\/actualites\/nouvelles-des-blessures-a-chelsea-mises-a-jour-sur-reece-james-pedro-neto-et-jamie-gittens-fournies-avant-le-match-des-wolverhampton-wanderers\/\"},\"author\":{\"name\":\"Cl\u00e9ment\",\"@id\":\"https:\/\/footdavant.fr\/actualites\/#\/schema\/person\/bc222566d95871b37e597b3ed3ba5e1d\"},\"headline\":\"Nouvelles des blessures \u00e0 Chelsea: mises \u00e0 jour sur Reece James, Pedro Neto et Jamie Gittens fournies avant le match des Wolverhampton Wanderers\",\"datePublished\":\"2026-02-11T00:48:08+00:00\",\"dateModified\":\"2026-02-11T00:48:10+00:00\",\"mainEntityOfPage\":{\"@id\":\"https:\/\/footdavant.fr\/actualites\/nouvelles-des-blessures-a-chelsea-mises-a-jour-sur-reece-james-pedro-neto-et-jamie-gittens-fournies-avant-le-match-des-wolverhampton-wanderers\/\"},\"wordCount\":448,\"publisher\":{\"@id\":\"https:\/\/footdavant.fr\/actualites\/#organization\"},\"keywords\":[\"avant\",\"blessures\",\"Chelsea\",\"des\",\"fournies\",\"Gittens\",\"James\",\"Jamie\",\"jour\",\"match\",\"Mises\",\"Neto\",\"Nouvelles\",\"Pedro\",\"Reece\",\"sur\",\"Wanderers\",\"Wolverhampton\"],\"articleSection\":[\"Premier League\"],\"inLanguage\":\"fr-FR\"},{\"@type\":\"WebPage\",\"@id\":\"https:\/\/footdavant.fr\/actualites\/nouvelles-des-blessures-a-chelsea-mises-a-jour-sur-reece-james-pedro-neto-et-jamie-gittens-fournies-avant-le-match-des-wolverhampton-wanderers\/\",\"url\":\"https:\/\/footdavant.fr\/actualites\/nouvelles-des-blessures-a-chelsea-mises-a-jour-sur-reece-james-pedro-neto-et-jamie-gittens-fournies-avant-le-match-des-wolverhampton-wanderers\/\",\"name\":\"Nouvelles des blessures \u00e0 Chelsea: mises \u00e0 jour sur Reece James, Pedro Neto et Jamie Gittens fournies avant le match des Wolverhampton Wanderers\",\"isPartOf\":{\"@id\":\"https:\/\/footdavant.fr\/actualites\/#website\"},\"datePublished\":\"2026-02-11T00:48:08+00:00\",\"dateModified\":\"2026-02-11T00:48:10+00:00\",\"breadcrumb\":{\"@id\":\"https:\/\/footdavant.fr\/actualites\/nouvelles-des-blessures-a-chelsea-mises-a-jour-sur-reece-james-pedro-neto-et-jamie-gittens-fournies-avant-le-match-des-wolverhampton-wanderers\/#breadcrumb\"},\"inLanguage\":\"fr-FR\",\"potentialAction\":[{\"@type\":\"ReadAction\",\"target\":[\"https:\/\/footdavant.fr\/actualites\/nouvelles-des-blessures-a-chelsea-mises-a-jour-sur-reece-james-pedro-neto-et-jamie-gittens-fournies-avant-le-match-des-wolverhampton-wanderers\/\"]}]},{\"@type\":\"BreadcrumbList\",\"@id\":\"https:\/\/footdavant.fr\/actualites\/nouvelles-des-blessures-a-chelsea-mises-a-jour-sur-reece-james-pedro-neto-et-jamie-gittens-fournies-avant-le-match-des-wolverhampton-wanderers\/#breadcrumb\",\"itemListElement\":[{\"@type\":\"ListItem\",\"position\":1,\"name\":\"Accueil\",\"item\":\"https:\/\/footdavant.fr\/actualites\/\"},{\"@type\":\"ListItem\",\"position\":2,\"name\":\"Nouvelles des blessures \u00e0 Chelsea: mises \u00e0 jour sur Reece James, Pedro Neto et Jamie Gittens fournies avant le match des Wolverhampton Wanderers\"}]},{\"@type\":\"WebSite\",\"@id\":\"https:\/\/footdavant.fr\/actualites\/#website\",\"url\":\"https:\/\/footdavant.fr\/actualites\/\",\"name\":\"Foot d'avant\",\"description\":\"\",\"publisher\":{\"@id\":\"https:\/\/footdavant.fr\/actualites\/#organization\"},\"potentialAction\":[{\"@type\":\"SearchAction\",\"target\":{\"@type\":\"EntryPoint\",\"urlTemplate\":\"https:\/\/footdavant.fr\/actualites\/?s={search_term_string}\"},\"query-input\":\"required name=search_term_string\"}],\"inLanguage\":\"fr-FR\"},{\"@type\":\"Organization\",\"@id\":\"https:\/\/footdavant.fr\/actualites\/#organization\",\"name\":\"Foot d'avant\",\"url\":\"https:\/\/footdavant.fr\/actualites\/\",\"logo\":{\"@type\":\"ImageObject\",\"inLanguage\":\"fr-FR\",\"@id\":\"https:\/\/footdavant.fr\/actualites\/#\/schema\/logo\/image\/\",\"url\":\"https:\/\/footdavant.fr\/actualites\/wp-content\/uploads\/2023\/09\/Copy-of-FootDavant-Logo.png\",\"contentUrl\":\"https:\/\/footdavant.fr\/actualites\/wp-content\/uploads\/2023\/09\/Copy-of-FootDavant-Logo.png\",\"width\":936,\"height\":549,\"caption\":\"Foot d'avant\"},\"image\":{\"@id\":\"https:\/\/footdavant.fr\/actualites\/#\/schema\/logo\/image\/\"},\"sameAs\":[\"https:\/\/www.facebook.com\/Footdavant\/\",\"https:\/\/twitter.com\/FootdavantFr\",\"https:\/\/www.instagram.com\/footdavant.fr\/\"]},{\"@type\":\"Person\",\"@id\":\"https:\/\/footdavant.fr\/actualites\/#\/schema\/person\/bc222566d95871b37e597b3ed3ba5e1d\",\"name\":\"Cl\u00e9ment\",\"image\":{\"@type\":\"ImageObject\",\"inLanguage\":\"fr-FR\",\"@id\":\"https:\/\/footdavant.fr\/actualites\/#\/schema\/person\/image\/\",\"url\":\"https:\/\/secure.gravatar.com\/avatar\/7728b29aac2719421e1a9159b2254c44?s=96&d=mm&r=g\",\"contentUrl\":\"https:\/\/secure.gravatar.com\/avatar\/7728b29aac2719421e1a9159b2254c44?s=96&d=mm&r=g\",\"caption\":\"Cl\u00e9ment\"},\"sameAs\":[\"https:\/\/footdavant.fr\/\"]}]}<\/script>\n<!-- \/ Yoast SEO plugin. -->","yoast_head_json":{"title":"Nouvelles des blessures \u00e0 Chelsea: mises \u00e0 jour sur Reece James, Pedro Neto et Jamie Gittens fournies avant le match des Wolverhampton Wanderers","robots":{"index":"index","follow":"follow","max-snippet":"max-snippet:-1","max-image-preview":"max-image-preview:large","max-video-preview":"max-video-preview:-1"},"canonical":"https:\/\/footdavant.fr\/actualites\/nouvelles-des-blessures-a-chelsea-mises-a-jour-sur-reece-james-pedro-neto-et-jamie-gittens-fournies-avant-le-match-des-wolverhampton-wanderers\/","og_locale":"fr_FR","og_type":"article","og_title":"Nouvelles des blessures \u00e0 Chelsea: mises \u00e0 jour sur Reece James, Pedro Neto et Jamie Gittens fournies avant le match des Wolverhampton Wanderers","og_description":"L&#39;entra\u00eeneur-chef de Chelsea, Liam Rosenior, a sugg\u00e9r\u00e9 que Reece James et Pedro Neto restaient incertains pour le match de Premier League de samedi \u00e0 Wolverhampton","og_url":"https:\/\/footdavant.fr\/actualites\/nouvelles-des-blessures-a-chelsea-mises-a-jour-sur-reece-james-pedro-neto-et-jamie-gittens-fournies-avant-le-match-des-wolverhampton-wanderers\/","og_site_name":"Foot d&#039;avant","article_publisher":"https:\/\/www.facebook.com\/Footdavant\/","article_published_time":"2026-02-11T00:48:08+00:00","article_modified_time":"2026-02-11T00:48:10+00:00","og_image":[{"width":720,"height":410,"url":"https:\/\/footdavant.fr\/actualites\/wp-content\/uploads\/2026\/02\/Nouvelles-des-blessures-a-Chelsea-mises-a-jour-sur-Reece.net2Fuploads2F20252F112Fimago1068704784.webp","type":"image\/webp"}],"author":"Cl\u00e9ment","twitter_card":"summary_large_image","twitter_creator":"@FootdavantFr","twitter_site":"@FootdavantFr","twitter_misc":{"\u00c9crit par":"Cl\u00e9ment","Dur\u00e9e de lecture estim\u00e9e":"2 minutes"},"schema":{"@context":"https:\/\/schema.org","@graph":[{"@type":"Article","@id":"https:\/\/footdavant.fr\/actualites\/nouvelles-des-blessures-a-chelsea-mises-a-jour-sur-reece-james-pedro-neto-et-jamie-gittens-fournies-avant-le-match-des-wolverhampton-wanderers\/#article","isPartOf":{"@id":"https:\/\/footdavant.fr\/actualites\/nouvelles-des-blessures-a-chelsea-mises-a-jour-sur-reece-james-pedro-neto-et-jamie-gittens-fournies-avant-le-match-des-wolverhampton-wanderers\/"},"author":{"name":"Cl\u00e9ment","@id":"https:\/\/footdavant.fr\/actualites\/#\/schema\/person\/bc222566d95871b37e597b3ed3ba5e1d"},"headline":"Nouvelles des blessures \u00e0 Chelsea: mises \u00e0 jour sur Reece James, Pedro Neto et Jamie Gittens fournies avant le match des Wolverhampton Wanderers","datePublished":"2026-02-11T00:48:08+00:00","dateModified":"2026-02-11T00:48:10+00:00","mainEntityOfPage":{"@id":"https:\/\/footdavant.fr\/actualites\/nouvelles-des-blessures-a-chelsea-mises-a-jour-sur-reece-james-pedro-neto-et-jamie-gittens-fournies-avant-le-match-des-wolverhampton-wanderers\/"},"wordCount":448,"publisher":{"@id":"https:\/\/footdavant.fr\/actualites\/#organization"},"keywords":["avant","blessures","Chelsea","des","fournies","Gittens","James","Jamie","jour","match","Mises","Neto","Nouvelles","Pedro","Reece","sur","Wanderers","Wolverhampton"],"articleSection":["Premier League"],"inLanguage":"fr-FR"},{"@type":"WebPage","@id":"https:\/\/footdavant.fr\/actualites\/nouvelles-des-blessures-a-chelsea-mises-a-jour-sur-reece-james-pedro-neto-et-jamie-gittens-fournies-avant-le-match-des-wolverhampton-wanderers\/","url":"https:\/\/footdavant.fr\/actualites\/nouvelles-des-blessures-a-chelsea-mises-a-jour-sur-reece-james-pedro-neto-et-jamie-gittens-fournies-avant-le-match-des-wolverhampton-wanderers\/","name":"Nouvelles des blessures \u00e0 Chelsea: mises \u00e0 jour sur Reece James, Pedro Neto et Jamie Gittens fournies avant le match des Wolverhampton Wanderers","isPartOf":{"@id":"https:\/\/footdavant.fr\/actualites\/#website"},"datePublished":"2026-02-11T00:48:08+00:00","dateModified":"2026-02-11T00:48:10+00:00","breadcrumb":{"@id":"https:\/\/footdavant.fr\/actualites\/nouvelles-des-blessures-a-chelsea-mises-a-jour-sur-reece-james-pedro-neto-et-jamie-gittens-fournies-avant-le-match-des-wolverhampton-wanderers\/#breadcrumb"},"inLanguage":"fr-FR","potentialAction":[{"@type":"ReadAction","target":["https:\/\/footdavant.fr\/actualites\/nouvelles-des-blessures-a-chelsea-mises-a-jour-sur-reece-james-pedro-neto-et-jamie-gittens-fournies-avant-le-match-des-wolverhampton-wanderers\/"]}]},{"@type":"BreadcrumbList","@id":"https:\/\/footdavant.fr\/actualites\/nouvelles-des-blessures-a-chelsea-mises-a-jour-sur-reece-james-pedro-neto-et-jamie-gittens-fournies-avant-le-match-des-wolverhampton-wanderers\/#breadcrumb","itemListElement":[{"@type":"ListItem","position":1,"name":"Accueil","item":"https:\/\/footdavant.fr\/actualites\/"},{"@type":"ListItem","position":2,"name":"Nouvelles des blessures \u00e0 Chelsea: mises \u00e0 jour sur Reece James, Pedro Neto et Jamie Gittens fournies avant le match des Wolverhampton Wanderers"}]},{"@type":"WebSite","@id":"https:\/\/footdavant.fr\/actualites\/#website","url":"https:\/\/footdavant.fr\/actualites\/","name":"Foot d'avant","description":"","publisher":{"@id":"https:\/\/footdavant.fr\/actualites\/#organization"},"potentialAction":[{"@type":"SearchAction","target":{"@type":"EntryPoint","urlTemplate":"https:\/\/footdavant.fr\/actualites\/?s={search_term_string}"},"query-input":"required name=search_term_string"}],"inLanguage":"fr-FR"},{"@type":"Organization","@id":"https:\/\/footdavant.fr\/actualites\/#organization","name":"Foot d'avant","url":"https:\/\/footdavant.fr\/actualites\/","logo":{"@type":"ImageObject","inLanguage":"fr-FR","@id":"https:\/\/footdavant.fr\/actualites\/#\/schema\/logo\/image\/","url":"https:\/\/footdavant.fr\/actualites\/wp-content\/uploads\/2023\/09\/Copy-of-FootDavant-Logo.png","contentUrl":"https:\/\/footdavant.fr\/actualites\/wp-content\/uploads\/2023\/09\/Copy-of-FootDavant-Logo.png","width":936,"height":549,"caption":"Foot d'avant"},"image":{"@id":"https:\/\/footdavant.fr\/actualites\/#\/schema\/logo\/image\/"},"sameAs":["https:\/\/www.facebook.com\/Footdavant\/","https:\/\/twitter.com\/FootdavantFr","https:\/\/www.instagram.com\/footdavant.fr\/"]},{"@type":"Person","@id":"https:\/\/footdavant.fr\/actualites\/#\/schema\/person\/bc222566d95871b37e597b3ed3ba5e1d","name":"Cl\u00e9ment","image":{"@type":"ImageObject","inLanguage":"fr-FR","@id":"https:\/\/footdavant.fr\/actualites\/#\/schema\/person\/image\/","url":"https:\/\/secure.gravatar.com\/avatar\/7728b29aac2719421e1a9159b2254c44?s=96&d=mm&r=g","contentUrl":"https:\/\/secure.gravatar.com\/avatar\/7728b29aac2719421e1a9159b2254c44?s=96&d=mm&r=g","caption":"Cl\u00e9ment"},"sameAs":["https:\/\/footdavant.fr\/"]}]}},"_links":{"self":[{"href":"https:\/\/footdavant.fr\/actualites\/wp-json\/wp\/v2\/posts\/34363"}],"collection":[{"href":"https:\/\/footdavant.fr\/actualites\/wp-json\/wp\/v2\/posts"}],"about":[{"href":"https:\/\/footdavant.fr\/actualites\/wp-json\/wp\/v2\/types\/post"}],"author":[{"embeddable":true,"href":"https:\/\/footdavant.fr\/actualites\/wp-json\/wp\/v2\/users\/1"}],"replies":[{"embeddable":true,"href":"https:\/\/footdavant.fr\/actualites\/wp-json\/wp\/v2\/comments?post=34363"}],"version-history":[{"count":1,"href":"https:\/\/footdavant.fr\/actualites\/wp-json\/wp\/v2\/posts\/34363\/revisions"}],"predecessor-version":[{"id":34365,"href":"https:\/\/footdavant.fr\/actualites\/wp-json\/wp\/v2\/posts\/34363\/revisions\/34365"}],"wp:featuredmedia":[{"embeddable":true,"href":"https:\/\/footdavant.fr\/actualites\/wp-json\/wp\/v2\/media\/34364"}],"wp:attachment":[{"href":"https:\/\/footdavant.fr\/actualites\/wp-json\/wp\/v2\/media?parent=34363"}],"wp:term":[{"taxonomy":"category","embeddable":true,"href":"https:\/\/footdavant.fr\/actualites\/wp-json\/wp\/v2\/categories?post=34363"},{"taxonomy":"post_tag","embeddable":true,"href":"https:\/\/footdavant.fr\/actualites\/wp-json\/wp\/v2\/tags?post=34363"}],"curies":[{"name":"wp","href":"https:\/\/api.w.org\/{rel}","templated":true}]}}