{"id":34366,"date":"2026-02-11T03:48:05","date_gmt":"2026-02-11T02:48:05","guid":{"rendered":"https:\/\/footdavant.fr\/actualites\/le-temps-du-defenseur-central-a-chelsea-doit-prendre-fin-cet-ete\/"},"modified":"2026-02-11T03:48:10","modified_gmt":"2026-02-11T02:48:10","slug":"le-temps-du-defenseur-central-a-chelsea-doit-prendre-fin-cet-ete","status":"publish","type":"post","link":"https:\/\/footdavant.fr\/actualites\/le-temps-du-defenseur-central-a-chelsea-doit-prendre-fin-cet-ete\/","title":{"rendered":"Le temps du d\u00e9fenseur central \u00e0 Chelsea doit prendre fin cet \u00e9t\u00e9"},"content":{"rendered":"<div>\n<p>J&#39;ai r\u00e9cemment annonc\u00e9 que je pr\u00e9voyais une l\u00e9g\u00e8re reconstruction de la d\u00e9fense de Chelsea au cours de la fen\u00eatre estivale.<\/p>\n<p>J&#39;en vois pas mal se faire montrer la porte de sortie, avec des rempla\u00e7ants qui arrivent. L&#39;un de ceux que je m&#39;attends \u00e0 voir partir sera Benoit Badiashile. Mais pour \u00eatre honn\u00eate, je m&#39;attendais \u00e0 ce qu&#39;il participe aux derni\u00e8res fen\u00eatres et je suis choqu\u00e9 qu&#39;il soit rest\u00e9 aussi longtemps au club. Il n\u2019est tout simplement pas assez bon et il me l\u2019a toujours prouv\u00e9.<\/p>\n<p>Et maintenant, selon un rapport de Caught Offside ce week-end, Badiashile est d\u00e9sormais consid\u00e9r\u00e9 comme \u00ab tr\u00e8s susceptible \u00bb d&#39;\u00eatre exclu du projet des Blues alors que des pr\u00e9tendants au transfert \u00e9mergent avant l&#39;\u00e9t\u00e9.<\/p>\n<p>Le rapport est r\u00e9dig\u00e9 par mon coll\u00e8gue fiable, vous savez donc qu\u2019il aura certainement plus que du contenu.<\/p>\n<p>L&#39;int\u00e9r\u00eat est annonc\u00e9 par l&#39;AC Milan, la Juventus et Marseille avant la fen\u00eatre estivale, car il devrait \u00eatre mis \u00e0 disposition pour environ 35 millions d&#39;euros cet \u00e9t\u00e9.<\/p>\n<p>Chelsea consid\u00e8re apparemment Badiashile hors de son projet et cherchera id\u00e9alement \u00e0 le vendre d\u00e9finitivement plut\u00f4t que de le pr\u00eater.<\/p>\n<p>\u00ab\u00a0Badiashile est tr\u00e8s probablement exclu du projet Chelsea maintenant\u00a0\u00bb, a d\u00e9clar\u00e9 une source du secteur \u00e0 Mark ce week-end. \u00ab Il y a eu un certain int\u00e9r\u00eat de la part de l&#39;AC Milan, mais rien de tr\u00e8s concret pour l&#39;instant, mais nous pouvons nous attendre \u00e0 les voir, ainsi que d&#39;autres, intensifier leurs efforts dans les mois \u00e0 venir.<\/p>\n<p>\u00ab\u00a0M\u00eame si je ne dirais pas que Chelsea expulse Badiashile, ils sont tr\u00e8s ouverts aux offres et pr\u00e9f\u00e9reraient une vente permanente \u00e0 un pr\u00eat. Son prix demand\u00e9 sera de l&#39;ordre de 35 millions d&#39;euros.\u00a0\u00bb<\/p>\n<p>Comme je l&#39;ai dit, je m&#39;attendrais \u00e0 le voir partir cet \u00e9t\u00e9. Je pense qu&#39;il est pr\u00e9f\u00e9rable pour toutes les parties qu&#39;il parte, et Chelsea devrait trouver un pr\u00e9tendant pour un accord permanent et gagner de l&#39;argent gr\u00e2ce \u00e0 la vente.<\/p>\n<\/p><\/div>\n","protected":false},"excerpt":{"rendered":"<p>J&#39;ai r\u00e9cemment annonc\u00e9 que je pr\u00e9voyais une l\u00e9g\u00e8re reconstruction de la d\u00e9fense de Chelsea au cours de la fen\u00eatre estivale. J&#39;en vois pas mal se<\/p>\n","protected":false},"author":1,"featured_media":34367,"comment_status":"closed","ping_status":"","sticky":false,"template":"","format":"standard","meta":{"footnotes":""},"categories":[3],"tags":[1118,775,171,928,578,776,596,2354,168],"yoast_head":"<!-- This site is optimized with the Yoast SEO plugin v21.0 - https:\/\/yoast.com\/wordpress\/plugins\/seo\/ -->\n<title>Le temps du d\u00e9fenseur central \u00e0 Chelsea doit prendre fin cet \u00e9t\u00e9<\/title>\n<meta name=\"robots\" content=\"index, follow, max-snippet:-1, max-image-preview:large, max-video-preview:-1\" \/>\n<link rel=\"canonical\" href=\"https:\/\/footdavant.fr\/actualites\/le-temps-du-defenseur-central-a-chelsea-doit-prendre-fin-cet-ete\/\" \/>\n<meta property=\"og:locale\" content=\"fr_FR\" \/>\n<meta property=\"og:type\" content=\"article\" \/>\n<meta property=\"og:title\" content=\"Le temps du d\u00e9fenseur central \u00e0 Chelsea doit prendre fin cet \u00e9t\u00e9\" \/>\n<meta property=\"og:description\" content=\"J&#039;ai r\u00e9cemment annonc\u00e9 que je pr\u00e9voyais une l\u00e9g\u00e8re reconstruction de la d\u00e9fense de Chelsea au cours de la fen\u00eatre estivale. J&#039;en vois pas mal se\" \/>\n<meta property=\"og:url\" content=\"https:\/\/footdavant.fr\/actualites\/le-temps-du-defenseur-central-a-chelsea-doit-prendre-fin-cet-ete\/\" \/>\n<meta property=\"og:site_name\" content=\"Foot d&#039;avant\" \/>\n<meta property=\"article:publisher\" content=\"https:\/\/www.facebook.com\/Footdavant\/\" \/>\n<meta property=\"article:published_time\" content=\"2026-02-11T02:48:05+00:00\" \/>\n<meta property=\"article:modified_time\" content=\"2026-02-11T02:48:10+00:00\" \/>\n<meta property=\"og:image\" content=\"https:\/\/footdavant.fr\/actualites\/wp-content\/uploads\/2026\/02\/Le-temps-du-defenseur-central-a-Chelsea-doit-prendre-fin.jpg\" \/>\n\t<meta property=\"og:image:width\" content=\"2560\" \/>\n\t<meta property=\"og:image:height\" content=\"1706\" \/>\n\t<meta property=\"og:image:type\" content=\"image\/jpeg\" \/>\n<meta name=\"author\" content=\"Cl\u00e9ment\" \/>\n<meta name=\"twitter:card\" content=\"summary_large_image\" \/>\n<meta name=\"twitter:creator\" content=\"@FootdavantFr\" \/>\n<meta name=\"twitter:site\" content=\"@FootdavantFr\" \/>\n<meta name=\"twitter:label1\" content=\"\u00c9crit par\" \/>\n\t<meta name=\"twitter:data1\" content=\"Cl\u00e9ment\" \/>\n\t<meta name=\"twitter:label2\" content=\"Dur\u00e9e de lecture estim\u00e9e\" \/>\n\t<meta name=\"twitter:data2\" content=\"2 minutes\" \/>\n<script type=\"application\/ld+json\" class=\"yoast-schema-graph\">{\"@context\":\"https:\/\/schema.org\",\"@graph\":[{\"@type\":\"Article\",\"@id\":\"https:\/\/footdavant.fr\/actualites\/le-temps-du-defenseur-central-a-chelsea-doit-prendre-fin-cet-ete\/#article\",\"isPartOf\":{\"@id\":\"https:\/\/footdavant.fr\/actualites\/le-temps-du-defenseur-central-a-chelsea-doit-prendre-fin-cet-ete\/\"},\"author\":{\"name\":\"Cl\u00e9ment\",\"@id\":\"https:\/\/footdavant.fr\/actualites\/#\/schema\/person\/bc222566d95871b37e597b3ed3ba5e1d\"},\"headline\":\"Le temps du d\u00e9fenseur central \u00e0 Chelsea doit prendre fin cet \u00e9t\u00e9\",\"datePublished\":\"2026-02-11T02:48:05+00:00\",\"dateModified\":\"2026-02-11T02:48:10+00:00\",\"mainEntityOfPage\":{\"@id\":\"https:\/\/footdavant.fr\/actualites\/le-temps-du-defenseur-central-a-chelsea-doit-prendre-fin-cet-ete\/\"},\"wordCount\":379,\"publisher\":{\"@id\":\"https:\/\/footdavant.fr\/actualites\/#organization\"},\"keywords\":[\"central\",\"cet\",\"Chelsea\",\"d\u00e9fenseur\",\"doit\",\"\u00e9t\u00e9\",\"fin\",\"prendre\",\"temps\"],\"articleSection\":[\"Football\"],\"inLanguage\":\"fr-FR\"},{\"@type\":\"WebPage\",\"@id\":\"https:\/\/footdavant.fr\/actualites\/le-temps-du-defenseur-central-a-chelsea-doit-prendre-fin-cet-ete\/\",\"url\":\"https:\/\/footdavant.fr\/actualites\/le-temps-du-defenseur-central-a-chelsea-doit-prendre-fin-cet-ete\/\",\"name\":\"Le temps du d\u00e9fenseur central \u00e0 Chelsea doit prendre fin cet \u00e9t\u00e9\",\"isPartOf\":{\"@id\":\"https:\/\/footdavant.fr\/actualites\/#website\"},\"datePublished\":\"2026-02-11T02:48:05+00:00\",\"dateModified\":\"2026-02-11T02:48:10+00:00\",\"breadcrumb\":{\"@id\":\"https:\/\/footdavant.fr\/actualites\/le-temps-du-defenseur-central-a-chelsea-doit-prendre-fin-cet-ete\/#breadcrumb\"},\"inLanguage\":\"fr-FR\",\"potentialAction\":[{\"@type\":\"ReadAction\",\"target\":[\"https:\/\/footdavant.fr\/actualites\/le-temps-du-defenseur-central-a-chelsea-doit-prendre-fin-cet-ete\/\"]}]},{\"@type\":\"BreadcrumbList\",\"@id\":\"https:\/\/footdavant.fr\/actualites\/le-temps-du-defenseur-central-a-chelsea-doit-prendre-fin-cet-ete\/#breadcrumb\",\"itemListElement\":[{\"@type\":\"ListItem\",\"position\":1,\"name\":\"Accueil\",\"item\":\"https:\/\/footdavant.fr\/actualites\/\"},{\"@type\":\"ListItem\",\"position\":2,\"name\":\"Le temps du d\u00e9fenseur central \u00e0 Chelsea doit prendre fin cet \u00e9t\u00e9\"}]},{\"@type\":\"WebSite\",\"@id\":\"https:\/\/footdavant.fr\/actualites\/#website\",\"url\":\"https:\/\/footdavant.fr\/actualites\/\",\"name\":\"Foot d'avant\",\"description\":\"\",\"publisher\":{\"@id\":\"https:\/\/footdavant.fr\/actualites\/#organization\"},\"potentialAction\":[{\"@type\":\"SearchAction\",\"target\":{\"@type\":\"EntryPoint\",\"urlTemplate\":\"https:\/\/footdavant.fr\/actualites\/?s={search_term_string}\"},\"query-input\":\"required name=search_term_string\"}],\"inLanguage\":\"fr-FR\"},{\"@type\":\"Organization\",\"@id\":\"https:\/\/footdavant.fr\/actualites\/#organization\",\"name\":\"Foot d'avant\",\"url\":\"https:\/\/footdavant.fr\/actualites\/\",\"logo\":{\"@type\":\"ImageObject\",\"inLanguage\":\"fr-FR\",\"@id\":\"https:\/\/footdavant.fr\/actualites\/#\/schema\/logo\/image\/\",\"url\":\"https:\/\/footdavant.fr\/actualites\/wp-content\/uploads\/2023\/09\/Copy-of-FootDavant-Logo.png\",\"contentUrl\":\"https:\/\/footdavant.fr\/actualites\/wp-content\/uploads\/2023\/09\/Copy-of-FootDavant-Logo.png\",\"width\":936,\"height\":549,\"caption\":\"Foot d'avant\"},\"image\":{\"@id\":\"https:\/\/footdavant.fr\/actualites\/#\/schema\/logo\/image\/\"},\"sameAs\":[\"https:\/\/www.facebook.com\/Footdavant\/\",\"https:\/\/twitter.com\/FootdavantFr\",\"https:\/\/www.instagram.com\/footdavant.fr\/\"]},{\"@type\":\"Person\",\"@id\":\"https:\/\/footdavant.fr\/actualites\/#\/schema\/person\/bc222566d95871b37e597b3ed3ba5e1d\",\"name\":\"Cl\u00e9ment\",\"image\":{\"@type\":\"ImageObject\",\"inLanguage\":\"fr-FR\",\"@id\":\"https:\/\/footdavant.fr\/actualites\/#\/schema\/person\/image\/\",\"url\":\"https:\/\/secure.gravatar.com\/avatar\/7728b29aac2719421e1a9159b2254c44?s=96&d=mm&r=g\",\"contentUrl\":\"https:\/\/secure.gravatar.com\/avatar\/7728b29aac2719421e1a9159b2254c44?s=96&d=mm&r=g\",\"caption\":\"Cl\u00e9ment\"},\"sameAs\":[\"https:\/\/footdavant.fr\/\"]}]}<\/script>\n<!-- \/ Yoast SEO plugin. -->","yoast_head_json":{"title":"Le temps du d\u00e9fenseur central \u00e0 Chelsea doit prendre fin cet \u00e9t\u00e9","robots":{"index":"index","follow":"follow","max-snippet":"max-snippet:-1","max-image-preview":"max-image-preview:large","max-video-preview":"max-video-preview:-1"},"canonical":"https:\/\/footdavant.fr\/actualites\/le-temps-du-defenseur-central-a-chelsea-doit-prendre-fin-cet-ete\/","og_locale":"fr_FR","og_type":"article","og_title":"Le temps du d\u00e9fenseur central \u00e0 Chelsea doit prendre fin cet \u00e9t\u00e9","og_description":"J&#39;ai r\u00e9cemment annonc\u00e9 que je pr\u00e9voyais une l\u00e9g\u00e8re reconstruction de la d\u00e9fense de Chelsea au cours de la fen\u00eatre estivale. J&#39;en vois pas mal se","og_url":"https:\/\/footdavant.fr\/actualites\/le-temps-du-defenseur-central-a-chelsea-doit-prendre-fin-cet-ete\/","og_site_name":"Foot d&#039;avant","article_publisher":"https:\/\/www.facebook.com\/Footdavant\/","article_published_time":"2026-02-11T02:48:05+00:00","article_modified_time":"2026-02-11T02:48:10+00:00","og_image":[{"width":2560,"height":1706,"url":"https:\/\/footdavant.fr\/actualites\/wp-content\/uploads\/2026\/02\/Le-temps-du-defenseur-central-a-Chelsea-doit-prendre-fin.jpg","type":"image\/jpeg"}],"author":"Cl\u00e9ment","twitter_card":"summary_large_image","twitter_creator":"@FootdavantFr","twitter_site":"@FootdavantFr","twitter_misc":{"\u00c9crit par":"Cl\u00e9ment","Dur\u00e9e de lecture estim\u00e9e":"2 minutes"},"schema":{"@context":"https:\/\/schema.org","@graph":[{"@type":"Article","@id":"https:\/\/footdavant.fr\/actualites\/le-temps-du-defenseur-central-a-chelsea-doit-prendre-fin-cet-ete\/#article","isPartOf":{"@id":"https:\/\/footdavant.fr\/actualites\/le-temps-du-defenseur-central-a-chelsea-doit-prendre-fin-cet-ete\/"},"author":{"name":"Cl\u00e9ment","@id":"https:\/\/footdavant.fr\/actualites\/#\/schema\/person\/bc222566d95871b37e597b3ed3ba5e1d"},"headline":"Le temps du d\u00e9fenseur central \u00e0 Chelsea doit prendre fin cet \u00e9t\u00e9","datePublished":"2026-02-11T02:48:05+00:00","dateModified":"2026-02-11T02:48:10+00:00","mainEntityOfPage":{"@id":"https:\/\/footdavant.fr\/actualites\/le-temps-du-defenseur-central-a-chelsea-doit-prendre-fin-cet-ete\/"},"wordCount":379,"publisher":{"@id":"https:\/\/footdavant.fr\/actualites\/#organization"},"keywords":["central","cet","Chelsea","d\u00e9fenseur","doit","\u00e9t\u00e9","fin","prendre","temps"],"articleSection":["Football"],"inLanguage":"fr-FR"},{"@type":"WebPage","@id":"https:\/\/footdavant.fr\/actualites\/le-temps-du-defenseur-central-a-chelsea-doit-prendre-fin-cet-ete\/","url":"https:\/\/footdavant.fr\/actualites\/le-temps-du-defenseur-central-a-chelsea-doit-prendre-fin-cet-ete\/","name":"Le temps du d\u00e9fenseur central \u00e0 Chelsea doit prendre fin cet \u00e9t\u00e9","isPartOf":{"@id":"https:\/\/footdavant.fr\/actualites\/#website"},"datePublished":"2026-02-11T02:48:05+00:00","dateModified":"2026-02-11T02:48:10+00:00","breadcrumb":{"@id":"https:\/\/footdavant.fr\/actualites\/le-temps-du-defenseur-central-a-chelsea-doit-prendre-fin-cet-ete\/#breadcrumb"},"inLanguage":"fr-FR","potentialAction":[{"@type":"ReadAction","target":["https:\/\/footdavant.fr\/actualites\/le-temps-du-defenseur-central-a-chelsea-doit-prendre-fin-cet-ete\/"]}]},{"@type":"BreadcrumbList","@id":"https:\/\/footdavant.fr\/actualites\/le-temps-du-defenseur-central-a-chelsea-doit-prendre-fin-cet-ete\/#breadcrumb","itemListElement":[{"@type":"ListItem","position":1,"name":"Accueil","item":"https:\/\/footdavant.fr\/actualites\/"},{"@type":"ListItem","position":2,"name":"Le temps du d\u00e9fenseur central \u00e0 Chelsea doit prendre fin cet \u00e9t\u00e9"}]},{"@type":"WebSite","@id":"https:\/\/footdavant.fr\/actualites\/#website","url":"https:\/\/footdavant.fr\/actualites\/","name":"Foot d'avant","description":"","publisher":{"@id":"https:\/\/footdavant.fr\/actualites\/#organization"},"potentialAction":[{"@type":"SearchAction","target":{"@type":"EntryPoint","urlTemplate":"https:\/\/footdavant.fr\/actualites\/?s={search_term_string}"},"query-input":"required name=search_term_string"}],"inLanguage":"fr-FR"},{"@type":"Organization","@id":"https:\/\/footdavant.fr\/actualites\/#organization","name":"Foot d'avant","url":"https:\/\/footdavant.fr\/actualites\/","logo":{"@type":"ImageObject","inLanguage":"fr-FR","@id":"https:\/\/footdavant.fr\/actualites\/#\/schema\/logo\/image\/","url":"https:\/\/footdavant.fr\/actualites\/wp-content\/uploads\/2023\/09\/Copy-of-FootDavant-Logo.png","contentUrl":"https:\/\/footdavant.fr\/actualites\/wp-content\/uploads\/2023\/09\/Copy-of-FootDavant-Logo.png","width":936,"height":549,"caption":"Foot d'avant"},"image":{"@id":"https:\/\/footdavant.fr\/actualites\/#\/schema\/logo\/image\/"},"sameAs":["https:\/\/www.facebook.com\/Footdavant\/","https:\/\/twitter.com\/FootdavantFr","https:\/\/www.instagram.com\/footdavant.fr\/"]},{"@type":"Person","@id":"https:\/\/footdavant.fr\/actualites\/#\/schema\/person\/bc222566d95871b37e597b3ed3ba5e1d","name":"Cl\u00e9ment","image":{"@type":"ImageObject","inLanguage":"fr-FR","@id":"https:\/\/footdavant.fr\/actualites\/#\/schema\/person\/image\/","url":"https:\/\/secure.gravatar.com\/avatar\/7728b29aac2719421e1a9159b2254c44?s=96&d=mm&r=g","contentUrl":"https:\/\/secure.gravatar.com\/avatar\/7728b29aac2719421e1a9159b2254c44?s=96&d=mm&r=g","caption":"Cl\u00e9ment"},"sameAs":["https:\/\/footdavant.fr\/"]}]}},"_links":{"self":[{"href":"https:\/\/footdavant.fr\/actualites\/wp-json\/wp\/v2\/posts\/34366"}],"collection":[{"href":"https:\/\/footdavant.fr\/actualites\/wp-json\/wp\/v2\/posts"}],"about":[{"href":"https:\/\/footdavant.fr\/actualites\/wp-json\/wp\/v2\/types\/post"}],"author":[{"embeddable":true,"href":"https:\/\/footdavant.fr\/actualites\/wp-json\/wp\/v2\/users\/1"}],"replies":[{"embeddable":true,"href":"https:\/\/footdavant.fr\/actualites\/wp-json\/wp\/v2\/comments?post=34366"}],"version-history":[{"count":1,"href":"https:\/\/footdavant.fr\/actualites\/wp-json\/wp\/v2\/posts\/34366\/revisions"}],"predecessor-version":[{"id":34368,"href":"https:\/\/footdavant.fr\/actualites\/wp-json\/wp\/v2\/posts\/34366\/revisions\/34368"}],"wp:featuredmedia":[{"embeddable":true,"href":"https:\/\/footdavant.fr\/actualites\/wp-json\/wp\/v2\/media\/34367"}],"wp:attachment":[{"href":"https:\/\/footdavant.fr\/actualites\/wp-json\/wp\/v2\/media?parent=34366"}],"wp:term":[{"taxonomy":"category","embeddable":true,"href":"https:\/\/footdavant.fr\/actualites\/wp-json\/wp\/v2\/categories?post=34366"},{"taxonomy":"post_tag","embeddable":true,"href":"https:\/\/footdavant.fr\/actualites\/wp-json\/wp\/v2\/tags?post=34366"}],"curies":[{"name":"wp","href":"https:\/\/api.w.org\/{rel}","templated":true}]}}