{"id":34375,"date":"2026-02-11T09:48:03","date_gmt":"2026-02-11T08:48:03","guid":{"rendered":"https:\/\/footdavant.fr\/actualites\/composition-de-chelsea-contre-wolves-xi-prevu-pour-le-choc-de-premier-league\/"},"modified":"2026-02-11T09:48:05","modified_gmt":"2026-02-11T08:48:05","slug":"composition-de-chelsea-contre-wolves-xi-prevu-pour-le-choc-de-premier-league","status":"publish","type":"post","link":"https:\/\/footdavant.fr\/actualites\/composition-de-chelsea-contre-wolves-xi-prevu-pour-le-choc-de-premier-league\/","title":{"rendered":"Composition de Chelsea contre Wolves\u00a0: XI pr\u00e9vu pour le choc de Premier League"},"content":{"rendered":"<div itemprop=\"articleBody\">\n<p style=\"margin-bottom:11px\">Chelsea pourrait se retrouver sans neuf joueurs pour le choc de Premier League de samedi contre Wolverhampton Wanderers \u00e0 Molineux.<\/p>\n<p>Jamie Gittens s&#39;est r\u00e9cemment d\u00e9chir\u00e9 les ischio-jambiers et est rejoint dans la salle de soins par Levi Colwill (genou), Tosin Adarabioyo, Romeo Lavia (les deux cuisses) et Dario Essugo (non pr\u00e9cis\u00e9), tandis que Mykhaylo Mudryk (suspendu) reste indisponible pour la s\u00e9lection.<\/p>\n<p>Reece James et Pedro Neto ont tous deux rat\u00e9 la d\u00e9faite 1-0 de Chelsea au match retour contre Arsenal en demi-finale de la Coupe EFL mercredi en raison de coups et l&#39;entra\u00eeneur-chef Liam Rosenior ne sait pas si le duo des Blues sera apte \u00e0 revenir. Filip Jorgensen (non pr\u00e9cis\u00e9) sera \u00e9galement \u00e9valu\u00e9 avant le coup d&#39;envoi.<\/p>\n<p>Apr\u00e8s avoir d\u00e9but\u00e9 comme rempla\u00e7ants en milieu de semaine, Cole Palmer et Estevao Willian sont tous deux pr\u00eats pour 90 minutes ce week-end et la paire d&#39;attaquants pourrait revenir dans le premier XI, Rosenior devant revenir \u00e0 une configuration 4-2-3-1 apr\u00e8s avoir d\u00e9ploy\u00e9 cinq arri\u00e8res contre Arsenal.<\/p>\n<p>Palmer pourrait occuper le r\u00f4le de num\u00e9ro 10 derri\u00e8re l&#39;attaquant Joao Pedro, qui a marqu\u00e9 cinq buts lors de ses huit derniers matchs de Premier League. Liam Delap pourrait donc descendre sur le banc des rempla\u00e7ants alors qu&#39;Estevao, Alejandro Garnacho et Neto &#8211; s&#39;ils sont en forme &#8211; se battent pour un d\u00e9part large.<\/p>\n<p>Le retour de Palmer pourrait voir Enzo Fernandez \u00e9voluer dans un r\u00f4le de milieu de terrain plus profond aux c\u00f4t\u00e9s de Moises Caicedo, tandis qu&#39;un retour potentiel de James \u00e0 l&#39;arri\u00e8re droit verrait probablement Malo Gusto c\u00e9der la place.<\/p>\n<p>Trevoh Chalobah et Wesley Fofana sont le duo le plus susceptible de d\u00e9buter \u00e0 l&#39;arri\u00e8re central, bien que Benoit Badiashile pourrait \u00eatre rappel\u00e9 pour remplacer ce dernier, tandis que Marc Cucurella et Robert Sanchez devraient continuer respectivement \u00e0 l&#39;arri\u00e8re gauche et dans le but.<\/p>\n<p>Onze de d\u00e9part possible de Chelsea : Sanchez ; James, Chalobah, Fofana, Cucurella ; Caicedo, Fern\u00e1ndez\u00a0; Estevao, Palmer, Garnacho\u00a0; Pierre<\/p>\n<p>> Cliquez ici pour voir comment Wolverhampton Wanderers pourrait s&#39;aligner pour ce concours<\/p>\n<\/div>\n","protected":false},"excerpt":{"rendered":"<p>Chelsea pourrait se retrouver sans neuf joueurs pour le choc de Premier League de samedi contre Wolverhampton Wanderers \u00e0 Molineux. Jamie Gittens s&#39;est r\u00e9cemment d\u00e9chir\u00e9<\/p>\n","protected":false},"author":1,"featured_media":32541,"comment_status":"closed","ping_status":"","sticky":false,"template":"","format":"standard","meta":{"footnotes":""},"categories":[5],"tags":[171,332,2291,20,202,51,201,3924,1454],"yoast_head":"<!-- This site is optimized with the Yoast SEO plugin v21.0 - https:\/\/yoast.com\/wordpress\/plugins\/seo\/ -->\n<title>Composition de Chelsea contre Wolves\u00a0: XI pr\u00e9vu pour le choc de Premier League<\/title>\n<meta name=\"robots\" content=\"index, follow, max-snippet:-1, max-image-preview:large, max-video-preview:-1\" \/>\n<link rel=\"canonical\" href=\"https:\/\/footdavant.fr\/actualites\/composition-de-chelsea-contre-wolves-xi-prevu-pour-le-choc-de-premier-league\/\" \/>\n<meta property=\"og:locale\" content=\"fr_FR\" \/>\n<meta property=\"og:type\" content=\"article\" \/>\n<meta property=\"og:title\" content=\"Composition de Chelsea contre Wolves\u00a0: XI pr\u00e9vu pour le choc de Premier League\" \/>\n<meta property=\"og:description\" content=\"Chelsea pourrait se retrouver sans neuf joueurs pour le choc de Premier League de samedi contre Wolverhampton Wanderers \u00e0 Molineux. Jamie Gittens s&#039;est r\u00e9cemment d\u00e9chir\u00e9\" \/>\n<meta property=\"og:url\" content=\"https:\/\/footdavant.fr\/actualites\/composition-de-chelsea-contre-wolves-xi-prevu-pour-le-choc-de-premier-league\/\" \/>\n<meta property=\"og:site_name\" content=\"Foot d&#039;avant\" \/>\n<meta property=\"article:publisher\" content=\"https:\/\/www.facebook.com\/Footdavant\/\" \/>\n<meta property=\"article:published_time\" content=\"2026-02-11T08:48:03+00:00\" \/>\n<meta property=\"article:modified_time\" content=\"2026-02-11T08:48:05+00:00\" \/>\n<meta property=\"og:image\" content=\"https:\/\/footdavant.fr\/actualites\/wp-content\/uploads\/2025\/12\/Apercu-Cardiff-City-vs-Chelsea-\u2013-pronostics-actualites-de.net2Fuploads2F20252F122Fcole-palmer-3-69.webp\" \/>\n\t<meta property=\"og:image:width\" content=\"720\" \/>\n\t<meta property=\"og:image:height\" content=\"410\" \/>\n\t<meta property=\"og:image:type\" content=\"image\/webp\" \/>\n<meta name=\"author\" content=\"Cl\u00e9ment\" \/>\n<meta name=\"twitter:card\" content=\"summary_large_image\" \/>\n<meta name=\"twitter:creator\" content=\"@FootdavantFr\" \/>\n<meta name=\"twitter:site\" content=\"@FootdavantFr\" \/>\n<meta name=\"twitter:label1\" content=\"\u00c9crit par\" \/>\n\t<meta name=\"twitter:data1\" content=\"Cl\u00e9ment\" \/>\n\t<meta name=\"twitter:label2\" content=\"Dur\u00e9e de lecture estim\u00e9e\" \/>\n\t<meta name=\"twitter:data2\" content=\"2 minutes\" \/>\n<script type=\"application\/ld+json\" class=\"yoast-schema-graph\">{\"@context\":\"https:\/\/schema.org\",\"@graph\":[{\"@type\":\"Article\",\"@id\":\"https:\/\/footdavant.fr\/actualites\/composition-de-chelsea-contre-wolves-xi-prevu-pour-le-choc-de-premier-league\/#article\",\"isPartOf\":{\"@id\":\"https:\/\/footdavant.fr\/actualites\/composition-de-chelsea-contre-wolves-xi-prevu-pour-le-choc-de-premier-league\/\"},\"author\":{\"name\":\"Cl\u00e9ment\",\"@id\":\"https:\/\/footdavant.fr\/actualites\/#\/schema\/person\/bc222566d95871b37e597b3ed3ba5e1d\"},\"headline\":\"Composition de Chelsea contre Wolves\u00a0: XI pr\u00e9vu pour le choc de Premier League\",\"datePublished\":\"2026-02-11T08:48:03+00:00\",\"dateModified\":\"2026-02-11T08:48:05+00:00\",\"mainEntityOfPage\":{\"@id\":\"https:\/\/footdavant.fr\/actualites\/composition-de-chelsea-contre-wolves-xi-prevu-pour-le-choc-de-premier-league\/\"},\"wordCount\":380,\"publisher\":{\"@id\":\"https:\/\/footdavant.fr\/actualites\/#organization\"},\"keywords\":[\"Chelsea\",\"choc\",\"composition\",\"contre\",\"League\",\"pour\",\"Premier\",\"pr\u00e9vu\",\"Wolves\"],\"articleSection\":[\"Premier League\"],\"inLanguage\":\"fr-FR\"},{\"@type\":\"WebPage\",\"@id\":\"https:\/\/footdavant.fr\/actualites\/composition-de-chelsea-contre-wolves-xi-prevu-pour-le-choc-de-premier-league\/\",\"url\":\"https:\/\/footdavant.fr\/actualites\/composition-de-chelsea-contre-wolves-xi-prevu-pour-le-choc-de-premier-league\/\",\"name\":\"Composition de Chelsea contre Wolves\u00a0: XI pr\u00e9vu pour le choc de Premier League\",\"isPartOf\":{\"@id\":\"https:\/\/footdavant.fr\/actualites\/#website\"},\"datePublished\":\"2026-02-11T08:48:03+00:00\",\"dateModified\":\"2026-02-11T08:48:05+00:00\",\"breadcrumb\":{\"@id\":\"https:\/\/footdavant.fr\/actualites\/composition-de-chelsea-contre-wolves-xi-prevu-pour-le-choc-de-premier-league\/#breadcrumb\"},\"inLanguage\":\"fr-FR\",\"potentialAction\":[{\"@type\":\"ReadAction\",\"target\":[\"https:\/\/footdavant.fr\/actualites\/composition-de-chelsea-contre-wolves-xi-prevu-pour-le-choc-de-premier-league\/\"]}]},{\"@type\":\"BreadcrumbList\",\"@id\":\"https:\/\/footdavant.fr\/actualites\/composition-de-chelsea-contre-wolves-xi-prevu-pour-le-choc-de-premier-league\/#breadcrumb\",\"itemListElement\":[{\"@type\":\"ListItem\",\"position\":1,\"name\":\"Accueil\",\"item\":\"https:\/\/footdavant.fr\/actualites\/\"},{\"@type\":\"ListItem\",\"position\":2,\"name\":\"Composition de Chelsea contre Wolves\u00a0: XI pr\u00e9vu pour le choc de Premier League\"}]},{\"@type\":\"WebSite\",\"@id\":\"https:\/\/footdavant.fr\/actualites\/#website\",\"url\":\"https:\/\/footdavant.fr\/actualites\/\",\"name\":\"Foot d'avant\",\"description\":\"\",\"publisher\":{\"@id\":\"https:\/\/footdavant.fr\/actualites\/#organization\"},\"potentialAction\":[{\"@type\":\"SearchAction\",\"target\":{\"@type\":\"EntryPoint\",\"urlTemplate\":\"https:\/\/footdavant.fr\/actualites\/?s={search_term_string}\"},\"query-input\":\"required name=search_term_string\"}],\"inLanguage\":\"fr-FR\"},{\"@type\":\"Organization\",\"@id\":\"https:\/\/footdavant.fr\/actualites\/#organization\",\"name\":\"Foot d'avant\",\"url\":\"https:\/\/footdavant.fr\/actualites\/\",\"logo\":{\"@type\":\"ImageObject\",\"inLanguage\":\"fr-FR\",\"@id\":\"https:\/\/footdavant.fr\/actualites\/#\/schema\/logo\/image\/\",\"url\":\"https:\/\/footdavant.fr\/actualites\/wp-content\/uploads\/2023\/09\/Copy-of-FootDavant-Logo.png\",\"contentUrl\":\"https:\/\/footdavant.fr\/actualites\/wp-content\/uploads\/2023\/09\/Copy-of-FootDavant-Logo.png\",\"width\":936,\"height\":549,\"caption\":\"Foot d'avant\"},\"image\":{\"@id\":\"https:\/\/footdavant.fr\/actualites\/#\/schema\/logo\/image\/\"},\"sameAs\":[\"https:\/\/www.facebook.com\/Footdavant\/\",\"https:\/\/twitter.com\/FootdavantFr\",\"https:\/\/www.instagram.com\/footdavant.fr\/\"]},{\"@type\":\"Person\",\"@id\":\"https:\/\/footdavant.fr\/actualites\/#\/schema\/person\/bc222566d95871b37e597b3ed3ba5e1d\",\"name\":\"Cl\u00e9ment\",\"image\":{\"@type\":\"ImageObject\",\"inLanguage\":\"fr-FR\",\"@id\":\"https:\/\/footdavant.fr\/actualites\/#\/schema\/person\/image\/\",\"url\":\"https:\/\/secure.gravatar.com\/avatar\/7728b29aac2719421e1a9159b2254c44?s=96&d=mm&r=g\",\"contentUrl\":\"https:\/\/secure.gravatar.com\/avatar\/7728b29aac2719421e1a9159b2254c44?s=96&d=mm&r=g\",\"caption\":\"Cl\u00e9ment\"},\"sameAs\":[\"https:\/\/footdavant.fr\/\"]}]}<\/script>\n<!-- \/ Yoast SEO plugin. -->","yoast_head_json":{"title":"Composition de Chelsea contre Wolves\u00a0: XI pr\u00e9vu pour le choc de Premier League","robots":{"index":"index","follow":"follow","max-snippet":"max-snippet:-1","max-image-preview":"max-image-preview:large","max-video-preview":"max-video-preview:-1"},"canonical":"https:\/\/footdavant.fr\/actualites\/composition-de-chelsea-contre-wolves-xi-prevu-pour-le-choc-de-premier-league\/","og_locale":"fr_FR","og_type":"article","og_title":"Composition de Chelsea contre Wolves\u00a0: XI pr\u00e9vu pour le choc de Premier League","og_description":"Chelsea pourrait se retrouver sans neuf joueurs pour le choc de Premier League de samedi contre Wolverhampton Wanderers \u00e0 Molineux. Jamie Gittens s&#39;est r\u00e9cemment d\u00e9chir\u00e9","og_url":"https:\/\/footdavant.fr\/actualites\/composition-de-chelsea-contre-wolves-xi-prevu-pour-le-choc-de-premier-league\/","og_site_name":"Foot d&#039;avant","article_publisher":"https:\/\/www.facebook.com\/Footdavant\/","article_published_time":"2026-02-11T08:48:03+00:00","article_modified_time":"2026-02-11T08:48:05+00:00","og_image":[{"width":720,"height":410,"url":"https:\/\/footdavant.fr\/actualites\/wp-content\/uploads\/2025\/12\/Apercu-Cardiff-City-vs-Chelsea-\u2013-pronostics-actualites-de.net2Fuploads2F20252F122Fcole-palmer-3-69.webp","type":"image\/webp"}],"author":"Cl\u00e9ment","twitter_card":"summary_large_image","twitter_creator":"@FootdavantFr","twitter_site":"@FootdavantFr","twitter_misc":{"\u00c9crit par":"Cl\u00e9ment","Dur\u00e9e de lecture estim\u00e9e":"2 minutes"},"schema":{"@context":"https:\/\/schema.org","@graph":[{"@type":"Article","@id":"https:\/\/footdavant.fr\/actualites\/composition-de-chelsea-contre-wolves-xi-prevu-pour-le-choc-de-premier-league\/#article","isPartOf":{"@id":"https:\/\/footdavant.fr\/actualites\/composition-de-chelsea-contre-wolves-xi-prevu-pour-le-choc-de-premier-league\/"},"author":{"name":"Cl\u00e9ment","@id":"https:\/\/footdavant.fr\/actualites\/#\/schema\/person\/bc222566d95871b37e597b3ed3ba5e1d"},"headline":"Composition de Chelsea contre Wolves\u00a0: XI pr\u00e9vu pour le choc de Premier League","datePublished":"2026-02-11T08:48:03+00:00","dateModified":"2026-02-11T08:48:05+00:00","mainEntityOfPage":{"@id":"https:\/\/footdavant.fr\/actualites\/composition-de-chelsea-contre-wolves-xi-prevu-pour-le-choc-de-premier-league\/"},"wordCount":380,"publisher":{"@id":"https:\/\/footdavant.fr\/actualites\/#organization"},"keywords":["Chelsea","choc","composition","contre","League","pour","Premier","pr\u00e9vu","Wolves"],"articleSection":["Premier League"],"inLanguage":"fr-FR"},{"@type":"WebPage","@id":"https:\/\/footdavant.fr\/actualites\/composition-de-chelsea-contre-wolves-xi-prevu-pour-le-choc-de-premier-league\/","url":"https:\/\/footdavant.fr\/actualites\/composition-de-chelsea-contre-wolves-xi-prevu-pour-le-choc-de-premier-league\/","name":"Composition de Chelsea contre Wolves\u00a0: XI pr\u00e9vu pour le choc de Premier League","isPartOf":{"@id":"https:\/\/footdavant.fr\/actualites\/#website"},"datePublished":"2026-02-11T08:48:03+00:00","dateModified":"2026-02-11T08:48:05+00:00","breadcrumb":{"@id":"https:\/\/footdavant.fr\/actualites\/composition-de-chelsea-contre-wolves-xi-prevu-pour-le-choc-de-premier-league\/#breadcrumb"},"inLanguage":"fr-FR","potentialAction":[{"@type":"ReadAction","target":["https:\/\/footdavant.fr\/actualites\/composition-de-chelsea-contre-wolves-xi-prevu-pour-le-choc-de-premier-league\/"]}]},{"@type":"BreadcrumbList","@id":"https:\/\/footdavant.fr\/actualites\/composition-de-chelsea-contre-wolves-xi-prevu-pour-le-choc-de-premier-league\/#breadcrumb","itemListElement":[{"@type":"ListItem","position":1,"name":"Accueil","item":"https:\/\/footdavant.fr\/actualites\/"},{"@type":"ListItem","position":2,"name":"Composition de Chelsea contre Wolves\u00a0: XI pr\u00e9vu pour le choc de Premier League"}]},{"@type":"WebSite","@id":"https:\/\/footdavant.fr\/actualites\/#website","url":"https:\/\/footdavant.fr\/actualites\/","name":"Foot d'avant","description":"","publisher":{"@id":"https:\/\/footdavant.fr\/actualites\/#organization"},"potentialAction":[{"@type":"SearchAction","target":{"@type":"EntryPoint","urlTemplate":"https:\/\/footdavant.fr\/actualites\/?s={search_term_string}"},"query-input":"required name=search_term_string"}],"inLanguage":"fr-FR"},{"@type":"Organization","@id":"https:\/\/footdavant.fr\/actualites\/#organization","name":"Foot d'avant","url":"https:\/\/footdavant.fr\/actualites\/","logo":{"@type":"ImageObject","inLanguage":"fr-FR","@id":"https:\/\/footdavant.fr\/actualites\/#\/schema\/logo\/image\/","url":"https:\/\/footdavant.fr\/actualites\/wp-content\/uploads\/2023\/09\/Copy-of-FootDavant-Logo.png","contentUrl":"https:\/\/footdavant.fr\/actualites\/wp-content\/uploads\/2023\/09\/Copy-of-FootDavant-Logo.png","width":936,"height":549,"caption":"Foot d'avant"},"image":{"@id":"https:\/\/footdavant.fr\/actualites\/#\/schema\/logo\/image\/"},"sameAs":["https:\/\/www.facebook.com\/Footdavant\/","https:\/\/twitter.com\/FootdavantFr","https:\/\/www.instagram.com\/footdavant.fr\/"]},{"@type":"Person","@id":"https:\/\/footdavant.fr\/actualites\/#\/schema\/person\/bc222566d95871b37e597b3ed3ba5e1d","name":"Cl\u00e9ment","image":{"@type":"ImageObject","inLanguage":"fr-FR","@id":"https:\/\/footdavant.fr\/actualites\/#\/schema\/person\/image\/","url":"https:\/\/secure.gravatar.com\/avatar\/7728b29aac2719421e1a9159b2254c44?s=96&d=mm&r=g","contentUrl":"https:\/\/secure.gravatar.com\/avatar\/7728b29aac2719421e1a9159b2254c44?s=96&d=mm&r=g","caption":"Cl\u00e9ment"},"sameAs":["https:\/\/footdavant.fr\/"]}]}},"_links":{"self":[{"href":"https:\/\/footdavant.fr\/actualites\/wp-json\/wp\/v2\/posts\/34375"}],"collection":[{"href":"https:\/\/footdavant.fr\/actualites\/wp-json\/wp\/v2\/posts"}],"about":[{"href":"https:\/\/footdavant.fr\/actualites\/wp-json\/wp\/v2\/types\/post"}],"author":[{"embeddable":true,"href":"https:\/\/footdavant.fr\/actualites\/wp-json\/wp\/v2\/users\/1"}],"replies":[{"embeddable":true,"href":"https:\/\/footdavant.fr\/actualites\/wp-json\/wp\/v2\/comments?post=34375"}],"version-history":[{"count":1,"href":"https:\/\/footdavant.fr\/actualites\/wp-json\/wp\/v2\/posts\/34375\/revisions"}],"predecessor-version":[{"id":34376,"href":"https:\/\/footdavant.fr\/actualites\/wp-json\/wp\/v2\/posts\/34375\/revisions\/34376"}],"wp:featuredmedia":[{"embeddable":true,"href":"https:\/\/footdavant.fr\/actualites\/wp-json\/wp\/v2\/media\/32541"}],"wp:attachment":[{"href":"https:\/\/footdavant.fr\/actualites\/wp-json\/wp\/v2\/media?parent=34375"}],"wp:term":[{"taxonomy":"category","embeddable":true,"href":"https:\/\/footdavant.fr\/actualites\/wp-json\/wp\/v2\/categories?post=34375"},{"taxonomy":"post_tag","embeddable":true,"href":"https:\/\/footdavant.fr\/actualites\/wp-json\/wp\/v2\/tags?post=34375"}],"curies":[{"name":"wp","href":"https:\/\/api.w.org\/{rel}","templated":true}]}}