{"id":34377,"date":"2026-02-11T11:48:04","date_gmt":"2026-02-11T10:48:04","guid":{"rendered":"https:\/\/footdavant.fr\/actualites\/confirme-tottenham-limoge-thomas-frank\/"},"modified":"2026-02-11T11:48:05","modified_gmt":"2026-02-11T10:48:05","slug":"confirme-tottenham-limoge-thomas-frank","status":"publish","type":"post","link":"https:\/\/footdavant.fr\/actualites\/confirme-tottenham-limoge-thomas-frank\/","title":{"rendered":"CONFIRM\u00c9\u00a0: Tottenham limoge Thomas Frank"},"content":{"rendered":"<div>\n<p>Tottenham a confirm\u00e9 ce matin le limogeage de l&#39;entra\u00eeneur-chef Thomas Frank.<\/p>\n<p>Cette d\u00e9cision n&#39;est pas une surprise puisque les Spurs occupent la 16e place du classement de la Premier League apr\u00e8s la d\u00e9faite 2-1 d&#39;hier soir \u00e0 domicile contre Newcastle.<\/p>\n<p>Une d\u00e9claration du club sur X disait : \u00ab Le club a pris la d\u00e9cision de modifier le poste d&#39;entra\u00eeneur-chef masculin et Thomas Frank partira aujourd&#39;hui. <\/p>\n<p>\u00ab\u00a0Thomas a \u00e9t\u00e9 nomm\u00e9 en juin 2025 et nous avons \u00e9t\u00e9 d\u00e9termin\u00e9s \u00e0 lui donner le temps et le soutien n\u00e9cessaires pour construire l&#39;avenir ensemble. Cependant, les r\u00e9sultats et les performances ont conduit le conseil d&#39;administration \u00e0 conclure qu&#39;un changement \u00e0 ce stade de la saison est n\u00e9cessaire. <\/p>\n<p>\u00ab\u00a0Tout au long de son parcours au club, Thomas s&#39;est conduit avec un engagement sans faille, donnant tout dans ses efforts pour faire avancer le club. Nous tenons \u00e0 le remercier pour sa contribution et lui souhaitons plein succ\u00e8s dans le futur.\u00a0\u00bb<\/p>\n<figure class=\"wp-block-embed is-type-rich is-provider-twitter wp-block-embed-twitter\">\n<div class=\"wp-block-embed__wrapper\">\n<blockquote class=\"twitter-tweet\" data-width=\"500\" data-dnt=\"true\">\n<p lang=\"en\" dir=\"ltr\">Le Club a pris la d\u00e9cision d&#39;apporter un changement au poste d&#39;entra\u00eeneur-chef masculin et Thomas Frank partira aujourd&#39;hui.<\/p>\n<p>Thomas a \u00e9t\u00e9 nomm\u00e9 en juin 2025 et nous sommes d\u00e9termin\u00e9s \u00e0 lui donner le temps et le soutien n\u00e9cessaires pour construire ensemble l\u2019avenir.<\/p>\n<p>Cependant, les r\u00e9sultats et\u2026 <a rel=\"nofollow\" href=\"https:\/\/t.co\/mo82TaAXts\" rel=\"nofollow\">pic.twitter.com\/mo82TaAXts<\/a><\/p>\n<p>\u2013 Tottenham Hotspur (@SpursOfficial) <a rel=\"nofollow\" href=\"https:\/\/twitter.com\/SpursOfficial\/status\/2021530157094179197?ref_src=twsrc%5Etfw\" rel=\"nofollow noopener\">11 f\u00e9vrier 2026<\/a><\/p><\/blockquote>\n<\/div>\n<\/figure>\n<p>plus \u00e0 suivre<\/p>\n<\/p><\/div>\n<p><script async src=\"https:\/\/platform.twitter.com\/widgets.js\" charset=\"utf-8\"><\/script><\/p>\n","protected":false},"excerpt":{"rendered":"<p>Tottenham a confirm\u00e9 ce matin le limogeage de l&#39;entra\u00eeneur-chef Thomas Frank. Cette d\u00e9cision n&#39;est pas une surprise puisque les Spurs occupent la 16e place du<\/p>\n","protected":false},"author":1,"featured_media":34378,"comment_status":"closed","ping_status":"","sticky":false,"template":"","format":"standard","meta":{"footnotes":""},"categories":[3],"tags":[40,662,1960,235,68],"yoast_head":"<!-- This site is optimized with the Yoast SEO plugin v21.0 - https:\/\/yoast.com\/wordpress\/plugins\/seo\/ -->\n<title>CONFIRM\u00c9\u00a0: Tottenham limoge Thomas Frank<\/title>\n<meta name=\"robots\" content=\"index, follow, max-snippet:-1, max-image-preview:large, max-video-preview:-1\" \/>\n<link rel=\"canonical\" href=\"https:\/\/footdavant.fr\/actualites\/confirme-tottenham-limoge-thomas-frank\/\" \/>\n<meta property=\"og:locale\" content=\"fr_FR\" \/>\n<meta property=\"og:type\" content=\"article\" \/>\n<meta property=\"og:title\" content=\"CONFIRM\u00c9\u00a0: Tottenham limoge Thomas Frank\" \/>\n<meta property=\"og:description\" content=\"Tottenham a confirm\u00e9 ce matin le limogeage de l&#039;entra\u00eeneur-chef Thomas Frank. Cette d\u00e9cision n&#039;est pas une surprise puisque les Spurs occupent la 16e place du\" \/>\n<meta property=\"og:url\" content=\"https:\/\/footdavant.fr\/actualites\/confirme-tottenham-limoge-thomas-frank\/\" \/>\n<meta property=\"og:site_name\" content=\"Foot d&#039;avant\" \/>\n<meta property=\"article:publisher\" content=\"https:\/\/www.facebook.com\/Footdavant\/\" \/>\n<meta property=\"article:published_time\" content=\"2026-02-11T10:48:04+00:00\" \/>\n<meta property=\"article:modified_time\" content=\"2026-02-11T10:48:05+00:00\" \/>\n<meta property=\"og:image\" content=\"https:\/\/footdavant.fr\/actualites\/wp-content\/uploads\/2026\/02\/CONFIRME-Tottenham-limoge-Thomas-Frank.jpg\" \/>\n\t<meta property=\"og:image:width\" content=\"1200\" \/>\n\t<meta property=\"og:image:height\" content=\"675\" \/>\n\t<meta property=\"og:image:type\" content=\"image\/jpeg\" \/>\n<meta name=\"author\" content=\"Cl\u00e9ment\" \/>\n<meta name=\"twitter:card\" content=\"summary_large_image\" \/>\n<meta name=\"twitter:creator\" content=\"@FootdavantFr\" \/>\n<meta name=\"twitter:site\" content=\"@FootdavantFr\" \/>\n<meta name=\"twitter:label1\" content=\"\u00c9crit par\" \/>\n\t<meta name=\"twitter:data1\" content=\"Cl\u00e9ment\" \/>\n\t<meta name=\"twitter:label2\" content=\"Dur\u00e9e de lecture estim\u00e9e\" \/>\n\t<meta name=\"twitter:data2\" content=\"1 minute\" \/>\n<script type=\"application\/ld+json\" class=\"yoast-schema-graph\">{\"@context\":\"https:\/\/schema.org\",\"@graph\":[{\"@type\":\"Article\",\"@id\":\"https:\/\/footdavant.fr\/actualites\/confirme-tottenham-limoge-thomas-frank\/#article\",\"isPartOf\":{\"@id\":\"https:\/\/footdavant.fr\/actualites\/confirme-tottenham-limoge-thomas-frank\/\"},\"author\":{\"name\":\"Cl\u00e9ment\",\"@id\":\"https:\/\/footdavant.fr\/actualites\/#\/schema\/person\/bc222566d95871b37e597b3ed3ba5e1d\"},\"headline\":\"CONFIRM\u00c9\u00a0: Tottenham limoge Thomas Frank\",\"datePublished\":\"2026-02-11T10:48:04+00:00\",\"dateModified\":\"2026-02-11T10:48:05+00:00\",\"mainEntityOfPage\":{\"@id\":\"https:\/\/footdavant.fr\/actualites\/confirme-tottenham-limoge-thomas-frank\/\"},\"wordCount\":241,\"publisher\":{\"@id\":\"https:\/\/footdavant.fr\/actualites\/#organization\"},\"keywords\":[\"confirme\",\"Frank\",\"limoge\",\"Thomas\",\"Tottenham\"],\"articleSection\":[\"Football\"],\"inLanguage\":\"fr-FR\"},{\"@type\":\"WebPage\",\"@id\":\"https:\/\/footdavant.fr\/actualites\/confirme-tottenham-limoge-thomas-frank\/\",\"url\":\"https:\/\/footdavant.fr\/actualites\/confirme-tottenham-limoge-thomas-frank\/\",\"name\":\"CONFIRM\u00c9\u00a0: Tottenham limoge Thomas Frank\",\"isPartOf\":{\"@id\":\"https:\/\/footdavant.fr\/actualites\/#website\"},\"datePublished\":\"2026-02-11T10:48:04+00:00\",\"dateModified\":\"2026-02-11T10:48:05+00:00\",\"breadcrumb\":{\"@id\":\"https:\/\/footdavant.fr\/actualites\/confirme-tottenham-limoge-thomas-frank\/#breadcrumb\"},\"inLanguage\":\"fr-FR\",\"potentialAction\":[{\"@type\":\"ReadAction\",\"target\":[\"https:\/\/footdavant.fr\/actualites\/confirme-tottenham-limoge-thomas-frank\/\"]}]},{\"@type\":\"BreadcrumbList\",\"@id\":\"https:\/\/footdavant.fr\/actualites\/confirme-tottenham-limoge-thomas-frank\/#breadcrumb\",\"itemListElement\":[{\"@type\":\"ListItem\",\"position\":1,\"name\":\"Accueil\",\"item\":\"https:\/\/footdavant.fr\/actualites\/\"},{\"@type\":\"ListItem\",\"position\":2,\"name\":\"CONFIRM\u00c9\u00a0: Tottenham limoge Thomas Frank\"}]},{\"@type\":\"WebSite\",\"@id\":\"https:\/\/footdavant.fr\/actualites\/#website\",\"url\":\"https:\/\/footdavant.fr\/actualites\/\",\"name\":\"Foot d'avant\",\"description\":\"\",\"publisher\":{\"@id\":\"https:\/\/footdavant.fr\/actualites\/#organization\"},\"potentialAction\":[{\"@type\":\"SearchAction\",\"target\":{\"@type\":\"EntryPoint\",\"urlTemplate\":\"https:\/\/footdavant.fr\/actualites\/?s={search_term_string}\"},\"query-input\":\"required name=search_term_string\"}],\"inLanguage\":\"fr-FR\"},{\"@type\":\"Organization\",\"@id\":\"https:\/\/footdavant.fr\/actualites\/#organization\",\"name\":\"Foot d'avant\",\"url\":\"https:\/\/footdavant.fr\/actualites\/\",\"logo\":{\"@type\":\"ImageObject\",\"inLanguage\":\"fr-FR\",\"@id\":\"https:\/\/footdavant.fr\/actualites\/#\/schema\/logo\/image\/\",\"url\":\"https:\/\/footdavant.fr\/actualites\/wp-content\/uploads\/2023\/09\/Copy-of-FootDavant-Logo.png\",\"contentUrl\":\"https:\/\/footdavant.fr\/actualites\/wp-content\/uploads\/2023\/09\/Copy-of-FootDavant-Logo.png\",\"width\":936,\"height\":549,\"caption\":\"Foot d'avant\"},\"image\":{\"@id\":\"https:\/\/footdavant.fr\/actualites\/#\/schema\/logo\/image\/\"},\"sameAs\":[\"https:\/\/www.facebook.com\/Footdavant\/\",\"https:\/\/twitter.com\/FootdavantFr\",\"https:\/\/www.instagram.com\/footdavant.fr\/\"]},{\"@type\":\"Person\",\"@id\":\"https:\/\/footdavant.fr\/actualites\/#\/schema\/person\/bc222566d95871b37e597b3ed3ba5e1d\",\"name\":\"Cl\u00e9ment\",\"image\":{\"@type\":\"ImageObject\",\"inLanguage\":\"fr-FR\",\"@id\":\"https:\/\/footdavant.fr\/actualites\/#\/schema\/person\/image\/\",\"url\":\"https:\/\/secure.gravatar.com\/avatar\/7728b29aac2719421e1a9159b2254c44?s=96&d=mm&r=g\",\"contentUrl\":\"https:\/\/secure.gravatar.com\/avatar\/7728b29aac2719421e1a9159b2254c44?s=96&d=mm&r=g\",\"caption\":\"Cl\u00e9ment\"},\"sameAs\":[\"https:\/\/footdavant.fr\/\"]}]}<\/script>\n<!-- \/ Yoast SEO plugin. -->","yoast_head_json":{"title":"CONFIRM\u00c9\u00a0: Tottenham limoge Thomas Frank","robots":{"index":"index","follow":"follow","max-snippet":"max-snippet:-1","max-image-preview":"max-image-preview:large","max-video-preview":"max-video-preview:-1"},"canonical":"https:\/\/footdavant.fr\/actualites\/confirme-tottenham-limoge-thomas-frank\/","og_locale":"fr_FR","og_type":"article","og_title":"CONFIRM\u00c9\u00a0: Tottenham limoge Thomas Frank","og_description":"Tottenham a confirm\u00e9 ce matin le limogeage de l&#39;entra\u00eeneur-chef Thomas Frank. Cette d\u00e9cision n&#39;est pas une surprise puisque les Spurs occupent la 16e place du","og_url":"https:\/\/footdavant.fr\/actualites\/confirme-tottenham-limoge-thomas-frank\/","og_site_name":"Foot d&#039;avant","article_publisher":"https:\/\/www.facebook.com\/Footdavant\/","article_published_time":"2026-02-11T10:48:04+00:00","article_modified_time":"2026-02-11T10:48:05+00:00","og_image":[{"width":1200,"height":675,"url":"https:\/\/footdavant.fr\/actualites\/wp-content\/uploads\/2026\/02\/CONFIRME-Tottenham-limoge-Thomas-Frank.jpg","type":"image\/jpeg"}],"author":"Cl\u00e9ment","twitter_card":"summary_large_image","twitter_creator":"@FootdavantFr","twitter_site":"@FootdavantFr","twitter_misc":{"\u00c9crit par":"Cl\u00e9ment","Dur\u00e9e de lecture estim\u00e9e":"1 minute"},"schema":{"@context":"https:\/\/schema.org","@graph":[{"@type":"Article","@id":"https:\/\/footdavant.fr\/actualites\/confirme-tottenham-limoge-thomas-frank\/#article","isPartOf":{"@id":"https:\/\/footdavant.fr\/actualites\/confirme-tottenham-limoge-thomas-frank\/"},"author":{"name":"Cl\u00e9ment","@id":"https:\/\/footdavant.fr\/actualites\/#\/schema\/person\/bc222566d95871b37e597b3ed3ba5e1d"},"headline":"CONFIRM\u00c9\u00a0: Tottenham limoge Thomas Frank","datePublished":"2026-02-11T10:48:04+00:00","dateModified":"2026-02-11T10:48:05+00:00","mainEntityOfPage":{"@id":"https:\/\/footdavant.fr\/actualites\/confirme-tottenham-limoge-thomas-frank\/"},"wordCount":241,"publisher":{"@id":"https:\/\/footdavant.fr\/actualites\/#organization"},"keywords":["confirme","Frank","limoge","Thomas","Tottenham"],"articleSection":["Football"],"inLanguage":"fr-FR"},{"@type":"WebPage","@id":"https:\/\/footdavant.fr\/actualites\/confirme-tottenham-limoge-thomas-frank\/","url":"https:\/\/footdavant.fr\/actualites\/confirme-tottenham-limoge-thomas-frank\/","name":"CONFIRM\u00c9\u00a0: Tottenham limoge Thomas Frank","isPartOf":{"@id":"https:\/\/footdavant.fr\/actualites\/#website"},"datePublished":"2026-02-11T10:48:04+00:00","dateModified":"2026-02-11T10:48:05+00:00","breadcrumb":{"@id":"https:\/\/footdavant.fr\/actualites\/confirme-tottenham-limoge-thomas-frank\/#breadcrumb"},"inLanguage":"fr-FR","potentialAction":[{"@type":"ReadAction","target":["https:\/\/footdavant.fr\/actualites\/confirme-tottenham-limoge-thomas-frank\/"]}]},{"@type":"BreadcrumbList","@id":"https:\/\/footdavant.fr\/actualites\/confirme-tottenham-limoge-thomas-frank\/#breadcrumb","itemListElement":[{"@type":"ListItem","position":1,"name":"Accueil","item":"https:\/\/footdavant.fr\/actualites\/"},{"@type":"ListItem","position":2,"name":"CONFIRM\u00c9\u00a0: Tottenham limoge Thomas Frank"}]},{"@type":"WebSite","@id":"https:\/\/footdavant.fr\/actualites\/#website","url":"https:\/\/footdavant.fr\/actualites\/","name":"Foot d'avant","description":"","publisher":{"@id":"https:\/\/footdavant.fr\/actualites\/#organization"},"potentialAction":[{"@type":"SearchAction","target":{"@type":"EntryPoint","urlTemplate":"https:\/\/footdavant.fr\/actualites\/?s={search_term_string}"},"query-input":"required name=search_term_string"}],"inLanguage":"fr-FR"},{"@type":"Organization","@id":"https:\/\/footdavant.fr\/actualites\/#organization","name":"Foot d'avant","url":"https:\/\/footdavant.fr\/actualites\/","logo":{"@type":"ImageObject","inLanguage":"fr-FR","@id":"https:\/\/footdavant.fr\/actualites\/#\/schema\/logo\/image\/","url":"https:\/\/footdavant.fr\/actualites\/wp-content\/uploads\/2023\/09\/Copy-of-FootDavant-Logo.png","contentUrl":"https:\/\/footdavant.fr\/actualites\/wp-content\/uploads\/2023\/09\/Copy-of-FootDavant-Logo.png","width":936,"height":549,"caption":"Foot d'avant"},"image":{"@id":"https:\/\/footdavant.fr\/actualites\/#\/schema\/logo\/image\/"},"sameAs":["https:\/\/www.facebook.com\/Footdavant\/","https:\/\/twitter.com\/FootdavantFr","https:\/\/www.instagram.com\/footdavant.fr\/"]},{"@type":"Person","@id":"https:\/\/footdavant.fr\/actualites\/#\/schema\/person\/bc222566d95871b37e597b3ed3ba5e1d","name":"Cl\u00e9ment","image":{"@type":"ImageObject","inLanguage":"fr-FR","@id":"https:\/\/footdavant.fr\/actualites\/#\/schema\/person\/image\/","url":"https:\/\/secure.gravatar.com\/avatar\/7728b29aac2719421e1a9159b2254c44?s=96&d=mm&r=g","contentUrl":"https:\/\/secure.gravatar.com\/avatar\/7728b29aac2719421e1a9159b2254c44?s=96&d=mm&r=g","caption":"Cl\u00e9ment"},"sameAs":["https:\/\/footdavant.fr\/"]}]}},"_links":{"self":[{"href":"https:\/\/footdavant.fr\/actualites\/wp-json\/wp\/v2\/posts\/34377"}],"collection":[{"href":"https:\/\/footdavant.fr\/actualites\/wp-json\/wp\/v2\/posts"}],"about":[{"href":"https:\/\/footdavant.fr\/actualites\/wp-json\/wp\/v2\/types\/post"}],"author":[{"embeddable":true,"href":"https:\/\/footdavant.fr\/actualites\/wp-json\/wp\/v2\/users\/1"}],"replies":[{"embeddable":true,"href":"https:\/\/footdavant.fr\/actualites\/wp-json\/wp\/v2\/comments?post=34377"}],"version-history":[{"count":1,"href":"https:\/\/footdavant.fr\/actualites\/wp-json\/wp\/v2\/posts\/34377\/revisions"}],"predecessor-version":[{"id":34379,"href":"https:\/\/footdavant.fr\/actualites\/wp-json\/wp\/v2\/posts\/34377\/revisions\/34379"}],"wp:featuredmedia":[{"embeddable":true,"href":"https:\/\/footdavant.fr\/actualites\/wp-json\/wp\/v2\/media\/34378"}],"wp:attachment":[{"href":"https:\/\/footdavant.fr\/actualites\/wp-json\/wp\/v2\/media?parent=34377"}],"wp:term":[{"taxonomy":"category","embeddable":true,"href":"https:\/\/footdavant.fr\/actualites\/wp-json\/wp\/v2\/categories?post=34377"},{"taxonomy":"post_tag","embeddable":true,"href":"https:\/\/footdavant.fr\/actualites\/wp-json\/wp\/v2\/tags?post=34377"}],"curies":[{"name":"wp","href":"https:\/\/api.w.org\/{rel}","templated":true}]}}