{"id":34383,"date":"2026-02-11T15:48:06","date_gmt":"2026-02-11T14:48:06","guid":{"rendered":"https:\/\/footdavant.fr\/actualites\/wes-brown-se-prononce-sur-lavenir-de-marcus-rashford-sous-michael-carrick\/"},"modified":"2026-02-11T15:48:07","modified_gmt":"2026-02-11T14:48:07","slug":"wes-brown-se-prononce-sur-lavenir-de-marcus-rashford-sous-michael-carrick","status":"publish","type":"post","link":"https:\/\/footdavant.fr\/actualites\/wes-brown-se-prononce-sur-lavenir-de-marcus-rashford-sous-michael-carrick\/","title":{"rendered":"Wes Brown se prononce sur l&#39;avenir de Marcus Rashford sous Michael Carrick \u2013"},"content":{"rendered":"<div id=\"penci-post-entry-inner\">\n<p>\t\t\t<i class=\"penci-post-countview-number-check\" style=\"display:none\">3<\/i><\/p>\n<p><!--Article Start--><br \/>Alors que nous nous rapprochons de la fin de la saison 2025\/26, l&#39;avenir de Marcus Rashford reste incertain.<\/p>\n<p>La star de Manchester United s&#39;est brouill\u00e9e avec l&#39;ancien entra\u00eeneur Ruben Amorim et a demand\u00e9 \u00e0 \u00eatre pr\u00eat\u00e9e au FC Barcelone, o\u00f9 il a connu un certain succ\u00e8s, avec 10 buts et 10 passes d\u00e9cisives en 34 matchs.<\/p>\n<p>Barcelone a une option pour acheter Rashford pour 30 millions d&#39;euros, mais n&#39;a pas encore exerc\u00e9 cette option, ce qui soul\u00e8ve la possibilit\u00e9 r\u00e9elle que l&#39;homme de Wythenshawe se retrouve \u00e0 Old Trafford cet \u00e9t\u00e9.<\/p>\n<p>Pendant ce temps, Amorim a \u00e9t\u00e9 limog\u00e9 par United et remplac\u00e9 par Michael Carrick. Il s&#39;agit d&#39;une nomination int\u00e9rimaire, mais son excellent d\u00e9but de mandat \u2013 quatre victoires cons\u00e9cutives et un nul \u2013 lui laisse d&#39;excellentes chances d&#39;obtenir ce poste de mani\u00e8re permanente.<\/p>\n<h3>Un retour pour Rashford ?<\/h3>\n<p>Un homme qui conna\u00eet bien Carrick et Rashford est le l\u00e9gendaire d\u00e9fenseur de United, Wes Brown. Dans une interview exclusive avec l&#39;ancien Anglais organis\u00e9e par Betwright, nous lui avons demand\u00e9 s&#39;il pensait qu&#39;il existait un moyen de revenir dans l&#39;\u00e9quipe de Manchester United pour l&#39;attaquant en fuite.<\/p>\n<p>\u00ab\u00a0Je pense que c&#39;est une question difficile, parce que de la fa\u00e7on dont tout s&#39;est pass\u00e9, de la fa\u00e7on dont il est parti, je suis presque s\u00fbr que Marcus s&#39;amuse l\u00e0-bas. [at Barcelona]\u00bb, a d\u00e9clar\u00e9 Brown. <\/p>\n<p>\u00a0\u00bb Si cela devait arriver [returning]je pense que vous \u00eates dans une autre situation\u2026 Est-il temps de repartir \u00e0 autre chose ? Le club baisserait-il le prix, peut-\u00eatre ? Je ne sais pas. Mais tout d\u00e9pendra du nouveau manager.<\/p>\n<h3>Carrick et Rashford fonctionneraient-ils bien ensemble ?<\/h3>\n<p>Et si ce nouveau manager \u00e9tait Carrick, quelqu&#39;un qui a jou\u00e9 aux c\u00f4t\u00e9s de Rashford \u00e0 United ?<\/p>\n<p>\u00ab\u00a0Si la connexion existe, \u00e9videmment, il n&#39;y a aucun probl\u00e8me avec Michael\u00a0\u00bb, a-t-il d\u00e9clar\u00e9.<\/p>\n<p>\u00ab\u00a0Mais il faudrait vraiment regarder vers l&#39;avenir. Ainsi, par exemple, Marcus est revenu et vous avez un contrat de deux ans. Est-ce que cela va fonctionner avec les plans ?\u00a0\u00bb Le contrat de Rashford \u00e0 United se termine en juin 2028, donc avec un nouvel accord improbable, le club pourrait pr\u00e9f\u00e9rer encaisser maintenant alors qu&#39;il est en position de force.<\/p>\n<p>\u00ab\u00a0J&#39;adorerais voir cela se produire, mais parfois cela vous \u00e9chappe, cela dispara\u00eet et c&#39;est malheureux. Mais c&#39;est ce qui arrive dans la plupart des choses.\u00a0\u00bb<\/p>\n<p>\u00ab\u00a0Donc, si tout \u00e9tait bien et que tout le monde \u00e9tait content, alors je n&#39;aurais pas de probl\u00e8me. Mais la fa\u00e7on dont \u00e7a s&#39;est termin\u00e9, on pense juste que \u00e7a va un peu g\u00eaner les choses en cours de route.\u00a0\u00bb<\/p>\n<p>Lisez ce que Wes Brown a dit sur les chances de Carrick d&#39;obtenir le poste permanent ici, et ses r\u00e9flexions sur la question de savoir si Harry Maguire devrait se voir proposer un nouveau contrat ici.<\/p>\n<hr\/>\n<p>The Peoples Person est l&#39;un des principaux sites d&#39;information de Man United au monde depuis plus d&#39;une d\u00e9cennie. Suivez-nous sur Bluesky\u00a0: @peoplesperson.bsky.social<\/p>\n<p><!-- CONTENT END 2 --><\/p><\/div>\n","protected":false},"excerpt":{"rendered":"<p>3 Alors que nous nous rapprochons de la fin de la saison 2025\/26, l&#39;avenir de Marcus Rashford reste incertain. La star de Manchester United s&#39;est<\/p>\n","protected":false},"author":1,"featured_media":34384,"comment_status":"closed","ping_status":"","sticky":false,"template":"","format":"standard","meta":{"footnotes":""},"categories":[3],"tags":[3727,5200,4309,422,1105,3817,423,1301,103,4108],"yoast_head":"<!-- This site is optimized with the Yoast SEO plugin v21.0 - https:\/\/yoast.com\/wordpress\/plugins\/seo\/ -->\n<title>Wes Brown se prononce sur l&#039;avenir de Marcus Rashford sous Michael Carrick \u2013<\/title>\n<meta name=\"robots\" content=\"index, follow, max-snippet:-1, max-image-preview:large, max-video-preview:-1\" \/>\n<link rel=\"canonical\" href=\"https:\/\/footdavant.fr\/actualites\/wes-brown-se-prononce-sur-lavenir-de-marcus-rashford-sous-michael-carrick\/\" \/>\n<meta property=\"og:locale\" content=\"fr_FR\" \/>\n<meta property=\"og:type\" content=\"article\" \/>\n<meta property=\"og:title\" content=\"Wes Brown se prononce sur l&#039;avenir de Marcus Rashford sous Michael Carrick \u2013\" \/>\n<meta property=\"og:description\" content=\"3 Alors que nous nous rapprochons de la fin de la saison 2025\/26, l&#039;avenir de Marcus Rashford reste incertain. La star de Manchester United s&#039;est\" \/>\n<meta property=\"og:url\" content=\"https:\/\/footdavant.fr\/actualites\/wes-brown-se-prononce-sur-lavenir-de-marcus-rashford-sous-michael-carrick\/\" \/>\n<meta property=\"og:site_name\" content=\"Foot d&#039;avant\" \/>\n<meta property=\"article:publisher\" content=\"https:\/\/www.facebook.com\/Footdavant\/\" \/>\n<meta property=\"article:published_time\" content=\"2026-02-11T14:48:06+00:00\" \/>\n<meta property=\"article:modified_time\" content=\"2026-02-11T14:48:07+00:00\" \/>\n<meta property=\"og:image\" content=\"https:\/\/footdavant.fr\/actualites\/wp-content\/uploads\/2026\/02\/Wes-Brown-se-prononce-sur-l39avenir-de-Marcus-Rashford-sous.jpg\" \/>\n\t<meta property=\"og:image:width\" content=\"1200\" \/>\n\t<meta property=\"og:image:height\" content=\"675\" \/>\n\t<meta property=\"og:image:type\" content=\"image\/jpeg\" \/>\n<meta name=\"author\" content=\"Cl\u00e9ment\" \/>\n<meta name=\"twitter:card\" content=\"summary_large_image\" \/>\n<meta name=\"twitter:creator\" content=\"@FootdavantFr\" \/>\n<meta name=\"twitter:site\" content=\"@FootdavantFr\" \/>\n<meta name=\"twitter:label1\" content=\"\u00c9crit par\" \/>\n\t<meta name=\"twitter:data1\" content=\"Cl\u00e9ment\" \/>\n\t<meta name=\"twitter:label2\" content=\"Dur\u00e9e de lecture estim\u00e9e\" \/>\n\t<meta name=\"twitter:data2\" content=\"3 minutes\" \/>\n<script type=\"application\/ld+json\" class=\"yoast-schema-graph\">{\"@context\":\"https:\/\/schema.org\",\"@graph\":[{\"@type\":\"Article\",\"@id\":\"https:\/\/footdavant.fr\/actualites\/wes-brown-se-prononce-sur-lavenir-de-marcus-rashford-sous-michael-carrick\/#article\",\"isPartOf\":{\"@id\":\"https:\/\/footdavant.fr\/actualites\/wes-brown-se-prononce-sur-lavenir-de-marcus-rashford-sous-michael-carrick\/\"},\"author\":{\"name\":\"Cl\u00e9ment\",\"@id\":\"https:\/\/footdavant.fr\/actualites\/#\/schema\/person\/bc222566d95871b37e597b3ed3ba5e1d\"},\"headline\":\"Wes Brown se prononce sur l&#39;avenir de Marcus Rashford sous Michael Carrick \u2013\",\"datePublished\":\"2026-02-11T14:48:06+00:00\",\"dateModified\":\"2026-02-11T14:48:07+00:00\",\"mainEntityOfPage\":{\"@id\":\"https:\/\/footdavant.fr\/actualites\/wes-brown-se-prononce-sur-lavenir-de-marcus-rashford-sous-michael-carrick\/\"},\"wordCount\":545,\"publisher\":{\"@id\":\"https:\/\/footdavant.fr\/actualites\/#organization\"},\"keywords\":[\"Brown\",\"Carrick\",\"l39avenir\",\"Marcus\",\"Michael\",\"prononce\",\"Rashford\",\"sous\",\"sur\",\"Wes\"],\"articleSection\":[\"Football\"],\"inLanguage\":\"fr-FR\"},{\"@type\":\"WebPage\",\"@id\":\"https:\/\/footdavant.fr\/actualites\/wes-brown-se-prononce-sur-lavenir-de-marcus-rashford-sous-michael-carrick\/\",\"url\":\"https:\/\/footdavant.fr\/actualites\/wes-brown-se-prononce-sur-lavenir-de-marcus-rashford-sous-michael-carrick\/\",\"name\":\"Wes Brown se prononce sur l&#39;avenir de Marcus Rashford sous Michael Carrick \u2013\",\"isPartOf\":{\"@id\":\"https:\/\/footdavant.fr\/actualites\/#website\"},\"datePublished\":\"2026-02-11T14:48:06+00:00\",\"dateModified\":\"2026-02-11T14:48:07+00:00\",\"breadcrumb\":{\"@id\":\"https:\/\/footdavant.fr\/actualites\/wes-brown-se-prononce-sur-lavenir-de-marcus-rashford-sous-michael-carrick\/#breadcrumb\"},\"inLanguage\":\"fr-FR\",\"potentialAction\":[{\"@type\":\"ReadAction\",\"target\":[\"https:\/\/footdavant.fr\/actualites\/wes-brown-se-prononce-sur-lavenir-de-marcus-rashford-sous-michael-carrick\/\"]}]},{\"@type\":\"BreadcrumbList\",\"@id\":\"https:\/\/footdavant.fr\/actualites\/wes-brown-se-prononce-sur-lavenir-de-marcus-rashford-sous-michael-carrick\/#breadcrumb\",\"itemListElement\":[{\"@type\":\"ListItem\",\"position\":1,\"name\":\"Accueil\",\"item\":\"https:\/\/footdavant.fr\/actualites\/\"},{\"@type\":\"ListItem\",\"position\":2,\"name\":\"Wes Brown se prononce sur l&#39;avenir de Marcus Rashford sous Michael Carrick \u2013\"}]},{\"@type\":\"WebSite\",\"@id\":\"https:\/\/footdavant.fr\/actualites\/#website\",\"url\":\"https:\/\/footdavant.fr\/actualites\/\",\"name\":\"Foot d'avant\",\"description\":\"\",\"publisher\":{\"@id\":\"https:\/\/footdavant.fr\/actualites\/#organization\"},\"potentialAction\":[{\"@type\":\"SearchAction\",\"target\":{\"@type\":\"EntryPoint\",\"urlTemplate\":\"https:\/\/footdavant.fr\/actualites\/?s={search_term_string}\"},\"query-input\":\"required name=search_term_string\"}],\"inLanguage\":\"fr-FR\"},{\"@type\":\"Organization\",\"@id\":\"https:\/\/footdavant.fr\/actualites\/#organization\",\"name\":\"Foot d'avant\",\"url\":\"https:\/\/footdavant.fr\/actualites\/\",\"logo\":{\"@type\":\"ImageObject\",\"inLanguage\":\"fr-FR\",\"@id\":\"https:\/\/footdavant.fr\/actualites\/#\/schema\/logo\/image\/\",\"url\":\"https:\/\/footdavant.fr\/actualites\/wp-content\/uploads\/2023\/09\/Copy-of-FootDavant-Logo.png\",\"contentUrl\":\"https:\/\/footdavant.fr\/actualites\/wp-content\/uploads\/2023\/09\/Copy-of-FootDavant-Logo.png\",\"width\":936,\"height\":549,\"caption\":\"Foot d'avant\"},\"image\":{\"@id\":\"https:\/\/footdavant.fr\/actualites\/#\/schema\/logo\/image\/\"},\"sameAs\":[\"https:\/\/www.facebook.com\/Footdavant\/\",\"https:\/\/twitter.com\/FootdavantFr\",\"https:\/\/www.instagram.com\/footdavant.fr\/\"]},{\"@type\":\"Person\",\"@id\":\"https:\/\/footdavant.fr\/actualites\/#\/schema\/person\/bc222566d95871b37e597b3ed3ba5e1d\",\"name\":\"Cl\u00e9ment\",\"image\":{\"@type\":\"ImageObject\",\"inLanguage\":\"fr-FR\",\"@id\":\"https:\/\/footdavant.fr\/actualites\/#\/schema\/person\/image\/\",\"url\":\"https:\/\/secure.gravatar.com\/avatar\/7728b29aac2719421e1a9159b2254c44?s=96&d=mm&r=g\",\"contentUrl\":\"https:\/\/secure.gravatar.com\/avatar\/7728b29aac2719421e1a9159b2254c44?s=96&d=mm&r=g\",\"caption\":\"Cl\u00e9ment\"},\"sameAs\":[\"https:\/\/footdavant.fr\/\"]}]}<\/script>\n<!-- \/ Yoast SEO plugin. -->","yoast_head_json":{"title":"Wes Brown se prononce sur l&#39;avenir de Marcus Rashford sous Michael Carrick \u2013","robots":{"index":"index","follow":"follow","max-snippet":"max-snippet:-1","max-image-preview":"max-image-preview:large","max-video-preview":"max-video-preview:-1"},"canonical":"https:\/\/footdavant.fr\/actualites\/wes-brown-se-prononce-sur-lavenir-de-marcus-rashford-sous-michael-carrick\/","og_locale":"fr_FR","og_type":"article","og_title":"Wes Brown se prononce sur l&#39;avenir de Marcus Rashford sous Michael Carrick \u2013","og_description":"3 Alors que nous nous rapprochons de la fin de la saison 2025\/26, l&#39;avenir de Marcus Rashford reste incertain. La star de Manchester United s&#39;est","og_url":"https:\/\/footdavant.fr\/actualites\/wes-brown-se-prononce-sur-lavenir-de-marcus-rashford-sous-michael-carrick\/","og_site_name":"Foot d&#039;avant","article_publisher":"https:\/\/www.facebook.com\/Footdavant\/","article_published_time":"2026-02-11T14:48:06+00:00","article_modified_time":"2026-02-11T14:48:07+00:00","og_image":[{"width":1200,"height":675,"url":"https:\/\/footdavant.fr\/actualites\/wp-content\/uploads\/2026\/02\/Wes-Brown-se-prononce-sur-l39avenir-de-Marcus-Rashford-sous.jpg","type":"image\/jpeg"}],"author":"Cl\u00e9ment","twitter_card":"summary_large_image","twitter_creator":"@FootdavantFr","twitter_site":"@FootdavantFr","twitter_misc":{"\u00c9crit par":"Cl\u00e9ment","Dur\u00e9e de lecture estim\u00e9e":"3 minutes"},"schema":{"@context":"https:\/\/schema.org","@graph":[{"@type":"Article","@id":"https:\/\/footdavant.fr\/actualites\/wes-brown-se-prononce-sur-lavenir-de-marcus-rashford-sous-michael-carrick\/#article","isPartOf":{"@id":"https:\/\/footdavant.fr\/actualites\/wes-brown-se-prononce-sur-lavenir-de-marcus-rashford-sous-michael-carrick\/"},"author":{"name":"Cl\u00e9ment","@id":"https:\/\/footdavant.fr\/actualites\/#\/schema\/person\/bc222566d95871b37e597b3ed3ba5e1d"},"headline":"Wes Brown se prononce sur l&#39;avenir de Marcus Rashford sous Michael Carrick \u2013","datePublished":"2026-02-11T14:48:06+00:00","dateModified":"2026-02-11T14:48:07+00:00","mainEntityOfPage":{"@id":"https:\/\/footdavant.fr\/actualites\/wes-brown-se-prononce-sur-lavenir-de-marcus-rashford-sous-michael-carrick\/"},"wordCount":545,"publisher":{"@id":"https:\/\/footdavant.fr\/actualites\/#organization"},"keywords":["Brown","Carrick","l39avenir","Marcus","Michael","prononce","Rashford","sous","sur","Wes"],"articleSection":["Football"],"inLanguage":"fr-FR"},{"@type":"WebPage","@id":"https:\/\/footdavant.fr\/actualites\/wes-brown-se-prononce-sur-lavenir-de-marcus-rashford-sous-michael-carrick\/","url":"https:\/\/footdavant.fr\/actualites\/wes-brown-se-prononce-sur-lavenir-de-marcus-rashford-sous-michael-carrick\/","name":"Wes Brown se prononce sur l&#39;avenir de Marcus Rashford sous Michael Carrick \u2013","isPartOf":{"@id":"https:\/\/footdavant.fr\/actualites\/#website"},"datePublished":"2026-02-11T14:48:06+00:00","dateModified":"2026-02-11T14:48:07+00:00","breadcrumb":{"@id":"https:\/\/footdavant.fr\/actualites\/wes-brown-se-prononce-sur-lavenir-de-marcus-rashford-sous-michael-carrick\/#breadcrumb"},"inLanguage":"fr-FR","potentialAction":[{"@type":"ReadAction","target":["https:\/\/footdavant.fr\/actualites\/wes-brown-se-prononce-sur-lavenir-de-marcus-rashford-sous-michael-carrick\/"]}]},{"@type":"BreadcrumbList","@id":"https:\/\/footdavant.fr\/actualites\/wes-brown-se-prononce-sur-lavenir-de-marcus-rashford-sous-michael-carrick\/#breadcrumb","itemListElement":[{"@type":"ListItem","position":1,"name":"Accueil","item":"https:\/\/footdavant.fr\/actualites\/"},{"@type":"ListItem","position":2,"name":"Wes Brown se prononce sur l&#39;avenir de Marcus Rashford sous Michael Carrick \u2013"}]},{"@type":"WebSite","@id":"https:\/\/footdavant.fr\/actualites\/#website","url":"https:\/\/footdavant.fr\/actualites\/","name":"Foot d'avant","description":"","publisher":{"@id":"https:\/\/footdavant.fr\/actualites\/#organization"},"potentialAction":[{"@type":"SearchAction","target":{"@type":"EntryPoint","urlTemplate":"https:\/\/footdavant.fr\/actualites\/?s={search_term_string}"},"query-input":"required name=search_term_string"}],"inLanguage":"fr-FR"},{"@type":"Organization","@id":"https:\/\/footdavant.fr\/actualites\/#organization","name":"Foot d'avant","url":"https:\/\/footdavant.fr\/actualites\/","logo":{"@type":"ImageObject","inLanguage":"fr-FR","@id":"https:\/\/footdavant.fr\/actualites\/#\/schema\/logo\/image\/","url":"https:\/\/footdavant.fr\/actualites\/wp-content\/uploads\/2023\/09\/Copy-of-FootDavant-Logo.png","contentUrl":"https:\/\/footdavant.fr\/actualites\/wp-content\/uploads\/2023\/09\/Copy-of-FootDavant-Logo.png","width":936,"height":549,"caption":"Foot d'avant"},"image":{"@id":"https:\/\/footdavant.fr\/actualites\/#\/schema\/logo\/image\/"},"sameAs":["https:\/\/www.facebook.com\/Footdavant\/","https:\/\/twitter.com\/FootdavantFr","https:\/\/www.instagram.com\/footdavant.fr\/"]},{"@type":"Person","@id":"https:\/\/footdavant.fr\/actualites\/#\/schema\/person\/bc222566d95871b37e597b3ed3ba5e1d","name":"Cl\u00e9ment","image":{"@type":"ImageObject","inLanguage":"fr-FR","@id":"https:\/\/footdavant.fr\/actualites\/#\/schema\/person\/image\/","url":"https:\/\/secure.gravatar.com\/avatar\/7728b29aac2719421e1a9159b2254c44?s=96&d=mm&r=g","contentUrl":"https:\/\/secure.gravatar.com\/avatar\/7728b29aac2719421e1a9159b2254c44?s=96&d=mm&r=g","caption":"Cl\u00e9ment"},"sameAs":["https:\/\/footdavant.fr\/"]}]}},"_links":{"self":[{"href":"https:\/\/footdavant.fr\/actualites\/wp-json\/wp\/v2\/posts\/34383"}],"collection":[{"href":"https:\/\/footdavant.fr\/actualites\/wp-json\/wp\/v2\/posts"}],"about":[{"href":"https:\/\/footdavant.fr\/actualites\/wp-json\/wp\/v2\/types\/post"}],"author":[{"embeddable":true,"href":"https:\/\/footdavant.fr\/actualites\/wp-json\/wp\/v2\/users\/1"}],"replies":[{"embeddable":true,"href":"https:\/\/footdavant.fr\/actualites\/wp-json\/wp\/v2\/comments?post=34383"}],"version-history":[{"count":1,"href":"https:\/\/footdavant.fr\/actualites\/wp-json\/wp\/v2\/posts\/34383\/revisions"}],"predecessor-version":[{"id":34385,"href":"https:\/\/footdavant.fr\/actualites\/wp-json\/wp\/v2\/posts\/34383\/revisions\/34385"}],"wp:featuredmedia":[{"embeddable":true,"href":"https:\/\/footdavant.fr\/actualites\/wp-json\/wp\/v2\/media\/34384"}],"wp:attachment":[{"href":"https:\/\/footdavant.fr\/actualites\/wp-json\/wp\/v2\/media?parent=34383"}],"wp:term":[{"taxonomy":"category","embeddable":true,"href":"https:\/\/footdavant.fr\/actualites\/wp-json\/wp\/v2\/categories?post=34383"},{"taxonomy":"post_tag","embeddable":true,"href":"https:\/\/footdavant.fr\/actualites\/wp-json\/wp\/v2\/tags?post=34383"}],"curies":[{"name":"wp","href":"https:\/\/api.w.org\/{rel}","templated":true}]}}