{"id":34386,"date":"2026-02-11T19:48:17","date_gmt":"2026-02-11T18:48:17","guid":{"rendered":"https:\/\/footdavant.fr\/actualites\/liam-rosenior-est-un-porte-parole-rafraichissant-de-chelsea-dans-les-medias\/"},"modified":"2026-02-11T19:48:21","modified_gmt":"2026-02-11T18:48:21","slug":"liam-rosenior-est-un-porte-parole-rafraichissant-de-chelsea-dans-les-medias","status":"publish","type":"post","link":"https:\/\/footdavant.fr\/actualites\/liam-rosenior-est-un-porte-parole-rafraichissant-de-chelsea-dans-les-medias\/","title":{"rendered":"Liam Rosenior est un porte-parole rafra\u00eechissant de Chelsea dans les m\u00e9dias"},"content":{"rendered":"<div>\n<p>J&#39;ai dit lorsque j&#39;ai \u00e9cout\u00e9 pour la premi\u00e8re fois Liam Rosenior en tant que nouveau manager de Chelsea, que les actions \u00e9taient plus \u00e9loquentes que les mots. Et jusqu\u2019\u00e0 pr\u00e9sent, du moins en termes de r\u00e9sultats, les actions sont plus \u00e9loquentes que ses paroles. Mais il faut bien s\u00fbr qu\u2019il suive le rythme. Il est tr\u00e8s t\u00f4t.<\/p>\n<p>Mais je pense que Rosenior, pour ce qui est de dire toutes les bonnes choses et de l&#39;entendre parler en public, est mon manager pr\u00e9f\u00e9r\u00e9 \u00e0 \u00e9couter depuis Jos\u00e9 Mourinho. Ceci n\u2019est pas con\u00e7u pour exag\u00e9rer, et sachez que je dis seulement que j\u2019aime ce qu\u2019il dit en public. Je ne dis PAS qu\u2019il est encore proche du niveau de Mourinho en tant que manager, ou qu\u2019il y parviendra un jour. J&#39;appr\u00e9cie simplement ce qu&#39;il dit, et ceux d&#39;entre vous qui sont dans cette communaut\u00e9 depuis un certain temps sauront que l&#39;un de mes plus gros reproches est que les managers disent ce que je consid\u00e8re comme de mauvaises choses lors des conf\u00e9rences de presse et ont de mauvaises attitudes et mentalit\u00e9s.<\/p>\n<p>L&#39;attitude de Rosenior est TOP. C&#39;est tellement rafra\u00eechissant d&#39;avoir un manager qui sait exactement quoi dire. Et vous savez, c&#39;est juste qu&#39;il est vrai aussi\u00a0; ce n\u2019est pas une formation m\u00e9diatique, ce n\u2019est pas lui qui pr\u00e9tend \u00eatre quelqu\u2019un qu\u2019il n\u2019est pas. C&#39;est l\u00e9gitimement le vrai Liam que nous voyons dans les interviews.<\/p>\n<p>Il dit (presque) toutes les bonnes choses. Quand je dis presque, ce sont les commentaires \u00ab tout le monde est exceptionnel \u00bb que je n&#39;aime pas, m\u00eame si je peux comprendre pourquoi il veut dire \u00e7a. Mais non, tous les joueurs ne sont pas exceptionnels Liam ! En dehors de cela, ses prises de parole en public ont \u00e9t\u00e9 fantastiques et les derniers commentaires que j&#39;aime aussi.<\/p>\n<p>Nous savons tous que les critiques et les moqueries font partie int\u00e9grante de la c\u00e9l\u00e9brit\u00e9, et malheureusement, les abus aussi, m\u00eame si c&#39;est tr\u00e8s faux. Mais ils doivent simplement accepter que les deux points mentionn\u00e9s ci-dessus n&#39;en sont qu&#39;une partie, j&#39;en ai peur, et Liam l&#39;accepte.<\/p>\n<p>Cela affectera forc\u00e9ment les gens de diff\u00e9rentes mani\u00e8res et cela affectera \u00e9galement les familles de diff\u00e9rentes mani\u00e8res par rapport \u00e0 l&#39;individu. Mais il sera toujours l\u00e0.<\/p>\n<p>De nos jours, tout le monde a un t\u00e9l\u00e9phone \u00e0 la main, tout le monde voit les r\u00e9seaux sociaux, il est impossible de les \u00e9viter m\u00eame si on le souhaite.<\/p>\n<p>Tel que relay\u00e9 par le journaliste du Sun Lloyd Canfield, Rosenior a d\u00e9clar\u00e9\u00a0:<\/p>\n<p>\u00ab\u00a0Cela les affecte. Cela affecte mes parents, cela affecte ma famille.<\/p>\n<p>\u00ab\u00a0Mais je savais qu&#39;en arrivant \u00e0 ce poste, cela allait arriver. C&#39;est normal. Donc pour moi, quand on s&#39;y pr\u00e9pare, \u00e7a fait sourire.<\/p>\n<p>\u00ab\u00a0Je suis une personne confiante. Et si vous \u00eates affect\u00e9 par des choses comme celle-l\u00e0, vous ne devriez pas occuper ce poste. Vous ne pouvez en aucun cas faire ce travail si cela vous affecte n\u00e9gativement.<\/p>\n<p>\u00ab\u00a0J&#39;aime beaucoup \u00e7a, pour \u00eatre honn\u00eate. Vous savez, je ne me suis pas aid\u00e9 lors de ma premi\u00e8re touche \u00e0 Arsenal&#8230;\u00a0\u00bb<\/p>\n<p>Je pense que c&#39;est une superbe fa\u00e7on de r\u00e9agir, prendre tout cela avec calme et dire qu&#39;il appr\u00e9cie m\u00eame \u00e7a. Il prend cela comme une plaisanterie, et la plaisanterie sera toujours dans ce sport. Alors, fair-play Liam, c&#39;est une excellente fa\u00e7on de r\u00e9pondre. Cependant, je ressens pour sa famille, cela ne doit pas \u00eatre facile maintenant qu&#39;il est soudainement sous le feu des projecteurs.<\/p>\n<\/p><\/div>\n","protected":false},"excerpt":{"rendered":"<p>J&#39;ai dit lorsque j&#39;ai \u00e9cout\u00e9 pour la premi\u00e8re fois Liam Rosenior en tant que nouveau manager de Chelsea, que les actions \u00e9taient plus \u00e9loquentes que<\/p>\n","protected":false},"author":1,"featured_media":34387,"comment_status":"closed","ping_status":"","sticky":false,"template":"","format":"standard","meta":{"footnotes":""},"categories":[3],"tags":[171,19,217,93,5457,4723,11486,11112,10942],"yoast_head":"<!-- This site is optimized with the Yoast SEO plugin v21.0 - https:\/\/yoast.com\/wordpress\/plugins\/seo\/ -->\n<title>Liam Rosenior est un porte-parole rafra\u00eechissant de Chelsea dans les m\u00e9dias<\/title>\n<meta name=\"robots\" content=\"index, follow, max-snippet:-1, max-image-preview:large, max-video-preview:-1\" \/>\n<link rel=\"canonical\" href=\"https:\/\/footdavant.fr\/actualites\/liam-rosenior-est-un-porte-parole-rafraichissant-de-chelsea-dans-les-medias\/\" \/>\n<meta property=\"og:locale\" content=\"fr_FR\" \/>\n<meta property=\"og:type\" content=\"article\" \/>\n<meta property=\"og:title\" content=\"Liam Rosenior est un porte-parole rafra\u00eechissant de Chelsea dans les m\u00e9dias\" \/>\n<meta property=\"og:description\" content=\"J&#039;ai dit lorsque j&#039;ai \u00e9cout\u00e9 pour la premi\u00e8re fois Liam Rosenior en tant que nouveau manager de Chelsea, que les actions \u00e9taient plus \u00e9loquentes que\" \/>\n<meta property=\"og:url\" content=\"https:\/\/footdavant.fr\/actualites\/liam-rosenior-est-un-porte-parole-rafraichissant-de-chelsea-dans-les-medias\/\" \/>\n<meta property=\"og:site_name\" content=\"Foot d&#039;avant\" \/>\n<meta property=\"article:publisher\" content=\"https:\/\/www.facebook.com\/Footdavant\/\" \/>\n<meta property=\"article:published_time\" content=\"2026-02-11T18:48:17+00:00\" \/>\n<meta property=\"article:modified_time\" content=\"2026-02-11T18:48:21+00:00\" \/>\n<meta property=\"og:image\" content=\"https:\/\/footdavant.fr\/actualites\/wp-content\/uploads\/2026\/02\/Liam-Rosenior-est-un-porte-parole-rafraichissant-de-Chelsea-dans-les.webp\" \/>\n\t<meta property=\"og:image:width\" content=\"2560\" \/>\n\t<meta property=\"og:image:height\" content=\"1670\" \/>\n\t<meta property=\"og:image:type\" content=\"image\/webp\" \/>\n<meta name=\"author\" content=\"Cl\u00e9ment\" \/>\n<meta name=\"twitter:card\" content=\"summary_large_image\" \/>\n<meta name=\"twitter:creator\" content=\"@FootdavantFr\" \/>\n<meta name=\"twitter:site\" content=\"@FootdavantFr\" \/>\n<meta name=\"twitter:label1\" content=\"\u00c9crit par\" \/>\n\t<meta name=\"twitter:data1\" content=\"Cl\u00e9ment\" \/>\n\t<meta name=\"twitter:label2\" content=\"Dur\u00e9e de lecture estim\u00e9e\" \/>\n\t<meta name=\"twitter:data2\" content=\"3 minutes\" \/>\n<script type=\"application\/ld+json\" class=\"yoast-schema-graph\">{\"@context\":\"https:\/\/schema.org\",\"@graph\":[{\"@type\":\"Article\",\"@id\":\"https:\/\/footdavant.fr\/actualites\/liam-rosenior-est-un-porte-parole-rafraichissant-de-chelsea-dans-les-medias\/#article\",\"isPartOf\":{\"@id\":\"https:\/\/footdavant.fr\/actualites\/liam-rosenior-est-un-porte-parole-rafraichissant-de-chelsea-dans-les-medias\/\"},\"author\":{\"name\":\"Cl\u00e9ment\",\"@id\":\"https:\/\/footdavant.fr\/actualites\/#\/schema\/person\/bc222566d95871b37e597b3ed3ba5e1d\"},\"headline\":\"Liam Rosenior est un porte-parole rafra\u00eechissant de Chelsea dans les m\u00e9dias\",\"datePublished\":\"2026-02-11T18:48:17+00:00\",\"dateModified\":\"2026-02-11T18:48:21+00:00\",\"mainEntityOfPage\":{\"@id\":\"https:\/\/footdavant.fr\/actualites\/liam-rosenior-est-un-porte-parole-rafraichissant-de-chelsea-dans-les-medias\/\"},\"wordCount\":659,\"publisher\":{\"@id\":\"https:\/\/footdavant.fr\/actualites\/#organization\"},\"keywords\":[\"Chelsea\",\"dans\",\"est\",\"les\",\"Liam\",\"m\u00e9dias\",\"porteparole\",\"Rafra\u00eechissant\",\"Rosenior\"],\"articleSection\":[\"Football\"],\"inLanguage\":\"fr-FR\"},{\"@type\":\"WebPage\",\"@id\":\"https:\/\/footdavant.fr\/actualites\/liam-rosenior-est-un-porte-parole-rafraichissant-de-chelsea-dans-les-medias\/\",\"url\":\"https:\/\/footdavant.fr\/actualites\/liam-rosenior-est-un-porte-parole-rafraichissant-de-chelsea-dans-les-medias\/\",\"name\":\"Liam Rosenior est un porte-parole rafra\u00eechissant de Chelsea dans les m\u00e9dias\",\"isPartOf\":{\"@id\":\"https:\/\/footdavant.fr\/actualites\/#website\"},\"datePublished\":\"2026-02-11T18:48:17+00:00\",\"dateModified\":\"2026-02-11T18:48:21+00:00\",\"breadcrumb\":{\"@id\":\"https:\/\/footdavant.fr\/actualites\/liam-rosenior-est-un-porte-parole-rafraichissant-de-chelsea-dans-les-medias\/#breadcrumb\"},\"inLanguage\":\"fr-FR\",\"potentialAction\":[{\"@type\":\"ReadAction\",\"target\":[\"https:\/\/footdavant.fr\/actualites\/liam-rosenior-est-un-porte-parole-rafraichissant-de-chelsea-dans-les-medias\/\"]}]},{\"@type\":\"BreadcrumbList\",\"@id\":\"https:\/\/footdavant.fr\/actualites\/liam-rosenior-est-un-porte-parole-rafraichissant-de-chelsea-dans-les-medias\/#breadcrumb\",\"itemListElement\":[{\"@type\":\"ListItem\",\"position\":1,\"name\":\"Accueil\",\"item\":\"https:\/\/footdavant.fr\/actualites\/\"},{\"@type\":\"ListItem\",\"position\":2,\"name\":\"Liam Rosenior est un porte-parole rafra\u00eechissant de Chelsea dans les m\u00e9dias\"}]},{\"@type\":\"WebSite\",\"@id\":\"https:\/\/footdavant.fr\/actualites\/#website\",\"url\":\"https:\/\/footdavant.fr\/actualites\/\",\"name\":\"Foot d'avant\",\"description\":\"\",\"publisher\":{\"@id\":\"https:\/\/footdavant.fr\/actualites\/#organization\"},\"potentialAction\":[{\"@type\":\"SearchAction\",\"target\":{\"@type\":\"EntryPoint\",\"urlTemplate\":\"https:\/\/footdavant.fr\/actualites\/?s={search_term_string}\"},\"query-input\":\"required name=search_term_string\"}],\"inLanguage\":\"fr-FR\"},{\"@type\":\"Organization\",\"@id\":\"https:\/\/footdavant.fr\/actualites\/#organization\",\"name\":\"Foot d'avant\",\"url\":\"https:\/\/footdavant.fr\/actualites\/\",\"logo\":{\"@type\":\"ImageObject\",\"inLanguage\":\"fr-FR\",\"@id\":\"https:\/\/footdavant.fr\/actualites\/#\/schema\/logo\/image\/\",\"url\":\"https:\/\/footdavant.fr\/actualites\/wp-content\/uploads\/2023\/09\/Copy-of-FootDavant-Logo.png\",\"contentUrl\":\"https:\/\/footdavant.fr\/actualites\/wp-content\/uploads\/2023\/09\/Copy-of-FootDavant-Logo.png\",\"width\":936,\"height\":549,\"caption\":\"Foot d'avant\"},\"image\":{\"@id\":\"https:\/\/footdavant.fr\/actualites\/#\/schema\/logo\/image\/\"},\"sameAs\":[\"https:\/\/www.facebook.com\/Footdavant\/\",\"https:\/\/twitter.com\/FootdavantFr\",\"https:\/\/www.instagram.com\/footdavant.fr\/\"]},{\"@type\":\"Person\",\"@id\":\"https:\/\/footdavant.fr\/actualites\/#\/schema\/person\/bc222566d95871b37e597b3ed3ba5e1d\",\"name\":\"Cl\u00e9ment\",\"image\":{\"@type\":\"ImageObject\",\"inLanguage\":\"fr-FR\",\"@id\":\"https:\/\/footdavant.fr\/actualites\/#\/schema\/person\/image\/\",\"url\":\"https:\/\/secure.gravatar.com\/avatar\/7728b29aac2719421e1a9159b2254c44?s=96&d=mm&r=g\",\"contentUrl\":\"https:\/\/secure.gravatar.com\/avatar\/7728b29aac2719421e1a9159b2254c44?s=96&d=mm&r=g\",\"caption\":\"Cl\u00e9ment\"},\"sameAs\":[\"https:\/\/footdavant.fr\/\"]}]}<\/script>\n<!-- \/ Yoast SEO plugin. -->","yoast_head_json":{"title":"Liam Rosenior est un porte-parole rafra\u00eechissant de Chelsea dans les m\u00e9dias","robots":{"index":"index","follow":"follow","max-snippet":"max-snippet:-1","max-image-preview":"max-image-preview:large","max-video-preview":"max-video-preview:-1"},"canonical":"https:\/\/footdavant.fr\/actualites\/liam-rosenior-est-un-porte-parole-rafraichissant-de-chelsea-dans-les-medias\/","og_locale":"fr_FR","og_type":"article","og_title":"Liam Rosenior est un porte-parole rafra\u00eechissant de Chelsea dans les m\u00e9dias","og_description":"J&#39;ai dit lorsque j&#39;ai \u00e9cout\u00e9 pour la premi\u00e8re fois Liam Rosenior en tant que nouveau manager de Chelsea, que les actions \u00e9taient plus \u00e9loquentes que","og_url":"https:\/\/footdavant.fr\/actualites\/liam-rosenior-est-un-porte-parole-rafraichissant-de-chelsea-dans-les-medias\/","og_site_name":"Foot d&#039;avant","article_publisher":"https:\/\/www.facebook.com\/Footdavant\/","article_published_time":"2026-02-11T18:48:17+00:00","article_modified_time":"2026-02-11T18:48:21+00:00","og_image":[{"width":2560,"height":1670,"url":"https:\/\/footdavant.fr\/actualites\/wp-content\/uploads\/2026\/02\/Liam-Rosenior-est-un-porte-parole-rafraichissant-de-Chelsea-dans-les.webp","type":"image\/webp"}],"author":"Cl\u00e9ment","twitter_card":"summary_large_image","twitter_creator":"@FootdavantFr","twitter_site":"@FootdavantFr","twitter_misc":{"\u00c9crit par":"Cl\u00e9ment","Dur\u00e9e de lecture estim\u00e9e":"3 minutes"},"schema":{"@context":"https:\/\/schema.org","@graph":[{"@type":"Article","@id":"https:\/\/footdavant.fr\/actualites\/liam-rosenior-est-un-porte-parole-rafraichissant-de-chelsea-dans-les-medias\/#article","isPartOf":{"@id":"https:\/\/footdavant.fr\/actualites\/liam-rosenior-est-un-porte-parole-rafraichissant-de-chelsea-dans-les-medias\/"},"author":{"name":"Cl\u00e9ment","@id":"https:\/\/footdavant.fr\/actualites\/#\/schema\/person\/bc222566d95871b37e597b3ed3ba5e1d"},"headline":"Liam Rosenior est un porte-parole rafra\u00eechissant de Chelsea dans les m\u00e9dias","datePublished":"2026-02-11T18:48:17+00:00","dateModified":"2026-02-11T18:48:21+00:00","mainEntityOfPage":{"@id":"https:\/\/footdavant.fr\/actualites\/liam-rosenior-est-un-porte-parole-rafraichissant-de-chelsea-dans-les-medias\/"},"wordCount":659,"publisher":{"@id":"https:\/\/footdavant.fr\/actualites\/#organization"},"keywords":["Chelsea","dans","est","les","Liam","m\u00e9dias","porteparole","Rafra\u00eechissant","Rosenior"],"articleSection":["Football"],"inLanguage":"fr-FR"},{"@type":"WebPage","@id":"https:\/\/footdavant.fr\/actualites\/liam-rosenior-est-un-porte-parole-rafraichissant-de-chelsea-dans-les-medias\/","url":"https:\/\/footdavant.fr\/actualites\/liam-rosenior-est-un-porte-parole-rafraichissant-de-chelsea-dans-les-medias\/","name":"Liam Rosenior est un porte-parole rafra\u00eechissant de Chelsea dans les m\u00e9dias","isPartOf":{"@id":"https:\/\/footdavant.fr\/actualites\/#website"},"datePublished":"2026-02-11T18:48:17+00:00","dateModified":"2026-02-11T18:48:21+00:00","breadcrumb":{"@id":"https:\/\/footdavant.fr\/actualites\/liam-rosenior-est-un-porte-parole-rafraichissant-de-chelsea-dans-les-medias\/#breadcrumb"},"inLanguage":"fr-FR","potentialAction":[{"@type":"ReadAction","target":["https:\/\/footdavant.fr\/actualites\/liam-rosenior-est-un-porte-parole-rafraichissant-de-chelsea-dans-les-medias\/"]}]},{"@type":"BreadcrumbList","@id":"https:\/\/footdavant.fr\/actualites\/liam-rosenior-est-un-porte-parole-rafraichissant-de-chelsea-dans-les-medias\/#breadcrumb","itemListElement":[{"@type":"ListItem","position":1,"name":"Accueil","item":"https:\/\/footdavant.fr\/actualites\/"},{"@type":"ListItem","position":2,"name":"Liam Rosenior est un porte-parole rafra\u00eechissant de Chelsea dans les m\u00e9dias"}]},{"@type":"WebSite","@id":"https:\/\/footdavant.fr\/actualites\/#website","url":"https:\/\/footdavant.fr\/actualites\/","name":"Foot d'avant","description":"","publisher":{"@id":"https:\/\/footdavant.fr\/actualites\/#organization"},"potentialAction":[{"@type":"SearchAction","target":{"@type":"EntryPoint","urlTemplate":"https:\/\/footdavant.fr\/actualites\/?s={search_term_string}"},"query-input":"required name=search_term_string"}],"inLanguage":"fr-FR"},{"@type":"Organization","@id":"https:\/\/footdavant.fr\/actualites\/#organization","name":"Foot d'avant","url":"https:\/\/footdavant.fr\/actualites\/","logo":{"@type":"ImageObject","inLanguage":"fr-FR","@id":"https:\/\/footdavant.fr\/actualites\/#\/schema\/logo\/image\/","url":"https:\/\/footdavant.fr\/actualites\/wp-content\/uploads\/2023\/09\/Copy-of-FootDavant-Logo.png","contentUrl":"https:\/\/footdavant.fr\/actualites\/wp-content\/uploads\/2023\/09\/Copy-of-FootDavant-Logo.png","width":936,"height":549,"caption":"Foot d'avant"},"image":{"@id":"https:\/\/footdavant.fr\/actualites\/#\/schema\/logo\/image\/"},"sameAs":["https:\/\/www.facebook.com\/Footdavant\/","https:\/\/twitter.com\/FootdavantFr","https:\/\/www.instagram.com\/footdavant.fr\/"]},{"@type":"Person","@id":"https:\/\/footdavant.fr\/actualites\/#\/schema\/person\/bc222566d95871b37e597b3ed3ba5e1d","name":"Cl\u00e9ment","image":{"@type":"ImageObject","inLanguage":"fr-FR","@id":"https:\/\/footdavant.fr\/actualites\/#\/schema\/person\/image\/","url":"https:\/\/secure.gravatar.com\/avatar\/7728b29aac2719421e1a9159b2254c44?s=96&d=mm&r=g","contentUrl":"https:\/\/secure.gravatar.com\/avatar\/7728b29aac2719421e1a9159b2254c44?s=96&d=mm&r=g","caption":"Cl\u00e9ment"},"sameAs":["https:\/\/footdavant.fr\/"]}]}},"_links":{"self":[{"href":"https:\/\/footdavant.fr\/actualites\/wp-json\/wp\/v2\/posts\/34386"}],"collection":[{"href":"https:\/\/footdavant.fr\/actualites\/wp-json\/wp\/v2\/posts"}],"about":[{"href":"https:\/\/footdavant.fr\/actualites\/wp-json\/wp\/v2\/types\/post"}],"author":[{"embeddable":true,"href":"https:\/\/footdavant.fr\/actualites\/wp-json\/wp\/v2\/users\/1"}],"replies":[{"embeddable":true,"href":"https:\/\/footdavant.fr\/actualites\/wp-json\/wp\/v2\/comments?post=34386"}],"version-history":[{"count":1,"href":"https:\/\/footdavant.fr\/actualites\/wp-json\/wp\/v2\/posts\/34386\/revisions"}],"predecessor-version":[{"id":34388,"href":"https:\/\/footdavant.fr\/actualites\/wp-json\/wp\/v2\/posts\/34386\/revisions\/34388"}],"wp:featuredmedia":[{"embeddable":true,"href":"https:\/\/footdavant.fr\/actualites\/wp-json\/wp\/v2\/media\/34387"}],"wp:attachment":[{"href":"https:\/\/footdavant.fr\/actualites\/wp-json\/wp\/v2\/media?parent=34386"}],"wp:term":[{"taxonomy":"category","embeddable":true,"href":"https:\/\/footdavant.fr\/actualites\/wp-json\/wp\/v2\/categories?post=34386"},{"taxonomy":"post_tag","embeddable":true,"href":"https:\/\/footdavant.fr\/actualites\/wp-json\/wp\/v2\/tags?post=34386"}],"curies":[{"name":"wp","href":"https:\/\/api.w.org\/{rel}","templated":true}]}}