{"id":34395,"date":"2026-02-12T01:48:06","date_gmt":"2026-02-12T00:48:06","guid":{"rendered":"https:\/\/footdavant.fr\/actualites\/nouvelles-de-lequipe-nottingham-forest-contre-wolves-sean-dyche-et-rob-edwards-sous-pression-prennent-des-decisions-cles-avant-la-confrontation-avec-city-ground\/"},"modified":"2026-02-12T01:48:07","modified_gmt":"2026-02-12T00:48:07","slug":"nouvelles-de-lequipe-nottingham-forest-contre-wolves-sean-dyche-et-rob-edwards-sous-pression-prennent-des-decisions-cles-avant-la-confrontation-avec-city-ground","status":"publish","type":"post","link":"https:\/\/footdavant.fr\/actualites\/nouvelles-de-lequipe-nottingham-forest-contre-wolves-sean-dyche-et-rob-edwards-sous-pression-prennent-des-decisions-cles-avant-la-confrontation-avec-city-ground\/","title":{"rendered":"Nouvelles de l&#39;\u00e9quipe Nottingham Forest contre Wolves : Sean Dyche et Rob Edwards, sous pression, prennent des d\u00e9cisions cl\u00e9s avant la confrontation avec City Ground"},"content":{"rendered":"<div itemprop=\"articleBody\">\n<p>L&#39;entra\u00eeneur-chef de Nottingham Forest, Sean Dyche, a effectu\u00e9 trois changements pour le match de Premier League de mercredi contre Wolverhampton Wanderers.<\/p>\n<p>Les sp\u00e9culations persistent selon lesquelles Dyche pourrait \u00eatre sous pression s&#39;il n&#39;\u00e9loigne pas Forest de la zone de rel\u00e9gation, un objectif qui n&#39;a pas \u00e9t\u00e9 aid\u00e9 par la d\u00e9faite 3-1 de vendredi \u00e0 Leeds United.<\/p>\n<p>Cependant, Dyche a choisi de ne bricoler que l\u00e9g\u00e8rement son \u00e9quipe apr\u00e8s ce revers, Lorenzo Lucca \u00e9tant une inclusion notable en attaque pour son premier d\u00e9part apr\u00e8s avoir marqu\u00e9 un but de consolation \u00e0 Elland Road.<\/p>\n<p>Omari Hutchinson est inclus sur le flanc, tandis que Neco Williams revient apr\u00e8s avoir purg\u00e9 une suspension d&#39;un match.<\/p>\n<p>Zach Abbott, Nicolas Dominguez et Igor Jesus sont le trio \u00e0 abandonner la formation de d\u00e9part.<\/p>\n<div>\n<div>\n<div>\n<div>\n<p>\u00a9 Imago \/ Focus Images<\/p>\n<\/div>\n<\/div>\n<\/div>\n<\/div>\n<h2>Les loups apportent deux changements au jeu Forest<\/h2>\n<p>Pendant ce temps, Rob Edwards a d\u00e9cid\u00e9 d&#39;apporter seulement deux changements \u00e0 son \u00e9quipe pour le d\u00e9placement au City Ground.<\/p>\n<p>Hwang Hee-chan \u00e9tait connu pour \u00eatre absent \u00e0 la suite de la blessure qu&#39;il a subie lors de la d\u00e9faite 3-1 contre Chelsea.<\/p>\n<p>Matt Doherty a \u00e9galement abandonn\u00e9 avec Edwards, comme pr\u00e9vu, revenant \u00e0 une formation 3-4-2-1.<\/p>\n<p>Ladislav Krecji est nomm\u00e9 sur le c\u00f4t\u00e9 gauche des trois arri\u00e8res, tandis que Rodrigo Gomes est introduit \u00e0 l&#39;arri\u00e8re droit.<\/p>\n<p>Cependant, aucun risque n&#39;a \u00e9t\u00e9 pris sur la forme physique d&#39;Andr\u00e9, ce qui permet \u00e0 Angel Gomes de conserver sa place au milieu de terrain central.<\/p>\n<p>For\u00eat de Nottingham XI : Ortega ; Williams, Milenkovic, Morato, Aina\u00a0; Sangar\u00e9, Anderson ; Hutchinson, Gibbs-White, Hudson-Odoi\u00a0; Lucques<\/p>\n<p>Rempla\u00e7ants: Gunn, Awoniyi, Ndoye, Dominguez, I.Jesus, Yates, J. Cunha, McAtee, Netz<\/p>\n<p>Wolverhampton Wanderers XI\u00a0: Sa\u00a0; Mosquera, S. Bueno, Krejci; R. Gomes, J. Gomes, A. Gomes, H. Bueno\u00a0; Crini\u00e8re, Armstrong ; Arokodare<\/p>\n<p>Rempla\u00e7ants: Johnstone, Doherty, Moller Wolfe, Lima, Bellegarde, Tchatchoua, Sutherland, Rawlings, Edozie<\/p>\n<\/div>\n","protected":false},"excerpt":{"rendered":"<p>L&#39;entra\u00eeneur-chef de Nottingham Forest, Sean Dyche, a effectu\u00e9 trois changements pour le match de Premier League de mercredi contre Wolverhampton Wanderers. Les sp\u00e9culations persistent selon<\/p>\n","protected":false},"author":1,"featured_media":34396,"comment_status":"closed","ping_status":"","sticky":false,"template":"","format":"standard","meta":{"footnotes":""},"categories":[5],"tags":[491,91,27,2142,3716,20,3408,12,796,3971,358,6594,4219,357,461,2431,367,6140,795,1301,1454],"yoast_head":"<!-- This site is optimized with the Yoast SEO plugin v21.0 - https:\/\/yoast.com\/wordpress\/plugins\/seo\/ -->\n<title>Nouvelles de l&#039;\u00e9quipe Nottingham Forest contre Wolves : Sean Dyche et Rob Edwards, sous pression, prennent des d\u00e9cisions cl\u00e9s avant la confrontation avec City Ground<\/title>\n<meta name=\"robots\" content=\"index, follow, max-snippet:-1, max-image-preview:large, max-video-preview:-1\" \/>\n<link rel=\"canonical\" href=\"https:\/\/footdavant.fr\/actualites\/nouvelles-de-lequipe-nottingham-forest-contre-wolves-sean-dyche-et-rob-edwards-sous-pression-prennent-des-decisions-cles-avant-la-confrontation-avec-city-ground\/\" \/>\n<meta property=\"og:locale\" content=\"fr_FR\" \/>\n<meta property=\"og:type\" content=\"article\" \/>\n<meta property=\"og:title\" content=\"Nouvelles de l&#039;\u00e9quipe Nottingham Forest contre Wolves : Sean Dyche et Rob Edwards, sous pression, prennent des d\u00e9cisions cl\u00e9s avant la confrontation avec City Ground\" \/>\n<meta property=\"og:description\" content=\"L&#039;entra\u00eeneur-chef de Nottingham Forest, Sean Dyche, a effectu\u00e9 trois changements pour le match de Premier League de mercredi contre Wolverhampton Wanderers. Les sp\u00e9culations persistent selon\" \/>\n<meta property=\"og:url\" content=\"https:\/\/footdavant.fr\/actualites\/nouvelles-de-lequipe-nottingham-forest-contre-wolves-sean-dyche-et-rob-edwards-sous-pression-prennent-des-decisions-cles-avant-la-confrontation-avec-city-ground\/\" \/>\n<meta property=\"og:site_name\" content=\"Foot d&#039;avant\" \/>\n<meta property=\"article:publisher\" content=\"https:\/\/www.facebook.com\/Footdavant\/\" \/>\n<meta property=\"article:published_time\" content=\"2026-02-12T00:48:06+00:00\" \/>\n<meta property=\"article:modified_time\" content=\"2026-02-12T00:48:07+00:00\" \/>\n<meta property=\"og:image\" content=\"https:\/\/footdavant.fr\/actualites\/wp-content\/uploads\/2026\/02\/Nouvelles-de-l39equipe-Nottingham-Forest-contre-Wolves-Sean-Dyche.net2Fuploads2F20262F012Fnottingham-fores.webp\" \/>\n\t<meta property=\"og:image:width\" content=\"720\" \/>\n\t<meta property=\"og:image:height\" content=\"410\" \/>\n\t<meta property=\"og:image:type\" content=\"image\/webp\" \/>\n<meta name=\"author\" content=\"Cl\u00e9ment\" \/>\n<meta name=\"twitter:card\" content=\"summary_large_image\" \/>\n<meta name=\"twitter:creator\" content=\"@FootdavantFr\" \/>\n<meta name=\"twitter:site\" content=\"@FootdavantFr\" \/>\n<meta name=\"twitter:label1\" content=\"\u00c9crit par\" \/>\n\t<meta name=\"twitter:data1\" content=\"Cl\u00e9ment\" \/>\n\t<meta name=\"twitter:label2\" content=\"Dur\u00e9e de lecture estim\u00e9e\" \/>\n\t<meta name=\"twitter:data2\" content=\"2 minutes\" \/>\n<script type=\"application\/ld+json\" class=\"yoast-schema-graph\">{\"@context\":\"https:\/\/schema.org\",\"@graph\":[{\"@type\":\"Article\",\"@id\":\"https:\/\/footdavant.fr\/actualites\/nouvelles-de-lequipe-nottingham-forest-contre-wolves-sean-dyche-et-rob-edwards-sous-pression-prennent-des-decisions-cles-avant-la-confrontation-avec-city-ground\/#article\",\"isPartOf\":{\"@id\":\"https:\/\/footdavant.fr\/actualites\/nouvelles-de-lequipe-nottingham-forest-contre-wolves-sean-dyche-et-rob-edwards-sous-pression-prennent-des-decisions-cles-avant-la-confrontation-avec-city-ground\/\"},\"author\":{\"name\":\"Cl\u00e9ment\",\"@id\":\"https:\/\/footdavant.fr\/actualites\/#\/schema\/person\/bc222566d95871b37e597b3ed3ba5e1d\"},\"headline\":\"Nouvelles de l&#39;\u00e9quipe Nottingham Forest contre Wolves : Sean Dyche et Rob Edwards, sous pression, prennent des d\u00e9cisions cl\u00e9s avant la confrontation avec City Ground\",\"datePublished\":\"2026-02-12T00:48:06+00:00\",\"dateModified\":\"2026-02-12T00:48:07+00:00\",\"mainEntityOfPage\":{\"@id\":\"https:\/\/footdavant.fr\/actualites\/nouvelles-de-lequipe-nottingham-forest-contre-wolves-sean-dyche-et-rob-edwards-sous-pression-prennent-des-decisions-cles-avant-la-confrontation-avec-city-ground\/\"},\"wordCount\":351,\"publisher\":{\"@id\":\"https:\/\/footdavant.fr\/actualites\/#organization\"},\"keywords\":[\"avant\",\"avec\",\"City\",\"cl\u00e9s\",\"confrontation\",\"contre\",\"d\u00e9cisions\",\"des\",\"Dyche\",\"Edwards\",\"Forest\",\"Ground\",\"l39\u00e9quipe\",\"Nottingham\",\"Nouvelles\",\"prennent\",\"pression\",\"Rob\",\"Sean\",\"sous\",\"Wolves\"],\"articleSection\":[\"Premier League\"],\"inLanguage\":\"fr-FR\"},{\"@type\":\"WebPage\",\"@id\":\"https:\/\/footdavant.fr\/actualites\/nouvelles-de-lequipe-nottingham-forest-contre-wolves-sean-dyche-et-rob-edwards-sous-pression-prennent-des-decisions-cles-avant-la-confrontation-avec-city-ground\/\",\"url\":\"https:\/\/footdavant.fr\/actualites\/nouvelles-de-lequipe-nottingham-forest-contre-wolves-sean-dyche-et-rob-edwards-sous-pression-prennent-des-decisions-cles-avant-la-confrontation-avec-city-ground\/\",\"name\":\"Nouvelles de l&#39;\u00e9quipe Nottingham Forest contre Wolves : Sean Dyche et Rob Edwards, sous pression, prennent des d\u00e9cisions cl\u00e9s avant la confrontation avec City Ground\",\"isPartOf\":{\"@id\":\"https:\/\/footdavant.fr\/actualites\/#website\"},\"datePublished\":\"2026-02-12T00:48:06+00:00\",\"dateModified\":\"2026-02-12T00:48:07+00:00\",\"breadcrumb\":{\"@id\":\"https:\/\/footdavant.fr\/actualites\/nouvelles-de-lequipe-nottingham-forest-contre-wolves-sean-dyche-et-rob-edwards-sous-pression-prennent-des-decisions-cles-avant-la-confrontation-avec-city-ground\/#breadcrumb\"},\"inLanguage\":\"fr-FR\",\"potentialAction\":[{\"@type\":\"ReadAction\",\"target\":[\"https:\/\/footdavant.fr\/actualites\/nouvelles-de-lequipe-nottingham-forest-contre-wolves-sean-dyche-et-rob-edwards-sous-pression-prennent-des-decisions-cles-avant-la-confrontation-avec-city-ground\/\"]}]},{\"@type\":\"BreadcrumbList\",\"@id\":\"https:\/\/footdavant.fr\/actualites\/nouvelles-de-lequipe-nottingham-forest-contre-wolves-sean-dyche-et-rob-edwards-sous-pression-prennent-des-decisions-cles-avant-la-confrontation-avec-city-ground\/#breadcrumb\",\"itemListElement\":[{\"@type\":\"ListItem\",\"position\":1,\"name\":\"Accueil\",\"item\":\"https:\/\/footdavant.fr\/actualites\/\"},{\"@type\":\"ListItem\",\"position\":2,\"name\":\"Nouvelles de l&#39;\u00e9quipe Nottingham Forest contre Wolves : Sean Dyche et Rob Edwards, sous pression, prennent des d\u00e9cisions cl\u00e9s avant la confrontation avec City Ground\"}]},{\"@type\":\"WebSite\",\"@id\":\"https:\/\/footdavant.fr\/actualites\/#website\",\"url\":\"https:\/\/footdavant.fr\/actualites\/\",\"name\":\"Foot d'avant\",\"description\":\"\",\"publisher\":{\"@id\":\"https:\/\/footdavant.fr\/actualites\/#organization\"},\"potentialAction\":[{\"@type\":\"SearchAction\",\"target\":{\"@type\":\"EntryPoint\",\"urlTemplate\":\"https:\/\/footdavant.fr\/actualites\/?s={search_term_string}\"},\"query-input\":\"required name=search_term_string\"}],\"inLanguage\":\"fr-FR\"},{\"@type\":\"Organization\",\"@id\":\"https:\/\/footdavant.fr\/actualites\/#organization\",\"name\":\"Foot d'avant\",\"url\":\"https:\/\/footdavant.fr\/actualites\/\",\"logo\":{\"@type\":\"ImageObject\",\"inLanguage\":\"fr-FR\",\"@id\":\"https:\/\/footdavant.fr\/actualites\/#\/schema\/logo\/image\/\",\"url\":\"https:\/\/footdavant.fr\/actualites\/wp-content\/uploads\/2023\/09\/Copy-of-FootDavant-Logo.png\",\"contentUrl\":\"https:\/\/footdavant.fr\/actualites\/wp-content\/uploads\/2023\/09\/Copy-of-FootDavant-Logo.png\",\"width\":936,\"height\":549,\"caption\":\"Foot d'avant\"},\"image\":{\"@id\":\"https:\/\/footdavant.fr\/actualites\/#\/schema\/logo\/image\/\"},\"sameAs\":[\"https:\/\/www.facebook.com\/Footdavant\/\",\"https:\/\/twitter.com\/FootdavantFr\",\"https:\/\/www.instagram.com\/footdavant.fr\/\"]},{\"@type\":\"Person\",\"@id\":\"https:\/\/footdavant.fr\/actualites\/#\/schema\/person\/bc222566d95871b37e597b3ed3ba5e1d\",\"name\":\"Cl\u00e9ment\",\"image\":{\"@type\":\"ImageObject\",\"inLanguage\":\"fr-FR\",\"@id\":\"https:\/\/footdavant.fr\/actualites\/#\/schema\/person\/image\/\",\"url\":\"https:\/\/secure.gravatar.com\/avatar\/7728b29aac2719421e1a9159b2254c44?s=96&d=mm&r=g\",\"contentUrl\":\"https:\/\/secure.gravatar.com\/avatar\/7728b29aac2719421e1a9159b2254c44?s=96&d=mm&r=g\",\"caption\":\"Cl\u00e9ment\"},\"sameAs\":[\"https:\/\/footdavant.fr\/\"]}]}<\/script>\n<!-- \/ Yoast SEO plugin. -->","yoast_head_json":{"title":"Nouvelles de l&#39;\u00e9quipe Nottingham Forest contre Wolves : Sean Dyche et Rob Edwards, sous pression, prennent des d\u00e9cisions cl\u00e9s avant la confrontation avec City Ground","robots":{"index":"index","follow":"follow","max-snippet":"max-snippet:-1","max-image-preview":"max-image-preview:large","max-video-preview":"max-video-preview:-1"},"canonical":"https:\/\/footdavant.fr\/actualites\/nouvelles-de-lequipe-nottingham-forest-contre-wolves-sean-dyche-et-rob-edwards-sous-pression-prennent-des-decisions-cles-avant-la-confrontation-avec-city-ground\/","og_locale":"fr_FR","og_type":"article","og_title":"Nouvelles de l&#39;\u00e9quipe Nottingham Forest contre Wolves : Sean Dyche et Rob Edwards, sous pression, prennent des d\u00e9cisions cl\u00e9s avant la confrontation avec City Ground","og_description":"L&#39;entra\u00eeneur-chef de Nottingham Forest, Sean Dyche, a effectu\u00e9 trois changements pour le match de Premier League de mercredi contre Wolverhampton Wanderers. Les sp\u00e9culations persistent selon","og_url":"https:\/\/footdavant.fr\/actualites\/nouvelles-de-lequipe-nottingham-forest-contre-wolves-sean-dyche-et-rob-edwards-sous-pression-prennent-des-decisions-cles-avant-la-confrontation-avec-city-ground\/","og_site_name":"Foot d&#039;avant","article_publisher":"https:\/\/www.facebook.com\/Footdavant\/","article_published_time":"2026-02-12T00:48:06+00:00","article_modified_time":"2026-02-12T00:48:07+00:00","og_image":[{"width":720,"height":410,"url":"https:\/\/footdavant.fr\/actualites\/wp-content\/uploads\/2026\/02\/Nouvelles-de-l39equipe-Nottingham-Forest-contre-Wolves-Sean-Dyche.net2Fuploads2F20262F012Fnottingham-fores.webp","type":"image\/webp"}],"author":"Cl\u00e9ment","twitter_card":"summary_large_image","twitter_creator":"@FootdavantFr","twitter_site":"@FootdavantFr","twitter_misc":{"\u00c9crit par":"Cl\u00e9ment","Dur\u00e9e de lecture estim\u00e9e":"2 minutes"},"schema":{"@context":"https:\/\/schema.org","@graph":[{"@type":"Article","@id":"https:\/\/footdavant.fr\/actualites\/nouvelles-de-lequipe-nottingham-forest-contre-wolves-sean-dyche-et-rob-edwards-sous-pression-prennent-des-decisions-cles-avant-la-confrontation-avec-city-ground\/#article","isPartOf":{"@id":"https:\/\/footdavant.fr\/actualites\/nouvelles-de-lequipe-nottingham-forest-contre-wolves-sean-dyche-et-rob-edwards-sous-pression-prennent-des-decisions-cles-avant-la-confrontation-avec-city-ground\/"},"author":{"name":"Cl\u00e9ment","@id":"https:\/\/footdavant.fr\/actualites\/#\/schema\/person\/bc222566d95871b37e597b3ed3ba5e1d"},"headline":"Nouvelles de l&#39;\u00e9quipe Nottingham Forest contre Wolves : Sean Dyche et Rob Edwards, sous pression, prennent des d\u00e9cisions cl\u00e9s avant la confrontation avec City Ground","datePublished":"2026-02-12T00:48:06+00:00","dateModified":"2026-02-12T00:48:07+00:00","mainEntityOfPage":{"@id":"https:\/\/footdavant.fr\/actualites\/nouvelles-de-lequipe-nottingham-forest-contre-wolves-sean-dyche-et-rob-edwards-sous-pression-prennent-des-decisions-cles-avant-la-confrontation-avec-city-ground\/"},"wordCount":351,"publisher":{"@id":"https:\/\/footdavant.fr\/actualites\/#organization"},"keywords":["avant","avec","City","cl\u00e9s","confrontation","contre","d\u00e9cisions","des","Dyche","Edwards","Forest","Ground","l39\u00e9quipe","Nottingham","Nouvelles","prennent","pression","Rob","Sean","sous","Wolves"],"articleSection":["Premier League"],"inLanguage":"fr-FR"},{"@type":"WebPage","@id":"https:\/\/footdavant.fr\/actualites\/nouvelles-de-lequipe-nottingham-forest-contre-wolves-sean-dyche-et-rob-edwards-sous-pression-prennent-des-decisions-cles-avant-la-confrontation-avec-city-ground\/","url":"https:\/\/footdavant.fr\/actualites\/nouvelles-de-lequipe-nottingham-forest-contre-wolves-sean-dyche-et-rob-edwards-sous-pression-prennent-des-decisions-cles-avant-la-confrontation-avec-city-ground\/","name":"Nouvelles de l&#39;\u00e9quipe Nottingham Forest contre Wolves : Sean Dyche et Rob Edwards, sous pression, prennent des d\u00e9cisions cl\u00e9s avant la confrontation avec City Ground","isPartOf":{"@id":"https:\/\/footdavant.fr\/actualites\/#website"},"datePublished":"2026-02-12T00:48:06+00:00","dateModified":"2026-02-12T00:48:07+00:00","breadcrumb":{"@id":"https:\/\/footdavant.fr\/actualites\/nouvelles-de-lequipe-nottingham-forest-contre-wolves-sean-dyche-et-rob-edwards-sous-pression-prennent-des-decisions-cles-avant-la-confrontation-avec-city-ground\/#breadcrumb"},"inLanguage":"fr-FR","potentialAction":[{"@type":"ReadAction","target":["https:\/\/footdavant.fr\/actualites\/nouvelles-de-lequipe-nottingham-forest-contre-wolves-sean-dyche-et-rob-edwards-sous-pression-prennent-des-decisions-cles-avant-la-confrontation-avec-city-ground\/"]}]},{"@type":"BreadcrumbList","@id":"https:\/\/footdavant.fr\/actualites\/nouvelles-de-lequipe-nottingham-forest-contre-wolves-sean-dyche-et-rob-edwards-sous-pression-prennent-des-decisions-cles-avant-la-confrontation-avec-city-ground\/#breadcrumb","itemListElement":[{"@type":"ListItem","position":1,"name":"Accueil","item":"https:\/\/footdavant.fr\/actualites\/"},{"@type":"ListItem","position":2,"name":"Nouvelles de l&#39;\u00e9quipe Nottingham Forest contre Wolves : Sean Dyche et Rob Edwards, sous pression, prennent des d\u00e9cisions cl\u00e9s avant la confrontation avec City Ground"}]},{"@type":"WebSite","@id":"https:\/\/footdavant.fr\/actualites\/#website","url":"https:\/\/footdavant.fr\/actualites\/","name":"Foot d'avant","description":"","publisher":{"@id":"https:\/\/footdavant.fr\/actualites\/#organization"},"potentialAction":[{"@type":"SearchAction","target":{"@type":"EntryPoint","urlTemplate":"https:\/\/footdavant.fr\/actualites\/?s={search_term_string}"},"query-input":"required name=search_term_string"}],"inLanguage":"fr-FR"},{"@type":"Organization","@id":"https:\/\/footdavant.fr\/actualites\/#organization","name":"Foot d'avant","url":"https:\/\/footdavant.fr\/actualites\/","logo":{"@type":"ImageObject","inLanguage":"fr-FR","@id":"https:\/\/footdavant.fr\/actualites\/#\/schema\/logo\/image\/","url":"https:\/\/footdavant.fr\/actualites\/wp-content\/uploads\/2023\/09\/Copy-of-FootDavant-Logo.png","contentUrl":"https:\/\/footdavant.fr\/actualites\/wp-content\/uploads\/2023\/09\/Copy-of-FootDavant-Logo.png","width":936,"height":549,"caption":"Foot d'avant"},"image":{"@id":"https:\/\/footdavant.fr\/actualites\/#\/schema\/logo\/image\/"},"sameAs":["https:\/\/www.facebook.com\/Footdavant\/","https:\/\/twitter.com\/FootdavantFr","https:\/\/www.instagram.com\/footdavant.fr\/"]},{"@type":"Person","@id":"https:\/\/footdavant.fr\/actualites\/#\/schema\/person\/bc222566d95871b37e597b3ed3ba5e1d","name":"Cl\u00e9ment","image":{"@type":"ImageObject","inLanguage":"fr-FR","@id":"https:\/\/footdavant.fr\/actualites\/#\/schema\/person\/image\/","url":"https:\/\/secure.gravatar.com\/avatar\/7728b29aac2719421e1a9159b2254c44?s=96&d=mm&r=g","contentUrl":"https:\/\/secure.gravatar.com\/avatar\/7728b29aac2719421e1a9159b2254c44?s=96&d=mm&r=g","caption":"Cl\u00e9ment"},"sameAs":["https:\/\/footdavant.fr\/"]}]}},"_links":{"self":[{"href":"https:\/\/footdavant.fr\/actualites\/wp-json\/wp\/v2\/posts\/34395"}],"collection":[{"href":"https:\/\/footdavant.fr\/actualites\/wp-json\/wp\/v2\/posts"}],"about":[{"href":"https:\/\/footdavant.fr\/actualites\/wp-json\/wp\/v2\/types\/post"}],"author":[{"embeddable":true,"href":"https:\/\/footdavant.fr\/actualites\/wp-json\/wp\/v2\/users\/1"}],"replies":[{"embeddable":true,"href":"https:\/\/footdavant.fr\/actualites\/wp-json\/wp\/v2\/comments?post=34395"}],"version-history":[{"count":1,"href":"https:\/\/footdavant.fr\/actualites\/wp-json\/wp\/v2\/posts\/34395\/revisions"}],"predecessor-version":[{"id":34397,"href":"https:\/\/footdavant.fr\/actualites\/wp-json\/wp\/v2\/posts\/34395\/revisions\/34397"}],"wp:featuredmedia":[{"embeddable":true,"href":"https:\/\/footdavant.fr\/actualites\/wp-json\/wp\/v2\/media\/34396"}],"wp:attachment":[{"href":"https:\/\/footdavant.fr\/actualites\/wp-json\/wp\/v2\/media?parent=34395"}],"wp:term":[{"taxonomy":"category","embeddable":true,"href":"https:\/\/footdavant.fr\/actualites\/wp-json\/wp\/v2\/categories?post=34395"},{"taxonomy":"post_tag","embeddable":true,"href":"https:\/\/footdavant.fr\/actualites\/wp-json\/wp\/v2\/tags?post=34395"}],"curies":[{"name":"wp","href":"https:\/\/api.w.org\/{rel}","templated":true}]}}