{"id":34401,"date":"2026-02-12T05:48:25","date_gmt":"2026-02-12T04:48:25","guid":{"rendered":"https:\/\/footdavant.fr\/actualites\/composition-confirmee-de-man-city-contre-fulham-decisions-de-phil-foden-ruben-dias-et-oscar-bobb-prises-pour-le-choc-de-la-premier-league\/"},"modified":"2026-02-12T05:48:27","modified_gmt":"2026-02-12T04:48:27","slug":"composition-confirmee-de-man-city-contre-fulham-decisions-de-phil-foden-ruben-dias-et-oscar-bobb-prises-pour-le-choc-de-la-premier-league","status":"publish","type":"post","link":"https:\/\/footdavant.fr\/actualites\/composition-confirmee-de-man-city-contre-fulham-decisions-de-phil-foden-ruben-dias-et-oscar-bobb-prises-pour-le-choc-de-la-premier-league\/","title":{"rendered":"Composition confirm\u00e9e de Man City contre Fulham : d\u00e9cisions de Phil Foden, Ruben Dias et Oscar Bobb prises pour le choc de la Premier League"},"content":{"rendered":"<div itemprop=\"articleBody\">\n<p style=\"margin-bottom:11px\">Le manager de Manchester City, Pep Guardiola, n&#39;a apport\u00e9 que deux changements \u00e0 son onze de d\u00e9part pour le choc de Premier League de ce soir avec Fulham au stade Etihad.<\/p>\n<p style=\"margin-bottom:11px\">Apr\u00e8s la spectaculaire victoire 2-1 de dimanche contre Liverpool \u00e0 Anfield, Ruben Dias et Phil Foden ont \u00e9t\u00e9 rappel\u00e9s aux d\u00e9pens d&#39;Abdukodir Khusanov et Omar Marmoush, qui reviennent sur le banc des rempla\u00e7ants.<\/p>\n<p style=\"margin-bottom:11px\">Foden n&#39;a pas marqu\u00e9 ni fourni de passe d\u00e9cisive lors de ses 13 derni\u00e8res apparitions (10 d\u00e9parts) toutes comp\u00e9titions confondues, mais il a marqu\u00e9 deux fois lors de la palpitante victoire 5-4 de City contre Fulham lors du match inverse \u00e0 Craven Cottage le 2 d\u00e9cembre. Le meneur de jeu devrait jouer un r\u00f4le avanc\u00e9 ce soir aux c\u00f4t\u00e9s du capitaine Bernardo Silva, qui a marqu\u00e9 contre Liverpool la derni\u00e8re fois.<\/p>\n<p style=\"margin-bottom:11px\">Le meilleur buteur Erling Haaland, qui a marqu\u00e9 son 100e but en Premier League dans un temps record \u00e0 l&#39;ext\u00e9rieur contre Fulham, devrait \u00eatre soutenu d&#39;embl\u00e9e par la signature en janvier d&#39;Antoine Semenyo, qui a \u00e9t\u00e9 impliqu\u00e9 dans cinq buts lors de ses trois derniers matchs de PL contre les Cottagers.<\/p>\n<p style=\"margin-bottom:11px\">Rodri et Nico O&#39;Reilly continueront \u00e0 jouer des r\u00f4les plus profonds au milieu de terrain, tandis que Dias revient pour d\u00e9buter en d\u00e9fense centrale, rejoignant Matheus Nunes, Marc Guehi et Rayan Ait-Nouri dans une d\u00e9fense \u00e0 quatre qui prot\u00e9gera le gardien Gianluigi Donnarumma.<\/p>\n<p style=\"margin-bottom:11px\">Pendant ce temps, John Stones est nomm\u00e9 sur le banc et a fait un retour bienvenu dans l&#39;\u00e9quipe de la journ\u00e9e pour la premi\u00e8re fois depuis qu&#39;il a \u00e9t\u00e9 rempla\u00e7ant lors de la victoire susmentionn\u00e9e de City contre Fulham plus t\u00f4t cette saison.<\/p>\n<div>\n<div>\n<div>\n<div>\n<div>\n<div>\n<p>\u00a9 Imago \/ Gonzales Photo<\/p>\n<\/div>\n<\/div>\n<\/div>\n<\/div>\n<\/div>\n<\/div>\n<h2 style=\"margin-bottom: 11px;\">Bobb sur le banc contre l&#39;ancien club, Bassey et Tete reviennent \u00e0 Fulham XI<\/h2>\n<p style=\"margin-bottom:11px\">Quant \u00e0 Fulham, l&#39;entra\u00eeneur-chef Marco Silva n&#39;a \u00e9galement apport\u00e9 que deux changements \u00e0 l&#39;\u00e9quipe qui a d\u00e9but\u00e9 la d\u00e9faite 2-1 \u00e0 domicile contre Everton le week-end dernier.<\/p>\n<p>Calvin Bassey obtient sa premi\u00e8re titularisation pour les Cottagers depuis la mi-d\u00e9cembre et remplace Jorge Cuenca \u00e0 l&#39;arri\u00e8re central, tandis que Kenny Tete remplace Timothy Castagne \u00e0 l&#39;arri\u00e8re droit.<\/p>\n<p>Joachim Andersen et Ryan Sessegnon compl\u00e8tent les quatre arri\u00e8res, Sander Berge et Alex Iwobi conservant leur place de titulaire au milieu de terrain, tandis qu&#39;Emile Smith Rowe occupe le r\u00f4le de num\u00e9ro 10.<\/p>\n<p>Oscar Bobb, qui a \u00e9t\u00e9 sign\u00e9 de Man City pour 27 millions de livres sterling en janvier, ne fera pas ses d\u00e9buts complets pour Fulham ce soir, car il recommence comme rempla\u00e7ant. Harry Wilson et Samuel Chukwueze fourniront plut\u00f4t de la largeur sur les flancs et Raul Jimenez m\u00e8nera la ligne.<\/p>\n<p>Onze de d\u00e9part de Manchester City : Donnarumma ; Nunes, Dias, Gu\u00e9hi, A\u00eft-Nouri ; Rodri, O&#39;Reilly; Bernardo, Foden; Semenyo, Haaland<\/p>\n<p>Rempla\u00e7ants : Trafford, Reijnders, Stones, Marmoush, Cherki, Gonzalez, Khusanov, Alleyne, Lewis<\/p>\n<p>Onze de d\u00e9part de Fulham : Leno ; Tete, Andersen, Bassey, Sessegnon; Berge, Iwobi ; Wilson, Smith Rowe, Chukwueze; Jim\u00e9nez<\/p>\n<p>Rempla\u00e7ants: Lecomte, Castagne, Cuenca, Robinson, Reed, King, Bobb, Kevin, Muniz<\/p>\n<\/div>\n","protected":false},"excerpt":{"rendered":"<p>Le manager de Manchester City, Pep Guardiola, n&#39;a apport\u00e9 que deux changements \u00e0 son onze de d\u00e9part pour le choc de Premier League de ce<\/p>\n","protected":false},"author":1,"featured_media":34402,"comment_status":"closed","ping_status":"","sticky":false,"template":"","format":"standard","meta":{"footnotes":""},"categories":[5],"tags":[6064,332,27,2291,4148,20,3408,4071,1836,348,202,24,7870,1835,51,201,6311,160],"yoast_head":"<!-- This site is optimized with the Yoast SEO plugin v21.0 - https:\/\/yoast.com\/wordpress\/plugins\/seo\/ -->\n<title>Composition confirm\u00e9e de Man City contre Fulham : d\u00e9cisions de Phil Foden, Ruben Dias et Oscar Bobb prises pour le choc de la Premier League<\/title>\n<meta name=\"robots\" content=\"index, follow, max-snippet:-1, max-image-preview:large, max-video-preview:-1\" \/>\n<link rel=\"canonical\" href=\"https:\/\/footdavant.fr\/actualites\/composition-confirmee-de-man-city-contre-fulham-decisions-de-phil-foden-ruben-dias-et-oscar-bobb-prises-pour-le-choc-de-la-premier-league\/\" \/>\n<meta property=\"og:locale\" content=\"fr_FR\" \/>\n<meta property=\"og:type\" content=\"article\" \/>\n<meta property=\"og:title\" content=\"Composition confirm\u00e9e de Man City contre Fulham : d\u00e9cisions de Phil Foden, Ruben Dias et Oscar Bobb prises pour le choc de la Premier League\" \/>\n<meta property=\"og:description\" content=\"Le manager de Manchester City, Pep Guardiola, n&#039;a apport\u00e9 que deux changements \u00e0 son onze de d\u00e9part pour le choc de Premier League de ce\" \/>\n<meta property=\"og:url\" content=\"https:\/\/footdavant.fr\/actualites\/composition-confirmee-de-man-city-contre-fulham-decisions-de-phil-foden-ruben-dias-et-oscar-bobb-prises-pour-le-choc-de-la-premier-league\/\" \/>\n<meta property=\"og:site_name\" content=\"Foot d&#039;avant\" \/>\n<meta property=\"article:publisher\" content=\"https:\/\/www.facebook.com\/Footdavant\/\" \/>\n<meta property=\"article:published_time\" content=\"2026-02-12T04:48:25+00:00\" \/>\n<meta property=\"article:modified_time\" content=\"2026-02-12T04:48:27+00:00\" \/>\n<meta property=\"og:image\" content=\"https:\/\/footdavant.fr\/actualites\/wp-content\/uploads\/2026\/02\/Composition-confirmee-de-Man-City-contre-Fulham-decisions-de.net2Fuploads2F20252F102Faaa-foden-sep-18.webp\" \/>\n\t<meta property=\"og:image:width\" content=\"720\" \/>\n\t<meta property=\"og:image:height\" content=\"410\" \/>\n\t<meta property=\"og:image:type\" content=\"image\/webp\" \/>\n<meta name=\"author\" content=\"Cl\u00e9ment\" \/>\n<meta name=\"twitter:card\" content=\"summary_large_image\" \/>\n<meta name=\"twitter:creator\" content=\"@FootdavantFr\" \/>\n<meta name=\"twitter:site\" content=\"@FootdavantFr\" \/>\n<meta name=\"twitter:label1\" content=\"\u00c9crit par\" \/>\n\t<meta name=\"twitter:data1\" content=\"Cl\u00e9ment\" \/>\n\t<meta name=\"twitter:label2\" content=\"Dur\u00e9e de lecture estim\u00e9e\" \/>\n\t<meta name=\"twitter:data2\" content=\"3 minutes\" \/>\n<script type=\"application\/ld+json\" class=\"yoast-schema-graph\">{\"@context\":\"https:\/\/schema.org\",\"@graph\":[{\"@type\":\"Article\",\"@id\":\"https:\/\/footdavant.fr\/actualites\/composition-confirmee-de-man-city-contre-fulham-decisions-de-phil-foden-ruben-dias-et-oscar-bobb-prises-pour-le-choc-de-la-premier-league\/#article\",\"isPartOf\":{\"@id\":\"https:\/\/footdavant.fr\/actualites\/composition-confirmee-de-man-city-contre-fulham-decisions-de-phil-foden-ruben-dias-et-oscar-bobb-prises-pour-le-choc-de-la-premier-league\/\"},\"author\":{\"name\":\"Cl\u00e9ment\",\"@id\":\"https:\/\/footdavant.fr\/actualites\/#\/schema\/person\/bc222566d95871b37e597b3ed3ba5e1d\"},\"headline\":\"Composition confirm\u00e9e de Man City contre Fulham : d\u00e9cisions de Phil Foden, Ruben Dias et Oscar Bobb prises pour le choc de la Premier League\",\"datePublished\":\"2026-02-12T04:48:25+00:00\",\"dateModified\":\"2026-02-12T04:48:27+00:00\",\"mainEntityOfPage\":{\"@id\":\"https:\/\/footdavant.fr\/actualites\/composition-confirmee-de-man-city-contre-fulham-decisions-de-phil-foden-ruben-dias-et-oscar-bobb-prises-pour-le-choc-de-la-premier-league\/\"},\"wordCount\":557,\"publisher\":{\"@id\":\"https:\/\/footdavant.fr\/actualites\/#organization\"},\"keywords\":[\"Bobb\",\"choc\",\"City\",\"composition\",\"confirm\u00e9e\",\"contre\",\"d\u00e9cisions\",\"Dias\",\"Foden\",\"Fulham\",\"League\",\"Man\",\"Oscar\",\"Phil\",\"pour\",\"Premier\",\"prises\",\"Ruben\"],\"articleSection\":[\"Premier League\"],\"inLanguage\":\"fr-FR\"},{\"@type\":\"WebPage\",\"@id\":\"https:\/\/footdavant.fr\/actualites\/composition-confirmee-de-man-city-contre-fulham-decisions-de-phil-foden-ruben-dias-et-oscar-bobb-prises-pour-le-choc-de-la-premier-league\/\",\"url\":\"https:\/\/footdavant.fr\/actualites\/composition-confirmee-de-man-city-contre-fulham-decisions-de-phil-foden-ruben-dias-et-oscar-bobb-prises-pour-le-choc-de-la-premier-league\/\",\"name\":\"Composition confirm\u00e9e de Man City contre Fulham : d\u00e9cisions de Phil Foden, Ruben Dias et Oscar Bobb prises pour le choc de la Premier League\",\"isPartOf\":{\"@id\":\"https:\/\/footdavant.fr\/actualites\/#website\"},\"datePublished\":\"2026-02-12T04:48:25+00:00\",\"dateModified\":\"2026-02-12T04:48:27+00:00\",\"breadcrumb\":{\"@id\":\"https:\/\/footdavant.fr\/actualites\/composition-confirmee-de-man-city-contre-fulham-decisions-de-phil-foden-ruben-dias-et-oscar-bobb-prises-pour-le-choc-de-la-premier-league\/#breadcrumb\"},\"inLanguage\":\"fr-FR\",\"potentialAction\":[{\"@type\":\"ReadAction\",\"target\":[\"https:\/\/footdavant.fr\/actualites\/composition-confirmee-de-man-city-contre-fulham-decisions-de-phil-foden-ruben-dias-et-oscar-bobb-prises-pour-le-choc-de-la-premier-league\/\"]}]},{\"@type\":\"BreadcrumbList\",\"@id\":\"https:\/\/footdavant.fr\/actualites\/composition-confirmee-de-man-city-contre-fulham-decisions-de-phil-foden-ruben-dias-et-oscar-bobb-prises-pour-le-choc-de-la-premier-league\/#breadcrumb\",\"itemListElement\":[{\"@type\":\"ListItem\",\"position\":1,\"name\":\"Accueil\",\"item\":\"https:\/\/footdavant.fr\/actualites\/\"},{\"@type\":\"ListItem\",\"position\":2,\"name\":\"Composition confirm\u00e9e de Man City contre Fulham : d\u00e9cisions de Phil Foden, Ruben Dias et Oscar Bobb prises pour le choc de la Premier League\"}]},{\"@type\":\"WebSite\",\"@id\":\"https:\/\/footdavant.fr\/actualites\/#website\",\"url\":\"https:\/\/footdavant.fr\/actualites\/\",\"name\":\"Foot d'avant\",\"description\":\"\",\"publisher\":{\"@id\":\"https:\/\/footdavant.fr\/actualites\/#organization\"},\"potentialAction\":[{\"@type\":\"SearchAction\",\"target\":{\"@type\":\"EntryPoint\",\"urlTemplate\":\"https:\/\/footdavant.fr\/actualites\/?s={search_term_string}\"},\"query-input\":\"required name=search_term_string\"}],\"inLanguage\":\"fr-FR\"},{\"@type\":\"Organization\",\"@id\":\"https:\/\/footdavant.fr\/actualites\/#organization\",\"name\":\"Foot d'avant\",\"url\":\"https:\/\/footdavant.fr\/actualites\/\",\"logo\":{\"@type\":\"ImageObject\",\"inLanguage\":\"fr-FR\",\"@id\":\"https:\/\/footdavant.fr\/actualites\/#\/schema\/logo\/image\/\",\"url\":\"https:\/\/footdavant.fr\/actualites\/wp-content\/uploads\/2023\/09\/Copy-of-FootDavant-Logo.png\",\"contentUrl\":\"https:\/\/footdavant.fr\/actualites\/wp-content\/uploads\/2023\/09\/Copy-of-FootDavant-Logo.png\",\"width\":936,\"height\":549,\"caption\":\"Foot d'avant\"},\"image\":{\"@id\":\"https:\/\/footdavant.fr\/actualites\/#\/schema\/logo\/image\/\"},\"sameAs\":[\"https:\/\/www.facebook.com\/Footdavant\/\",\"https:\/\/twitter.com\/FootdavantFr\",\"https:\/\/www.instagram.com\/footdavant.fr\/\"]},{\"@type\":\"Person\",\"@id\":\"https:\/\/footdavant.fr\/actualites\/#\/schema\/person\/bc222566d95871b37e597b3ed3ba5e1d\",\"name\":\"Cl\u00e9ment\",\"image\":{\"@type\":\"ImageObject\",\"inLanguage\":\"fr-FR\",\"@id\":\"https:\/\/footdavant.fr\/actualites\/#\/schema\/person\/image\/\",\"url\":\"https:\/\/secure.gravatar.com\/avatar\/7728b29aac2719421e1a9159b2254c44?s=96&d=mm&r=g\",\"contentUrl\":\"https:\/\/secure.gravatar.com\/avatar\/7728b29aac2719421e1a9159b2254c44?s=96&d=mm&r=g\",\"caption\":\"Cl\u00e9ment\"},\"sameAs\":[\"https:\/\/footdavant.fr\/\"]}]}<\/script>\n<!-- \/ Yoast SEO plugin. -->","yoast_head_json":{"title":"Composition confirm\u00e9e de Man City contre Fulham : d\u00e9cisions de Phil Foden, Ruben Dias et Oscar Bobb prises pour le choc de la Premier League","robots":{"index":"index","follow":"follow","max-snippet":"max-snippet:-1","max-image-preview":"max-image-preview:large","max-video-preview":"max-video-preview:-1"},"canonical":"https:\/\/footdavant.fr\/actualites\/composition-confirmee-de-man-city-contre-fulham-decisions-de-phil-foden-ruben-dias-et-oscar-bobb-prises-pour-le-choc-de-la-premier-league\/","og_locale":"fr_FR","og_type":"article","og_title":"Composition confirm\u00e9e de Man City contre Fulham : d\u00e9cisions de Phil Foden, Ruben Dias et Oscar Bobb prises pour le choc de la Premier League","og_description":"Le manager de Manchester City, Pep Guardiola, n&#39;a apport\u00e9 que deux changements \u00e0 son onze de d\u00e9part pour le choc de Premier League de ce","og_url":"https:\/\/footdavant.fr\/actualites\/composition-confirmee-de-man-city-contre-fulham-decisions-de-phil-foden-ruben-dias-et-oscar-bobb-prises-pour-le-choc-de-la-premier-league\/","og_site_name":"Foot d&#039;avant","article_publisher":"https:\/\/www.facebook.com\/Footdavant\/","article_published_time":"2026-02-12T04:48:25+00:00","article_modified_time":"2026-02-12T04:48:27+00:00","og_image":[{"width":720,"height":410,"url":"https:\/\/footdavant.fr\/actualites\/wp-content\/uploads\/2026\/02\/Composition-confirmee-de-Man-City-contre-Fulham-decisions-de.net2Fuploads2F20252F102Faaa-foden-sep-18.webp","type":"image\/webp"}],"author":"Cl\u00e9ment","twitter_card":"summary_large_image","twitter_creator":"@FootdavantFr","twitter_site":"@FootdavantFr","twitter_misc":{"\u00c9crit par":"Cl\u00e9ment","Dur\u00e9e de lecture estim\u00e9e":"3 minutes"},"schema":{"@context":"https:\/\/schema.org","@graph":[{"@type":"Article","@id":"https:\/\/footdavant.fr\/actualites\/composition-confirmee-de-man-city-contre-fulham-decisions-de-phil-foden-ruben-dias-et-oscar-bobb-prises-pour-le-choc-de-la-premier-league\/#article","isPartOf":{"@id":"https:\/\/footdavant.fr\/actualites\/composition-confirmee-de-man-city-contre-fulham-decisions-de-phil-foden-ruben-dias-et-oscar-bobb-prises-pour-le-choc-de-la-premier-league\/"},"author":{"name":"Cl\u00e9ment","@id":"https:\/\/footdavant.fr\/actualites\/#\/schema\/person\/bc222566d95871b37e597b3ed3ba5e1d"},"headline":"Composition confirm\u00e9e de Man City contre Fulham : d\u00e9cisions de Phil Foden, Ruben Dias et Oscar Bobb prises pour le choc de la Premier League","datePublished":"2026-02-12T04:48:25+00:00","dateModified":"2026-02-12T04:48:27+00:00","mainEntityOfPage":{"@id":"https:\/\/footdavant.fr\/actualites\/composition-confirmee-de-man-city-contre-fulham-decisions-de-phil-foden-ruben-dias-et-oscar-bobb-prises-pour-le-choc-de-la-premier-league\/"},"wordCount":557,"publisher":{"@id":"https:\/\/footdavant.fr\/actualites\/#organization"},"keywords":["Bobb","choc","City","composition","confirm\u00e9e","contre","d\u00e9cisions","Dias","Foden","Fulham","League","Man","Oscar","Phil","pour","Premier","prises","Ruben"],"articleSection":["Premier League"],"inLanguage":"fr-FR"},{"@type":"WebPage","@id":"https:\/\/footdavant.fr\/actualites\/composition-confirmee-de-man-city-contre-fulham-decisions-de-phil-foden-ruben-dias-et-oscar-bobb-prises-pour-le-choc-de-la-premier-league\/","url":"https:\/\/footdavant.fr\/actualites\/composition-confirmee-de-man-city-contre-fulham-decisions-de-phil-foden-ruben-dias-et-oscar-bobb-prises-pour-le-choc-de-la-premier-league\/","name":"Composition confirm\u00e9e de Man City contre Fulham : d\u00e9cisions de Phil Foden, Ruben Dias et Oscar Bobb prises pour le choc de la Premier League","isPartOf":{"@id":"https:\/\/footdavant.fr\/actualites\/#website"},"datePublished":"2026-02-12T04:48:25+00:00","dateModified":"2026-02-12T04:48:27+00:00","breadcrumb":{"@id":"https:\/\/footdavant.fr\/actualites\/composition-confirmee-de-man-city-contre-fulham-decisions-de-phil-foden-ruben-dias-et-oscar-bobb-prises-pour-le-choc-de-la-premier-league\/#breadcrumb"},"inLanguage":"fr-FR","potentialAction":[{"@type":"ReadAction","target":["https:\/\/footdavant.fr\/actualites\/composition-confirmee-de-man-city-contre-fulham-decisions-de-phil-foden-ruben-dias-et-oscar-bobb-prises-pour-le-choc-de-la-premier-league\/"]}]},{"@type":"BreadcrumbList","@id":"https:\/\/footdavant.fr\/actualites\/composition-confirmee-de-man-city-contre-fulham-decisions-de-phil-foden-ruben-dias-et-oscar-bobb-prises-pour-le-choc-de-la-premier-league\/#breadcrumb","itemListElement":[{"@type":"ListItem","position":1,"name":"Accueil","item":"https:\/\/footdavant.fr\/actualites\/"},{"@type":"ListItem","position":2,"name":"Composition confirm\u00e9e de Man City contre Fulham : d\u00e9cisions de Phil Foden, Ruben Dias et Oscar Bobb prises pour le choc de la Premier League"}]},{"@type":"WebSite","@id":"https:\/\/footdavant.fr\/actualites\/#website","url":"https:\/\/footdavant.fr\/actualites\/","name":"Foot d'avant","description":"","publisher":{"@id":"https:\/\/footdavant.fr\/actualites\/#organization"},"potentialAction":[{"@type":"SearchAction","target":{"@type":"EntryPoint","urlTemplate":"https:\/\/footdavant.fr\/actualites\/?s={search_term_string}"},"query-input":"required name=search_term_string"}],"inLanguage":"fr-FR"},{"@type":"Organization","@id":"https:\/\/footdavant.fr\/actualites\/#organization","name":"Foot d'avant","url":"https:\/\/footdavant.fr\/actualites\/","logo":{"@type":"ImageObject","inLanguage":"fr-FR","@id":"https:\/\/footdavant.fr\/actualites\/#\/schema\/logo\/image\/","url":"https:\/\/footdavant.fr\/actualites\/wp-content\/uploads\/2023\/09\/Copy-of-FootDavant-Logo.png","contentUrl":"https:\/\/footdavant.fr\/actualites\/wp-content\/uploads\/2023\/09\/Copy-of-FootDavant-Logo.png","width":936,"height":549,"caption":"Foot d'avant"},"image":{"@id":"https:\/\/footdavant.fr\/actualites\/#\/schema\/logo\/image\/"},"sameAs":["https:\/\/www.facebook.com\/Footdavant\/","https:\/\/twitter.com\/FootdavantFr","https:\/\/www.instagram.com\/footdavant.fr\/"]},{"@type":"Person","@id":"https:\/\/footdavant.fr\/actualites\/#\/schema\/person\/bc222566d95871b37e597b3ed3ba5e1d","name":"Cl\u00e9ment","image":{"@type":"ImageObject","inLanguage":"fr-FR","@id":"https:\/\/footdavant.fr\/actualites\/#\/schema\/person\/image\/","url":"https:\/\/secure.gravatar.com\/avatar\/7728b29aac2719421e1a9159b2254c44?s=96&d=mm&r=g","contentUrl":"https:\/\/secure.gravatar.com\/avatar\/7728b29aac2719421e1a9159b2254c44?s=96&d=mm&r=g","caption":"Cl\u00e9ment"},"sameAs":["https:\/\/footdavant.fr\/"]}]}},"_links":{"self":[{"href":"https:\/\/footdavant.fr\/actualites\/wp-json\/wp\/v2\/posts\/34401"}],"collection":[{"href":"https:\/\/footdavant.fr\/actualites\/wp-json\/wp\/v2\/posts"}],"about":[{"href":"https:\/\/footdavant.fr\/actualites\/wp-json\/wp\/v2\/types\/post"}],"author":[{"embeddable":true,"href":"https:\/\/footdavant.fr\/actualites\/wp-json\/wp\/v2\/users\/1"}],"replies":[{"embeddable":true,"href":"https:\/\/footdavant.fr\/actualites\/wp-json\/wp\/v2\/comments?post=34401"}],"version-history":[{"count":1,"href":"https:\/\/footdavant.fr\/actualites\/wp-json\/wp\/v2\/posts\/34401\/revisions"}],"predecessor-version":[{"id":34403,"href":"https:\/\/footdavant.fr\/actualites\/wp-json\/wp\/v2\/posts\/34401\/revisions\/34403"}],"wp:featuredmedia":[{"embeddable":true,"href":"https:\/\/footdavant.fr\/actualites\/wp-json\/wp\/v2\/media\/34402"}],"wp:attachment":[{"href":"https:\/\/footdavant.fr\/actualites\/wp-json\/wp\/v2\/media?parent=34401"}],"wp:term":[{"taxonomy":"category","embeddable":true,"href":"https:\/\/footdavant.fr\/actualites\/wp-json\/wp\/v2\/categories?post=34401"},{"taxonomy":"post_tag","embeddable":true,"href":"https:\/\/footdavant.fr\/actualites\/wp-json\/wp\/v2\/tags?post=34401"}],"curies":[{"name":"wp","href":"https:\/\/api.w.org\/{rel}","templated":true}]}}