{"id":34404,"date":"2026-02-12T07:48:04","date_gmt":"2026-02-12T06:48:04","guid":{"rendered":"https:\/\/footdavant.fr\/actualites\/guardiola-explique-le-remplacement-de-haaland-lors-de-la-victoire-3-0\/"},"modified":"2026-02-12T07:48:07","modified_gmt":"2026-02-12T06:48:07","slug":"guardiola-explique-le-remplacement-de-haaland-lors-de-la-victoire-3-0","status":"publish","type":"post","link":"https:\/\/footdavant.fr\/actualites\/guardiola-explique-le-remplacement-de-haaland-lors-de-la-victoire-3-0\/","title":{"rendered":"Guardiola explique le remplacement de Haaland lors de la victoire 3-0"},"content":{"rendered":"<div>\n<p>L&#39;attaquant de Manchester City Erling Haaland a \u00e9t\u00e9 retir\u00e9 avant la seconde p\u00e9riode de sa victoire contre Fulham en raison d&#39;un \u00ab probl\u00e8me \u00bb, a r\u00e9v\u00e9l\u00e9 Pep Guardiola apr\u00e8s leur victoire 3-0.<\/p>\n<p>Le talisman de City a \u00e9t\u00e9 remplac\u00e9 par Guardiola apr\u00e8s la pause, le Norv\u00e9gien ayant port\u00e9 le score \u00e0 3-0 avec une superbe finition depuis l&#39;entr\u00e9e de la surface apr\u00e8s qu&#39;Antoine Semenyo et Nico O&#39;Reilly aient donn\u00e9 les commandes aux h\u00f4tes au stade Etihad.<\/p>\n<p>Les hommes de Guardiola sont d\u00e9sormais \u00e0 seulement trois points du leader de la Premier League, Arsenal, dans la course au titre avant le match des Gunners contre Brentford jeudi.<\/p>\n<p>Le prochain match de City en Premier League aura lieu dans 10 jours, lorsqu&#39;ils accueilleront Newcastle United. Ils affronteront Salford City au quatri\u00e8me tour de la FA Cup ce week-end, mais il semble peu probable que Haaland soit dans l&#39;\u00e9quipe pour ce match apr\u00e8s que Guardiola a confirm\u00e9 qu&#39;il avait remplac\u00e9 Omar Marmoush pour le prot\u00e9ger contre une blessure plus grave.<\/p>\n<p>\u00ab\u00a0Il [Haaland] J&#39;ai eu un probl\u00e8me\u00a0\u00bb, a d\u00e9clar\u00e9 Guardiola \u00e0 TNT Sports. \u00ab\u00a0Ne doutez jamais des meilleurs buteurs. La saison est si longue.<\/p>\n<p>Lors de sa conf\u00e9rence de presse d&#39;apr\u00e8s-match, Guardiola a d\u00e9clar\u00e9 : \u00ab\u00a0Je n&#39;ai pas parl\u00e9 avec les m\u00e9decins. Je ne sais pas exactement ce qu&#39;il a. C&#39;est juste une perturbation, de la fatigue ou quelque chose comme \u00e7a \u2013 je ne sais pas. <\/p>\n<p>\u00ab\u00a0Il a dit : &#39;Je ne me sens pas \u00e0 l&#39;aise&#39;, \u00e0 3-0, avec beaucoup de matchs qu&#39;il a disput\u00e9s, avec Omar [Marmoush]donc dehors ! Du bon sens, n\u2019est-ce pas ?<\/p>\n<blockquote class=\"instagram-media\" data-instgrm-captioned=\"\" data-instgrm-permalink=\"https:\/\/www.instagram.com\/p\/DUon84gjNwP\/?utm_source=ig_embed&amp;utm_campaign=loading\" data-instgrm-version=\"14\" style=\" background:#FFF; border:0; border-radius:3px; box-shadow:0 0 1px 0 rgba(0,0,0,0.5),0 1px 10px 0 rgba(0,0,0,0.15); margin: 1px; max-width:540px; min-width:326px; padding:0; width:99.375%; width:-webkit-calc(100% - 2px); width:calc(100% - 2px);\"\/>\n<p>Haaland a marqu\u00e9 un penalty d\u00e9cisif lors d&#39;une victoire spectaculaire 2-1 \u00e0 Liverpool dimanche dernier au cours de laquelle les deux \u00e9quipes ont jou\u00e9 103 minutes, et Guardiola a \u00e9t\u00e9 impressionn\u00e9 par la fa\u00e7on dont City a \u00e9vit\u00e9 une d\u00e9ception apr\u00e8s ses efforts \u00e0 Anfield.<\/p>\n<p>\u00ab\u00a0Ce n&#39;\u00e9tait pas facile apr\u00e8s des \u00e9motions incroyables lorsque vous jouez un match \u00e9mouvant comme Liverpool\u00a0\u00bb, a d\u00e9clar\u00e9 Guardiola \u00e0 TNT.<\/p>\n<p>\u00ab\u00a0C&#39;\u00e9tait une tr\u00e8s, tr\u00e8s bonne performance. Je suis tellement content des gars.<\/p>\n<p>\u00ab\u00a0\u00c0 certains moments, l&#39;\u00e9quipe s&#39;agrandit, les gens reviennent. C&#39;est vraiment, vraiment important.\u00a0\u00bb<\/p>\n<p>Guardiola, cependant, a eu une r\u00e9ponse d\u00e9daigneuse en parlant de leur gain de terrain sur Arsenal.<\/p>\n<p>\u00ab\u00a0Ce n&#39;est pas trois points [the gap at the top]\u00a0\u00bb, a-t-il soulign\u00e9. \u00ab\u00a0Apr\u00e8s le match de demain, nous verrons combien de points.\u00a0\u00bb<\/p>\n<figure class=\"wp-block-image size-large\"><picture decoding=\"async\" class=\"wp-image-166109\"><source type=\"image\/webp\" data-lazy- \/><img loading=\"lazy\" decoding=\"async\" width=\"1024\" height=\"683\" src=\"https:\/\/footdavant.fr\/actualites\/wp-content\/uploads\/2026\/02\/Guardiola-explique-le-remplacement-de-Haaland-lors-de-la-victoire.jpg\" alt=\"Pep Guardiola, le manager de Manchester City.\"  \/>\n<\/picture>\n<\/figure>\n<h2 class=\"wp-block-heading\">Les nouvelles recrues de Manchester City ont un impact \u00e9norme<\/h2>\n<p>Semenyo a lanc\u00e9 le bal pour City contre Fulham en marquant \u00e0 bout portant \u00e0 la 24e minute.<\/p>\n<p>Il s&#39;agissait de son sixi\u00e8me but contre les Cottagers au cours de sa carri\u00e8re en Premier League, Fulham ayant rarement l&#39;air d&#39;\u00e9viter une 20e d\u00e9faite cons\u00e9cutive contre City par la suite.<\/p>\n<p>Il a ensuite demand\u00e9 l&#39;aide \u00e0 O&#39;Reilly, l&#39;international ghan\u00e9en poursuivant sa forme br\u00fblante depuis son arriv\u00e9e de Bournemouth en janvier.<\/p>\n<p>Semenyo compte six buts et deux passes d\u00e9cisives en sept matchs pour City. De l&#39;autre c\u00f4t\u00e9, City a d\u00e9sormais gard\u00e9 deux cages inviol\u00e9es lors des quatre matchs dans lesquels son autre recrue de janvier, Marc Guehi, a figur\u00e9 apr\u00e8s son transfert de Crystal Palace.<\/p>\n<p>\u00ab\u00a0Beaucoup de buts. Il a le sens des deuxi\u00e8mes ballons dans la surface, mais pas seulement le rythme et l&#39;intensit\u00e9 &#8211; c&#39;est un tr\u00e8s tr\u00e8s bon joueur\u00a0\u00bb, a ajout\u00e9 Guardiola \u00e0 propos de Semenyo.<\/p>\n<p>\u00ab\u00a0Avec lui et Marc Guehi, le club r\u00e9alise des signatures incroyables.\u00a0\u00bb<\/p>\n<\/p><\/div>\n<p><script async src=\"\/\/www.instagram.com\/embed.js\"><\/script><\/p>\n","protected":false},"excerpt":{"rendered":"<p>L&#39;attaquant de Manchester City Erling Haaland a \u00e9t\u00e9 retir\u00e9 avant la seconde p\u00e9riode de sa victoire contre Fulham en raison d&#39;un \u00ab probl\u00e8me \u00bb, a<\/p>\n","protected":false},"author":1,"featured_media":34405,"comment_status":"closed","ping_status":"","sticky":false,"template":"","format":"standard","meta":{"footnotes":""},"categories":[3],"tags":[577,8,37,64,2147,26],"yoast_head":"<!-- This site is optimized with the Yoast SEO plugin v21.0 - https:\/\/yoast.com\/wordpress\/plugins\/seo\/ -->\n<title>Guardiola explique le remplacement de Haaland lors de la victoire 3-0<\/title>\n<meta name=\"robots\" content=\"index, follow, max-snippet:-1, max-image-preview:large, max-video-preview:-1\" \/>\n<link rel=\"canonical\" href=\"https:\/\/footdavant.fr\/actualites\/guardiola-explique-le-remplacement-de-haaland-lors-de-la-victoire-3-0\/\" \/>\n<meta property=\"og:locale\" content=\"fr_FR\" \/>\n<meta property=\"og:type\" content=\"article\" \/>\n<meta property=\"og:title\" content=\"Guardiola explique le remplacement de Haaland lors de la victoire 3-0\" \/>\n<meta property=\"og:description\" content=\"L&#039;attaquant de Manchester City Erling Haaland a \u00e9t\u00e9 retir\u00e9 avant la seconde p\u00e9riode de sa victoire contre Fulham en raison d&#039;un \u00ab probl\u00e8me \u00bb, a\" \/>\n<meta property=\"og:url\" content=\"https:\/\/footdavant.fr\/actualites\/guardiola-explique-le-remplacement-de-haaland-lors-de-la-victoire-3-0\/\" \/>\n<meta property=\"og:site_name\" content=\"Foot d&#039;avant\" \/>\n<meta property=\"article:publisher\" content=\"https:\/\/www.facebook.com\/Footdavant\/\" \/>\n<meta property=\"article:published_time\" content=\"2026-02-12T06:48:04+00:00\" \/>\n<meta property=\"article:modified_time\" content=\"2026-02-12T06:48:07+00:00\" \/>\n<meta property=\"og:image\" content=\"https:\/\/footdavant.fr\/actualites\/wp-content\/uploads\/2026\/02\/1770878885_Guardiola-explique-le-remplacement-de-Haaland-lors-de-la-victoire.jpg\" \/>\n\t<meta property=\"og:image:width\" content=\"1200\" \/>\n\t<meta property=\"og:image:height\" content=\"766\" \/>\n\t<meta property=\"og:image:type\" content=\"image\/jpeg\" \/>\n<meta name=\"author\" content=\"Cl\u00e9ment\" \/>\n<meta name=\"twitter:card\" content=\"summary_large_image\" \/>\n<meta name=\"twitter:creator\" content=\"@FootdavantFr\" \/>\n<meta name=\"twitter:site\" content=\"@FootdavantFr\" \/>\n<meta name=\"twitter:label1\" content=\"\u00c9crit par\" \/>\n\t<meta name=\"twitter:data1\" content=\"Cl\u00e9ment\" \/>\n\t<meta name=\"twitter:label2\" content=\"Dur\u00e9e de lecture estim\u00e9e\" \/>\n\t<meta name=\"twitter:data2\" content=\"3 minutes\" \/>\n<script type=\"application\/ld+json\" class=\"yoast-schema-graph\">{\"@context\":\"https:\/\/schema.org\",\"@graph\":[{\"@type\":\"Article\",\"@id\":\"https:\/\/footdavant.fr\/actualites\/guardiola-explique-le-remplacement-de-haaland-lors-de-la-victoire-3-0\/#article\",\"isPartOf\":{\"@id\":\"https:\/\/footdavant.fr\/actualites\/guardiola-explique-le-remplacement-de-haaland-lors-de-la-victoire-3-0\/\"},\"author\":{\"name\":\"Cl\u00e9ment\",\"@id\":\"https:\/\/footdavant.fr\/actualites\/#\/schema\/person\/bc222566d95871b37e597b3ed3ba5e1d\"},\"headline\":\"Guardiola explique le remplacement de Haaland lors de la victoire 3-0\",\"datePublished\":\"2026-02-12T06:48:04+00:00\",\"dateModified\":\"2026-02-12T06:48:07+00:00\",\"mainEntityOfPage\":{\"@id\":\"https:\/\/footdavant.fr\/actualites\/guardiola-explique-le-remplacement-de-haaland-lors-de-la-victoire-3-0\/\"},\"wordCount\":630,\"publisher\":{\"@id\":\"https:\/\/footdavant.fr\/actualites\/#organization\"},\"keywords\":[\"explique\",\"Guardiola\",\"Haaland\",\"lors\",\"remplacement\",\"victoire\"],\"articleSection\":[\"Football\"],\"inLanguage\":\"fr-FR\"},{\"@type\":\"WebPage\",\"@id\":\"https:\/\/footdavant.fr\/actualites\/guardiola-explique-le-remplacement-de-haaland-lors-de-la-victoire-3-0\/\",\"url\":\"https:\/\/footdavant.fr\/actualites\/guardiola-explique-le-remplacement-de-haaland-lors-de-la-victoire-3-0\/\",\"name\":\"Guardiola explique le remplacement de Haaland lors de la victoire 3-0\",\"isPartOf\":{\"@id\":\"https:\/\/footdavant.fr\/actualites\/#website\"},\"datePublished\":\"2026-02-12T06:48:04+00:00\",\"dateModified\":\"2026-02-12T06:48:07+00:00\",\"breadcrumb\":{\"@id\":\"https:\/\/footdavant.fr\/actualites\/guardiola-explique-le-remplacement-de-haaland-lors-de-la-victoire-3-0\/#breadcrumb\"},\"inLanguage\":\"fr-FR\",\"potentialAction\":[{\"@type\":\"ReadAction\",\"target\":[\"https:\/\/footdavant.fr\/actualites\/guardiola-explique-le-remplacement-de-haaland-lors-de-la-victoire-3-0\/\"]}]},{\"@type\":\"BreadcrumbList\",\"@id\":\"https:\/\/footdavant.fr\/actualites\/guardiola-explique-le-remplacement-de-haaland-lors-de-la-victoire-3-0\/#breadcrumb\",\"itemListElement\":[{\"@type\":\"ListItem\",\"position\":1,\"name\":\"Accueil\",\"item\":\"https:\/\/footdavant.fr\/actualites\/\"},{\"@type\":\"ListItem\",\"position\":2,\"name\":\"Guardiola explique le remplacement de Haaland lors de la victoire 3-0\"}]},{\"@type\":\"WebSite\",\"@id\":\"https:\/\/footdavant.fr\/actualites\/#website\",\"url\":\"https:\/\/footdavant.fr\/actualites\/\",\"name\":\"Foot d'avant\",\"description\":\"\",\"publisher\":{\"@id\":\"https:\/\/footdavant.fr\/actualites\/#organization\"},\"potentialAction\":[{\"@type\":\"SearchAction\",\"target\":{\"@type\":\"EntryPoint\",\"urlTemplate\":\"https:\/\/footdavant.fr\/actualites\/?s={search_term_string}\"},\"query-input\":\"required name=search_term_string\"}],\"inLanguage\":\"fr-FR\"},{\"@type\":\"Organization\",\"@id\":\"https:\/\/footdavant.fr\/actualites\/#organization\",\"name\":\"Foot d'avant\",\"url\":\"https:\/\/footdavant.fr\/actualites\/\",\"logo\":{\"@type\":\"ImageObject\",\"inLanguage\":\"fr-FR\",\"@id\":\"https:\/\/footdavant.fr\/actualites\/#\/schema\/logo\/image\/\",\"url\":\"https:\/\/footdavant.fr\/actualites\/wp-content\/uploads\/2023\/09\/Copy-of-FootDavant-Logo.png\",\"contentUrl\":\"https:\/\/footdavant.fr\/actualites\/wp-content\/uploads\/2023\/09\/Copy-of-FootDavant-Logo.png\",\"width\":936,\"height\":549,\"caption\":\"Foot d'avant\"},\"image\":{\"@id\":\"https:\/\/footdavant.fr\/actualites\/#\/schema\/logo\/image\/\"},\"sameAs\":[\"https:\/\/www.facebook.com\/Footdavant\/\",\"https:\/\/twitter.com\/FootdavantFr\",\"https:\/\/www.instagram.com\/footdavant.fr\/\"]},{\"@type\":\"Person\",\"@id\":\"https:\/\/footdavant.fr\/actualites\/#\/schema\/person\/bc222566d95871b37e597b3ed3ba5e1d\",\"name\":\"Cl\u00e9ment\",\"image\":{\"@type\":\"ImageObject\",\"inLanguage\":\"fr-FR\",\"@id\":\"https:\/\/footdavant.fr\/actualites\/#\/schema\/person\/image\/\",\"url\":\"https:\/\/secure.gravatar.com\/avatar\/7728b29aac2719421e1a9159b2254c44?s=96&d=mm&r=g\",\"contentUrl\":\"https:\/\/secure.gravatar.com\/avatar\/7728b29aac2719421e1a9159b2254c44?s=96&d=mm&r=g\",\"caption\":\"Cl\u00e9ment\"},\"sameAs\":[\"https:\/\/footdavant.fr\/\"]}]}<\/script>\n<!-- \/ Yoast SEO plugin. -->","yoast_head_json":{"title":"Guardiola explique le remplacement de Haaland lors de la victoire 3-0","robots":{"index":"index","follow":"follow","max-snippet":"max-snippet:-1","max-image-preview":"max-image-preview:large","max-video-preview":"max-video-preview:-1"},"canonical":"https:\/\/footdavant.fr\/actualites\/guardiola-explique-le-remplacement-de-haaland-lors-de-la-victoire-3-0\/","og_locale":"fr_FR","og_type":"article","og_title":"Guardiola explique le remplacement de Haaland lors de la victoire 3-0","og_description":"L&#39;attaquant de Manchester City Erling Haaland a \u00e9t\u00e9 retir\u00e9 avant la seconde p\u00e9riode de sa victoire contre Fulham en raison d&#39;un \u00ab probl\u00e8me \u00bb, a","og_url":"https:\/\/footdavant.fr\/actualites\/guardiola-explique-le-remplacement-de-haaland-lors-de-la-victoire-3-0\/","og_site_name":"Foot d&#039;avant","article_publisher":"https:\/\/www.facebook.com\/Footdavant\/","article_published_time":"2026-02-12T06:48:04+00:00","article_modified_time":"2026-02-12T06:48:07+00:00","og_image":[{"width":1200,"height":766,"url":"https:\/\/footdavant.fr\/actualites\/wp-content\/uploads\/2026\/02\/1770878885_Guardiola-explique-le-remplacement-de-Haaland-lors-de-la-victoire.jpg","type":"image\/jpeg"}],"author":"Cl\u00e9ment","twitter_card":"summary_large_image","twitter_creator":"@FootdavantFr","twitter_site":"@FootdavantFr","twitter_misc":{"\u00c9crit par":"Cl\u00e9ment","Dur\u00e9e de lecture estim\u00e9e":"3 minutes"},"schema":{"@context":"https:\/\/schema.org","@graph":[{"@type":"Article","@id":"https:\/\/footdavant.fr\/actualites\/guardiola-explique-le-remplacement-de-haaland-lors-de-la-victoire-3-0\/#article","isPartOf":{"@id":"https:\/\/footdavant.fr\/actualites\/guardiola-explique-le-remplacement-de-haaland-lors-de-la-victoire-3-0\/"},"author":{"name":"Cl\u00e9ment","@id":"https:\/\/footdavant.fr\/actualites\/#\/schema\/person\/bc222566d95871b37e597b3ed3ba5e1d"},"headline":"Guardiola explique le remplacement de Haaland lors de la victoire 3-0","datePublished":"2026-02-12T06:48:04+00:00","dateModified":"2026-02-12T06:48:07+00:00","mainEntityOfPage":{"@id":"https:\/\/footdavant.fr\/actualites\/guardiola-explique-le-remplacement-de-haaland-lors-de-la-victoire-3-0\/"},"wordCount":630,"publisher":{"@id":"https:\/\/footdavant.fr\/actualites\/#organization"},"keywords":["explique","Guardiola","Haaland","lors","remplacement","victoire"],"articleSection":["Football"],"inLanguage":"fr-FR"},{"@type":"WebPage","@id":"https:\/\/footdavant.fr\/actualites\/guardiola-explique-le-remplacement-de-haaland-lors-de-la-victoire-3-0\/","url":"https:\/\/footdavant.fr\/actualites\/guardiola-explique-le-remplacement-de-haaland-lors-de-la-victoire-3-0\/","name":"Guardiola explique le remplacement de Haaland lors de la victoire 3-0","isPartOf":{"@id":"https:\/\/footdavant.fr\/actualites\/#website"},"datePublished":"2026-02-12T06:48:04+00:00","dateModified":"2026-02-12T06:48:07+00:00","breadcrumb":{"@id":"https:\/\/footdavant.fr\/actualites\/guardiola-explique-le-remplacement-de-haaland-lors-de-la-victoire-3-0\/#breadcrumb"},"inLanguage":"fr-FR","potentialAction":[{"@type":"ReadAction","target":["https:\/\/footdavant.fr\/actualites\/guardiola-explique-le-remplacement-de-haaland-lors-de-la-victoire-3-0\/"]}]},{"@type":"BreadcrumbList","@id":"https:\/\/footdavant.fr\/actualites\/guardiola-explique-le-remplacement-de-haaland-lors-de-la-victoire-3-0\/#breadcrumb","itemListElement":[{"@type":"ListItem","position":1,"name":"Accueil","item":"https:\/\/footdavant.fr\/actualites\/"},{"@type":"ListItem","position":2,"name":"Guardiola explique le remplacement de Haaland lors de la victoire 3-0"}]},{"@type":"WebSite","@id":"https:\/\/footdavant.fr\/actualites\/#website","url":"https:\/\/footdavant.fr\/actualites\/","name":"Foot d'avant","description":"","publisher":{"@id":"https:\/\/footdavant.fr\/actualites\/#organization"},"potentialAction":[{"@type":"SearchAction","target":{"@type":"EntryPoint","urlTemplate":"https:\/\/footdavant.fr\/actualites\/?s={search_term_string}"},"query-input":"required name=search_term_string"}],"inLanguage":"fr-FR"},{"@type":"Organization","@id":"https:\/\/footdavant.fr\/actualites\/#organization","name":"Foot d'avant","url":"https:\/\/footdavant.fr\/actualites\/","logo":{"@type":"ImageObject","inLanguage":"fr-FR","@id":"https:\/\/footdavant.fr\/actualites\/#\/schema\/logo\/image\/","url":"https:\/\/footdavant.fr\/actualites\/wp-content\/uploads\/2023\/09\/Copy-of-FootDavant-Logo.png","contentUrl":"https:\/\/footdavant.fr\/actualites\/wp-content\/uploads\/2023\/09\/Copy-of-FootDavant-Logo.png","width":936,"height":549,"caption":"Foot d'avant"},"image":{"@id":"https:\/\/footdavant.fr\/actualites\/#\/schema\/logo\/image\/"},"sameAs":["https:\/\/www.facebook.com\/Footdavant\/","https:\/\/twitter.com\/FootdavantFr","https:\/\/www.instagram.com\/footdavant.fr\/"]},{"@type":"Person","@id":"https:\/\/footdavant.fr\/actualites\/#\/schema\/person\/bc222566d95871b37e597b3ed3ba5e1d","name":"Cl\u00e9ment","image":{"@type":"ImageObject","inLanguage":"fr-FR","@id":"https:\/\/footdavant.fr\/actualites\/#\/schema\/person\/image\/","url":"https:\/\/secure.gravatar.com\/avatar\/7728b29aac2719421e1a9159b2254c44?s=96&d=mm&r=g","contentUrl":"https:\/\/secure.gravatar.com\/avatar\/7728b29aac2719421e1a9159b2254c44?s=96&d=mm&r=g","caption":"Cl\u00e9ment"},"sameAs":["https:\/\/footdavant.fr\/"]}]}},"_links":{"self":[{"href":"https:\/\/footdavant.fr\/actualites\/wp-json\/wp\/v2\/posts\/34404"}],"collection":[{"href":"https:\/\/footdavant.fr\/actualites\/wp-json\/wp\/v2\/posts"}],"about":[{"href":"https:\/\/footdavant.fr\/actualites\/wp-json\/wp\/v2\/types\/post"}],"author":[{"embeddable":true,"href":"https:\/\/footdavant.fr\/actualites\/wp-json\/wp\/v2\/users\/1"}],"replies":[{"embeddable":true,"href":"https:\/\/footdavant.fr\/actualites\/wp-json\/wp\/v2\/comments?post=34404"}],"version-history":[{"count":1,"href":"https:\/\/footdavant.fr\/actualites\/wp-json\/wp\/v2\/posts\/34404\/revisions"}],"predecessor-version":[{"id":34406,"href":"https:\/\/footdavant.fr\/actualites\/wp-json\/wp\/v2\/posts\/34404\/revisions\/34406"}],"wp:featuredmedia":[{"embeddable":true,"href":"https:\/\/footdavant.fr\/actualites\/wp-json\/wp\/v2\/media\/34405"}],"wp:attachment":[{"href":"https:\/\/footdavant.fr\/actualites\/wp-json\/wp\/v2\/media?parent=34404"}],"wp:term":[{"taxonomy":"category","embeddable":true,"href":"https:\/\/footdavant.fr\/actualites\/wp-json\/wp\/v2\/categories?post=34404"},{"taxonomy":"post_tag","embeddable":true,"href":"https:\/\/footdavant.fr\/actualites\/wp-json\/wp\/v2\/tags?post=34404"}],"curies":[{"name":"wp","href":"https:\/\/api.w.org\/{rel}","templated":true}]}}