{"id":34407,"date":"2026-02-12T09:48:01","date_gmt":"2026-02-12T08:48:01","guid":{"rendered":"https:\/\/footdavant.fr\/actualites\/le-coproprietaire-de-man-united-sir-jim-ratcliffe-est-convaincu-que-les-red-devils-vont-dans-la-bonne-direction-apres-des-decisions-tres-impopulaires\/"},"modified":"2026-02-12T09:48:03","modified_gmt":"2026-02-12T08:48:03","slug":"le-coproprietaire-de-man-united-sir-jim-ratcliffe-est-convaincu-que-les-red-devils-vont-dans-la-bonne-direction-apres-des-decisions-tres-impopulaires","status":"publish","type":"post","link":"https:\/\/footdavant.fr\/actualites\/le-coproprietaire-de-man-united-sir-jim-ratcliffe-est-convaincu-que-les-red-devils-vont-dans-la-bonne-direction-apres-des-decisions-tres-impopulaires\/","title":{"rendered":"Le copropri\u00e9taire de Man United, Sir Jim Ratcliffe, est convaincu que les Red Devils vont dans la bonne direction apr\u00e8s des \u00ab d\u00e9cisions tr\u00e8s impopulaires \u00bb"},"content":{"rendered":"<div itemprop=\"articleBody\">\n<p>Le copropri\u00e9taire de Manchester United, Sir Jim Ratcliffe, a d\u00e9clar\u00e9 que les d\u00e9cisions \u00ab difficiles \u00bb qui ont \u00e9t\u00e9 prises pendant son s\u00e9jour \u00e0 Old Trafford \u00ab commencent \u00e0 porter leurs fruits \u00bb.<\/p>\n<p>Ratcliffe est devenu actionnaire minoritaire de Man United en f\u00e9vrier 2024, le milliardaire britannique supervisant les op\u00e9rations sportives du club.<\/p>\n<p>Le joueur de 73 ans a pris un certain nombre de d\u00e9cisions impopulaires au cours de son mandat, notamment en supervisant une s\u00e9rie de licenciements \u00e0 travers le club.<\/p>\n<p>Les entra\u00eeneurs principaux Erik ten Hag et Ruben Amorim ont \u00e9galement \u00e9t\u00e9 limog\u00e9s depuis l&#39;arriv\u00e9e de Ratcliffe, mais le fondateur d&#39;INEOS est convaincu que les d\u00e9cisions \u00ab difficiles \u00bb \u00ab commencent \u00e0 porter leurs fruits \u00bb.<\/p>\n<div>\n<div>\n<div>\n<div>\n<p>\u00a9 Imago<\/p>\n<\/div>\n<\/div>\n<\/div>\n<\/div>\n<h2>Ratcliffe s&#39;ouvre sur les d\u00e9cisions \u00ab\u00a0difficiles\u00a0\u00bb \u00e0 Man Utd<\/h2>\n<p>\u00ab\u00a0J&#39;ai vu pas mal de choses comme \u00e7a au club de football. Si vous faites des choses difficiles, ce que nous pensions devoir faire \u00e0 Manchester United&#8230; nous avons pens\u00e9 que c&#39;\u00e9tait la bonne chose \u00e0 faire. Mais vous devenez tr\u00e8s impopulaire pendant un certain temps\u00a0\u00bb, a d\u00e9clar\u00e9 Ratcliffe. <i>Nouvelles du ciel<\/i>.<\/p>\n<p>\u00ab\u00a0Eh bien, j&#39;ai \u00e9t\u00e9 tr\u00e8s impopulaire \u00e0 Manchester United parce que nous avons fait beaucoup de changements. Mais pour le mieux, \u00e0 mon avis. Et je pense que nous commen\u00e7ons \u00e0 voir des preuves dans le club de football que cela commence \u00e0 porter ses fruits.\u00a0\u00bb<\/p>\n<p>Omar Berrada (PDG) et Jason Wilcox (directeur du football) sont tous deux des \u00e9l\u00e9ments essentiels de l&#39;\u00e9quipe de Ratcliffe \u00e0 Man United, les deux hommes \u00e9tant essentiels dans la d\u00e9cision de limoger Amorim.<\/p>\n<p>Man United a connu des difficult\u00e9s dans tous les domaines depuis le d\u00e9part de Sir Alex Ferguson en tant qu&#39;entra\u00eeneur-chef \u00e0 la fin de la campagne 2012-13.<\/p>\n<p>Cependant, il y a des signes d&#39;un avenir potentiellement brillant sous la direction du nouvel entra\u00eeneur-chef Michael Carrick, qui a r\u00e9colt\u00e9 13 points lors de ses cinq matches de Premier League \u00e0 la barre.<\/p>\n<div>\n<div>\n<div>\n<div><img decoding=\"async\" data-img-id=\"157551\" class=\"lazy\" loading=\"lazy\" src=\"https:\/\/footdavant.fr\/actualites\/wp-content\/uploads\/2026\/02\/Le-coproprietaire-de-Man-United-Sir-Jim-Ratcliffe-est-convaincu.webp\"\/><\/p>\n<p>\u00a9 Imago \/ Chaque deuxi\u00e8me m\u00e9dia<\/p>\n<\/div>\n<\/div>\n<\/div>\n<\/div>\n<h2>Man Utd vise un retour en Ligue des champions<\/h2>\n<p>Man United est quatri\u00e8me du classement de la Premier League et en position de force pour assurer un retour en Ligue des champions pour la campagne 2026-27.<\/p>\n<p>Benjamin Sesko a marqu\u00e9 un dernier nivellement pour assurer un point lors du match nul 1-1 de mardi contre West Ham United, ce qui a prolong\u00e9 l&#39;invincibilit\u00e9 de Man United sous Carrick \u00e0 cinq matches.<\/p>\n<p>Les Red Devils seront de retour en Premier League \u00e0 Everton le 23 f\u00e9vrier avant d&#39;ouvrir le mois de mars \u00e0 domicile contre Crystal Palace.<\/p>\n<p>Carrick est envisag\u00e9 pour le poste \u00e0 titre permanent, mais Thomas Tuchel, Oliver Glasner et Gareth Southgate font \u00e9galement partie des candidats.<\/p>\n<\/div>\n","protected":false},"excerpt":{"rendered":"<p>Le copropri\u00e9taire de Manchester United, Sir Jim Ratcliffe, a d\u00e9clar\u00e9 que les d\u00e9cisions \u00ab difficiles \u00bb qui ont \u00e9t\u00e9 prises pendant son s\u00e9jour \u00e0 Old<\/p>\n","protected":false},"author":1,"featured_media":34408,"comment_status":"closed","ping_status":"","sticky":false,"template":"","format":"standard","meta":{"footnotes":""},"categories":[5],"tags":[25,1646,810,11487,19,3408,12,265,4170,217,11488,691,93,24,692,536,690,852,13,4986],"yoast_head":"<!-- This site is optimized with the Yoast SEO plugin v21.0 - https:\/\/yoast.com\/wordpress\/plugins\/seo\/ -->\n<title>Le copropri\u00e9taire de Man United, Sir Jim Ratcliffe, est convaincu que les Red Devils vont dans la bonne direction apr\u00e8s des \u00ab d\u00e9cisions tr\u00e8s impopulaires \u00bb<\/title>\n<meta name=\"robots\" content=\"index, follow, max-snippet:-1, max-image-preview:large, max-video-preview:-1\" \/>\n<link rel=\"canonical\" href=\"https:\/\/footdavant.fr\/actualites\/le-coproprietaire-de-man-united-sir-jim-ratcliffe-est-convaincu-que-les-red-devils-vont-dans-la-bonne-direction-apres-des-decisions-tres-impopulaires\/\" \/>\n<meta property=\"og:locale\" content=\"fr_FR\" \/>\n<meta property=\"og:type\" content=\"article\" \/>\n<meta property=\"og:title\" content=\"Le copropri\u00e9taire de Man United, Sir Jim Ratcliffe, est convaincu que les Red Devils vont dans la bonne direction apr\u00e8s des \u00ab d\u00e9cisions tr\u00e8s impopulaires \u00bb\" \/>\n<meta property=\"og:description\" content=\"Le copropri\u00e9taire de Manchester United, Sir Jim Ratcliffe, a d\u00e9clar\u00e9 que les d\u00e9cisions \u00ab difficiles \u00bb qui ont \u00e9t\u00e9 prises pendant son s\u00e9jour \u00e0 Old\" \/>\n<meta property=\"og:url\" content=\"https:\/\/footdavant.fr\/actualites\/le-coproprietaire-de-man-united-sir-jim-ratcliffe-est-convaincu-que-les-red-devils-vont-dans-la-bonne-direction-apres-des-decisions-tres-impopulaires\/\" \/>\n<meta property=\"og:site_name\" content=\"Foot d&#039;avant\" \/>\n<meta property=\"article:publisher\" content=\"https:\/\/www.facebook.com\/Footdavant\/\" \/>\n<meta property=\"article:published_time\" content=\"2026-02-12T08:48:01+00:00\" \/>\n<meta property=\"article:modified_time\" content=\"2026-02-12T08:48:03+00:00\" \/>\n<meta property=\"og:image\" content=\"https:\/\/footdavant.fr\/actualites\/wp-content\/uploads\/2026\/02\/Le-coproprietaire-de-Man-United-Sir-Jim-Ratcliffe-est-convaincu.net2Fuploads2F20252F082Fjim-ratcliffe-68.webp\" \/>\n\t<meta property=\"og:image:width\" content=\"720\" \/>\n\t<meta property=\"og:image:height\" content=\"410\" \/>\n\t<meta property=\"og:image:type\" content=\"image\/webp\" \/>\n<meta name=\"author\" content=\"Cl\u00e9ment\" \/>\n<meta name=\"twitter:card\" content=\"summary_large_image\" \/>\n<meta name=\"twitter:creator\" content=\"@FootdavantFr\" \/>\n<meta name=\"twitter:site\" content=\"@FootdavantFr\" \/>\n<meta name=\"twitter:label1\" content=\"\u00c9crit par\" \/>\n\t<meta name=\"twitter:data1\" content=\"Cl\u00e9ment\" \/>\n\t<meta name=\"twitter:label2\" content=\"Dur\u00e9e de lecture estim\u00e9e\" \/>\n\t<meta name=\"twitter:data2\" content=\"2 minutes\" \/>\n<script type=\"application\/ld+json\" class=\"yoast-schema-graph\">{\"@context\":\"https:\/\/schema.org\",\"@graph\":[{\"@type\":\"Article\",\"@id\":\"https:\/\/footdavant.fr\/actualites\/le-coproprietaire-de-man-united-sir-jim-ratcliffe-est-convaincu-que-les-red-devils-vont-dans-la-bonne-direction-apres-des-decisions-tres-impopulaires\/#article\",\"isPartOf\":{\"@id\":\"https:\/\/footdavant.fr\/actualites\/le-coproprietaire-de-man-united-sir-jim-ratcliffe-est-convaincu-que-les-red-devils-vont-dans-la-bonne-direction-apres-des-decisions-tres-impopulaires\/\"},\"author\":{\"name\":\"Cl\u00e9ment\",\"@id\":\"https:\/\/footdavant.fr\/actualites\/#\/schema\/person\/bc222566d95871b37e597b3ed3ba5e1d\"},\"headline\":\"Le copropri\u00e9taire de Man United, Sir Jim Ratcliffe, est convaincu que les Red Devils vont dans la bonne direction apr\u00e8s des \u00ab d\u00e9cisions tr\u00e8s impopulaires \u00bb\",\"datePublished\":\"2026-02-12T08:48:01+00:00\",\"dateModified\":\"2026-02-12T08:48:03+00:00\",\"mainEntityOfPage\":{\"@id\":\"https:\/\/footdavant.fr\/actualites\/le-coproprietaire-de-man-united-sir-jim-ratcliffe-est-convaincu-que-les-red-devils-vont-dans-la-bonne-direction-apres-des-decisions-tres-impopulaires\/\"},\"wordCount\":479,\"publisher\":{\"@id\":\"https:\/\/footdavant.fr\/actualites\/#organization\"},\"keywords\":[\"apr\u00e8s\",\"bonne\",\"convaincu\",\"copropri\u00e9taire\",\"dans\",\"d\u00e9cisions\",\"des\",\"Devils\",\"direction\",\"est\",\"impopulaires\",\"Jim\",\"les\",\"Man\",\"Ratcliffe\",\"Red\",\"Sir\",\"tr\u00e8s\",\"United\",\"vont\"],\"articleSection\":[\"Premier League\"],\"inLanguage\":\"fr-FR\"},{\"@type\":\"WebPage\",\"@id\":\"https:\/\/footdavant.fr\/actualites\/le-coproprietaire-de-man-united-sir-jim-ratcliffe-est-convaincu-que-les-red-devils-vont-dans-la-bonne-direction-apres-des-decisions-tres-impopulaires\/\",\"url\":\"https:\/\/footdavant.fr\/actualites\/le-coproprietaire-de-man-united-sir-jim-ratcliffe-est-convaincu-que-les-red-devils-vont-dans-la-bonne-direction-apres-des-decisions-tres-impopulaires\/\",\"name\":\"Le copropri\u00e9taire de Man United, Sir Jim Ratcliffe, est convaincu que les Red Devils vont dans la bonne direction apr\u00e8s des \u00ab d\u00e9cisions tr\u00e8s impopulaires \u00bb\",\"isPartOf\":{\"@id\":\"https:\/\/footdavant.fr\/actualites\/#website\"},\"datePublished\":\"2026-02-12T08:48:01+00:00\",\"dateModified\":\"2026-02-12T08:48:03+00:00\",\"breadcrumb\":{\"@id\":\"https:\/\/footdavant.fr\/actualites\/le-coproprietaire-de-man-united-sir-jim-ratcliffe-est-convaincu-que-les-red-devils-vont-dans-la-bonne-direction-apres-des-decisions-tres-impopulaires\/#breadcrumb\"},\"inLanguage\":\"fr-FR\",\"potentialAction\":[{\"@type\":\"ReadAction\",\"target\":[\"https:\/\/footdavant.fr\/actualites\/le-coproprietaire-de-man-united-sir-jim-ratcliffe-est-convaincu-que-les-red-devils-vont-dans-la-bonne-direction-apres-des-decisions-tres-impopulaires\/\"]}]},{\"@type\":\"BreadcrumbList\",\"@id\":\"https:\/\/footdavant.fr\/actualites\/le-coproprietaire-de-man-united-sir-jim-ratcliffe-est-convaincu-que-les-red-devils-vont-dans-la-bonne-direction-apres-des-decisions-tres-impopulaires\/#breadcrumb\",\"itemListElement\":[{\"@type\":\"ListItem\",\"position\":1,\"name\":\"Accueil\",\"item\":\"https:\/\/footdavant.fr\/actualites\/\"},{\"@type\":\"ListItem\",\"position\":2,\"name\":\"Le copropri\u00e9taire de Man United, Sir Jim Ratcliffe, est convaincu que les Red Devils vont dans la bonne direction apr\u00e8s des \u00ab d\u00e9cisions tr\u00e8s impopulaires \u00bb\"}]},{\"@type\":\"WebSite\",\"@id\":\"https:\/\/footdavant.fr\/actualites\/#website\",\"url\":\"https:\/\/footdavant.fr\/actualites\/\",\"name\":\"Foot d'avant\",\"description\":\"\",\"publisher\":{\"@id\":\"https:\/\/footdavant.fr\/actualites\/#organization\"},\"potentialAction\":[{\"@type\":\"SearchAction\",\"target\":{\"@type\":\"EntryPoint\",\"urlTemplate\":\"https:\/\/footdavant.fr\/actualites\/?s={search_term_string}\"},\"query-input\":\"required name=search_term_string\"}],\"inLanguage\":\"fr-FR\"},{\"@type\":\"Organization\",\"@id\":\"https:\/\/footdavant.fr\/actualites\/#organization\",\"name\":\"Foot d'avant\",\"url\":\"https:\/\/footdavant.fr\/actualites\/\",\"logo\":{\"@type\":\"ImageObject\",\"inLanguage\":\"fr-FR\",\"@id\":\"https:\/\/footdavant.fr\/actualites\/#\/schema\/logo\/image\/\",\"url\":\"https:\/\/footdavant.fr\/actualites\/wp-content\/uploads\/2023\/09\/Copy-of-FootDavant-Logo.png\",\"contentUrl\":\"https:\/\/footdavant.fr\/actualites\/wp-content\/uploads\/2023\/09\/Copy-of-FootDavant-Logo.png\",\"width\":936,\"height\":549,\"caption\":\"Foot d'avant\"},\"image\":{\"@id\":\"https:\/\/footdavant.fr\/actualites\/#\/schema\/logo\/image\/\"},\"sameAs\":[\"https:\/\/www.facebook.com\/Footdavant\/\",\"https:\/\/twitter.com\/FootdavantFr\",\"https:\/\/www.instagram.com\/footdavant.fr\/\"]},{\"@type\":\"Person\",\"@id\":\"https:\/\/footdavant.fr\/actualites\/#\/schema\/person\/bc222566d95871b37e597b3ed3ba5e1d\",\"name\":\"Cl\u00e9ment\",\"image\":{\"@type\":\"ImageObject\",\"inLanguage\":\"fr-FR\",\"@id\":\"https:\/\/footdavant.fr\/actualites\/#\/schema\/person\/image\/\",\"url\":\"https:\/\/secure.gravatar.com\/avatar\/7728b29aac2719421e1a9159b2254c44?s=96&d=mm&r=g\",\"contentUrl\":\"https:\/\/secure.gravatar.com\/avatar\/7728b29aac2719421e1a9159b2254c44?s=96&d=mm&r=g\",\"caption\":\"Cl\u00e9ment\"},\"sameAs\":[\"https:\/\/footdavant.fr\/\"]}]}<\/script>\n<!-- \/ Yoast SEO plugin. -->","yoast_head_json":{"title":"Le copropri\u00e9taire de Man United, Sir Jim Ratcliffe, est convaincu que les Red Devils vont dans la bonne direction apr\u00e8s des \u00ab d\u00e9cisions tr\u00e8s impopulaires \u00bb","robots":{"index":"index","follow":"follow","max-snippet":"max-snippet:-1","max-image-preview":"max-image-preview:large","max-video-preview":"max-video-preview:-1"},"canonical":"https:\/\/footdavant.fr\/actualites\/le-coproprietaire-de-man-united-sir-jim-ratcliffe-est-convaincu-que-les-red-devils-vont-dans-la-bonne-direction-apres-des-decisions-tres-impopulaires\/","og_locale":"fr_FR","og_type":"article","og_title":"Le copropri\u00e9taire de Man United, Sir Jim Ratcliffe, est convaincu que les Red Devils vont dans la bonne direction apr\u00e8s des \u00ab d\u00e9cisions tr\u00e8s impopulaires \u00bb","og_description":"Le copropri\u00e9taire de Manchester United, Sir Jim Ratcliffe, a d\u00e9clar\u00e9 que les d\u00e9cisions \u00ab difficiles \u00bb qui ont \u00e9t\u00e9 prises pendant son s\u00e9jour \u00e0 Old","og_url":"https:\/\/footdavant.fr\/actualites\/le-coproprietaire-de-man-united-sir-jim-ratcliffe-est-convaincu-que-les-red-devils-vont-dans-la-bonne-direction-apres-des-decisions-tres-impopulaires\/","og_site_name":"Foot d&#039;avant","article_publisher":"https:\/\/www.facebook.com\/Footdavant\/","article_published_time":"2026-02-12T08:48:01+00:00","article_modified_time":"2026-02-12T08:48:03+00:00","og_image":[{"width":720,"height":410,"url":"https:\/\/footdavant.fr\/actualites\/wp-content\/uploads\/2026\/02\/Le-coproprietaire-de-Man-United-Sir-Jim-Ratcliffe-est-convaincu.net2Fuploads2F20252F082Fjim-ratcliffe-68.webp","type":"image\/webp"}],"author":"Cl\u00e9ment","twitter_card":"summary_large_image","twitter_creator":"@FootdavantFr","twitter_site":"@FootdavantFr","twitter_misc":{"\u00c9crit par":"Cl\u00e9ment","Dur\u00e9e de lecture estim\u00e9e":"2 minutes"},"schema":{"@context":"https:\/\/schema.org","@graph":[{"@type":"Article","@id":"https:\/\/footdavant.fr\/actualites\/le-coproprietaire-de-man-united-sir-jim-ratcliffe-est-convaincu-que-les-red-devils-vont-dans-la-bonne-direction-apres-des-decisions-tres-impopulaires\/#article","isPartOf":{"@id":"https:\/\/footdavant.fr\/actualites\/le-coproprietaire-de-man-united-sir-jim-ratcliffe-est-convaincu-que-les-red-devils-vont-dans-la-bonne-direction-apres-des-decisions-tres-impopulaires\/"},"author":{"name":"Cl\u00e9ment","@id":"https:\/\/footdavant.fr\/actualites\/#\/schema\/person\/bc222566d95871b37e597b3ed3ba5e1d"},"headline":"Le copropri\u00e9taire de Man United, Sir Jim Ratcliffe, est convaincu que les Red Devils vont dans la bonne direction apr\u00e8s des \u00ab d\u00e9cisions tr\u00e8s impopulaires \u00bb","datePublished":"2026-02-12T08:48:01+00:00","dateModified":"2026-02-12T08:48:03+00:00","mainEntityOfPage":{"@id":"https:\/\/footdavant.fr\/actualites\/le-coproprietaire-de-man-united-sir-jim-ratcliffe-est-convaincu-que-les-red-devils-vont-dans-la-bonne-direction-apres-des-decisions-tres-impopulaires\/"},"wordCount":479,"publisher":{"@id":"https:\/\/footdavant.fr\/actualites\/#organization"},"keywords":["apr\u00e8s","bonne","convaincu","copropri\u00e9taire","dans","d\u00e9cisions","des","Devils","direction","est","impopulaires","Jim","les","Man","Ratcliffe","Red","Sir","tr\u00e8s","United","vont"],"articleSection":["Premier League"],"inLanguage":"fr-FR"},{"@type":"WebPage","@id":"https:\/\/footdavant.fr\/actualites\/le-coproprietaire-de-man-united-sir-jim-ratcliffe-est-convaincu-que-les-red-devils-vont-dans-la-bonne-direction-apres-des-decisions-tres-impopulaires\/","url":"https:\/\/footdavant.fr\/actualites\/le-coproprietaire-de-man-united-sir-jim-ratcliffe-est-convaincu-que-les-red-devils-vont-dans-la-bonne-direction-apres-des-decisions-tres-impopulaires\/","name":"Le copropri\u00e9taire de Man United, Sir Jim Ratcliffe, est convaincu que les Red Devils vont dans la bonne direction apr\u00e8s des \u00ab d\u00e9cisions tr\u00e8s impopulaires \u00bb","isPartOf":{"@id":"https:\/\/footdavant.fr\/actualites\/#website"},"datePublished":"2026-02-12T08:48:01+00:00","dateModified":"2026-02-12T08:48:03+00:00","breadcrumb":{"@id":"https:\/\/footdavant.fr\/actualites\/le-coproprietaire-de-man-united-sir-jim-ratcliffe-est-convaincu-que-les-red-devils-vont-dans-la-bonne-direction-apres-des-decisions-tres-impopulaires\/#breadcrumb"},"inLanguage":"fr-FR","potentialAction":[{"@type":"ReadAction","target":["https:\/\/footdavant.fr\/actualites\/le-coproprietaire-de-man-united-sir-jim-ratcliffe-est-convaincu-que-les-red-devils-vont-dans-la-bonne-direction-apres-des-decisions-tres-impopulaires\/"]}]},{"@type":"BreadcrumbList","@id":"https:\/\/footdavant.fr\/actualites\/le-coproprietaire-de-man-united-sir-jim-ratcliffe-est-convaincu-que-les-red-devils-vont-dans-la-bonne-direction-apres-des-decisions-tres-impopulaires\/#breadcrumb","itemListElement":[{"@type":"ListItem","position":1,"name":"Accueil","item":"https:\/\/footdavant.fr\/actualites\/"},{"@type":"ListItem","position":2,"name":"Le copropri\u00e9taire de Man United, Sir Jim Ratcliffe, est convaincu que les Red Devils vont dans la bonne direction apr\u00e8s des \u00ab d\u00e9cisions tr\u00e8s impopulaires \u00bb"}]},{"@type":"WebSite","@id":"https:\/\/footdavant.fr\/actualites\/#website","url":"https:\/\/footdavant.fr\/actualites\/","name":"Foot d'avant","description":"","publisher":{"@id":"https:\/\/footdavant.fr\/actualites\/#organization"},"potentialAction":[{"@type":"SearchAction","target":{"@type":"EntryPoint","urlTemplate":"https:\/\/footdavant.fr\/actualites\/?s={search_term_string}"},"query-input":"required name=search_term_string"}],"inLanguage":"fr-FR"},{"@type":"Organization","@id":"https:\/\/footdavant.fr\/actualites\/#organization","name":"Foot d'avant","url":"https:\/\/footdavant.fr\/actualites\/","logo":{"@type":"ImageObject","inLanguage":"fr-FR","@id":"https:\/\/footdavant.fr\/actualites\/#\/schema\/logo\/image\/","url":"https:\/\/footdavant.fr\/actualites\/wp-content\/uploads\/2023\/09\/Copy-of-FootDavant-Logo.png","contentUrl":"https:\/\/footdavant.fr\/actualites\/wp-content\/uploads\/2023\/09\/Copy-of-FootDavant-Logo.png","width":936,"height":549,"caption":"Foot d'avant"},"image":{"@id":"https:\/\/footdavant.fr\/actualites\/#\/schema\/logo\/image\/"},"sameAs":["https:\/\/www.facebook.com\/Footdavant\/","https:\/\/twitter.com\/FootdavantFr","https:\/\/www.instagram.com\/footdavant.fr\/"]},{"@type":"Person","@id":"https:\/\/footdavant.fr\/actualites\/#\/schema\/person\/bc222566d95871b37e597b3ed3ba5e1d","name":"Cl\u00e9ment","image":{"@type":"ImageObject","inLanguage":"fr-FR","@id":"https:\/\/footdavant.fr\/actualites\/#\/schema\/person\/image\/","url":"https:\/\/secure.gravatar.com\/avatar\/7728b29aac2719421e1a9159b2254c44?s=96&d=mm&r=g","contentUrl":"https:\/\/secure.gravatar.com\/avatar\/7728b29aac2719421e1a9159b2254c44?s=96&d=mm&r=g","caption":"Cl\u00e9ment"},"sameAs":["https:\/\/footdavant.fr\/"]}]}},"_links":{"self":[{"href":"https:\/\/footdavant.fr\/actualites\/wp-json\/wp\/v2\/posts\/34407"}],"collection":[{"href":"https:\/\/footdavant.fr\/actualites\/wp-json\/wp\/v2\/posts"}],"about":[{"href":"https:\/\/footdavant.fr\/actualites\/wp-json\/wp\/v2\/types\/post"}],"author":[{"embeddable":true,"href":"https:\/\/footdavant.fr\/actualites\/wp-json\/wp\/v2\/users\/1"}],"replies":[{"embeddable":true,"href":"https:\/\/footdavant.fr\/actualites\/wp-json\/wp\/v2\/comments?post=34407"}],"version-history":[{"count":1,"href":"https:\/\/footdavant.fr\/actualites\/wp-json\/wp\/v2\/posts\/34407\/revisions"}],"predecessor-version":[{"id":34409,"href":"https:\/\/footdavant.fr\/actualites\/wp-json\/wp\/v2\/posts\/34407\/revisions\/34409"}],"wp:featuredmedia":[{"embeddable":true,"href":"https:\/\/footdavant.fr\/actualites\/wp-json\/wp\/v2\/media\/34408"}],"wp:attachment":[{"href":"https:\/\/footdavant.fr\/actualites\/wp-json\/wp\/v2\/media?parent=34407"}],"wp:term":[{"taxonomy":"category","embeddable":true,"href":"https:\/\/footdavant.fr\/actualites\/wp-json\/wp\/v2\/categories?post=34407"},{"taxonomy":"post_tag","embeddable":true,"href":"https:\/\/footdavant.fr\/actualites\/wp-json\/wp\/v2\/tags?post=34407"}],"curies":[{"name":"wp","href":"https:\/\/api.w.org\/{rel}","templated":true}]}}