{"id":34410,"date":"2026-02-12T11:48:09","date_gmt":"2026-02-12T10:48:09","guid":{"rendered":"https:\/\/footdavant.fr\/actualites\/bruno-fernandes-las-de-united-recoit-des-eloges-particuliers-de-lancien-patron-de-langleterre\/"},"modified":"2026-02-12T11:48:10","modified_gmt":"2026-02-12T10:48:10","slug":"bruno-fernandes-las-de-united-recoit-des-eloges-particuliers-de-lancien-patron-de-langleterre","status":"publish","type":"post","link":"https:\/\/footdavant.fr\/actualites\/bruno-fernandes-las-de-united-recoit-des-eloges-particuliers-de-lancien-patron-de-langleterre\/","title":{"rendered":"Bruno Fernandes: l&#39;as de United re\u00e7oit des \u00e9loges particuliers de l&#39;ancien patron de l&#39;Angleterre &#8211;"},"content":{"rendered":"<div id=\"penci-post-entry-inner\">\n<p>\t\t\t<i class=\"penci-post-countview-number-check\" style=\"display:none\">0<\/i><\/p>\n<p>Manchester United a retrouv\u00e9 son \u00e9lan sous la direction de Michael Carrick, qui a pris la direction int\u00e9rimaire le mois dernier apr\u00e8s le d\u00e9part de l&#39;ancien entra\u00eeneur-chef Ruben Amorim. Les Diables Rouges ont connu un parcours spectaculaire sous la direction de l&#39;Anglais et restent invaincus en championnat depuis son arriv\u00e9e.<\/p>\n<p>Le match nul 1-1 contre West Ham United plus t\u00f4t cette semaine a mis fin au record de 100 % de Carrick, mais il a tout de m\u00eame r\u00e9ussi quatre victoires en cinq matchs depuis qu&#39;il a pris les commandes. Les g\u00e9ants anglais ont \u00e9galement marqu\u00e9 11 buts et en ont encaiss\u00e9 cinq au cours de cette p\u00e9riode. <\/p>\n<p>United a d\u00e9j\u00e0 marqu\u00e9 47 buts en Premier League cette saison en 26 matchs, soit trois de plus que le chiffre qu&#39;il a r\u00e9ussi en championnat sur l&#39;ensemble de la campagne 2024\/25. La d\u00e9cision d&#39;INEOS d&#39;investir dans l&#39;attaque l&#39;\u00e9t\u00e9 dernier ressemble d\u00e9sormais \u00e0 un coup de ma\u00eetre, mais le retour de Bruno Fernandes \u00e0 sa position pr\u00e9f\u00e9r\u00e9e de n\u00b010 a \u00e9t\u00e9 au c\u0153ur de la r\u00e9cente ascension des Diables Rouges.<\/p>\n<h3>Le meilleur n\u00b010 d&#39;Europe<\/h3>\n<p>L&#39;ancien milieu de terrain de Liverpool, Danny Murphy, a r\u00e9cemment salu\u00e9 le milieu de terrain portugais comme le meilleur num\u00e9ro 10 d&#39;Europe \u00e0 l&#39;heure actuelle, et peu de gens contesteraient cette position. Fernandes a d\u00e9but\u00e9 la saison dans un r\u00f4le de pivot inconnu aux c\u00f4t\u00e9s de Casemiro, mais ne semblait pas d\u00e9plac\u00e9 dans ce poste. <\/p>\n<p>Le fait que, m\u00eame depuis un poste plus profond, soit l&#39;un des joueurs les plus cr\u00e9atifs de la Premier League t\u00e9moigne de la qualit\u00e9 du Portugais. La d\u00e9cision de Carrick de r\u00e9int\u00e9grer le skipper de United dans son r\u00f4le naturel a d\u00e9j\u00e0 port\u00e9 ses fruits et a soulev\u00e9 de nouvelles questions sur le syst\u00e8me d&#39;Amorim.<\/p>\n<p>Fernandes, cependant, a \u00e9t\u00e9 influent toute la saison. Le joueur de 31 ans a inscrit six buts et 13 passes d\u00e9cisives en 25 matchs toutes comp\u00e9titions confondues. Bien qu&#39;il ait rat\u00e9 trois matchs de Premier League en raison d&#39;une blessure aux ischio-jambiers, il reste le meilleur passeur de la ligue avec 12 \u00e0 son actif cette campagne.<\/p>\n<h2 id=\"tablepress-831-name\" class=\"tablepress-table-name tablepress-table-name-id-831\">Stats de Bruno Fernandes: saison 2025\/26<\/h2>\n<table id=\"tablepress-831\" class=\"tablepress tablepress-id-831\" aria-labelledby=\"tablepress-831-name\">\n<thead>\n<tr class=\"row-1\">\n<th class=\"column-1\">Concours<\/th>\n<th class=\"column-2\">Apparitions<\/th>\n<th class=\"column-3\">Commence<\/th>\n<th class=\"column-4\">Objectifs<\/th>\n<th class=\"column-5\">Aides<\/th>\n<th class=\"column-6\">Cartons jaunes<\/th>\n<th class=\"column-7\">Cartons rouges<\/th>\n<th class=\"column-8\">Minutes jou\u00e9es<\/th>\n<\/tr>\n<\/thead>\n<tbody class=\"row-striping row-hover\">\n<tr class=\"row-2\">\n<td class=\"column-1\">Premi\u00e8re Ligue<\/td>\n<td class=\"column-2\">23<\/td>\n<td class=\"column-3\">23<\/td>\n<td class=\"column-4\">6<\/td>\n<td class=\"column-5\">12<\/td>\n<td class=\"column-6\">2<\/td>\n<td class=\"column-7\">&#8211;<\/td>\n<td class=\"column-8\">1 988&#39;<\/td>\n<\/tr>\n<tr class=\"row-3\">\n<td class=\"column-1\">Coupe d&#39;Angleterre<\/td>\n<td class=\"column-2\">1<\/td>\n<td class=\"column-3\">1<\/td>\n<td class=\"column-4\">&#8211;<\/td>\n<td class=\"column-5\">1<\/td>\n<td class=\"column-6\">&#8211;<\/td>\n<td class=\"column-7\">&#8211;<\/td>\n<td class=\"column-8\">90&#39;<\/td>\n<\/tr>\n<tr class=\"row-4\">\n<td class=\"column-1\">Coupe EFL<\/td>\n<td class=\"column-2\">1<\/td>\n<td class=\"column-3\">0<\/td>\n<td class=\"column-4\">&#8211;<\/td>\n<td class=\"column-5\">&#8211;<\/td>\n<td class=\"column-6\">&#8211;<\/td>\n<td class=\"column-7\">&#8211;<\/td>\n<td class=\"column-8\">45&#39;<\/td>\n<\/tr>\n<tr class=\"row-5\">\n<td class=\"column-1\"><\/td>\n<td class=\"column-2\"><\/td>\n<td class=\"column-3\"><\/td>\n<td class=\"column-4\"><\/td>\n<td class=\"column-5\"><\/td>\n<td class=\"column-6\"><\/td>\n<td class=\"column-7\"><\/td>\n<td class=\"column-8\"><\/td>\n<\/tr>\n<\/tbody>\n<\/table>\n<p><!-- #tablepress-831 from cache --><\/p>\n<p>Le Portugais a inscrit 104 buts et 99 passes d\u00e9cisives en 315 matches avec United \u00e0 ce jour et est d\u00e9j\u00e0 une l\u00e9gende d&#39;Old Trafford. Il a maintenant re\u00e7u les \u00e9loges de l&#39;ancien s\u00e9lectionneur anglais Sam Allardyce.<\/p>\n<h3>Le seul joueur de classe mondiale de United<\/h3>\n<p>S&#39;adressant \u00e0 Wayne Rooney sur le podcast No Tippy Tappy Football, Allardyce a insist\u00e9 sur le fait que Fernandes est un joueur qui peut d\u00e9cider d&#39;un match par lui-m\u00eame. Il a d\u00e9clar\u00e9 : \u00ab Le talent maintenant, je pense que plus que jamais, un homme peut changer un jeu pour vous. \u00bb<\/p>\n<p>\u00ab\u00a0Un joueur de haut niveau maintenant plus que jamais. Parce qu&#39;\u00e0 Man United, il y avait, quand vous allez jouer [sic] des joueurs de haut niveau, mais des joueurs qui font la diff\u00e9rence. Et \u00e0 Man United, nous parlons de Fernandes. Vous savez ce que je veux dire? Et bien d\u2019autres clubs.<\/p>\n<p>\u00ab\u00a0Si vous en avez plusieurs, vous vous sentez un peu chanceux aujourd&#39;hui en Premier League. Parce qu&#39;ils sont si rares. J&#39;ai parl\u00e9 des avant-centres. Je veux dire, o\u00f9 sont-ils ? Dans le monde. Vous voyez ce que je veux dire ? Donc, si vous avez un avant-centre, vous devez faire de votre mieux pour le garder.\u00a0\u00bb<\/p>\n<p>\u00ab\u00a0Il doit \u00eatre votre buteur. Mais ensuite, vous devez partager les buts partout ailleurs, comme vous voulez dire, et assumer vos responsabilit\u00e9s.\u00a0\u00bb<\/p>\n<h3>Pens\u00e9es finales<\/h3>\n<p>L&#39;avenir de Fernandes reste sous surveillance, car son contrat expire dans moins de 18 mois et sa signature suscite un int\u00e9r\u00eat croissant. Cependant, si la forme du Portugais cette saison est une indication, il lui reste encore beaucoup de football et United devrait faire tout son possible pour le lier \u00e0 une prolongation. <\/p>\n<\/p>\n<hr\/>\n<p>The Peoples Person est l&#39;un des principaux sites d&#39;information de Man United au monde depuis plus d&#39;une d\u00e9cennie. Suivez-nous sur Bluesky\u00a0: @peoplesperson.bsky.social<\/p>\n<p><!-- CONTENT END 2 --><\/p><\/div>\n","protected":false},"excerpt":{"rendered":"<p>0 Manchester United a retrouv\u00e9 son \u00e9lan sous la direction de Michael Carrick, qui a pris la direction int\u00e9rimaire le mois dernier apr\u00e8s le d\u00e9part<\/p>\n","protected":false},"author":1,"featured_media":34411,"comment_status":"closed","ping_status":"","sticky":false,"template":"","format":"standard","meta":{"footnotes":""},"categories":[3],"tags":[138,12,5727,139,4404,4294,4719,11489,231,488,13],"yoast_head":"<!-- This site is optimized with the Yoast SEO plugin v21.0 - https:\/\/yoast.com\/wordpress\/plugins\/seo\/ -->\n<title>Bruno Fernandes: l&#039;as de United re\u00e7oit des \u00e9loges particuliers de l&#039;ancien patron de l&#039;Angleterre -<\/title>\n<meta name=\"robots\" content=\"index, follow, max-snippet:-1, max-image-preview:large, max-video-preview:-1\" \/>\n<link rel=\"canonical\" href=\"https:\/\/footdavant.fr\/actualites\/bruno-fernandes-las-de-united-recoit-des-eloges-particuliers-de-lancien-patron-de-langleterre\/\" \/>\n<meta property=\"og:locale\" content=\"fr_FR\" \/>\n<meta property=\"og:type\" content=\"article\" \/>\n<meta property=\"og:title\" content=\"Bruno Fernandes: l&#039;as de United re\u00e7oit des \u00e9loges particuliers de l&#039;ancien patron de l&#039;Angleterre -\" \/>\n<meta property=\"og:description\" content=\"0 Manchester United a retrouv\u00e9 son \u00e9lan sous la direction de Michael Carrick, qui a pris la direction int\u00e9rimaire le mois dernier apr\u00e8s le d\u00e9part\" \/>\n<meta property=\"og:url\" content=\"https:\/\/footdavant.fr\/actualites\/bruno-fernandes-las-de-united-recoit-des-eloges-particuliers-de-lancien-patron-de-langleterre\/\" \/>\n<meta property=\"og:site_name\" content=\"Foot d&#039;avant\" \/>\n<meta property=\"article:publisher\" content=\"https:\/\/www.facebook.com\/Footdavant\/\" \/>\n<meta property=\"article:published_time\" content=\"2026-02-12T10:48:09+00:00\" \/>\n<meta property=\"article:modified_time\" content=\"2026-02-12T10:48:10+00:00\" \/>\n<meta property=\"og:image\" content=\"https:\/\/footdavant.fr\/actualites\/wp-content\/uploads\/2026\/02\/Bruno-Fernandes-l39as-de-United-recoit-des-eloges-particuliers-de.jpg\" \/>\n\t<meta property=\"og:image:width\" content=\"1200\" \/>\n\t<meta property=\"og:image:height\" content=\"675\" \/>\n\t<meta property=\"og:image:type\" content=\"image\/jpeg\" \/>\n<meta name=\"author\" content=\"Cl\u00e9ment\" \/>\n<meta name=\"twitter:card\" content=\"summary_large_image\" \/>\n<meta name=\"twitter:creator\" content=\"@FootdavantFr\" \/>\n<meta name=\"twitter:site\" content=\"@FootdavantFr\" \/>\n<meta name=\"twitter:label1\" content=\"\u00c9crit par\" \/>\n\t<meta name=\"twitter:data1\" content=\"Cl\u00e9ment\" \/>\n\t<meta name=\"twitter:label2\" content=\"Dur\u00e9e de lecture estim\u00e9e\" \/>\n\t<meta name=\"twitter:data2\" content=\"4 minutes\" \/>\n<script type=\"application\/ld+json\" class=\"yoast-schema-graph\">{\"@context\":\"https:\/\/schema.org\",\"@graph\":[{\"@type\":\"Article\",\"@id\":\"https:\/\/footdavant.fr\/actualites\/bruno-fernandes-las-de-united-recoit-des-eloges-particuliers-de-lancien-patron-de-langleterre\/#article\",\"isPartOf\":{\"@id\":\"https:\/\/footdavant.fr\/actualites\/bruno-fernandes-las-de-united-recoit-des-eloges-particuliers-de-lancien-patron-de-langleterre\/\"},\"author\":{\"name\":\"Cl\u00e9ment\",\"@id\":\"https:\/\/footdavant.fr\/actualites\/#\/schema\/person\/bc222566d95871b37e597b3ed3ba5e1d\"},\"headline\":\"Bruno Fernandes: l&#39;as de United re\u00e7oit des \u00e9loges particuliers de l&#39;ancien patron de l&#39;Angleterre &#8211;\",\"datePublished\":\"2026-02-12T10:48:09+00:00\",\"dateModified\":\"2026-02-12T10:48:10+00:00\",\"mainEntityOfPage\":{\"@id\":\"https:\/\/footdavant.fr\/actualites\/bruno-fernandes-las-de-united-recoit-des-eloges-particuliers-de-lancien-patron-de-langleterre\/\"},\"wordCount\":760,\"publisher\":{\"@id\":\"https:\/\/footdavant.fr\/actualites\/#organization\"},\"keywords\":[\"Bruno\",\"des\",\"\u00e9loges\",\"Fernandes\",\"l39ancien\",\"l39Angleterre\",\"L39as\",\"particuliers\",\"patron\",\"re\u00e7oit\",\"United\"],\"articleSection\":[\"Football\"],\"inLanguage\":\"fr-FR\"},{\"@type\":\"WebPage\",\"@id\":\"https:\/\/footdavant.fr\/actualites\/bruno-fernandes-las-de-united-recoit-des-eloges-particuliers-de-lancien-patron-de-langleterre\/\",\"url\":\"https:\/\/footdavant.fr\/actualites\/bruno-fernandes-las-de-united-recoit-des-eloges-particuliers-de-lancien-patron-de-langleterre\/\",\"name\":\"Bruno Fernandes: l&#39;as de United re\u00e7oit des \u00e9loges particuliers de l&#39;ancien patron de l&#39;Angleterre -\",\"isPartOf\":{\"@id\":\"https:\/\/footdavant.fr\/actualites\/#website\"},\"datePublished\":\"2026-02-12T10:48:09+00:00\",\"dateModified\":\"2026-02-12T10:48:10+00:00\",\"breadcrumb\":{\"@id\":\"https:\/\/footdavant.fr\/actualites\/bruno-fernandes-las-de-united-recoit-des-eloges-particuliers-de-lancien-patron-de-langleterre\/#breadcrumb\"},\"inLanguage\":\"fr-FR\",\"potentialAction\":[{\"@type\":\"ReadAction\",\"target\":[\"https:\/\/footdavant.fr\/actualites\/bruno-fernandes-las-de-united-recoit-des-eloges-particuliers-de-lancien-patron-de-langleterre\/\"]}]},{\"@type\":\"BreadcrumbList\",\"@id\":\"https:\/\/footdavant.fr\/actualites\/bruno-fernandes-las-de-united-recoit-des-eloges-particuliers-de-lancien-patron-de-langleterre\/#breadcrumb\",\"itemListElement\":[{\"@type\":\"ListItem\",\"position\":1,\"name\":\"Accueil\",\"item\":\"https:\/\/footdavant.fr\/actualites\/\"},{\"@type\":\"ListItem\",\"position\":2,\"name\":\"Bruno Fernandes: l&#39;as de United re\u00e7oit des \u00e9loges particuliers de l&#39;ancien patron de l&#39;Angleterre &#8211;\"}]},{\"@type\":\"WebSite\",\"@id\":\"https:\/\/footdavant.fr\/actualites\/#website\",\"url\":\"https:\/\/footdavant.fr\/actualites\/\",\"name\":\"Foot d'avant\",\"description\":\"\",\"publisher\":{\"@id\":\"https:\/\/footdavant.fr\/actualites\/#organization\"},\"potentialAction\":[{\"@type\":\"SearchAction\",\"target\":{\"@type\":\"EntryPoint\",\"urlTemplate\":\"https:\/\/footdavant.fr\/actualites\/?s={search_term_string}\"},\"query-input\":\"required name=search_term_string\"}],\"inLanguage\":\"fr-FR\"},{\"@type\":\"Organization\",\"@id\":\"https:\/\/footdavant.fr\/actualites\/#organization\",\"name\":\"Foot d'avant\",\"url\":\"https:\/\/footdavant.fr\/actualites\/\",\"logo\":{\"@type\":\"ImageObject\",\"inLanguage\":\"fr-FR\",\"@id\":\"https:\/\/footdavant.fr\/actualites\/#\/schema\/logo\/image\/\",\"url\":\"https:\/\/footdavant.fr\/actualites\/wp-content\/uploads\/2023\/09\/Copy-of-FootDavant-Logo.png\",\"contentUrl\":\"https:\/\/footdavant.fr\/actualites\/wp-content\/uploads\/2023\/09\/Copy-of-FootDavant-Logo.png\",\"width\":936,\"height\":549,\"caption\":\"Foot d'avant\"},\"image\":{\"@id\":\"https:\/\/footdavant.fr\/actualites\/#\/schema\/logo\/image\/\"},\"sameAs\":[\"https:\/\/www.facebook.com\/Footdavant\/\",\"https:\/\/twitter.com\/FootdavantFr\",\"https:\/\/www.instagram.com\/footdavant.fr\/\"]},{\"@type\":\"Person\",\"@id\":\"https:\/\/footdavant.fr\/actualites\/#\/schema\/person\/bc222566d95871b37e597b3ed3ba5e1d\",\"name\":\"Cl\u00e9ment\",\"image\":{\"@type\":\"ImageObject\",\"inLanguage\":\"fr-FR\",\"@id\":\"https:\/\/footdavant.fr\/actualites\/#\/schema\/person\/image\/\",\"url\":\"https:\/\/secure.gravatar.com\/avatar\/7728b29aac2719421e1a9159b2254c44?s=96&d=mm&r=g\",\"contentUrl\":\"https:\/\/secure.gravatar.com\/avatar\/7728b29aac2719421e1a9159b2254c44?s=96&d=mm&r=g\",\"caption\":\"Cl\u00e9ment\"},\"sameAs\":[\"https:\/\/footdavant.fr\/\"]}]}<\/script>\n<!-- \/ Yoast SEO plugin. -->","yoast_head_json":{"title":"Bruno Fernandes: l&#39;as de United re\u00e7oit des \u00e9loges particuliers de l&#39;ancien patron de l&#39;Angleterre -","robots":{"index":"index","follow":"follow","max-snippet":"max-snippet:-1","max-image-preview":"max-image-preview:large","max-video-preview":"max-video-preview:-1"},"canonical":"https:\/\/footdavant.fr\/actualites\/bruno-fernandes-las-de-united-recoit-des-eloges-particuliers-de-lancien-patron-de-langleterre\/","og_locale":"fr_FR","og_type":"article","og_title":"Bruno Fernandes: l&#39;as de United re\u00e7oit des \u00e9loges particuliers de l&#39;ancien patron de l&#39;Angleterre -","og_description":"0 Manchester United a retrouv\u00e9 son \u00e9lan sous la direction de Michael Carrick, qui a pris la direction int\u00e9rimaire le mois dernier apr\u00e8s le d\u00e9part","og_url":"https:\/\/footdavant.fr\/actualites\/bruno-fernandes-las-de-united-recoit-des-eloges-particuliers-de-lancien-patron-de-langleterre\/","og_site_name":"Foot d&#039;avant","article_publisher":"https:\/\/www.facebook.com\/Footdavant\/","article_published_time":"2026-02-12T10:48:09+00:00","article_modified_time":"2026-02-12T10:48:10+00:00","og_image":[{"width":1200,"height":675,"url":"https:\/\/footdavant.fr\/actualites\/wp-content\/uploads\/2026\/02\/Bruno-Fernandes-l39as-de-United-recoit-des-eloges-particuliers-de.jpg","type":"image\/jpeg"}],"author":"Cl\u00e9ment","twitter_card":"summary_large_image","twitter_creator":"@FootdavantFr","twitter_site":"@FootdavantFr","twitter_misc":{"\u00c9crit par":"Cl\u00e9ment","Dur\u00e9e de lecture estim\u00e9e":"4 minutes"},"schema":{"@context":"https:\/\/schema.org","@graph":[{"@type":"Article","@id":"https:\/\/footdavant.fr\/actualites\/bruno-fernandes-las-de-united-recoit-des-eloges-particuliers-de-lancien-patron-de-langleterre\/#article","isPartOf":{"@id":"https:\/\/footdavant.fr\/actualites\/bruno-fernandes-las-de-united-recoit-des-eloges-particuliers-de-lancien-patron-de-langleterre\/"},"author":{"name":"Cl\u00e9ment","@id":"https:\/\/footdavant.fr\/actualites\/#\/schema\/person\/bc222566d95871b37e597b3ed3ba5e1d"},"headline":"Bruno Fernandes: l&#39;as de United re\u00e7oit des \u00e9loges particuliers de l&#39;ancien patron de l&#39;Angleterre &#8211;","datePublished":"2026-02-12T10:48:09+00:00","dateModified":"2026-02-12T10:48:10+00:00","mainEntityOfPage":{"@id":"https:\/\/footdavant.fr\/actualites\/bruno-fernandes-las-de-united-recoit-des-eloges-particuliers-de-lancien-patron-de-langleterre\/"},"wordCount":760,"publisher":{"@id":"https:\/\/footdavant.fr\/actualites\/#organization"},"keywords":["Bruno","des","\u00e9loges","Fernandes","l39ancien","l39Angleterre","L39as","particuliers","patron","re\u00e7oit","United"],"articleSection":["Football"],"inLanguage":"fr-FR"},{"@type":"WebPage","@id":"https:\/\/footdavant.fr\/actualites\/bruno-fernandes-las-de-united-recoit-des-eloges-particuliers-de-lancien-patron-de-langleterre\/","url":"https:\/\/footdavant.fr\/actualites\/bruno-fernandes-las-de-united-recoit-des-eloges-particuliers-de-lancien-patron-de-langleterre\/","name":"Bruno Fernandes: l&#39;as de United re\u00e7oit des \u00e9loges particuliers de l&#39;ancien patron de l&#39;Angleterre -","isPartOf":{"@id":"https:\/\/footdavant.fr\/actualites\/#website"},"datePublished":"2026-02-12T10:48:09+00:00","dateModified":"2026-02-12T10:48:10+00:00","breadcrumb":{"@id":"https:\/\/footdavant.fr\/actualites\/bruno-fernandes-las-de-united-recoit-des-eloges-particuliers-de-lancien-patron-de-langleterre\/#breadcrumb"},"inLanguage":"fr-FR","potentialAction":[{"@type":"ReadAction","target":["https:\/\/footdavant.fr\/actualites\/bruno-fernandes-las-de-united-recoit-des-eloges-particuliers-de-lancien-patron-de-langleterre\/"]}]},{"@type":"BreadcrumbList","@id":"https:\/\/footdavant.fr\/actualites\/bruno-fernandes-las-de-united-recoit-des-eloges-particuliers-de-lancien-patron-de-langleterre\/#breadcrumb","itemListElement":[{"@type":"ListItem","position":1,"name":"Accueil","item":"https:\/\/footdavant.fr\/actualites\/"},{"@type":"ListItem","position":2,"name":"Bruno Fernandes: l&#39;as de United re\u00e7oit des \u00e9loges particuliers de l&#39;ancien patron de l&#39;Angleterre &#8211;"}]},{"@type":"WebSite","@id":"https:\/\/footdavant.fr\/actualites\/#website","url":"https:\/\/footdavant.fr\/actualites\/","name":"Foot d'avant","description":"","publisher":{"@id":"https:\/\/footdavant.fr\/actualites\/#organization"},"potentialAction":[{"@type":"SearchAction","target":{"@type":"EntryPoint","urlTemplate":"https:\/\/footdavant.fr\/actualites\/?s={search_term_string}"},"query-input":"required name=search_term_string"}],"inLanguage":"fr-FR"},{"@type":"Organization","@id":"https:\/\/footdavant.fr\/actualites\/#organization","name":"Foot d'avant","url":"https:\/\/footdavant.fr\/actualites\/","logo":{"@type":"ImageObject","inLanguage":"fr-FR","@id":"https:\/\/footdavant.fr\/actualites\/#\/schema\/logo\/image\/","url":"https:\/\/footdavant.fr\/actualites\/wp-content\/uploads\/2023\/09\/Copy-of-FootDavant-Logo.png","contentUrl":"https:\/\/footdavant.fr\/actualites\/wp-content\/uploads\/2023\/09\/Copy-of-FootDavant-Logo.png","width":936,"height":549,"caption":"Foot d'avant"},"image":{"@id":"https:\/\/footdavant.fr\/actualites\/#\/schema\/logo\/image\/"},"sameAs":["https:\/\/www.facebook.com\/Footdavant\/","https:\/\/twitter.com\/FootdavantFr","https:\/\/www.instagram.com\/footdavant.fr\/"]},{"@type":"Person","@id":"https:\/\/footdavant.fr\/actualites\/#\/schema\/person\/bc222566d95871b37e597b3ed3ba5e1d","name":"Cl\u00e9ment","image":{"@type":"ImageObject","inLanguage":"fr-FR","@id":"https:\/\/footdavant.fr\/actualites\/#\/schema\/person\/image\/","url":"https:\/\/secure.gravatar.com\/avatar\/7728b29aac2719421e1a9159b2254c44?s=96&d=mm&r=g","contentUrl":"https:\/\/secure.gravatar.com\/avatar\/7728b29aac2719421e1a9159b2254c44?s=96&d=mm&r=g","caption":"Cl\u00e9ment"},"sameAs":["https:\/\/footdavant.fr\/"]}]}},"_links":{"self":[{"href":"https:\/\/footdavant.fr\/actualites\/wp-json\/wp\/v2\/posts\/34410"}],"collection":[{"href":"https:\/\/footdavant.fr\/actualites\/wp-json\/wp\/v2\/posts"}],"about":[{"href":"https:\/\/footdavant.fr\/actualites\/wp-json\/wp\/v2\/types\/post"}],"author":[{"embeddable":true,"href":"https:\/\/footdavant.fr\/actualites\/wp-json\/wp\/v2\/users\/1"}],"replies":[{"embeddable":true,"href":"https:\/\/footdavant.fr\/actualites\/wp-json\/wp\/v2\/comments?post=34410"}],"version-history":[{"count":1,"href":"https:\/\/footdavant.fr\/actualites\/wp-json\/wp\/v2\/posts\/34410\/revisions"}],"predecessor-version":[{"id":34412,"href":"https:\/\/footdavant.fr\/actualites\/wp-json\/wp\/v2\/posts\/34410\/revisions\/34412"}],"wp:featuredmedia":[{"embeddable":true,"href":"https:\/\/footdavant.fr\/actualites\/wp-json\/wp\/v2\/media\/34411"}],"wp:attachment":[{"href":"https:\/\/footdavant.fr\/actualites\/wp-json\/wp\/v2\/media?parent=34410"}],"wp:term":[{"taxonomy":"category","embeddable":true,"href":"https:\/\/footdavant.fr\/actualites\/wp-json\/wp\/v2\/categories?post=34410"},{"taxonomy":"post_tag","embeddable":true,"href":"https:\/\/footdavant.fr\/actualites\/wp-json\/wp\/v2\/tags?post=34410"}],"curies":[{"name":"wp","href":"https:\/\/api.w.org\/{rel}","templated":true}]}}