{"id":34413,"date":"2026-02-12T13:48:09","date_gmt":"2026-02-12T12:48:09","guid":{"rendered":"https:\/\/footdavant.fr\/actualites\/blessure-a-chelsea-liste-de-suspension-et-dates-de-retour-pour-hull-city-marc-cucurella-reece-james-tosin-adarabioyo-les-derniers\/"},"modified":"2026-02-12T13:48:10","modified_gmt":"2026-02-12T12:48:10","slug":"blessure-a-chelsea-liste-de-suspension-et-dates-de-retour-pour-hull-city-marc-cucurella-reece-james-tosin-adarabioyo-les-derniers","status":"publish","type":"post","link":"https:\/\/footdavant.fr\/actualites\/blessure-a-chelsea-liste-de-suspension-et-dates-de-retour-pour-hull-city-marc-cucurella-reece-james-tosin-adarabioyo-les-derniers\/","title":{"rendered":"Blessure \u00e0 Chelsea, liste de suspension et dates de retour pour Hull City : Marc Cucurella, Reece James, Tosin Adarabioyo les derniers"},"content":{"rendered":"<div itemprop=\"articleBody\">\n<p>De retour sur l&#39;abri o\u00f9 il s&#39;est fait un nom en tant qu&#39;entra\u00eeneur, Liam Rosenior m\u00e8ne ses troupes de Chelsea au MKM Stadium pour le quatri\u00e8me tour de la FA Cup vendredi avec son ancien club de Hull City.  <\/p>\n<p>Les Blues ont vu leur \u00e9lan frein\u00e9 lors d&#39;un match nul 2-2 contre Leeds United lors de leur plus r\u00e9cente affaire de Premier League \u2013 seulement une troisi\u00e8me non-victoire en 10 matchs sous Rosenior \u2013 tandis que les Tigers, en qu\u00eate des s\u00e9ries \u00e9liminatoires, ont subi une d\u00e9faite 3-2 \u00e0 domicile contre Bristol City, m\u00eame si l&#39;\u00e9quipe class\u00e9e quatri\u00e8me a un tampon de sept points pour terminer dans le top sept tant convoit\u00e9.  <\/p>\n<p>Chelsea est sorti \u00e0 ce stade il y a 12 mois, s&#39;inclinant 2-1 contre Brighton &#038; Hove Albion, mais ils sont soutenus par une s\u00e9quence de huit victoires cons\u00e9cutives contre Hull avant le match de vendredi.  <\/p>\n<p>Ici, Sports Mole rassemble toutes les derni\u00e8res nouvelles sur les blessures et les suspensions de Chelsea avant les retrouvailles de Resenior avec Hull, alors que les West Londoniens s&#39;efforcent d&#39;\u00e9viter une deuxi\u00e8me \u00e9limination cons\u00e9cutive au quatri\u00e8me tour de la comp\u00e9tition.<\/p>\n<div>\n<div>\n<div>\n<p>\u00a9 Imago \/ IMAGO \/ Sportimage<\/p>\n<\/div>\n<\/div>\n<\/div>\n<p>Statut\u00a0:\u00a0Out<\/p>\n<p>Type de blessure\u00a0: ischio-jambier<\/p>\n<p>Date de retour possible : Inconnue<\/p>\n<p>Remplac\u00e9 \u00e0 la pause contre Leeds, Marc Cucurella devrait passer des scanners pour un probl\u00e8me pr\u00e9sum\u00e9 aux ischio-jambiers. <\/p>\n<p>Alors que Rosenior a d\u00e9clar\u00e9 mercredi \u00e0 la presse rassembl\u00e9e que la gravit\u00e9 de la blessure \u00e9tait encore inconnue, l&#39;international espagnol manquera d\u00e9finitivement le choc de la FA Cup de vendredi contre Hull.<\/p>\n<div>\n<div>\n<div><img decoding=\"async\" data-img-id=\"156174\" class=\"lazy\" loading=\"lazy\" src=\"https:\/\/footdavant.fr\/actualites\/wp-content\/uploads\/2026\/02\/1770900486_754_Blessure-a-Chelsea-liste-de-suspension-et-dates-de-retour.webp\"\/><\/p>\n<p>\u00a9 Imago \/ IMAGO \/ Chaque deuxi\u00e8me m\u00e9dia<\/p>\n<\/div>\n<\/div>\n<\/div>\n<p>Statut\u00a0: doute mineur<\/p>\n<p>Type de blessure : Maladie<\/p>\n<p>Date de retour possible : 13 f\u00e9vrier (vs Hull City)<\/p>\n<p>Reece James \u00e9tait absent contre Leeds mardi pour cause de maladie, mais Rosenior a confirm\u00e9 mercredi que l&#39;\u00e9tat de sant\u00e9 du capitaine du club sera \u00e9valu\u00e9 dans les prochains jours avant un \u00e9ventuel retour au stade MKM.<\/p>\n<div>\n<div>\n<div>\n<div>\n<div>\n<div>\n<div>\n<div>\n<div>\n<div>\n<div>\n<div><img decoding=\"async\" data-img-id=\"136764\" class=\"lazy\" loading=\"lazy\" src=\"https:\/\/footdavant.fr\/actualites\/wp-content\/uploads\/2026\/02\/Blessure-a-Chelsea-liste-de-suspension-et-dates-de-retour.jpg\"\/><\/p>\n<p>\u00a9 Imago<\/p>\n<\/div>\n<\/div>\n<\/div>\n<\/div>\n<\/div>\n<\/div>\n<\/div>\n<\/div>\n<\/div>\n<\/div>\n<\/div>\n<\/div>\n<p>Statut : doute majeur<\/p>\n<p>Type de blessure\u00a0: ischio-jambier<\/p>\n<p>Date de retour possible : 13 f\u00e9vrier (vs Hull City)<\/p>\n<p><!--{C}%3C!%2D%2D%253Cmeta%2520charset%253D%2522UTF-8%2522%2520%252F%253E%2D%2D%3E-->Tosin Adarabioyo est de retour \u00e0 l&#39;entra\u00eenement d&#39;\u00e9quipe et, sous r\u00e9serve d&#39;un test de condition physique tardif, pourrait revenir dans une certaine mesure contre Hull.<\/p>\n<div>\n<div>\n<div>\n<div>\n<div>\n<div>\n<div>\n<div>\n<div>\n<div>\n<div><img decoding=\"async\" data-img-id=\"150660\" class=\"lazy\" loading=\"lazy\" src=\"https:\/\/footdavant.fr\/actualites\/wp-content\/uploads\/2025\/08\/1754704101_Levi-Colwill-Blessure-le-plan-de-transfert-de-Chelsea.jpg\"\/><\/p>\n<p>\u00a9 Imago<\/p>\n<\/div>\n<\/div>\n<\/div>\n<\/div>\n<\/div>\n<\/div>\n<\/div>\n<\/div>\n<\/div>\n<\/div>\n<\/div>\n<p>Statut\u00a0:\u00a0Out<\/p>\n<p>Type de blessure\u00a0: LCA<\/p>\n<p>Date de retour possible : Inconnue<\/p>\n<p><meta charset=\"UTF-8\"\/>Levi Colwill poursuit sa longue r\u00e9\u00e9ducation apr\u00e8s avoir subi une grave blessure au genou avant le d\u00e9but de la saison 2025-2026, laissant le d\u00e9fenseur central dans une course pour retrouver sa forme physique avant la prochaine campagne.<\/p>\n<div>\n<div>\n<div>\n<div>\n<div>\n<div>\n<div>\n<div>\n<div>\n<div>\n<div><img decoding=\"async\" data-img-id=\"149134\" class=\"lazy\" loading=\"lazy\" src=\"https:\/\/footdavant.fr\/actualites\/wp-content\/uploads\/2025\/06\/Romeo-Lavia-soutient-les-nouvelles-entrees-de-joueurs-de-la.webp\"\/><\/p>\n<p>\u00a9 Imago<\/p>\n<\/div>\n<\/div>\n<\/div>\n<\/div>\n<\/div>\n<\/div>\n<\/div>\n<\/div>\n<\/div>\n<\/div>\n<\/div>\n<p>Statut\u00a0:\u00a0Out<\/p>\n<p>Type de blessure : Cuisse<\/p>\n<p>Date de retour possible : Inconnue<\/p>\n<p>Rom\u00e9o Lavia a repris l&#39;entra\u00eenement et progresserait bien apr\u00e8s un revers \u00e0 la cuisse qui l&#39;a mis \u00e0 l&#39;\u00e9cart depuis novembre. Cependant, le Belge ne sera pas pr\u00e9cipit\u00e9 et ne reviendra peut-\u00eatre \u00e0 aucun titre avant la fin du mois.<\/p>\n<div>\n<div>\n<div>\n<div>\n<div>\n<div>\n<div>\n<div>\n<div>\n<div>\n<div><img decoding=\"async\" data-img-id=\"149886\" class=\"lazy\" loading=\"lazy\" src=\"https:\/\/footdavant.fr\/actualites\/wp-content\/uploads\/2025\/09\/1758286088_156_Blessure-de-Chelsea-Liste-des-suspensions-contre-Man-United-Cole.webp\"\/><\/p>\n<p>\u00a9 Imago<\/p>\n<\/div>\n<\/div>\n<\/div>\n<\/div>\n<\/div>\n<\/div>\n<\/div>\n<\/div>\n<\/div>\n<\/div>\n<\/div>\n<p>Statut\u00a0:\u00a0Out<\/p>\n<p>Type de blessure : Non pr\u00e9cis\u00e9<\/p>\n<p>Date de retour possible : Inconnue<\/p>\n<p>Dario Essugo s&#39;est bless\u00e9 \u00e0 la cuisse en septembre et a r\u00e9cemment subi un revers \u00e0 l&#39;entra\u00eenement, ce qui rend peu probable le retour du jeune avant mars.<\/p>\n<div>\n<div>\n<div>\n<div>\n<div>\n<div>\n<div>\n<div>\n<div>\n<div>\n<div><img decoding=\"async\" data-img-id=\"153879\" class=\"lazy\" loading=\"lazy\" src=\"https:\/\/footdavant.fr\/actualites\/wp-content\/uploads\/2026\/02\/1770900488_14_Blessure-a-Chelsea-liste-de-suspension-et-dates-de-retour.webp\"\/><\/p>\n<p>\u00a9 Imago \/ Images d&#39;actualit\u00e9<\/p>\n<\/div>\n<\/div>\n<\/div>\n<\/div>\n<\/div>\n<\/div>\n<\/div>\n<\/div>\n<\/div>\n<\/div>\n<\/div>\n<p>Statut\u00a0:\u00a0Out<\/p>\n<p>Type de blessure\u00a0: ischio-jambier<\/p>\n<p>Date de retour possible : Inconnue<\/p>\n<p>Jamie Gittens a \u00e9t\u00e9 remplac\u00e9 en premi\u00e8re mi-temps contre West Ham United le 31 janvier en raison d&#39;une blessure aux ischio-jambiers et devrait passer plusieurs mois sur le banc de touche.<\/p>\n<div>\n<div>\n<div>\n<div>\n<div>\n<div>\n<div>\n<div>\n<div>\n<div>\n<div><img decoding=\"async\" data-img-id=\"133866\" class=\"lazy\" loading=\"lazy\" src=\"https:\/\/footdavant.fr\/actualites\/wp-content\/uploads\/2026\/02\/1770900489_589_Blessure-a-Chelsea-liste-de-suspension-et-dates-de-retour.jpg\"\/><\/p>\n<p>\u00a9 Imago<\/p>\n<\/div>\n<\/div>\n<\/div>\n<\/div>\n<\/div>\n<\/div>\n<\/div>\n<\/div>\n<\/div>\n<\/div>\n<\/div>\n<p>Statut : doute majeur<\/p>\n<p>Type de blessure\u00a0: Non divulgu\u00e9<\/p>\n<p>Date de retour possible : Inconnue<\/p>\n<p>Le gardien rempla\u00e7ant Filip Jorgensen a rat\u00e9 les quatre derniers matches et, m\u00eame s&#39;il ne devrait pas \u00eatre absent longtemps, ce match pourrait arriver un peu trop t\u00f4t pour son retour.<\/p>\n<h2>LISTE DES SUSPENSIONS DE CHELSEA<\/h2>\n<p>Chelsea n&#39;a aucun joueur menac\u00e9 de suspension pour ce match, bien que Mykhailo Mudryk purge toujours une suspension provisoire pour dopage.<\/p>\n<\/div>\n","protected":false},"excerpt":{"rendered":"<p>De retour sur l&#39;abri o\u00f9 il s&#39;est fait un nom en tant qu&#39;entra\u00eeneur, Liam Rosenior m\u00e8ne ses troupes de Chelsea au MKM Stadium pour le<\/p>\n","protected":false},"author":1,"featured_media":33257,"comment_status":"closed","ping_status":"","sticky":false,"template":"","format":"standard","meta":{"footnotes":""},"categories":[5],"tags":[2588,15,171,27,2357,2867,1907,2785,111,93,17,1678,51,1192,393,18,2587],"yoast_head":"<!-- This site is optimized with the Yoast SEO plugin v21.0 - https:\/\/yoast.com\/wordpress\/plugins\/seo\/ -->\n<title>Blessure \u00e0 Chelsea, liste de suspension et dates de retour pour Hull City : Marc Cucurella, Reece James, Tosin Adarabioyo les derniers<\/title>\n<meta name=\"robots\" content=\"index, follow, max-snippet:-1, max-image-preview:large, max-video-preview:-1\" \/>\n<link rel=\"canonical\" href=\"https:\/\/footdavant.fr\/actualites\/blessure-a-chelsea-liste-de-suspension-et-dates-de-retour-pour-hull-city-marc-cucurella-reece-james-tosin-adarabioyo-les-derniers\/\" \/>\n<meta property=\"og:locale\" content=\"fr_FR\" \/>\n<meta property=\"og:type\" content=\"article\" \/>\n<meta property=\"og:title\" content=\"Blessure \u00e0 Chelsea, liste de suspension et dates de retour pour Hull City : Marc Cucurella, Reece James, Tosin Adarabioyo les derniers\" \/>\n<meta property=\"og:description\" content=\"De retour sur l&#039;abri o\u00f9 il s&#039;est fait un nom en tant qu&#039;entra\u00eeneur, Liam Rosenior m\u00e8ne ses troupes de Chelsea au MKM Stadium pour le\" \/>\n<meta property=\"og:url\" content=\"https:\/\/footdavant.fr\/actualites\/blessure-a-chelsea-liste-de-suspension-et-dates-de-retour-pour-hull-city-marc-cucurella-reece-james-tosin-adarabioyo-les-derniers\/\" \/>\n<meta property=\"og:site_name\" content=\"Foot d&#039;avant\" \/>\n<meta property=\"article:publisher\" content=\"https:\/\/www.facebook.com\/Footdavant\/\" \/>\n<meta property=\"article:published_time\" content=\"2026-02-12T12:48:09+00:00\" \/>\n<meta property=\"article:modified_time\" content=\"2026-02-12T12:48:10+00:00\" \/>\n<meta property=\"og:image\" content=\"https:\/\/footdavant.fr\/actualites\/wp-content\/uploads\/2026\/01\/Fulham-2-1-Chelsea-faits-saillants-homme-du-match-statistiques.net2Fuploads2F20262F012Fimago1071010095.webp\" \/>\n\t<meta property=\"og:image:width\" content=\"720\" \/>\n\t<meta property=\"og:image:height\" content=\"410\" \/>\n\t<meta property=\"og:image:type\" content=\"image\/webp\" \/>\n<meta name=\"author\" content=\"Cl\u00e9ment\" \/>\n<meta name=\"twitter:card\" content=\"summary_large_image\" \/>\n<meta name=\"twitter:creator\" content=\"@FootdavantFr\" \/>\n<meta name=\"twitter:site\" content=\"@FootdavantFr\" \/>\n<meta name=\"twitter:label1\" content=\"\u00c9crit par\" \/>\n\t<meta name=\"twitter:data1\" content=\"Cl\u00e9ment\" \/>\n\t<meta name=\"twitter:label2\" content=\"Dur\u00e9e de lecture estim\u00e9e\" \/>\n\t<meta name=\"twitter:data2\" content=\"3 minutes\" \/>\n<script type=\"application\/ld+json\" class=\"yoast-schema-graph\">{\"@context\":\"https:\/\/schema.org\",\"@graph\":[{\"@type\":\"Article\",\"@id\":\"https:\/\/footdavant.fr\/actualites\/blessure-a-chelsea-liste-de-suspension-et-dates-de-retour-pour-hull-city-marc-cucurella-reece-james-tosin-adarabioyo-les-derniers\/#article\",\"isPartOf\":{\"@id\":\"https:\/\/footdavant.fr\/actualites\/blessure-a-chelsea-liste-de-suspension-et-dates-de-retour-pour-hull-city-marc-cucurella-reece-james-tosin-adarabioyo-les-derniers\/\"},\"author\":{\"name\":\"Cl\u00e9ment\",\"@id\":\"https:\/\/footdavant.fr\/actualites\/#\/schema\/person\/bc222566d95871b37e597b3ed3ba5e1d\"},\"headline\":\"Blessure \u00e0 Chelsea, liste de suspension et dates de retour pour Hull City : Marc Cucurella, Reece James, Tosin Adarabioyo les derniers\",\"datePublished\":\"2026-02-12T12:48:09+00:00\",\"dateModified\":\"2026-02-12T12:48:10+00:00\",\"mainEntityOfPage\":{\"@id\":\"https:\/\/footdavant.fr\/actualites\/blessure-a-chelsea-liste-de-suspension-et-dates-de-retour-pour-hull-city-marc-cucurella-reece-james-tosin-adarabioyo-les-derniers\/\"},\"wordCount\":680,\"publisher\":{\"@id\":\"https:\/\/footdavant.fr\/actualites\/#organization\"},\"keywords\":[\"Adarabioyo\",\"Blessure\",\"Chelsea\",\"City\",\"Cucurella\",\"Dates\",\"derniers\",\"Hull\",\"James\",\"les\",\"liste\",\"Marc\",\"pour\",\"Reece\",\"retour\",\"suspension\",\"Tosin\"],\"articleSection\":[\"Premier League\"],\"inLanguage\":\"fr-FR\"},{\"@type\":\"WebPage\",\"@id\":\"https:\/\/footdavant.fr\/actualites\/blessure-a-chelsea-liste-de-suspension-et-dates-de-retour-pour-hull-city-marc-cucurella-reece-james-tosin-adarabioyo-les-derniers\/\",\"url\":\"https:\/\/footdavant.fr\/actualites\/blessure-a-chelsea-liste-de-suspension-et-dates-de-retour-pour-hull-city-marc-cucurella-reece-james-tosin-adarabioyo-les-derniers\/\",\"name\":\"Blessure \u00e0 Chelsea, liste de suspension et dates de retour pour Hull City : Marc Cucurella, Reece James, Tosin Adarabioyo les derniers\",\"isPartOf\":{\"@id\":\"https:\/\/footdavant.fr\/actualites\/#website\"},\"datePublished\":\"2026-02-12T12:48:09+00:00\",\"dateModified\":\"2026-02-12T12:48:10+00:00\",\"breadcrumb\":{\"@id\":\"https:\/\/footdavant.fr\/actualites\/blessure-a-chelsea-liste-de-suspension-et-dates-de-retour-pour-hull-city-marc-cucurella-reece-james-tosin-adarabioyo-les-derniers\/#breadcrumb\"},\"inLanguage\":\"fr-FR\",\"potentialAction\":[{\"@type\":\"ReadAction\",\"target\":[\"https:\/\/footdavant.fr\/actualites\/blessure-a-chelsea-liste-de-suspension-et-dates-de-retour-pour-hull-city-marc-cucurella-reece-james-tosin-adarabioyo-les-derniers\/\"]}]},{\"@type\":\"BreadcrumbList\",\"@id\":\"https:\/\/footdavant.fr\/actualites\/blessure-a-chelsea-liste-de-suspension-et-dates-de-retour-pour-hull-city-marc-cucurella-reece-james-tosin-adarabioyo-les-derniers\/#breadcrumb\",\"itemListElement\":[{\"@type\":\"ListItem\",\"position\":1,\"name\":\"Accueil\",\"item\":\"https:\/\/footdavant.fr\/actualites\/\"},{\"@type\":\"ListItem\",\"position\":2,\"name\":\"Blessure \u00e0 Chelsea, liste de suspension et dates de retour pour Hull City : Marc Cucurella, Reece James, Tosin Adarabioyo les derniers\"}]},{\"@type\":\"WebSite\",\"@id\":\"https:\/\/footdavant.fr\/actualites\/#website\",\"url\":\"https:\/\/footdavant.fr\/actualites\/\",\"name\":\"Foot d'avant\",\"description\":\"\",\"publisher\":{\"@id\":\"https:\/\/footdavant.fr\/actualites\/#organization\"},\"potentialAction\":[{\"@type\":\"SearchAction\",\"target\":{\"@type\":\"EntryPoint\",\"urlTemplate\":\"https:\/\/footdavant.fr\/actualites\/?s={search_term_string}\"},\"query-input\":\"required name=search_term_string\"}],\"inLanguage\":\"fr-FR\"},{\"@type\":\"Organization\",\"@id\":\"https:\/\/footdavant.fr\/actualites\/#organization\",\"name\":\"Foot d'avant\",\"url\":\"https:\/\/footdavant.fr\/actualites\/\",\"logo\":{\"@type\":\"ImageObject\",\"inLanguage\":\"fr-FR\",\"@id\":\"https:\/\/footdavant.fr\/actualites\/#\/schema\/logo\/image\/\",\"url\":\"https:\/\/footdavant.fr\/actualites\/wp-content\/uploads\/2023\/09\/Copy-of-FootDavant-Logo.png\",\"contentUrl\":\"https:\/\/footdavant.fr\/actualites\/wp-content\/uploads\/2023\/09\/Copy-of-FootDavant-Logo.png\",\"width\":936,\"height\":549,\"caption\":\"Foot d'avant\"},\"image\":{\"@id\":\"https:\/\/footdavant.fr\/actualites\/#\/schema\/logo\/image\/\"},\"sameAs\":[\"https:\/\/www.facebook.com\/Footdavant\/\",\"https:\/\/twitter.com\/FootdavantFr\",\"https:\/\/www.instagram.com\/footdavant.fr\/\"]},{\"@type\":\"Person\",\"@id\":\"https:\/\/footdavant.fr\/actualites\/#\/schema\/person\/bc222566d95871b37e597b3ed3ba5e1d\",\"name\":\"Cl\u00e9ment\",\"image\":{\"@type\":\"ImageObject\",\"inLanguage\":\"fr-FR\",\"@id\":\"https:\/\/footdavant.fr\/actualites\/#\/schema\/person\/image\/\",\"url\":\"https:\/\/secure.gravatar.com\/avatar\/7728b29aac2719421e1a9159b2254c44?s=96&d=mm&r=g\",\"contentUrl\":\"https:\/\/secure.gravatar.com\/avatar\/7728b29aac2719421e1a9159b2254c44?s=96&d=mm&r=g\",\"caption\":\"Cl\u00e9ment\"},\"sameAs\":[\"https:\/\/footdavant.fr\/\"]}]}<\/script>\n<!-- \/ Yoast SEO plugin. -->","yoast_head_json":{"title":"Blessure \u00e0 Chelsea, liste de suspension et dates de retour pour Hull City : Marc Cucurella, Reece James, Tosin Adarabioyo les derniers","robots":{"index":"index","follow":"follow","max-snippet":"max-snippet:-1","max-image-preview":"max-image-preview:large","max-video-preview":"max-video-preview:-1"},"canonical":"https:\/\/footdavant.fr\/actualites\/blessure-a-chelsea-liste-de-suspension-et-dates-de-retour-pour-hull-city-marc-cucurella-reece-james-tosin-adarabioyo-les-derniers\/","og_locale":"fr_FR","og_type":"article","og_title":"Blessure \u00e0 Chelsea, liste de suspension et dates de retour pour Hull City : Marc Cucurella, Reece James, Tosin Adarabioyo les derniers","og_description":"De retour sur l&#39;abri o\u00f9 il s&#39;est fait un nom en tant qu&#39;entra\u00eeneur, Liam Rosenior m\u00e8ne ses troupes de Chelsea au MKM Stadium pour le","og_url":"https:\/\/footdavant.fr\/actualites\/blessure-a-chelsea-liste-de-suspension-et-dates-de-retour-pour-hull-city-marc-cucurella-reece-james-tosin-adarabioyo-les-derniers\/","og_site_name":"Foot d&#039;avant","article_publisher":"https:\/\/www.facebook.com\/Footdavant\/","article_published_time":"2026-02-12T12:48:09+00:00","article_modified_time":"2026-02-12T12:48:10+00:00","og_image":[{"width":720,"height":410,"url":"https:\/\/footdavant.fr\/actualites\/wp-content\/uploads\/2026\/01\/Fulham-2-1-Chelsea-faits-saillants-homme-du-match-statistiques.net2Fuploads2F20262F012Fimago1071010095.webp","type":"image\/webp"}],"author":"Cl\u00e9ment","twitter_card":"summary_large_image","twitter_creator":"@FootdavantFr","twitter_site":"@FootdavantFr","twitter_misc":{"\u00c9crit par":"Cl\u00e9ment","Dur\u00e9e de lecture estim\u00e9e":"3 minutes"},"schema":{"@context":"https:\/\/schema.org","@graph":[{"@type":"Article","@id":"https:\/\/footdavant.fr\/actualites\/blessure-a-chelsea-liste-de-suspension-et-dates-de-retour-pour-hull-city-marc-cucurella-reece-james-tosin-adarabioyo-les-derniers\/#article","isPartOf":{"@id":"https:\/\/footdavant.fr\/actualites\/blessure-a-chelsea-liste-de-suspension-et-dates-de-retour-pour-hull-city-marc-cucurella-reece-james-tosin-adarabioyo-les-derniers\/"},"author":{"name":"Cl\u00e9ment","@id":"https:\/\/footdavant.fr\/actualites\/#\/schema\/person\/bc222566d95871b37e597b3ed3ba5e1d"},"headline":"Blessure \u00e0 Chelsea, liste de suspension et dates de retour pour Hull City : Marc Cucurella, Reece James, Tosin Adarabioyo les derniers","datePublished":"2026-02-12T12:48:09+00:00","dateModified":"2026-02-12T12:48:10+00:00","mainEntityOfPage":{"@id":"https:\/\/footdavant.fr\/actualites\/blessure-a-chelsea-liste-de-suspension-et-dates-de-retour-pour-hull-city-marc-cucurella-reece-james-tosin-adarabioyo-les-derniers\/"},"wordCount":680,"publisher":{"@id":"https:\/\/footdavant.fr\/actualites\/#organization"},"keywords":["Adarabioyo","Blessure","Chelsea","City","Cucurella","Dates","derniers","Hull","James","les","liste","Marc","pour","Reece","retour","suspension","Tosin"],"articleSection":["Premier League"],"inLanguage":"fr-FR"},{"@type":"WebPage","@id":"https:\/\/footdavant.fr\/actualites\/blessure-a-chelsea-liste-de-suspension-et-dates-de-retour-pour-hull-city-marc-cucurella-reece-james-tosin-adarabioyo-les-derniers\/","url":"https:\/\/footdavant.fr\/actualites\/blessure-a-chelsea-liste-de-suspension-et-dates-de-retour-pour-hull-city-marc-cucurella-reece-james-tosin-adarabioyo-les-derniers\/","name":"Blessure \u00e0 Chelsea, liste de suspension et dates de retour pour Hull City : Marc Cucurella, Reece James, Tosin Adarabioyo les derniers","isPartOf":{"@id":"https:\/\/footdavant.fr\/actualites\/#website"},"datePublished":"2026-02-12T12:48:09+00:00","dateModified":"2026-02-12T12:48:10+00:00","breadcrumb":{"@id":"https:\/\/footdavant.fr\/actualites\/blessure-a-chelsea-liste-de-suspension-et-dates-de-retour-pour-hull-city-marc-cucurella-reece-james-tosin-adarabioyo-les-derniers\/#breadcrumb"},"inLanguage":"fr-FR","potentialAction":[{"@type":"ReadAction","target":["https:\/\/footdavant.fr\/actualites\/blessure-a-chelsea-liste-de-suspension-et-dates-de-retour-pour-hull-city-marc-cucurella-reece-james-tosin-adarabioyo-les-derniers\/"]}]},{"@type":"BreadcrumbList","@id":"https:\/\/footdavant.fr\/actualites\/blessure-a-chelsea-liste-de-suspension-et-dates-de-retour-pour-hull-city-marc-cucurella-reece-james-tosin-adarabioyo-les-derniers\/#breadcrumb","itemListElement":[{"@type":"ListItem","position":1,"name":"Accueil","item":"https:\/\/footdavant.fr\/actualites\/"},{"@type":"ListItem","position":2,"name":"Blessure \u00e0 Chelsea, liste de suspension et dates de retour pour Hull City : Marc Cucurella, Reece James, Tosin Adarabioyo les derniers"}]},{"@type":"WebSite","@id":"https:\/\/footdavant.fr\/actualites\/#website","url":"https:\/\/footdavant.fr\/actualites\/","name":"Foot d'avant","description":"","publisher":{"@id":"https:\/\/footdavant.fr\/actualites\/#organization"},"potentialAction":[{"@type":"SearchAction","target":{"@type":"EntryPoint","urlTemplate":"https:\/\/footdavant.fr\/actualites\/?s={search_term_string}"},"query-input":"required name=search_term_string"}],"inLanguage":"fr-FR"},{"@type":"Organization","@id":"https:\/\/footdavant.fr\/actualites\/#organization","name":"Foot d'avant","url":"https:\/\/footdavant.fr\/actualites\/","logo":{"@type":"ImageObject","inLanguage":"fr-FR","@id":"https:\/\/footdavant.fr\/actualites\/#\/schema\/logo\/image\/","url":"https:\/\/footdavant.fr\/actualites\/wp-content\/uploads\/2023\/09\/Copy-of-FootDavant-Logo.png","contentUrl":"https:\/\/footdavant.fr\/actualites\/wp-content\/uploads\/2023\/09\/Copy-of-FootDavant-Logo.png","width":936,"height":549,"caption":"Foot d'avant"},"image":{"@id":"https:\/\/footdavant.fr\/actualites\/#\/schema\/logo\/image\/"},"sameAs":["https:\/\/www.facebook.com\/Footdavant\/","https:\/\/twitter.com\/FootdavantFr","https:\/\/www.instagram.com\/footdavant.fr\/"]},{"@type":"Person","@id":"https:\/\/footdavant.fr\/actualites\/#\/schema\/person\/bc222566d95871b37e597b3ed3ba5e1d","name":"Cl\u00e9ment","image":{"@type":"ImageObject","inLanguage":"fr-FR","@id":"https:\/\/footdavant.fr\/actualites\/#\/schema\/person\/image\/","url":"https:\/\/secure.gravatar.com\/avatar\/7728b29aac2719421e1a9159b2254c44?s=96&d=mm&r=g","contentUrl":"https:\/\/secure.gravatar.com\/avatar\/7728b29aac2719421e1a9159b2254c44?s=96&d=mm&r=g","caption":"Cl\u00e9ment"},"sameAs":["https:\/\/footdavant.fr\/"]}]}},"_links":{"self":[{"href":"https:\/\/footdavant.fr\/actualites\/wp-json\/wp\/v2\/posts\/34413"}],"collection":[{"href":"https:\/\/footdavant.fr\/actualites\/wp-json\/wp\/v2\/posts"}],"about":[{"href":"https:\/\/footdavant.fr\/actualites\/wp-json\/wp\/v2\/types\/post"}],"author":[{"embeddable":true,"href":"https:\/\/footdavant.fr\/actualites\/wp-json\/wp\/v2\/users\/1"}],"replies":[{"embeddable":true,"href":"https:\/\/footdavant.fr\/actualites\/wp-json\/wp\/v2\/comments?post=34413"}],"version-history":[{"count":1,"href":"https:\/\/footdavant.fr\/actualites\/wp-json\/wp\/v2\/posts\/34413\/revisions"}],"predecessor-version":[{"id":34414,"href":"https:\/\/footdavant.fr\/actualites\/wp-json\/wp\/v2\/posts\/34413\/revisions\/34414"}],"wp:featuredmedia":[{"embeddable":true,"href":"https:\/\/footdavant.fr\/actualites\/wp-json\/wp\/v2\/media\/33257"}],"wp:attachment":[{"href":"https:\/\/footdavant.fr\/actualites\/wp-json\/wp\/v2\/media?parent=34413"}],"wp:term":[{"taxonomy":"category","embeddable":true,"href":"https:\/\/footdavant.fr\/actualites\/wp-json\/wp\/v2\/categories?post=34413"},{"taxonomy":"post_tag","embeddable":true,"href":"https:\/\/footdavant.fr\/actualites\/wp-json\/wp\/v2\/tags?post=34413"}],"curies":[{"name":"wp","href":"https:\/\/api.w.org\/{rel}","templated":true}]}}